{"id":22781,"date":"2020-12-10T18:24:45","date_gmt":"2020-12-10T18:24:45","guid":{"rendered":"https:\/\/p31noticias.com.br\/?p=22781"},"modified":"2020-12-10T18:24:45","modified_gmt":"2020-12-10T18:24:45","slug":"camara-legislativa-aprova-iptu-e-ipva-para-2021","status":"publish","type":"post","link":"https:\/\/www.p31noticias.com.br\/?p=22781","title":{"rendered":"C\u00e2mara Legislativa aprova IPTU e IPVA para 2021"},"content":{"rendered":"<div class=\"ultimas_legenda\" style=\"text-align: justify;\"><strong><em>No caso do IPTU, os valores dos im\u00f3veis para o c\u00e1lculo do imposto foram atualizados em 2,94% em rela\u00e7\u00e3o aos valores deste ano. J\u00e1 o IPVA segue a tabela FIPE<\/em><\/strong><\/div>\n<div class=\"ultimas_legenda\" style=\"text-align: justify;\"><strong><em>Foto: Silvio Abdon\/CLDF<\/em><\/strong><\/div>\n<p>&nbsp;<\/p>\n<p style=\"text-align: justify;\">A C\u00e2mara Legislativa aprovou, durante sess\u00e3o remota nesta quarta-feira (9), o projeto de lei n\u00ba 1.535\/2020 que estabelece a pauta de valores venais de terrenos e edifica\u00e7\u00f5es para efeito de lan\u00e7amento do Imposto sobre a Propriedade Predial e Territorial Urbana (IPTU). Na mesma ocasi\u00e3o, os distritais aprovaram o projeto de lei n\u00ba 1.536\/2020, que estabelece a pauta de valores venais dos ve\u00edculos automotores registrados e licenciados no Distrito Federal que ser\u00e1 utilizada para o lan\u00e7amento do Imposto sobre a Propriedade de Ve\u00edculos Automotores (IPVA), ambos para o exerc\u00edcio de 2021. Os dois projetos seguem para san\u00e7\u00e3o do governador<\/p>\n<p style=\"text-align: justify;\">No caso do IPTU, os valores dos im\u00f3veis constantes da pauta \u2013 sobre os quais ser\u00e3o aplicadas as al\u00edquotas de acordo com as caracter\u00edsticas de cada um &#8211; foram atualizados em 2,94% em rela\u00e7\u00e3o aos valores deste ano. Em rela\u00e7\u00e3o ao IPVA, segundo relat\u00f3rio do GDF, anexado \u00e0 proposi\u00e7\u00e3o, considerando os valores da Tabela Fipe que, nos \u00faltimos anos, tem servido de par\u00e2metro para o lan\u00e7amento do tributo, a previs\u00e3o de arrecada\u00e7\u00e3o \u00e9 de R$ 1,281 bilh\u00e3o, no ano que vem. Enquanto estimativa de receita l\u00edquida do IPTU, para 2021, \u00e9 de 1,173 bilh\u00e3o. Ambos projetos s\u00e3o de autoria do Poder Executivo.<\/p>\n<p>Fonte : CLDF<\/p>\n","protected":false},"excerpt":{"rendered":"<p>No caso do IPTU, os valores dos im\u00f3veis para o c\u00e1lculo do imposto foram atualizados em 2,94% em rela\u00e7\u00e3o aos valores deste ano. J\u00e1 o IPVA segue a tabela FIPE Foto: Silvio Abdon\/CLDF &nbsp; A C\u00e2mara Legislativa aprovou, durante sess\u00e3o remota nesta quarta-feira (9), o projeto de lei n\u00ba 1.535\/2020 que estabelece a pauta de [&hellip;]<\/p>\n","protected":false},"author":2,"featured_media":22782,"comment_status":"open","ping_status":"open","sticky":false,"template":"","format":"standard","meta":{"footnotes":""},"categories":[21,1],"tags":[],"class_list":{"0":"post-22781","1":"post","2":"type-post","3":"status-publish","4":"format-standard","5":"has-post-thumbnail","7":"category-brasilia","8":"category-outros"},"yoast_head":"<!-- This site is optimized with the Yoast SEO Premium plugin v24.5 (Yoast SEO v27.5) - https:\/\/yoast.com\/product\/yoast-seo-premium-wordpress\/ -->\n<title>C\u00e2mara Legislativa aprova IPTU e IPVA para 2021 - P31<\/title>\n<meta name=\"robots\" content=\"index, follow, max-snippet:-1, max-image-preview:large, max-video-preview:-1\" \/>\n<link rel=\"canonical\" href=\"https:\/\/www.p31noticias.com.br\/?p=22781\" \/>\n<meta property=\"og:locale\" content=\"pt_BR\" \/>\n<meta property=\"og:type\" content=\"article\" \/>\n<meta property=\"og:title\" content=\"C\u00e2mara Legislativa aprova IPTU e IPVA para 2021\" \/>\n<meta property=\"og:description\" content=\"No caso do IPTU, os valores dos im\u00f3veis para o c\u00e1lculo do imposto foram atualizados em 2,94% em rela\u00e7\u00e3o aos valores deste ano. J\u00e1 o IPVA segue a tabela FIPE Foto: Silvio Abdon\/CLDF &nbsp; A C\u00e2mara Legislativa aprovou, durante sess\u00e3o remota nesta quarta-feira (9), o projeto de lei n\u00ba 1.535\/2020 que estabelece a pauta de [&hellip;]\" \/>\n<meta property=\"og:url\" content=\"https:\/\/www.p31noticias.com.br\/?p=22781\" \/>\n<meta property=\"og:site_name\" content=\"P31\" \/>\n<meta property=\"article:published_time\" content=\"2020-12-10T18:24:45+00:00\" \/>\n<meta property=\"og:image\" content=\"https:\/\/www.p31noticias.com.br\/wp-content\/uploads\/2020\/12\/2011100SA-15.jpg\" \/>\n\t<meta property=\"og:image:width\" content=\"1778\" \/>\n\t<meta property=\"og:image:height\" content=\"1185\" \/>\n\t<meta property=\"og:image:type\" content=\"image\/jpeg\" \/>\n<meta name=\"author\" content=\"Gon\u00e7alves Junior\" \/>\n<meta name=\"twitter:card\" content=\"summary_large_image\" \/>\n<meta name=\"twitter:label1\" content=\"Escrito por\" \/>\n\t<meta name=\"twitter:data1\" content=\"Gon\u00e7alves Junior\" \/>\n\t<meta name=\"twitter:label2\" content=\"Est. tempo de leitura\" \/>\n\t<meta name=\"twitter:data2\" content=\"1 minuto\" \/>\n<script type=\"application\/ld+json\" class=\"yoast-schema-graph\">{\"@context\":\"https:\\\/\\\/schema.org\",\"@graph\":[{\"@type\":\"Article\",\"@id\":\"https:\\\/\\\/www.p31noticias.com.br\\\/?p=22781#article\",\"isPartOf\":{\"@id\":\"https:\\\/\\\/www.p31noticias.com.br\\\/?p=22781\"},\"author\":{\"name\":\"Gon\u00e7alves Junior\",\"@id\":\"https:\\\/\\\/www.p31noticias.com.br\\\/#\\\/schema\\\/person\\\/95f2ece30e3b4132065b915150cd0f94\"},\"headline\":\"C\u00e2mara Legislativa aprova IPTU e IPVA para 2021\",\"datePublished\":\"2020-12-10T18:24:45+00:00\",\"mainEntityOfPage\":{\"@id\":\"https:\\\/\\\/www.p31noticias.com.br\\\/?p=22781\"},\"wordCount\":261,\"commentCount\":0,\"image\":{\"@id\":\"https:\\\/\\\/www.p31noticias.com.br\\\/?p=22781#primaryimage\"},\"thumbnailUrl\":\"https:\\\/\\\/www.p31noticias.com.br\\\/wp-content\\\/uploads\\\/2020\\\/12\\\/2011100SA-15.jpg\",\"articleSection\":[\"Bras\u00edlia\",\"Outros\"],\"inLanguage\":\"pt-BR\",\"potentialAction\":[{\"@type\":\"CommentAction\",\"name\":\"Comment\",\"target\":[\"https:\\\/\\\/www.p31noticias.com.br\\\/?p=22781#respond\"]}],\"copyrightYear\":\"2020\",\"copyrightHolder\":{\"@id\":\"https:\\\/\\\/www.p31noticias.com.br\\\/#organization\"}},{\"@type\":\"WebPage\",\"@id\":\"https:\\\/\\\/www.p31noticias.com.br\\\/?p=22781\",\"url\":\"https:\\\/\\\/www.p31noticias.com.br\\\/?p=22781\",\"name\":\"C\u00e2mara Legislativa aprova IPTU e IPVA para 2021 - P31\",\"isPartOf\":{\"@id\":\"https:\\\/\\\/www.p31noticias.com.br\\\/#website\"},\"primaryImageOfPage\":{\"@id\":\"https:\\\/\\\/www.p31noticias.com.br\\\/?p=22781#primaryimage\"},\"image\":{\"@id\":\"https:\\\/\\\/www.p31noticias.com.br\\\/?p=22781#primaryimage\"},\"thumbnailUrl\":\"https:\\\/\\\/www.p31noticias.com.br\\\/wp-content\\\/uploads\\\/2020\\\/12\\\/2011100SA-15.jpg\",\"datePublished\":\"2020-12-10T18:24:45+00:00\",\"author\":{\"@id\":\"https:\\\/\\\/www.p31noticias.com.br\\\/#\\\/schema\\\/person\\\/95f2ece30e3b4132065b915150cd0f94\"},\"breadcrumb\":{\"@id\":\"https:\\\/\\\/www.p31noticias.com.br\\\/?p=22781#breadcrumb\"},\"inLanguage\":\"pt-BR\",\"potentialAction\":[{\"@type\":\"ReadAction\",\"target\":[\"https:\\\/\\\/www.p31noticias.com.br\\\/?p=22781\"]}]},{\"@type\":\"ImageObject\",\"inLanguage\":\"pt-BR\",\"@id\":\"https:\\\/\\\/www.p31noticias.com.br\\\/?p=22781#primaryimage\",\"url\":\"https:\\\/\\\/www.p31noticias.com.br\\\/wp-content\\\/uploads\\\/2020\\\/12\\\/2011100SA-15.jpg\",\"contentUrl\":\"https:\\\/\\\/www.p31noticias.com.br\\\/wp-content\\\/uploads\\\/2020\\\/12\\\/2011100SA-15.jpg\",\"width\":1778,\"height\":1185},{\"@type\":\"BreadcrumbList\",\"@id\":\"https:\\\/\\\/www.p31noticias.com.br\\\/?p=22781#breadcrumb\",\"itemListElement\":[{\"@type\":\"ListItem\",\"position\":1,\"name\":\"In\u00edcio\",\"item\":\"https:\\\/\\\/www.p31noticias.com.br\\\/\"},{\"@type\":\"ListItem\",\"position\":2,\"name\":\"C\u00e2mara Legislativa aprova IPTU e IPVA para 2021\"}]},{\"@type\":\"WebSite\",\"@id\":\"https:\\\/\\\/www.p31noticias.com.br\\\/#website\",\"url\":\"https:\\\/\\\/www.p31noticias.com.br\\\/\",\"name\":\"P31\",\"description\":\"NOT\u00cdCIAS\",\"potentialAction\":[{\"@type\":\"SearchAction\",\"target\":{\"@type\":\"EntryPoint\",\"urlTemplate\":\"https:\\\/\\\/www.p31noticias.com.br\\\/?s={search_term_string}\"},\"query-input\":{\"@type\":\"PropertyValueSpecification\",\"valueRequired\":true,\"valueName\":\"search_term_string\"}}],\"inLanguage\":\"pt-BR\"},{\"@type\":\"Person\",\"@id\":\"https:\\\/\\\/www.p31noticias.com.br\\\/#\\\/schema\\\/person\\\/95f2ece30e3b4132065b915150cd0f94\",\"name\":\"Gon\u00e7alves Junior\",\"image\":{\"@type\":\"ImageObject\",\"inLanguage\":\"pt-BR\",\"@id\":\"https:\\\/\\\/secure.gravatar.com\\\/avatar\\\/6711f350116a89762687a48d66f723c799e5438a5b7578508d4294cd7a5d0800?s=96&d=mm&r=g\",\"url\":\"https:\\\/\\\/secure.gravatar.com\\\/avatar\\\/6711f350116a89762687a48d66f723c799e5438a5b7578508d4294cd7a5d0800?s=96&d=mm&r=g\",\"contentUrl\":\"https:\\\/\\\/secure.gravatar.com\\\/avatar\\\/6711f350116a89762687a48d66f723c799e5438a5b7578508d4294cd7a5d0800?s=96&d=mm&r=g\",\"caption\":\"Gon\u00e7alves Junior\"},\"url\":\"https:\\\/\\\/www.p31noticias.com.br\\\/?author=2\"}]}<\/script>\n<!-- \/ Yoast SEO Premium plugin. -->","yoast_head_json":{"title":"C\u00e2mara Legislativa aprova IPTU e IPVA para 2021 - P31","robots":{"index":"index","follow":"follow","max-snippet":"max-snippet:-1","max-image-preview":"max-image-preview:large","max-video-preview":"max-video-preview:-1"},"canonical":"https:\/\/www.p31noticias.com.br\/?p=22781","og_locale":"pt_BR","og_type":"article","og_title":"C\u00e2mara Legislativa aprova IPTU e IPVA para 2021","og_description":"No caso do IPTU, os valores dos im\u00f3veis para o c\u00e1lculo do imposto foram atualizados em 2,94% em rela\u00e7\u00e3o aos valores deste ano. J\u00e1 o IPVA segue a tabela FIPE Foto: Silvio Abdon\/CLDF &nbsp; A C\u00e2mara Legislativa aprovou, durante sess\u00e3o remota nesta quarta-feira (9), o projeto de lei n\u00ba 1.535\/2020 que estabelece a pauta de [&hellip;]","og_url":"https:\/\/www.p31noticias.com.br\/?p=22781","og_site_name":"P31","article_published_time":"2020-12-10T18:24:45+00:00","og_image":[{"width":1778,"height":1185,"url":"https:\/\/www.p31noticias.com.br\/wp-content\/uploads\/2020\/12\/2011100SA-15.jpg","type":"image\/jpeg"}],"author":"Gon\u00e7alves Junior","twitter_card":"summary_large_image","twitter_misc":{"Escrito por":"Gon\u00e7alves Junior","Est. tempo de leitura":"1 minuto"},"schema":{"@context":"https:\/\/schema.org","@graph":[{"@type":"Article","@id":"https:\/\/www.p31noticias.com.br\/?p=22781#article","isPartOf":{"@id":"https:\/\/www.p31noticias.com.br\/?p=22781"},"author":{"name":"Gon\u00e7alves Junior","@id":"https:\/\/www.p31noticias.com.br\/#\/schema\/person\/95f2ece30e3b4132065b915150cd0f94"},"headline":"C\u00e2mara Legislativa aprova IPTU e IPVA para 2021","datePublished":"2020-12-10T18:24:45+00:00","mainEntityOfPage":{"@id":"https:\/\/www.p31noticias.com.br\/?p=22781"},"wordCount":261,"commentCount":0,"image":{"@id":"https:\/\/www.p31noticias.com.br\/?p=22781#primaryimage"},"thumbnailUrl":"https:\/\/www.p31noticias.com.br\/wp-content\/uploads\/2020\/12\/2011100SA-15.jpg","articleSection":["Bras\u00edlia","Outros"],"inLanguage":"pt-BR","potentialAction":[{"@type":"CommentAction","name":"Comment","target":["https:\/\/www.p31noticias.com.br\/?p=22781#respond"]}],"copyrightYear":"2020","copyrightHolder":{"@id":"https:\/\/www.p31noticias.com.br\/#organization"}},{"@type":"WebPage","@id":"https:\/\/www.p31noticias.com.br\/?p=22781","url":"https:\/\/www.p31noticias.com.br\/?p=22781","name":"C\u00e2mara Legislativa aprova IPTU e IPVA para 2021 - P31","isPartOf":{"@id":"https:\/\/www.p31noticias.com.br\/#website"},"primaryImageOfPage":{"@id":"https:\/\/www.p31noticias.com.br\/?p=22781#primaryimage"},"image":{"@id":"https:\/\/www.p31noticias.com.br\/?p=22781#primaryimage"},"thumbnailUrl":"https:\/\/www.p31noticias.com.br\/wp-content\/uploads\/2020\/12\/2011100SA-15.jpg","datePublished":"2020-12-10T18:24:45+00:00","author":{"@id":"https:\/\/www.p31noticias.com.br\/#\/schema\/person\/95f2ece30e3b4132065b915150cd0f94"},"breadcrumb":{"@id":"https:\/\/www.p31noticias.com.br\/?p=22781#breadcrumb"},"inLanguage":"pt-BR","potentialAction":[{"@type":"ReadAction","target":["https:\/\/www.p31noticias.com.br\/?p=22781"]}]},{"@type":"ImageObject","inLanguage":"pt-BR","@id":"https:\/\/www.p31noticias.com.br\/?p=22781#primaryimage","url":"https:\/\/www.p31noticias.com.br\/wp-content\/uploads\/2020\/12\/2011100SA-15.jpg","contentUrl":"https:\/\/www.p31noticias.com.br\/wp-content\/uploads\/2020\/12\/2011100SA-15.jpg","width":1778,"height":1185},{"@type":"BreadcrumbList","@id":"https:\/\/www.p31noticias.com.br\/?p=22781#breadcrumb","itemListElement":[{"@type":"ListItem","position":1,"name":"In\u00edcio","item":"https:\/\/www.p31noticias.com.br\/"},{"@type":"ListItem","position":2,"name":"C\u00e2mara Legislativa aprova IPTU e IPVA para 2021"}]},{"@type":"WebSite","@id":"https:\/\/www.p31noticias.com.br\/#website","url":"https:\/\/www.p31noticias.com.br\/","name":"P31","description":"NOT\u00cdCIAS","potentialAction":[{"@type":"SearchAction","target":{"@type":"EntryPoint","urlTemplate":"https:\/\/www.p31noticias.com.br\/?s={search_term_string}"},"query-input":{"@type":"PropertyValueSpecification","valueRequired":true,"valueName":"search_term_string"}}],"inLanguage":"pt-BR"},{"@type":"Person","@id":"https:\/\/www.p31noticias.com.br\/#\/schema\/person\/95f2ece30e3b4132065b915150cd0f94","name":"Gon\u00e7alves Junior","image":{"@type":"ImageObject","inLanguage":"pt-BR","@id":"https:\/\/secure.gravatar.com\/avatar\/6711f350116a89762687a48d66f723c799e5438a5b7578508d4294cd7a5d0800?s=96&d=mm&r=g","url":"https:\/\/secure.gravatar.com\/avatar\/6711f350116a89762687a48d66f723c799e5438a5b7578508d4294cd7a5d0800?s=96&d=mm&r=g","contentUrl":"https:\/\/secure.gravatar.com\/avatar\/6711f350116a89762687a48d66f723c799e5438a5b7578508d4294cd7a5d0800?s=96&d=mm&r=g","caption":"Gon\u00e7alves Junior"},"url":"https:\/\/www.p31noticias.com.br\/?author=2"}]}},"amp_enabled":true,"_links":{"self":[{"href":"https:\/\/www.p31noticias.com.br\/index.php?rest_route=\/wp\/v2\/posts\/22781","targetHints":{"allow":["GET"]}}],"collection":[{"href":"https:\/\/www.p31noticias.com.br\/index.php?rest_route=\/wp\/v2\/posts"}],"about":[{"href":"https:\/\/www.p31noticias.com.br\/index.php?rest_route=\/wp\/v2\/types\/post"}],"author":[{"embeddable":true,"href":"https:\/\/www.p31noticias.com.br\/index.php?rest_route=\/wp\/v2\/users\/2"}],"replies":[{"embeddable":true,"href":"https:\/\/www.p31noticias.com.br\/index.php?rest_route=%2Fwp%2Fv2%2Fcomments&post=22781"}],"version-history":[{"count":4,"href":"https:\/\/www.p31noticias.com.br\/index.php?rest_route=\/wp\/v2\/posts\/22781\/revisions"}],"predecessor-version":[{"id":22786,"href":"https:\/\/www.p31noticias.com.br\/index.php?rest_route=\/wp\/v2\/posts\/22781\/revisions\/22786"}],"wp:featuredmedia":[{"embeddable":true,"href":"https:\/\/www.p31noticias.com.br\/index.php?rest_route=\/wp\/v2\/media\/22782"}],"wp:attachment":[{"href":"https:\/\/www.p31noticias.com.br\/index.php?rest_route=%2Fwp%2Fv2%2Fmedia&parent=22781"}],"wp:term":[{"taxonomy":"category","embeddable":true,"href":"https:\/\/www.p31noticias.com.br\/index.php?rest_route=%2Fwp%2Fv2%2Fcategories&post=22781"},{"taxonomy":"post_tag","embeddable":true,"href":"https:\/\/www.p31noticias.com.br\/index.php?rest_route=%2Fwp%2Fv2%2Ftags&post=22781"}],"curies":[{"name":"wp","href":"https:\/\/api.w.org\/{rel}","templated":true}]}}