{"id":22772,"date":"2020-12-09T15:10:54","date_gmt":"2020-12-09T15:10:54","guid":{"rendered":"https:\/\/p31noticias.com.br\/?p=22772"},"modified":"2020-12-09T15:10:54","modified_gmt":"2020-12-09T15:10:54","slug":"pazuello-vacinacao-da-pfizer-pode-comecar-em-dezembro-ou-janeiro","status":"publish","type":"post","link":"https:\/\/www.p31noticias.com.br\/?p=22772","title":{"rendered":"Pazuello: &#8216;Vacina\u00e7\u00e3o da Pfizer pode come\u00e7ar em dezembro ou janeiro&#8217;"},"content":{"rendered":"<p style=\"text-align: justify;\">Em entrevista exclusiva \u00e0\u00a0<strong>CNN<\/strong>, o ministro da Sa\u00fade <a href=\"https:\/\/www.cnnbrasil.com.br\/politica\/2020\/09\/15\/quem-e-eduardo-pazuello-que-sera-efetivado-como-ministro-da-saude\">Eduardo Pazuello<\/a>\u00a0disse que a vacina\u00e7\u00e3o contra Covid-19 no Brasil com o imunizante desenvolvido pela Pfizer\/BioNTech pode come\u00e7ar entre dezembro e janeiro.<\/p>\n<p style=\"text-align: justify;\">&#8220;Se a Pfizer conseguir a autoriza\u00e7\u00e3o emergencial e a Pfizer nos adiantar alguma entrega, isso [o in\u00edcio da vacina\u00e7\u00e3o] pode acontecer no final de dezembro ou em janeiro&#8221;, afirmou. &#8220;Isso em quantidades pequenas, de uso emergencial&#8221;.<\/p>\n<p style=\"text-align: justify;\">O ministro n\u00e3o descartou que isso aconte\u00e7a tamb\u00e9m com as candidatas da AstraZeneca\/Oxford ou do Instituto Butantan. No entanto, esse prazo valeria apenas no caso de uma autoriza\u00e7\u00e3o emergencial.<\/p>\n<p style=\"text-align: justify;\">Para obten\u00e7\u00e3o do registro, dependeria do desenvolvimento e da aprova\u00e7\u00e3o da Anvisa (Ag\u00eancia Nacional de Vigil\u00e2ncia Sanit\u00e1ria). Nesse caso, a aplica\u00e7\u00e3o poderia acontecer j\u00e1 entre janeiro e fevereiro, disse Pazuello.<\/p>\n<p style=\"text-align: justify;\">Pazuello tamb\u00e9m cedeu ao \u00e2ncora da\u00a0<strong>CNN<\/strong>\u00a0Kenz\u00f4 Machida o\u00a0<a href=\"https:\/\/www.cnnbrasil.com.br\/saude\/2020\/12\/09\/cnn-exclusivo-plano-imunizacao\">plano de operacionaliza\u00e7\u00e3o da vacina contra Covid-19 no Brasil<\/a>, que foi finalizado nesta quarta. Segundo ele, \u00e9 um documento de 95 p\u00e1ginas que detalha a distribui\u00e7\u00e3o da imununiza\u00e7\u00e3o.<\/p>\n<p style=\"text-align: justify;\">&#8220;[O plano] j\u00e1 tem tudo o que interessa para manter o Brasil imune do coronav\u00edrus de forma nacional. Nosso pa\u00eds jamais ser\u00e1 dividido&#8221;, disse.<\/p>\n<p style=\"text-align: justify;\">O ministro disse que a vacina\u00e7\u00e3o ser\u00e1 inclu\u00edda no Programa Nacional de Imuniza\u00e7\u00e3o e usar\u00e1 a mesma log\u00edstica j\u00e1 operacionalizada pelo SUS (Sistema \u00danico de Sa\u00fade).<\/p>\n<p style=\"text-align: justify;\">&#8220;O SUS trabalha de forma tripartite, com estados e munic\u00edpios, e cada um j\u00e1 tem sua fun\u00e7\u00e3o dentro desse programa&#8221;, disse.<\/p>\n<p style=\"text-align: justify;\">Ele detalhou que o governo federal distribuir\u00e1 as doses, por via a\u00e9rea e rodovi\u00e1ria, at\u00e9 os estados. Ent\u00e3o, ser\u00e1 responsabilidade estadual distribuir entre as cidades e os munic\u00edpios executariam, efetivamente, a vacina\u00e7\u00e3o.<\/p>\n<p style=\"text-align: justify;\">&#8220;O plano, em tese, envolve tr\u00eas n\u00edveis de governo e isso faz com que a velocidade das a\u00e7\u00f5es seja a mais r\u00e1pida poss\u00edvel&#8221;, afirmou.<\/p>\n<p>Fonte : CNN Brasil<\/p>\n","protected":false},"excerpt":{"rendered":"<p>Em entrevista exclusiva \u00e0\u00a0CNN, o ministro da Sa\u00fade Eduardo Pazuello\u00a0disse que a vacina\u00e7\u00e3o contra Covid-19 no Brasil com o imunizante desenvolvido pela Pfizer\/BioNTech pode come\u00e7ar entre dezembro e janeiro. &#8220;Se a Pfizer conseguir a autoriza\u00e7\u00e3o emergencial e a Pfizer nos adiantar alguma entrega, isso [o in\u00edcio da vacina\u00e7\u00e3o] pode acontecer no final de dezembro ou [&hellip;]<\/p>\n","protected":false},"author":2,"featured_media":22773,"comment_status":"open","ping_status":"open","sticky":false,"template":"","format":"standard","meta":{"footnotes":""},"categories":[1],"tags":[],"class_list":{"0":"post-22772","1":"post","2":"type-post","3":"status-publish","4":"format-standard","5":"has-post-thumbnail","7":"category-outros"},"yoast_head":"<!-- This site is optimized with the Yoast SEO Premium plugin v24.5 (Yoast SEO v27.5) - https:\/\/yoast.com\/product\/yoast-seo-premium-wordpress\/ -->\n<title>Pazuello: &#039;Vacina\u00e7\u00e3o da Pfizer pode come\u00e7ar em dezembro ou janeiro&#039; - P31<\/title>\n<meta name=\"robots\" content=\"index, follow, max-snippet:-1, max-image-preview:large, max-video-preview:-1\" \/>\n<link rel=\"canonical\" href=\"https:\/\/www.p31noticias.com.br\/?p=22772\" \/>\n<meta property=\"og:locale\" content=\"pt_BR\" \/>\n<meta property=\"og:type\" content=\"article\" \/>\n<meta property=\"og:title\" content=\"Pazuello: &#039;Vacina\u00e7\u00e3o da Pfizer pode come\u00e7ar em dezembro ou janeiro&#039;\" \/>\n<meta property=\"og:description\" content=\"Em entrevista exclusiva \u00e0\u00a0CNN, o ministro da Sa\u00fade Eduardo Pazuello\u00a0disse que a vacina\u00e7\u00e3o contra Covid-19 no Brasil com o imunizante desenvolvido pela Pfizer\/BioNTech pode come\u00e7ar entre dezembro e janeiro. &#8220;Se a Pfizer conseguir a autoriza\u00e7\u00e3o emergencial e a Pfizer nos adiantar alguma entrega, isso [o in\u00edcio da vacina\u00e7\u00e3o] pode acontecer no final de dezembro ou [&hellip;]\" \/>\n<meta property=\"og:url\" content=\"https:\/\/www.p31noticias.com.br\/?p=22772\" \/>\n<meta property=\"og:site_name\" content=\"P31\" \/>\n<meta property=\"article:published_time\" content=\"2020-12-09T15:10:54+00:00\" \/>\n<meta property=\"og:image\" content=\"https:\/\/www.p31noticias.com.br\/wp-content\/uploads\/2020\/12\/14564_255B2D1D9CC3D7E1.jpg\" \/>\n\t<meta property=\"og:image:width\" content=\"1024\" \/>\n\t<meta property=\"og:image:height\" content=\"768\" \/>\n\t<meta property=\"og:image:type\" content=\"image\/jpeg\" \/>\n<meta name=\"author\" content=\"Gon\u00e7alves Junior\" \/>\n<meta name=\"twitter:card\" content=\"summary_large_image\" \/>\n<meta name=\"twitter:label1\" content=\"Escrito por\" \/>\n\t<meta name=\"twitter:data1\" content=\"Gon\u00e7alves Junior\" \/>\n\t<meta name=\"twitter:label2\" content=\"Est. tempo de leitura\" \/>\n\t<meta name=\"twitter:data2\" content=\"2 minutos\" \/>\n<script type=\"application\/ld+json\" class=\"yoast-schema-graph\">{\"@context\":\"https:\\\/\\\/schema.org\",\"@graph\":[{\"@type\":\"Article\",\"@id\":\"https:\\\/\\\/www.p31noticias.com.br\\\/?p=22772#article\",\"isPartOf\":{\"@id\":\"https:\\\/\\\/www.p31noticias.com.br\\\/?p=22772\"},\"author\":{\"name\":\"Gon\u00e7alves Junior\",\"@id\":\"https:\\\/\\\/www.p31noticias.com.br\\\/#\\\/schema\\\/person\\\/95f2ece30e3b4132065b915150cd0f94\"},\"headline\":\"Pazuello: &#8216;Vacina\u00e7\u00e3o da Pfizer pode come\u00e7ar em dezembro ou janeiro&#8217;\",\"datePublished\":\"2020-12-09T15:10:54+00:00\",\"mainEntityOfPage\":{\"@id\":\"https:\\\/\\\/www.p31noticias.com.br\\\/?p=22772\"},\"wordCount\":345,\"commentCount\":0,\"image\":{\"@id\":\"https:\\\/\\\/www.p31noticias.com.br\\\/?p=22772#primaryimage\"},\"thumbnailUrl\":\"https:\\\/\\\/www.p31noticias.com.br\\\/wp-content\\\/uploads\\\/2020\\\/12\\\/14564_255B2D1D9CC3D7E1.jpg\",\"articleSection\":[\"Outros\"],\"inLanguage\":\"pt-BR\",\"potentialAction\":[{\"@type\":\"CommentAction\",\"name\":\"Comment\",\"target\":[\"https:\\\/\\\/www.p31noticias.com.br\\\/?p=22772#respond\"]}],\"copyrightYear\":\"2020\",\"copyrightHolder\":{\"@id\":\"https:\\\/\\\/www.p31noticias.com.br\\\/#organization\"}},{\"@type\":\"WebPage\",\"@id\":\"https:\\\/\\\/www.p31noticias.com.br\\\/?p=22772\",\"url\":\"https:\\\/\\\/www.p31noticias.com.br\\\/?p=22772\",\"name\":\"Pazuello: 'Vacina\u00e7\u00e3o da Pfizer pode come\u00e7ar em dezembro ou janeiro' - P31\",\"isPartOf\":{\"@id\":\"https:\\\/\\\/www.p31noticias.com.br\\\/#website\"},\"primaryImageOfPage\":{\"@id\":\"https:\\\/\\\/www.p31noticias.com.br\\\/?p=22772#primaryimage\"},\"image\":{\"@id\":\"https:\\\/\\\/www.p31noticias.com.br\\\/?p=22772#primaryimage\"},\"thumbnailUrl\":\"https:\\\/\\\/www.p31noticias.com.br\\\/wp-content\\\/uploads\\\/2020\\\/12\\\/14564_255B2D1D9CC3D7E1.jpg\",\"datePublished\":\"2020-12-09T15:10:54+00:00\",\"author\":{\"@id\":\"https:\\\/\\\/www.p31noticias.com.br\\\/#\\\/schema\\\/person\\\/95f2ece30e3b4132065b915150cd0f94\"},\"breadcrumb\":{\"@id\":\"https:\\\/\\\/www.p31noticias.com.br\\\/?p=22772#breadcrumb\"},\"inLanguage\":\"pt-BR\",\"potentialAction\":[{\"@type\":\"ReadAction\",\"target\":[\"https:\\\/\\\/www.p31noticias.com.br\\\/?p=22772\"]}]},{\"@type\":\"ImageObject\",\"inLanguage\":\"pt-BR\",\"@id\":\"https:\\\/\\\/www.p31noticias.com.br\\\/?p=22772#primaryimage\",\"url\":\"https:\\\/\\\/www.p31noticias.com.br\\\/wp-content\\\/uploads\\\/2020\\\/12\\\/14564_255B2D1D9CC3D7E1.jpg\",\"contentUrl\":\"https:\\\/\\\/www.p31noticias.com.br\\\/wp-content\\\/uploads\\\/2020\\\/12\\\/14564_255B2D1D9CC3D7E1.jpg\",\"width\":1024,\"height\":768,\"caption\":\"Ministro Interino da Sa\u00fade, Eduardo Pazuello, participa da 4\u00aa Reuni\u00e3o do Conselho de Governo\"},{\"@type\":\"BreadcrumbList\",\"@id\":\"https:\\\/\\\/www.p31noticias.com.br\\\/?p=22772#breadcrumb\",\"itemListElement\":[{\"@type\":\"ListItem\",\"position\":1,\"name\":\"In\u00edcio\",\"item\":\"https:\\\/\\\/www.p31noticias.com.br\\\/\"},{\"@type\":\"ListItem\",\"position\":2,\"name\":\"Pazuello: &#8216;Vacina\u00e7\u00e3o da Pfizer pode come\u00e7ar em dezembro ou janeiro&#8217;\"}]},{\"@type\":\"WebSite\",\"@id\":\"https:\\\/\\\/www.p31noticias.com.br\\\/#website\",\"url\":\"https:\\\/\\\/www.p31noticias.com.br\\\/\",\"name\":\"P31\",\"description\":\"NOT\u00cdCIAS\",\"potentialAction\":[{\"@type\":\"SearchAction\",\"target\":{\"@type\":\"EntryPoint\",\"urlTemplate\":\"https:\\\/\\\/www.p31noticias.com.br\\\/?s={search_term_string}\"},\"query-input\":{\"@type\":\"PropertyValueSpecification\",\"valueRequired\":true,\"valueName\":\"search_term_string\"}}],\"inLanguage\":\"pt-BR\"},{\"@type\":\"Person\",\"@id\":\"https:\\\/\\\/www.p31noticias.com.br\\\/#\\\/schema\\\/person\\\/95f2ece30e3b4132065b915150cd0f94\",\"name\":\"Gon\u00e7alves Junior\",\"image\":{\"@type\":\"ImageObject\",\"inLanguage\":\"pt-BR\",\"@id\":\"https:\\\/\\\/secure.gravatar.com\\\/avatar\\\/6711f350116a89762687a48d66f723c799e5438a5b7578508d4294cd7a5d0800?s=96&d=mm&r=g\",\"url\":\"https:\\\/\\\/secure.gravatar.com\\\/avatar\\\/6711f350116a89762687a48d66f723c799e5438a5b7578508d4294cd7a5d0800?s=96&d=mm&r=g\",\"contentUrl\":\"https:\\\/\\\/secure.gravatar.com\\\/avatar\\\/6711f350116a89762687a48d66f723c799e5438a5b7578508d4294cd7a5d0800?s=96&d=mm&r=g\",\"caption\":\"Gon\u00e7alves Junior\"},\"url\":\"https:\\\/\\\/www.p31noticias.com.br\\\/?author=2\"}]}<\/script>\n<!-- \/ Yoast SEO Premium plugin. -->","yoast_head_json":{"title":"Pazuello: 'Vacina\u00e7\u00e3o da Pfizer pode come\u00e7ar em dezembro ou janeiro' - P31","robots":{"index":"index","follow":"follow","max-snippet":"max-snippet:-1","max-image-preview":"max-image-preview:large","max-video-preview":"max-video-preview:-1"},"canonical":"https:\/\/www.p31noticias.com.br\/?p=22772","og_locale":"pt_BR","og_type":"article","og_title":"Pazuello: 'Vacina\u00e7\u00e3o da Pfizer pode come\u00e7ar em dezembro ou janeiro'","og_description":"Em entrevista exclusiva \u00e0\u00a0CNN, o ministro da Sa\u00fade Eduardo Pazuello\u00a0disse que a vacina\u00e7\u00e3o contra Covid-19 no Brasil com o imunizante desenvolvido pela Pfizer\/BioNTech pode come\u00e7ar entre dezembro e janeiro. &#8220;Se a Pfizer conseguir a autoriza\u00e7\u00e3o emergencial e a Pfizer nos adiantar alguma entrega, isso [o in\u00edcio da vacina\u00e7\u00e3o] pode acontecer no final de dezembro ou [&hellip;]","og_url":"https:\/\/www.p31noticias.com.br\/?p=22772","og_site_name":"P31","article_published_time":"2020-12-09T15:10:54+00:00","og_image":[{"width":1024,"height":768,"url":"https:\/\/www.p31noticias.com.br\/wp-content\/uploads\/2020\/12\/14564_255B2D1D9CC3D7E1.jpg","type":"image\/jpeg"}],"author":"Gon\u00e7alves Junior","twitter_card":"summary_large_image","twitter_misc":{"Escrito por":"Gon\u00e7alves Junior","Est. tempo de leitura":"2 minutos"},"schema":{"@context":"https:\/\/schema.org","@graph":[{"@type":"Article","@id":"https:\/\/www.p31noticias.com.br\/?p=22772#article","isPartOf":{"@id":"https:\/\/www.p31noticias.com.br\/?p=22772"},"author":{"name":"Gon\u00e7alves Junior","@id":"https:\/\/www.p31noticias.com.br\/#\/schema\/person\/95f2ece30e3b4132065b915150cd0f94"},"headline":"Pazuello: &#8216;Vacina\u00e7\u00e3o da Pfizer pode come\u00e7ar em dezembro ou janeiro&#8217;","datePublished":"2020-12-09T15:10:54+00:00","mainEntityOfPage":{"@id":"https:\/\/www.p31noticias.com.br\/?p=22772"},"wordCount":345,"commentCount":0,"image":{"@id":"https:\/\/www.p31noticias.com.br\/?p=22772#primaryimage"},"thumbnailUrl":"https:\/\/www.p31noticias.com.br\/wp-content\/uploads\/2020\/12\/14564_255B2D1D9CC3D7E1.jpg","articleSection":["Outros"],"inLanguage":"pt-BR","potentialAction":[{"@type":"CommentAction","name":"Comment","target":["https:\/\/www.p31noticias.com.br\/?p=22772#respond"]}],"copyrightYear":"2020","copyrightHolder":{"@id":"https:\/\/www.p31noticias.com.br\/#organization"}},{"@type":"WebPage","@id":"https:\/\/www.p31noticias.com.br\/?p=22772","url":"https:\/\/www.p31noticias.com.br\/?p=22772","name":"Pazuello: 'Vacina\u00e7\u00e3o da Pfizer pode come\u00e7ar em dezembro ou janeiro' - P31","isPartOf":{"@id":"https:\/\/www.p31noticias.com.br\/#website"},"primaryImageOfPage":{"@id":"https:\/\/www.p31noticias.com.br\/?p=22772#primaryimage"},"image":{"@id":"https:\/\/www.p31noticias.com.br\/?p=22772#primaryimage"},"thumbnailUrl":"https:\/\/www.p31noticias.com.br\/wp-content\/uploads\/2020\/12\/14564_255B2D1D9CC3D7E1.jpg","datePublished":"2020-12-09T15:10:54+00:00","author":{"@id":"https:\/\/www.p31noticias.com.br\/#\/schema\/person\/95f2ece30e3b4132065b915150cd0f94"},"breadcrumb":{"@id":"https:\/\/www.p31noticias.com.br\/?p=22772#breadcrumb"},"inLanguage":"pt-BR","potentialAction":[{"@type":"ReadAction","target":["https:\/\/www.p31noticias.com.br\/?p=22772"]}]},{"@type":"ImageObject","inLanguage":"pt-BR","@id":"https:\/\/www.p31noticias.com.br\/?p=22772#primaryimage","url":"https:\/\/www.p31noticias.com.br\/wp-content\/uploads\/2020\/12\/14564_255B2D1D9CC3D7E1.jpg","contentUrl":"https:\/\/www.p31noticias.com.br\/wp-content\/uploads\/2020\/12\/14564_255B2D1D9CC3D7E1.jpg","width":1024,"height":768,"caption":"Ministro Interino da Sa\u00fade, Eduardo Pazuello, participa da 4\u00aa Reuni\u00e3o do Conselho de Governo"},{"@type":"BreadcrumbList","@id":"https:\/\/www.p31noticias.com.br\/?p=22772#breadcrumb","itemListElement":[{"@type":"ListItem","position":1,"name":"In\u00edcio","item":"https:\/\/www.p31noticias.com.br\/"},{"@type":"ListItem","position":2,"name":"Pazuello: &#8216;Vacina\u00e7\u00e3o da Pfizer pode come\u00e7ar em dezembro ou janeiro&#8217;"}]},{"@type":"WebSite","@id":"https:\/\/www.p31noticias.com.br\/#website","url":"https:\/\/www.p31noticias.com.br\/","name":"P31","description":"NOT\u00cdCIAS","potentialAction":[{"@type":"SearchAction","target":{"@type":"EntryPoint","urlTemplate":"https:\/\/www.p31noticias.com.br\/?s={search_term_string}"},"query-input":{"@type":"PropertyValueSpecification","valueRequired":true,"valueName":"search_term_string"}}],"inLanguage":"pt-BR"},{"@type":"Person","@id":"https:\/\/www.p31noticias.com.br\/#\/schema\/person\/95f2ece30e3b4132065b915150cd0f94","name":"Gon\u00e7alves Junior","image":{"@type":"ImageObject","inLanguage":"pt-BR","@id":"https:\/\/secure.gravatar.com\/avatar\/6711f350116a89762687a48d66f723c799e5438a5b7578508d4294cd7a5d0800?s=96&d=mm&r=g","url":"https:\/\/secure.gravatar.com\/avatar\/6711f350116a89762687a48d66f723c799e5438a5b7578508d4294cd7a5d0800?s=96&d=mm&r=g","contentUrl":"https:\/\/secure.gravatar.com\/avatar\/6711f350116a89762687a48d66f723c799e5438a5b7578508d4294cd7a5d0800?s=96&d=mm&r=g","caption":"Gon\u00e7alves Junior"},"url":"https:\/\/www.p31noticias.com.br\/?author=2"}]}},"amp_enabled":true,"_links":{"self":[{"href":"https:\/\/www.p31noticias.com.br\/index.php?rest_route=\/wp\/v2\/posts\/22772","targetHints":{"allow":["GET"]}}],"collection":[{"href":"https:\/\/www.p31noticias.com.br\/index.php?rest_route=\/wp\/v2\/posts"}],"about":[{"href":"https:\/\/www.p31noticias.com.br\/index.php?rest_route=\/wp\/v2\/types\/post"}],"author":[{"embeddable":true,"href":"https:\/\/www.p31noticias.com.br\/index.php?rest_route=\/wp\/v2\/users\/2"}],"replies":[{"embeddable":true,"href":"https:\/\/www.p31noticias.com.br\/index.php?rest_route=%2Fwp%2Fv2%2Fcomments&post=22772"}],"version-history":[{"count":2,"href":"https:\/\/www.p31noticias.com.br\/index.php?rest_route=\/wp\/v2\/posts\/22772\/revisions"}],"predecessor-version":[{"id":22775,"href":"https:\/\/www.p31noticias.com.br\/index.php?rest_route=\/wp\/v2\/posts\/22772\/revisions\/22775"}],"wp:featuredmedia":[{"embeddable":true,"href":"https:\/\/www.p31noticias.com.br\/index.php?rest_route=\/wp\/v2\/media\/22773"}],"wp:attachment":[{"href":"https:\/\/www.p31noticias.com.br\/index.php?rest_route=%2Fwp%2Fv2%2Fmedia&parent=22772"}],"wp:term":[{"taxonomy":"category","embeddable":true,"href":"https:\/\/www.p31noticias.com.br\/index.php?rest_route=%2Fwp%2Fv2%2Fcategories&post=22772"},{"taxonomy":"post_tag","embeddable":true,"href":"https:\/\/www.p31noticias.com.br\/index.php?rest_route=%2Fwp%2Fv2%2Ftags&post=22772"}],"curies":[{"name":"wp","href":"https:\/\/api.w.org\/{rel}","templated":true}]}}