{"id":22765,"date":"2020-12-09T14:28:27","date_gmt":"2020-12-09T14:28:27","guid":{"rendered":"https:\/\/p31noticias.com.br\/?p=22765"},"modified":"2020-12-09T14:34:51","modified_gmt":"2020-12-09T14:34:51","slug":"vice-governadoria-do-distrito-federal-atinge-100-no-indice-de-transparencia-2020","status":"publish","type":"post","link":"https:\/\/www.p31noticias.com.br\/?p=22765","title":{"rendered":"VICE GOVERNADORIA DO DISTRITO FEDERAL ATINGE 100% NO \u00cdNDICE DE TRANSPAR\u00caNCIA 2020"},"content":{"rendered":"<h3 style=\"text-align: justify;\"><em>Confira os premiados que atingiram os 100% do \u00cdndice de Transpar\u00eancia Ativa 2020<\/em><\/h3>\n<p style=\"text-align: justify;\"><em>Os \u00f3rg\u00e3os p\u00fablicos do DF que cumpriram a lei distrital de acesso \u00e0 informa\u00e7\u00e3o s\u00e3o reconhecidos e estimulados por meio da premia\u00e7\u00e3o<\/em><\/p>\n<p style=\"text-align: justify;\">No dia 3 de dezembro a Controladoria-Geral do DF divulgou, por meio de suas redes sociais (CGDF oficial), os \u00f3rg\u00e3os, secretarias e entidades p\u00fablicas do Distrito Federal que atingiram os 100% do \u00cdndice de Transpar\u00eancia Ativa. Essa \u00e9 a 5\u00aa edi\u00e7\u00e3o do Pr\u00eamio ITA (\u00cdndice de Transpar\u00eancia Ativa), que tem por objetivo estimular a publica\u00e7\u00e3o ativa de informa\u00e7\u00f5es de interesse p\u00fablico.Para a premia\u00e7\u00e3o, s\u00e3o realizadas avalia\u00e7\u00f5es das informa\u00e7\u00f5es divulgadas nos sites, seguindo as normas da lei distrital de acesso \u00e0 informa\u00e7\u00e3o do DF (n\u00ba 4.990\/2012). Entre elas est\u00e3o desde as mais corriqueiras \u2014 como endere\u00e7o e formas de contatos telef\u00f4nico ou eletr\u00f4nico \u2014 \u00e0s de car\u00e1ter institucional ou relacionadas a despesas, contratos, conv\u00eanios, licita\u00e7\u00f5es e servidores.<\/p>\n<p style=\"text-align: justify;\">\u201cMesmo com todas as dificuldades impostas pela pandemia, o Governo do Distrito Federal conseguiu evoluir no atendimento da Lei de Acesso \u00e0 Informa\u00e7\u00e3o. O \u00cdndice geral de Transpar\u00eancia do DF saltou de 84% para 90% este ano. O maior \u00edndice j\u00e1 alcan\u00e7ado\u201d, destacou o controlador-geral do DF, Paulo Martins.<\/p>\n<p style=\"text-align: justify;\">No primeiro ano do pr\u00eamio, lan\u00e7ado em 2016, apenas cinco \u00f3rg\u00e3os haviam atingido o \u00edndice de 100% de transpar\u00eancia ativa. \u201cFica claro que esse tipo de a\u00e7\u00e3o estimula a adequa\u00e7\u00e3o quanto \u00e0 lei de acesso \u00e0 informa\u00e7\u00e3o. Para al\u00e9m da premia\u00e7\u00e3o, a equipe da Controladoria-Geral do DF tamb\u00e9m capacita os servidores e direciona esses \u00f3rg\u00e3os, para que possam se adequar e prestar informa\u00e7\u00f5es de forma mais clara e f\u00e1cil para a sociedade\u201d, ressalta o controlador-geral do DF. Al\u00e9m disso, Martins explica que esse ano foi criado um canal no WhatsApp especificamente para orienta\u00e7\u00f5es de transpar\u00eancia ativa aos \u00f3rg\u00e3os, secretarias e entidades do DF.<\/p>\n<p style=\"text-align: justify;\"><strong>O an\u00fancio foi realizado por meio do:<\/strong><\/p>\n<p style=\"text-align: justify;\"><a href=\"https:\/\/www.instagram.com\/cgdfoficial\/\" target=\"_blank\" rel=\"noopener noreferrer\">Instagram (@cgdfoficial)<\/a><\/p>\n<p style=\"text-align: justify;\"><a href=\"https:\/\/www.facebook.com\/CGDFoficial\" target=\"_blank\" rel=\"noopener noreferrer\">Facebook (Facebook.com\/CGDFoficial)<\/a><\/p>\n<p style=\"text-align: justify;\"><a href=\"https:\/\/twitter.com\/cgdfoficial\" target=\"_blank\" rel=\"noopener noreferrer\">Twitter (@cgdfoficial)\u00a0<\/a><\/p>\n<p style=\"text-align: justify;\">Segundo a subcontroladora de Transpar\u00eancia e Controle Social da CGDF, Rejane Vaz , o alto n\u00famero de \u00f3rg\u00e3os que passaram a ser reconhecidos no Pr\u00eamio ITA \u201cprova que o pr\u00eamio atingiu o seu principal objetivo, que \u00e9 estimular a transpar\u00eancia ativa. Para al\u00e9m do trabalho realizado pela Controladoria-Geral do DF, que apoia e direciona os \u00f3rg\u00e3os nessa divulga\u00e7\u00e3o, temos que destacar a atua\u00e7\u00e3o das autoridades de monitoramento, ouvidores e demais servidores dos \u00f3rg\u00e3os e entidades, que tiveram um papel fundamental na mobiliza\u00e7\u00e3o das \u00e1reas respons\u00e1veis pela divulga\u00e7\u00e3o das informa\u00e7\u00f5es\u201d.<\/p>\n<p style=\"text-align: justify;\">Em 2020, houve um aumento de mais de 40% no n\u00famero de \u00f3rg\u00e3os com 100% no \u00edndice, saltando de 54 para 77 \u00f3rg\u00e3os. Isso demonstra a transpar\u00eancia de 100% dos \u00f3rg\u00e3os p\u00fablicos especializados\/aut\u00f4nomos; 93% das secretarias de Estado; 70% das administra\u00e7\u00f5es regionais; e 88% das entidades ligadas \u00e0 estrutura do Executivo local. No caso espec\u00edfico de administra\u00e7\u00f5es regionais, o n\u00famero saltou de 11 para 23 em 2020.<\/p>\n<p style=\"text-align: justify;\">Participaram da avalia\u00e7\u00e3o secretarias, autarquias, funda\u00e7\u00f5es, empresas p\u00fablicas, sociedades de economia mista, \u00f3rg\u00e3os especializados e aut\u00f4nomos e administra\u00e7\u00f5es regionais.<\/p>\n<p style=\"text-align: justify;\">Al\u00e9m da Vice Governadoria , tamb\u00e9m est\u00e3o na lista a Administra\u00e7\u00e3o Regional de Vicente Pires, que tem \u00e0 frente o competente Administrador Daniel de Castro, e tamb\u00e9m a rec\u00e9m criada Administra\u00e7\u00e3o Regional de Arniqueiras, que tem como Administradora tamb\u00e9m competente Telma Rufino.<\/p>\n<p style=\"text-align: justify;\">O Site Jornal Brasilia Not\u00edcias parabeniza a todos os contemplados e deseja que esses t\u00edtulos se repitam no ano de 2021 e 2022, para o bem da popula\u00e7\u00e3o de Brasilia<\/p>\n<p style=\"text-align: justify;\">Fonte : cg.df.gov.df<\/p>\n","protected":false},"excerpt":{"rendered":"<p>Confira os premiados que atingiram os 100% do \u00cdndice de Transpar\u00eancia Ativa 2020 Os \u00f3rg\u00e3os p\u00fablicos do DF que cumpriram a lei distrital de acesso \u00e0 informa\u00e7\u00e3o s\u00e3o reconhecidos e estimulados por meio da premia\u00e7\u00e3o No dia 3 de dezembro a Controladoria-Geral do DF divulgou, por meio de suas redes sociais (CGDF oficial), os \u00f3rg\u00e3os, [&hellip;]<\/p>\n","protected":false},"author":2,"featured_media":22767,"comment_status":"open","ping_status":"open","sticky":false,"template":"","format":"standard","meta":{"footnotes":""},"categories":[1],"tags":[],"class_list":{"0":"post-22765","1":"post","2":"type-post","3":"status-publish","4":"format-standard","5":"has-post-thumbnail","7":"category-outros"},"yoast_head":"<!-- This site is optimized with the Yoast SEO Premium plugin v24.5 (Yoast SEO v27.5) - https:\/\/yoast.com\/product\/yoast-seo-premium-wordpress\/ -->\n<title>VICE GOVERNADORIA DO DISTRITO FEDERAL ATINGE 100% NO \u00cdNDICE DE TRANSPAR\u00caNCIA 2020 - P31<\/title>\n<meta name=\"robots\" content=\"index, follow, max-snippet:-1, max-image-preview:large, max-video-preview:-1\" \/>\n<link rel=\"canonical\" href=\"https:\/\/www.p31noticias.com.br\/?p=22765\" \/>\n<meta property=\"og:locale\" content=\"pt_BR\" \/>\n<meta property=\"og:type\" content=\"article\" \/>\n<meta property=\"og:title\" content=\"VICE GOVERNADORIA DO DISTRITO FEDERAL ATINGE 100% NO \u00cdNDICE DE TRANSPAR\u00caNCIA 2020\" \/>\n<meta property=\"og:description\" content=\"Confira os premiados que atingiram os 100% do \u00cdndice de Transpar\u00eancia Ativa 2020 Os \u00f3rg\u00e3os p\u00fablicos do DF que cumpriram a lei distrital de acesso \u00e0 informa\u00e7\u00e3o s\u00e3o reconhecidos e estimulados por meio da premia\u00e7\u00e3o No dia 3 de dezembro a Controladoria-Geral do DF divulgou, por meio de suas redes sociais (CGDF oficial), os \u00f3rg\u00e3os, [&hellip;]\" \/>\n<meta property=\"og:url\" content=\"https:\/\/www.p31noticias.com.br\/?p=22765\" \/>\n<meta property=\"og:site_name\" content=\"P31\" \/>\n<meta property=\"article:published_time\" content=\"2020-12-09T14:28:27+00:00\" \/>\n<meta property=\"article:modified_time\" content=\"2020-12-09T14:34:51+00:00\" \/>\n<meta property=\"og:image\" content=\"https:\/\/www.p31noticias.com.br\/wp-content\/uploads\/2020\/12\/unnamed-5.jpg\" \/>\n\t<meta property=\"og:image:width\" content=\"1242\" \/>\n\t<meta property=\"og:image:height\" content=\"1544\" \/>\n\t<meta property=\"og:image:type\" content=\"image\/jpeg\" \/>\n<meta name=\"author\" content=\"Gon\u00e7alves Junior\" \/>\n<meta name=\"twitter:card\" content=\"summary_large_image\" \/>\n<meta name=\"twitter:label1\" content=\"Escrito por\" \/>\n\t<meta name=\"twitter:data1\" content=\"Gon\u00e7alves Junior\" \/>\n\t<meta name=\"twitter:label2\" content=\"Est. tempo de leitura\" \/>\n\t<meta name=\"twitter:data2\" content=\"3 minutos\" \/>\n<script type=\"application\/ld+json\" class=\"yoast-schema-graph\">{\"@context\":\"https:\\\/\\\/schema.org\",\"@graph\":[{\"@type\":\"Article\",\"@id\":\"https:\\\/\\\/www.p31noticias.com.br\\\/?p=22765#article\",\"isPartOf\":{\"@id\":\"https:\\\/\\\/www.p31noticias.com.br\\\/?p=22765\"},\"author\":{\"name\":\"Gon\u00e7alves Junior\",\"@id\":\"https:\\\/\\\/www.p31noticias.com.br\\\/#\\\/schema\\\/person\\\/95f2ece30e3b4132065b915150cd0f94\"},\"headline\":\"VICE GOVERNADORIA DO DISTRITO FEDERAL ATINGE 100% NO \u00cdNDICE DE TRANSPAR\u00caNCIA 2020\",\"datePublished\":\"2020-12-09T14:28:27+00:00\",\"dateModified\":\"2020-12-09T14:34:51+00:00\",\"mainEntityOfPage\":{\"@id\":\"https:\\\/\\\/www.p31noticias.com.br\\\/?p=22765\"},\"wordCount\":637,\"commentCount\":0,\"image\":{\"@id\":\"https:\\\/\\\/www.p31noticias.com.br\\\/?p=22765#primaryimage\"},\"thumbnailUrl\":\"https:\\\/\\\/www.p31noticias.com.br\\\/wp-content\\\/uploads\\\/2020\\\/12\\\/unnamed-5.jpg\",\"articleSection\":[\"Outros\"],\"inLanguage\":\"pt-BR\",\"potentialAction\":[{\"@type\":\"CommentAction\",\"name\":\"Comment\",\"target\":[\"https:\\\/\\\/www.p31noticias.com.br\\\/?p=22765#respond\"]}],\"copyrightYear\":\"2020\",\"copyrightHolder\":{\"@id\":\"https:\\\/\\\/www.p31noticias.com.br\\\/#organization\"}},{\"@type\":\"WebPage\",\"@id\":\"https:\\\/\\\/www.p31noticias.com.br\\\/?p=22765\",\"url\":\"https:\\\/\\\/www.p31noticias.com.br\\\/?p=22765\",\"name\":\"VICE GOVERNADORIA DO DISTRITO FEDERAL ATINGE 100% NO \u00cdNDICE DE TRANSPAR\u00caNCIA 2020 - P31\",\"isPartOf\":{\"@id\":\"https:\\\/\\\/www.p31noticias.com.br\\\/#website\"},\"primaryImageOfPage\":{\"@id\":\"https:\\\/\\\/www.p31noticias.com.br\\\/?p=22765#primaryimage\"},\"image\":{\"@id\":\"https:\\\/\\\/www.p31noticias.com.br\\\/?p=22765#primaryimage\"},\"thumbnailUrl\":\"https:\\\/\\\/www.p31noticias.com.br\\\/wp-content\\\/uploads\\\/2020\\\/12\\\/unnamed-5.jpg\",\"datePublished\":\"2020-12-09T14:28:27+00:00\",\"dateModified\":\"2020-12-09T14:34:51+00:00\",\"author\":{\"@id\":\"https:\\\/\\\/www.p31noticias.com.br\\\/#\\\/schema\\\/person\\\/95f2ece30e3b4132065b915150cd0f94\"},\"breadcrumb\":{\"@id\":\"https:\\\/\\\/www.p31noticias.com.br\\\/?p=22765#breadcrumb\"},\"inLanguage\":\"pt-BR\",\"potentialAction\":[{\"@type\":\"ReadAction\",\"target\":[\"https:\\\/\\\/www.p31noticias.com.br\\\/?p=22765\"]}]},{\"@type\":\"ImageObject\",\"inLanguage\":\"pt-BR\",\"@id\":\"https:\\\/\\\/www.p31noticias.com.br\\\/?p=22765#primaryimage\",\"url\":\"https:\\\/\\\/www.p31noticias.com.br\\\/wp-content\\\/uploads\\\/2020\\\/12\\\/unnamed-5.jpg\",\"contentUrl\":\"https:\\\/\\\/www.p31noticias.com.br\\\/wp-content\\\/uploads\\\/2020\\\/12\\\/unnamed-5.jpg\",\"width\":1242,\"height\":1544},{\"@type\":\"BreadcrumbList\",\"@id\":\"https:\\\/\\\/www.p31noticias.com.br\\\/?p=22765#breadcrumb\",\"itemListElement\":[{\"@type\":\"ListItem\",\"position\":1,\"name\":\"In\u00edcio\",\"item\":\"https:\\\/\\\/www.p31noticias.com.br\\\/\"},{\"@type\":\"ListItem\",\"position\":2,\"name\":\"VICE GOVERNADORIA DO DISTRITO FEDERAL ATINGE 100% NO \u00cdNDICE DE TRANSPAR\u00caNCIA 2020\"}]},{\"@type\":\"WebSite\",\"@id\":\"https:\\\/\\\/www.p31noticias.com.br\\\/#website\",\"url\":\"https:\\\/\\\/www.p31noticias.com.br\\\/\",\"name\":\"P31\",\"description\":\"NOT\u00cdCIAS\",\"potentialAction\":[{\"@type\":\"SearchAction\",\"target\":{\"@type\":\"EntryPoint\",\"urlTemplate\":\"https:\\\/\\\/www.p31noticias.com.br\\\/?s={search_term_string}\"},\"query-input\":{\"@type\":\"PropertyValueSpecification\",\"valueRequired\":true,\"valueName\":\"search_term_string\"}}],\"inLanguage\":\"pt-BR\"},{\"@type\":\"Person\",\"@id\":\"https:\\\/\\\/www.p31noticias.com.br\\\/#\\\/schema\\\/person\\\/95f2ece30e3b4132065b915150cd0f94\",\"name\":\"Gon\u00e7alves Junior\",\"image\":{\"@type\":\"ImageObject\",\"inLanguage\":\"pt-BR\",\"@id\":\"https:\\\/\\\/secure.gravatar.com\\\/avatar\\\/6711f350116a89762687a48d66f723c799e5438a5b7578508d4294cd7a5d0800?s=96&d=mm&r=g\",\"url\":\"https:\\\/\\\/secure.gravatar.com\\\/avatar\\\/6711f350116a89762687a48d66f723c799e5438a5b7578508d4294cd7a5d0800?s=96&d=mm&r=g\",\"contentUrl\":\"https:\\\/\\\/secure.gravatar.com\\\/avatar\\\/6711f350116a89762687a48d66f723c799e5438a5b7578508d4294cd7a5d0800?s=96&d=mm&r=g\",\"caption\":\"Gon\u00e7alves Junior\"},\"url\":\"https:\\\/\\\/www.p31noticias.com.br\\\/?author=2\"}]}<\/script>\n<!-- \/ Yoast SEO Premium plugin. -->","yoast_head_json":{"title":"VICE GOVERNADORIA DO DISTRITO FEDERAL ATINGE 100% NO \u00cdNDICE DE TRANSPAR\u00caNCIA 2020 - P31","robots":{"index":"index","follow":"follow","max-snippet":"max-snippet:-1","max-image-preview":"max-image-preview:large","max-video-preview":"max-video-preview:-1"},"canonical":"https:\/\/www.p31noticias.com.br\/?p=22765","og_locale":"pt_BR","og_type":"article","og_title":"VICE GOVERNADORIA DO DISTRITO FEDERAL ATINGE 100% NO \u00cdNDICE DE TRANSPAR\u00caNCIA 2020","og_description":"Confira os premiados que atingiram os 100% do \u00cdndice de Transpar\u00eancia Ativa 2020 Os \u00f3rg\u00e3os p\u00fablicos do DF que cumpriram a lei distrital de acesso \u00e0 informa\u00e7\u00e3o s\u00e3o reconhecidos e estimulados por meio da premia\u00e7\u00e3o No dia 3 de dezembro a Controladoria-Geral do DF divulgou, por meio de suas redes sociais (CGDF oficial), os \u00f3rg\u00e3os, [&hellip;]","og_url":"https:\/\/www.p31noticias.com.br\/?p=22765","og_site_name":"P31","article_published_time":"2020-12-09T14:28:27+00:00","article_modified_time":"2020-12-09T14:34:51+00:00","og_image":[{"width":1242,"height":1544,"url":"https:\/\/www.p31noticias.com.br\/wp-content\/uploads\/2020\/12\/unnamed-5.jpg","type":"image\/jpeg"}],"author":"Gon\u00e7alves Junior","twitter_card":"summary_large_image","twitter_misc":{"Escrito por":"Gon\u00e7alves Junior","Est. tempo de leitura":"3 minutos"},"schema":{"@context":"https:\/\/schema.org","@graph":[{"@type":"Article","@id":"https:\/\/www.p31noticias.com.br\/?p=22765#article","isPartOf":{"@id":"https:\/\/www.p31noticias.com.br\/?p=22765"},"author":{"name":"Gon\u00e7alves Junior","@id":"https:\/\/www.p31noticias.com.br\/#\/schema\/person\/95f2ece30e3b4132065b915150cd0f94"},"headline":"VICE GOVERNADORIA DO DISTRITO FEDERAL ATINGE 100% NO \u00cdNDICE DE TRANSPAR\u00caNCIA 2020","datePublished":"2020-12-09T14:28:27+00:00","dateModified":"2020-12-09T14:34:51+00:00","mainEntityOfPage":{"@id":"https:\/\/www.p31noticias.com.br\/?p=22765"},"wordCount":637,"commentCount":0,"image":{"@id":"https:\/\/www.p31noticias.com.br\/?p=22765#primaryimage"},"thumbnailUrl":"https:\/\/www.p31noticias.com.br\/wp-content\/uploads\/2020\/12\/unnamed-5.jpg","articleSection":["Outros"],"inLanguage":"pt-BR","potentialAction":[{"@type":"CommentAction","name":"Comment","target":["https:\/\/www.p31noticias.com.br\/?p=22765#respond"]}],"copyrightYear":"2020","copyrightHolder":{"@id":"https:\/\/www.p31noticias.com.br\/#organization"}},{"@type":"WebPage","@id":"https:\/\/www.p31noticias.com.br\/?p=22765","url":"https:\/\/www.p31noticias.com.br\/?p=22765","name":"VICE GOVERNADORIA DO DISTRITO FEDERAL ATINGE 100% NO \u00cdNDICE DE TRANSPAR\u00caNCIA 2020 - P31","isPartOf":{"@id":"https:\/\/www.p31noticias.com.br\/#website"},"primaryImageOfPage":{"@id":"https:\/\/www.p31noticias.com.br\/?p=22765#primaryimage"},"image":{"@id":"https:\/\/www.p31noticias.com.br\/?p=22765#primaryimage"},"thumbnailUrl":"https:\/\/www.p31noticias.com.br\/wp-content\/uploads\/2020\/12\/unnamed-5.jpg","datePublished":"2020-12-09T14:28:27+00:00","dateModified":"2020-12-09T14:34:51+00:00","author":{"@id":"https:\/\/www.p31noticias.com.br\/#\/schema\/person\/95f2ece30e3b4132065b915150cd0f94"},"breadcrumb":{"@id":"https:\/\/www.p31noticias.com.br\/?p=22765#breadcrumb"},"inLanguage":"pt-BR","potentialAction":[{"@type":"ReadAction","target":["https:\/\/www.p31noticias.com.br\/?p=22765"]}]},{"@type":"ImageObject","inLanguage":"pt-BR","@id":"https:\/\/www.p31noticias.com.br\/?p=22765#primaryimage","url":"https:\/\/www.p31noticias.com.br\/wp-content\/uploads\/2020\/12\/unnamed-5.jpg","contentUrl":"https:\/\/www.p31noticias.com.br\/wp-content\/uploads\/2020\/12\/unnamed-5.jpg","width":1242,"height":1544},{"@type":"BreadcrumbList","@id":"https:\/\/www.p31noticias.com.br\/?p=22765#breadcrumb","itemListElement":[{"@type":"ListItem","position":1,"name":"In\u00edcio","item":"https:\/\/www.p31noticias.com.br\/"},{"@type":"ListItem","position":2,"name":"VICE GOVERNADORIA DO DISTRITO FEDERAL ATINGE 100% NO \u00cdNDICE DE TRANSPAR\u00caNCIA 2020"}]},{"@type":"WebSite","@id":"https:\/\/www.p31noticias.com.br\/#website","url":"https:\/\/www.p31noticias.com.br\/","name":"P31","description":"NOT\u00cdCIAS","potentialAction":[{"@type":"SearchAction","target":{"@type":"EntryPoint","urlTemplate":"https:\/\/www.p31noticias.com.br\/?s={search_term_string}"},"query-input":{"@type":"PropertyValueSpecification","valueRequired":true,"valueName":"search_term_string"}}],"inLanguage":"pt-BR"},{"@type":"Person","@id":"https:\/\/www.p31noticias.com.br\/#\/schema\/person\/95f2ece30e3b4132065b915150cd0f94","name":"Gon\u00e7alves Junior","image":{"@type":"ImageObject","inLanguage":"pt-BR","@id":"https:\/\/secure.gravatar.com\/avatar\/6711f350116a89762687a48d66f723c799e5438a5b7578508d4294cd7a5d0800?s=96&d=mm&r=g","url":"https:\/\/secure.gravatar.com\/avatar\/6711f350116a89762687a48d66f723c799e5438a5b7578508d4294cd7a5d0800?s=96&d=mm&r=g","contentUrl":"https:\/\/secure.gravatar.com\/avatar\/6711f350116a89762687a48d66f723c799e5438a5b7578508d4294cd7a5d0800?s=96&d=mm&r=g","caption":"Gon\u00e7alves Junior"},"url":"https:\/\/www.p31noticias.com.br\/?author=2"}]}},"amp_enabled":true,"_links":{"self":[{"href":"https:\/\/www.p31noticias.com.br\/index.php?rest_route=\/wp\/v2\/posts\/22765","targetHints":{"allow":["GET"]}}],"collection":[{"href":"https:\/\/www.p31noticias.com.br\/index.php?rest_route=\/wp\/v2\/posts"}],"about":[{"href":"https:\/\/www.p31noticias.com.br\/index.php?rest_route=\/wp\/v2\/types\/post"}],"author":[{"embeddable":true,"href":"https:\/\/www.p31noticias.com.br\/index.php?rest_route=\/wp\/v2\/users\/2"}],"replies":[{"embeddable":true,"href":"https:\/\/www.p31noticias.com.br\/index.php?rest_route=%2Fwp%2Fv2%2Fcomments&post=22765"}],"version-history":[{"count":5,"href":"https:\/\/www.p31noticias.com.br\/index.php?rest_route=\/wp\/v2\/posts\/22765\/revisions"}],"predecessor-version":[{"id":22771,"href":"https:\/\/www.p31noticias.com.br\/index.php?rest_route=\/wp\/v2\/posts\/22765\/revisions\/22771"}],"wp:featuredmedia":[{"embeddable":true,"href":"https:\/\/www.p31noticias.com.br\/index.php?rest_route=\/wp\/v2\/media\/22767"}],"wp:attachment":[{"href":"https:\/\/www.p31noticias.com.br\/index.php?rest_route=%2Fwp%2Fv2%2Fmedia&parent=22765"}],"wp:term":[{"taxonomy":"category","embeddable":true,"href":"https:\/\/www.p31noticias.com.br\/index.php?rest_route=%2Fwp%2Fv2%2Fcategories&post=22765"},{"taxonomy":"post_tag","embeddable":true,"href":"https:\/\/www.p31noticias.com.br\/index.php?rest_route=%2Fwp%2Fv2%2Ftags&post=22765"}],"curies":[{"name":"wp","href":"https:\/\/api.w.org\/{rel}","templated":true}]}}