{"id":22759,"date":"2020-12-05T15:10:12","date_gmt":"2020-12-05T15:10:12","guid":{"rendered":"https:\/\/p31noticias.com.br\/?p=22759"},"modified":"2020-12-05T15:15:42","modified_gmt":"2020-12-05T15:15:42","slug":"parana-pesquisas-bolsonaro-segue-como-o-candidato-mais-forte-para-2022","status":"publish","type":"post","link":"https:\/\/www.p31noticias.com.br\/?p=22759","title":{"rendered":"Paran\u00e1 Pesquisas: Bolsonaro segue como o candidato mais forte para 2022"},"content":{"rendered":"<p><em><strong>Amplia vantagem em alguns cen\u00e1rios<\/strong><\/em><\/p>\n<p><em><strong>Em 2\u00ba turno, venceria 5 advers\u00e1rios<\/strong><\/em><\/p>\n<p style=\"text-align: justify;\">Moro e Lula s\u00e3o oponentes mais competitivos<\/p>\n<p style=\"text-align: justify;\">Levantamento da empresa\u00a0<a href=\"http:\/\/www.paranapesquisas.com.br\/\" target=\"_blank\" rel=\"noopener noreferrer\">Paran\u00e1 Pesquisas<\/a>\u00a0indica que o presidente Jair Bolsonaro lidera as inten\u00e7\u00f5es de voto na disputa \u00e0 Presid\u00eancia da Rep\u00fablica nas elei\u00e7\u00f5es de 2022. O chefe do Executivo est\u00e1 na frente em todos os cen\u00e1rios de 1\u00ba turno, com percentuais que variam de 32,9% a 35,8%.<\/p>\n<p style=\"text-align: justify;\">A pesquisa (<a href=\"http:\/\/static.poder360.com.br\/2020\/12\/parana-pesquisas-disputapresidencial-Dez20.pdf\" target=\"_blank\" rel=\"noopener noreferrer\">\u00edntegra<\/a>\u00a0\u2013 624 KB) foi divulgada nesta 6\u00aa feira (4.dez.2020) pela revista\u00a0<em>Veja<\/em>. Foi realizada de 28 de novembro a 1\u00ba de dezembro de 2020, por meio de liga\u00e7\u00f5es telef\u00f4nicas. Foram entrevistados 2.036 eleitores em 192 munic\u00edpios das 27 unidades da Federa\u00e7\u00e3o. A margem de erro \u00e9 de 2 pontos percentuais e o n\u00edvel de confian\u00e7a \u00e9 de 90%.<\/p>\n<p style=\"text-align: justify;\">Os dados indicam que o resultado das elei\u00e7\u00f5es municipais n\u00e3o tiveram impacto sobre a popularidade do presidente em disputa presidencial. Dos\u00a0<a href=\"https:\/\/www.poder360.com.br\/eleicoes\/so-15-dos-61-candidatos-apoiados-por-bolsonaro-foram-eleitos\/\" target=\"_blank\" rel=\"noopener noreferrer\">61 candidatos a prefeito que Bolsonaro apoiou em 2020, s\u00f3 15 conseguiram se eleger<\/a>.<\/p>\n<div id=\"header\" class=\"dw-chart-header\">\n<h1><em><strong><span class=\"chart-title\">cen\u00e1rio 1 &#8211; inten\u00e7\u00f5es de voto para presidente em 2022<\/span><\/strong><\/em><\/h1>\n<p class=\"chart-intro\">dados (em %)<\/p>\n<\/div>\n<div id=\"chart\" class=\"bar-chart\">\n<div class=\"label value\"><\/div>\n<div class=\"label series\" data-column=\"candidato\" data-row=\"0\"><strong>Bolsonaro (sem partido)\u00a0 \u00a0 \u00a0 \u00a0 \u00a0 \u00a0 \u00a033,30\u00a0<\/strong><\/div>\n<div class=\"label series\" data-column=\"candidato\" data-row=\"0\"><\/div>\n<div class=\"label series\" data-column=\"candidato\" data-row=\"1\"><strong>Moro (sem partido)\u00a0 \u00a0 \u00a0 \u00a0 \u00a0 \u00a0 \u00a0 \u00a0 \u00a0 \u00a0 \u00a011,8<\/strong><\/div>\n<div class=\"label value\"><\/div>\n<div class=\"label series\" data-column=\"candidato\" data-row=\"2\"><strong>Ciro Gomes (PDT)\u00a0 \u00a0 \u00a0 \u00a0 \u00a0 \u00a0 \u00a0 \u00a0 \u00a0 \u00a0 \u00a0 \u00a010<\/strong><\/div>\n<div class=\"label value\"><\/div>\n<div class=\"label series\" data-column=\"candidato\" data-row=\"3\"><strong>Haddad (PT)\u00a0 \u00a0 \u00a0 \u00a0 \u00a0 \u00a0 \u00a0 \u00a0 \u00a0 \u00a0 \u00a0 \u00a0 \u00a0 \u00a0 \u00a0 \u00a0 \u00a08,8<\/strong><\/div>\n<div class=\"label value\"><\/div>\n<div class=\"label series\" data-column=\"candidato\" data-row=\"4\"><strong>Luciano Huck (sem partido)\u00a0 \u00a0 \u00a0 \u00a0 7,80<\/strong><\/div>\n<div class=\"label value\"><\/div>\n<div class=\"label series\" data-column=\"candidato\" data-row=\"5\"><strong>Boulos (Psol)\u00a0 \u00a0 \u00a0 \u00a0 \u00a0 \u00a0 \u00a0 \u00a0 \u00a0 \u00a0 \u00a0 \u00a0 \u00a0 \u00a0 \u00a0 \u00a05,7<\/strong><\/div>\n<div class=\"label value\"><\/div>\n<div class=\"label series\" data-column=\"candidato\" data-row=\"6\"><strong>Doria (PSDB)\u00a0 \u00a0 \u00a0 \u00a0 \u00a0 \u00a0 \u00a0 \u00a0 \u00a0 \u00a0 \u00a0 \u00a0 \u00a0 \u00a0 \u00a0 \u00a03,7<\/strong><\/div>\n<div class=\"label value\"><\/div>\n<div class=\"label series\" data-column=\"candidato\" data-row=\"7\"><strong>Amoedo (Novo)\u00a0 \u00a0 \u00a0 \u00a0 \u00a0 \u00a0 \u00a0 \u00a0 \u00a0 \u00a0 \u00a0 \u00a0 \u00a0 \u00a02,80<\/strong><\/div>\n<div class=\"label value\"><\/div>\n<div class=\"label series\" data-column=\"candidato\" data-row=\"8\"><strong>n\u00e3o sabe\u00a0 \u00a0 \u00a0 \u00a0 \u00a0 \u00a0 \u00a0 \u00a0 \u00a0 \u00a0 \u00a0 \u00a0 \u00a0 \u00a0 \u00a0 \u00a0 \u00a0 \u00a0 \u00a0 4,80<\/strong><\/div>\n<div class=\"label value hover\"><\/div>\n<div><strong>Nenhum\u00a0 \u00a0 \u00a0 \u00a0 \u00a0 \u00a0 \u00a0 \u00a0 \u00a0 \u00a0 \u00a0 \u00a0 \u00a0 \u00a0 \u00a0 \u00a0 \u00a0 \u00a0 \u00a011,20<\/strong><\/div>\n<div><\/div>\n<\/div>\n<div style=\"text-align: justify;\">metodologia: o levantamento Paran\u00e1 Pesquisas foi realizado de 28 de novembro a 1\u00ba de dezembro, por meio de liga\u00e7\u00f5es telef\u00f4nicas, em 192 munic\u00edpios das 27 unidades da Federa\u00e7\u00e3o. A margem de erro \u00e9 de 2 pontos percentuais. O n\u00edvel de confian\u00e7a \u00e9 de 95%.<\/div>\n<div style=\"text-align: justify;\"><\/div>\n<div>\n<p style=\"text-align: justify;\">O levantamento tamb\u00e9m testou 1 cen\u00e1rio sem Haddad e Luciano Huck; com Lula e com a ex-ministra Marina Silva (Rede). Bolsonaro lidera, com 32,9%. O presidente fica 15 pontos percentuais \u00e0 frente do petista. Em seguida, v\u00eam Moro (11,9%), Ciro (7,7%) e Boulos (4,9%).<\/p>\n<p style=\"text-align: justify;\">H\u00e1 4 meses, o presidente tinha 27,5% das inten\u00e7\u00f5es e Lula tinha 21,9%.<\/p>\n<div id=\"header\" class=\"dw-chart-header\">\n<h1><em><strong><span class=\"chart-title\">cen\u00e1rio 2 &#8211; inten\u00e7\u00f5es de voto para presidente em 2022<\/span><\/strong><\/em><\/h1>\n<p class=\"chart-intro\">dados (em %)<\/p>\n<\/div>\n<div id=\"chart\" class=\"bar-chart\">\n<div class=\"label series\" data-column=\"candidato\" data-row=\"0\"><strong>Bolsonaro (sem partido)\u00a0 \u00a0 \u00a0 \u00a0 \u00a0 \u00a0 \u00a0 \u00a0 32,9<\/strong><\/div>\n<div class=\"label value\"><\/div>\n<div class=\"label series\" data-column=\"candidato\" data-row=\"1\"><strong>Lula (PT)\u00a0 \u00a0 \u00a0 \u00a0 \u00a0 \u00a0 \u00a0 \u00a0 \u00a0 \u00a0 \u00a0 \u00a0 \u00a0 \u00a0 \u00a0 \u00a0 \u00a0 \u00a0 \u00a0 \u00a0 \u00a017,8<\/strong><\/div>\n<div class=\"label value\"><\/div>\n<div class=\"label series\" data-column=\"candidato\" data-row=\"2\"><strong>Moro (sem partido)\u00a0 \u00a0 \u00a0 \u00a0 \u00a0 \u00a0 \u00a0 \u00a0 \u00a0 \u00a0 \u00a0 \u00a0 11,9<\/strong><\/div>\n<div class=\"label value\"><\/div>\n<div class=\"label series\" data-column=\"candidato\" data-row=\"3\"><strong>Ciro Gomes (PDT)\u00a0 \u00a0 \u00a0 \u00a0 \u00a0 \u00a0 \u00a0 \u00a0 \u00a0 \u00a0 \u00a0 \u00a0 \u00a0 \u00a0 7,7<\/strong><\/div>\n<div class=\"label value\"><\/div>\n<div class=\"label series\" data-column=\"candidato\" data-row=\"4\"><strong>Boulos (Psol)\u00a0 \u00a0 \u00a0 \u00a0 \u00a0 \u00a0 \u00a0 \u00a0 \u00a0 \u00a0 \u00a0 \u00a0 \u00a0 \u00a0 \u00a0 \u00a0 \u00a0 \u00a04,9<\/strong><\/div>\n<div class=\"label value\"><\/div>\n<div class=\"label series\" data-column=\"candidato\" data-row=\"5\"><strong>Doria (PSDB)\u00a0 \u00a0 \u00a0 \u00a0 \u00a0 \u00a0 \u00a0 \u00a0 \u00a0 \u00a0 \u00a0 \u00a0 \u00a0 \u00a0 \u00a0 \u00a0 \u00a0 \u00a03,80<\/strong><\/div>\n<div class=\"label value\"><\/div>\n<div class=\"label series\" data-column=\"candidato\" data-row=\"6\"><strong>Marina Silva (Rede)\u00a0 \u00a0 \u00a0 \u00a0 \u00a0 \u00a0 \u00a0 \u00a0 \u00a0 \u00a0 \u00a0 \u00a0 2,90<\/strong><\/div>\n<div class=\"label value\"><\/div>\n<div class=\"label series\" data-column=\"candidato\" data-row=\"7\"><strong>Amoedo (Novo)\u00a0 \u00a0 \u00a0 \u00a0 \u00a0 \u00a0 \u00a0 \u00a0 \u00a0 \u00a0 \u00a0 \u00a0 \u00a0 \u00a0 \u00a0 2,80<\/strong><\/div>\n<div class=\"label value\"><\/div>\n<div class=\"label series\" data-column=\"candidato\" data-row=\"8\"><strong>n\u00e3o sabe\u00a0 \u00a0 \u00a0 \u00a0 \u00a0 \u00a0 \u00a0 \u00a0 \u00a0 \u00a0 \u00a0 \u00a0 \u00a0 \u00a0 \u00a0 \u00a0 \u00a0 \u00a0 \u00a0 \u00a0 \u00a04,60<\/strong><\/div>\n<div data-column=\"candidato\" data-row=\"8\"><\/div>\n<div class=\"label value\"><strong>nenhum\u00a0 \u00a0 \u00a0 \u00a0 \u00a0 \u00a0 \u00a0 \u00a0 \u00a0 \u00a0 \u00a0 \u00a0 \u00a0 \u00a0 \u00a0 \u00a0 \u00a0 \u00a0 \u00a0 \u00a0 \u00a010,60<\/strong><\/div>\n<div><\/div>\n<div data-column=\"candidato\" data-row=\"9\"><\/div>\n<\/div>\n<div class=\"dw-chart-notes\" style=\"text-align: justify;\">metodologia: o levantamento Paran\u00e1 Pesquisas foi realizado de 28 de novembro a 1\u00ba de dezembro, por meio de liga\u00e7\u00f5es telef\u00f4nicas, em 192 munic\u00edpios das 27 unidades da Federa\u00e7\u00e3o. A margem de erro \u00e9 de 2 pontos percentuais. O n\u00edvel de confian\u00e7a \u00e9 de 95%.<\/div>\n<\/div>\n<div style=\"text-align: justify;\"><\/div>\n<div>\n<p style=\"text-align: justify;\">Em mais 1 cen\u00e1rio, foram inclu\u00eddos os nomes do ex-ministro da Sa\u00fade Luiz Henrique Mandetta (DEM) e do governador do Maranh\u00e3o, Fl\u00e1vio Dino (PC do B). N\u00e3o entram na disputa o ex-presidente Lula, Moro e Marina Silva.<\/p>\n<p style=\"text-align: justify;\">O presidente Jair Bolsonaro apresenta resultado melhor, com 35,8% das inten\u00e7\u00f5es dos votos ao Planalto. Em seguida, aparece Ciro Gomes (12,1%), 23 pontos percentuais atr\u00e1s do chefe do Executivo.<\/p>\n<p>&nbsp;<\/p>\n<\/div>\n<div id=\"header\" class=\"dw-chart-header\"><\/div>\n<div class=\"dw-chart-notes\">\n<div id=\"header\" class=\"dw-chart-header\">\n<h1><em><strong><span class=\"chart-title\">cen\u00e1rio 3 &#8211; inten\u00e7\u00f5es de voto para presidente em 2022<\/span><\/strong><\/em><\/h1>\n<p class=\"chart-intro\">cen\u00e1rio 3 &#8211; inten\u00e7\u00f5es de voto para presidente em 2022<\/p>\n<\/div>\n<div id=\"chart\" class=\"bar-chart\">\n<div class=\"label series\"><\/div>\n<div class=\"label value\"><\/div>\n<div class=\"label series\" data-column=\"candidato\" data-row=\"0\"><strong>Bolsonaro (sem partido)\u00a0 \u00a0 \u00a0 \u00a0 \u00a0 \u00a0 \u00a0 35,80<\/strong><\/div>\n<div class=\"label value\"><\/div>\n<div class=\"label series\" data-column=\"candidato\" data-row=\"1\"><strong>Ciro Gomes (PDT)\u00a0 \u00a0 \u00a0 \u00a0 \u00a0 \u00a0 \u00a0 \u00a0 \u00a0 \u00a0 \u00a0 \u00a0 \u00a012,10<\/strong><\/div>\n<div class=\"label value\"><\/div>\n<div class=\"label series\" data-column=\"candidato\" data-row=\"2\"><strong>Haddad (PT)\u00a0 \u00a0 \u00a0 \u00a0 \u00a0 \u00a0 \u00a0 \u00a0 \u00a0 \u00a0 \u00a0 \u00a0 \u00a0 \u00a0 \u00a0 \u00a0 \u00a011,5<\/strong><\/div>\n<div class=\"label value\"><\/div>\n<div class=\"label series\" data-column=\"candidato\" data-row=\"3\"><strong>Luciano Huck (sem partido)\u00a0 \u00a0 \u00a0 \u00a0 \u00a0 \u00a09,5<\/strong><\/div>\n<div class=\"label value\"><\/div>\n<div class=\"label series\" data-column=\"candidato\" data-row=\"4\"><strong>Doria (PSDB)\u00a0 \u00a0 \u00a0 \u00a0 \u00a0 \u00a0 \u00a0 \u00a0 \u00a0 \u00a0 \u00a0 \u00a0 \u00a0 \u00a0 \u00a0 \u00a0 \u00a0 4,80<\/strong><\/div>\n<div class=\"label value\"><\/div>\n<div class=\"label series\" data-column=\"candidato\" data-row=\"5\"><strong>Amoedo (Novo)\u00a0 \u00a0 \u00a0 \u00a0 \u00a0 \u00a0 \u00a0 \u00a0 \u00a0 \u00a0 \u00a0 \u00a0 \u00a0 \u00a0 \u00a0 3,5<\/strong><\/div>\n<div class=\"label value\"><\/div>\n<div class=\"label series\" data-column=\"candidato\" data-row=\"6\"><strong>Mandetta (DEM)\u00a0 \u00a0 \u00a0 \u00a0 \u00a0 \u00a0 \u00a0 \u00a0 \u00a0 \u00a0 \u00a0 \u00a0 \u00a0 \u00a0 \u00a02,7<\/strong><\/div>\n<div class=\"label value\"><\/div>\n<div class=\"label series\" data-column=\"candidato\" data-row=\"7\"><strong>Fl\u00e1vio Dino (PC do B)\u00a0 \u00a0 \u00a0 \u00a0 \u00a0 \u00a0 \u00a0 \u00a0 \u00a0 \u00a0 \u00a01,20<\/strong><\/div>\n<div class=\"label value\"><\/div>\n<div class=\"label series\" data-column=\"candidato\" data-row=\"8\"><strong>n\u00e3o sabe\u00a0 \u00a0 \u00a0 \u00a0 \u00a0 \u00a0 \u00a0 \u00a0 \u00a0 \u00a0 \u00a0 \u00a0 \u00a0 \u00a0 \u00a0 \u00a0 \u00a0 \u00a0 \u00a0 \u00a0 \u00a05,2<\/strong><\/div>\n<div class=\"label value\"><\/div>\n<div class=\"label series\" data-column=\"candidato\" data-row=\"9\"><strong>nenhum\u00a0 \u00a0 \u00a0 \u00a0 \u00a0 \u00a0 \u00a0 \u00a0 \u00a0 \u00a0 \u00a0 \u00a0 \u00a0 \u00a0 \u00a0 \u00a0 \u00a0 \u00a0 \u00a0 \u00a0 13,9<\/strong><\/div>\n<div data-column=\"candidato\" data-row=\"9\"><\/div>\n<div data-column=\"candidato\" data-row=\"9\"><\/div>\n<\/div>\n<div class=\"dw-chart-notes\" style=\"text-align: justify;\">metodologia: o levantamento Paran\u00e1 Pesquisas foi realizado de 28 de novembro a 1\u00ba de dezembro, por meio de liga\u00e7\u00f5es telef\u00f4nicas, em 192 munic\u00edpios das 27 unidades da Federa\u00e7\u00e3o. A margem de erro \u00e9 de 2 pontos percentuais. O n\u00edvel de confian\u00e7a \u00e9 de 95%.<\/div>\n<\/div>\n<div><\/div>\n<div>\n<h2><strong>2\u00ba TURNO<\/strong><\/h2>\n<p style=\"text-align: justify;\">A pesquisa tamb\u00e9m mostra como seriam os resultados do 2\u00ba turno. Os dados indicam que Jair Bolsonaro venceria em todos os 5 cen\u00e1rios e seria reeleito \u00e0 Presid\u00eancia.<\/p>\n<p style=\"text-align: justify;\">O maior percentual que o presidente alcan\u00e7a \u00e9 contra Jo\u00e3o Doria. Bolsonaro tem 51,1% das inten\u00e7\u00f5es de votos em um eventual 2\u00ba turno com o tucano, que alcan\u00e7a 23,8%.<\/p>\n<p style=\"text-align: justify;\">Os maiores advers\u00e1rios do presidente no 2\u00ba turno seriam Moro e Lula. No 2\u00ba turno, o levantamento mostra Bolsonaro 10 pontos \u00e0 frente do ex-ministro da Justi\u00e7a e com 14 pontos \u00e0 frente do petista.<\/p>\n<p style=\"text-align: justify;\">Eis os cen\u00e1rios de eventual 2\u00ba turno na disputa ao Planalto em 2022:<\/p>\n<ul>\n<li><strong><em>Cen\u00e1rio 1:<\/em><\/strong>\n<ul>\n<li><strong><em>Bolsonaro \u2013 47%;<\/em><\/strong><\/li>\n<li><strong><em>Lula\u00a0 \u2013 33,4%;<\/em><\/strong><\/li>\n<li><strong><em>n\u00e3o sabe \u2013 4,3%;<\/em><\/strong><\/li>\n<li><strong><em>nenhum \u2013 15,4%.<\/em><\/strong><\/li>\n<\/ul>\n<\/li>\n<li><strong><em>Cen\u00e1rio 2:<\/em><\/strong>\n<ul>\n<li><strong><em>Bolsonaro \u2013 44,9%;<\/em><\/strong><\/li>\n<li><strong><em>Moro \u2013 34,7%;<\/em><\/strong><\/li>\n<li><strong><em>n\u00e3o sabe \u2013 4,5%;<\/em><\/strong><\/li>\n<li><strong><em>nenhum \u2013 16%.<\/em><\/strong><\/li>\n<\/ul>\n<\/li>\n<li><strong><em>Cen\u00e1rio 3:<\/em><\/strong>\n<ul>\n<li><strong><em>Bolsonaro \u2013 48,5%;<\/em><\/strong><\/li>\n<li><strong><em>Ciro Gomes \u2013 31%;<\/em><\/strong><\/li>\n<li><strong><em>n\u00e3o sabe \u2013 4,5%;<\/em><\/strong><\/li>\n<li><strong><em>nenhum \u2013 16,1%.<\/em><\/strong><\/li>\n<\/ul>\n<\/li>\n<li><strong><em>Cen\u00e1rio 4:<\/em><\/strong>\n<ul>\n<li><strong><em>Bolsonaro \u2013 51,1%;<\/em><\/strong><\/li>\n<li><strong><em>Doria \u2013 23,8%;<\/em><\/strong><\/li>\n<li><strong><em>n\u00e3o sabe \u2013 4,9%;<\/em><\/strong><\/li>\n<li><strong><em>nenhum \u2013 20,2%.<\/em><\/strong><\/li>\n<\/ul>\n<\/li>\n<li><strong><em>Cen\u00e1rio 5:<\/em><\/strong>\n<ul>\n<li><strong><em>Bolsonaro \u2013 58,6%;<\/em><\/strong><\/li>\n<li><strong><em>Luciano Huck \u2013 29,7%;<\/em><\/strong><\/li>\n<li><strong><em>n\u00e3o sabe \u2013 4,6%;<\/em><\/strong><\/li>\n<li><strong><em>nenhum \u2013 17,1%.<\/em><\/strong><\/li>\n<\/ul>\n<\/li>\n<\/ul>\n<\/div>\n<p><em>Fonte : Poder 360<\/em><\/p>\n<div class=\"dw-chart-notes\">\n<div id=\"footer\">\n<div class=\"footer-right\"><\/div>\n<\/div>\n<\/div>\n","protected":false},"excerpt":{"rendered":"<p>Amplia vantagem em alguns cen\u00e1rios Em 2\u00ba turno, venceria 5 advers\u00e1rios Moro e Lula s\u00e3o oponentes mais competitivos Levantamento da empresa\u00a0Paran\u00e1 Pesquisas\u00a0indica que o presidente Jair Bolsonaro lidera as inten\u00e7\u00f5es de voto na disputa \u00e0 Presid\u00eancia da Rep\u00fablica nas elei\u00e7\u00f5es de 2022. O chefe do Executivo est\u00e1 na frente em todos os cen\u00e1rios de 1\u00ba [&hellip;]<\/p>\n","protected":false},"author":2,"featured_media":22762,"comment_status":"open","ping_status":"open","sticky":false,"template":"","format":"standard","meta":{"footnotes":""},"categories":[1],"tags":[],"class_list":{"0":"post-22759","1":"post","2":"type-post","3":"status-publish","4":"format-standard","5":"has-post-thumbnail","7":"category-outros"},"yoast_head":"<!-- This site is optimized with the Yoast SEO Premium plugin v24.5 (Yoast SEO v27.5) - https:\/\/yoast.com\/product\/yoast-seo-premium-wordpress\/ -->\n<title>Paran\u00e1 Pesquisas: Bolsonaro segue como o candidato mais forte para 2022 - P31<\/title>\n<meta name=\"robots\" content=\"index, follow, max-snippet:-1, max-image-preview:large, max-video-preview:-1\" \/>\n<link rel=\"canonical\" href=\"https:\/\/www.p31noticias.com.br\/?p=22759\" \/>\n<meta property=\"og:locale\" content=\"pt_BR\" \/>\n<meta property=\"og:type\" content=\"article\" \/>\n<meta property=\"og:title\" content=\"Paran\u00e1 Pesquisas: Bolsonaro segue como o candidato mais forte para 2022\" \/>\n<meta property=\"og:description\" content=\"Amplia vantagem em alguns cen\u00e1rios Em 2\u00ba turno, venceria 5 advers\u00e1rios Moro e Lula s\u00e3o oponentes mais competitivos Levantamento da empresa\u00a0Paran\u00e1 Pesquisas\u00a0indica que o presidente Jair Bolsonaro lidera as inten\u00e7\u00f5es de voto na disputa \u00e0 Presid\u00eancia da Rep\u00fablica nas elei\u00e7\u00f5es de 2022. O chefe do Executivo est\u00e1 na frente em todos os cen\u00e1rios de 1\u00ba [&hellip;]\" \/>\n<meta property=\"og:url\" content=\"https:\/\/www.p31noticias.com.br\/?p=22759\" \/>\n<meta property=\"og:site_name\" content=\"P31\" \/>\n<meta property=\"article:published_time\" content=\"2020-12-05T15:10:12+00:00\" \/>\n<meta property=\"article:modified_time\" content=\"2020-12-05T15:15:42+00:00\" \/>\n<meta property=\"og:image\" content=\"https:\/\/www.p31noticias.com.br\/wp-content\/uploads\/2020\/12\/b628dd_cf43f44831cc482c99794edc5f0cfcf9_mv2.jpg\" \/>\n\t<meta property=\"og:image:width\" content=\"540\" \/>\n\t<meta property=\"og:image:height\" content=\"282\" \/>\n\t<meta property=\"og:image:type\" content=\"image\/jpeg\" \/>\n<meta name=\"author\" content=\"Gon\u00e7alves Junior\" \/>\n<meta name=\"twitter:card\" content=\"summary_large_image\" \/>\n<meta name=\"twitter:label1\" content=\"Escrito por\" \/>\n\t<meta name=\"twitter:data1\" content=\"Gon\u00e7alves Junior\" \/>\n\t<meta name=\"twitter:label2\" content=\"Est. tempo de leitura\" \/>\n\t<meta name=\"twitter:data2\" content=\"3 minutos\" \/>\n<script type=\"application\/ld+json\" class=\"yoast-schema-graph\">{\"@context\":\"https:\\\/\\\/schema.org\",\"@graph\":[{\"@type\":\"Article\",\"@id\":\"https:\\\/\\\/www.p31noticias.com.br\\\/?p=22759#article\",\"isPartOf\":{\"@id\":\"https:\\\/\\\/www.p31noticias.com.br\\\/?p=22759\"},\"author\":{\"name\":\"Gon\u00e7alves Junior\",\"@id\":\"https:\\\/\\\/www.p31noticias.com.br\\\/#\\\/schema\\\/person\\\/95f2ece30e3b4132065b915150cd0f94\"},\"headline\":\"Paran\u00e1 Pesquisas: Bolsonaro segue como o candidato mais forte para 2022\",\"datePublished\":\"2020-12-05T15:10:12+00:00\",\"dateModified\":\"2020-12-05T15:15:42+00:00\",\"mainEntityOfPage\":{\"@id\":\"https:\\\/\\\/www.p31noticias.com.br\\\/?p=22759\"},\"wordCount\":679,\"commentCount\":0,\"image\":{\"@id\":\"https:\\\/\\\/www.p31noticias.com.br\\\/?p=22759#primaryimage\"},\"thumbnailUrl\":\"https:\\\/\\\/www.p31noticias.com.br\\\/wp-content\\\/uploads\\\/2020\\\/12\\\/b628dd_cf43f44831cc482c99794edc5f0cfcf9_mv2.jpg\",\"articleSection\":[\"Outros\"],\"inLanguage\":\"pt-BR\",\"potentialAction\":[{\"@type\":\"CommentAction\",\"name\":\"Comment\",\"target\":[\"https:\\\/\\\/www.p31noticias.com.br\\\/?p=22759#respond\"]}],\"copyrightYear\":\"2020\",\"copyrightHolder\":{\"@id\":\"https:\\\/\\\/www.p31noticias.com.br\\\/#organization\"}},{\"@type\":\"WebPage\",\"@id\":\"https:\\\/\\\/www.p31noticias.com.br\\\/?p=22759\",\"url\":\"https:\\\/\\\/www.p31noticias.com.br\\\/?p=22759\",\"name\":\"Paran\u00e1 Pesquisas: Bolsonaro segue como o candidato mais forte para 2022 - P31\",\"isPartOf\":{\"@id\":\"https:\\\/\\\/www.p31noticias.com.br\\\/#website\"},\"primaryImageOfPage\":{\"@id\":\"https:\\\/\\\/www.p31noticias.com.br\\\/?p=22759#primaryimage\"},\"image\":{\"@id\":\"https:\\\/\\\/www.p31noticias.com.br\\\/?p=22759#primaryimage\"},\"thumbnailUrl\":\"https:\\\/\\\/www.p31noticias.com.br\\\/wp-content\\\/uploads\\\/2020\\\/12\\\/b628dd_cf43f44831cc482c99794edc5f0cfcf9_mv2.jpg\",\"datePublished\":\"2020-12-05T15:10:12+00:00\",\"dateModified\":\"2020-12-05T15:15:42+00:00\",\"author\":{\"@id\":\"https:\\\/\\\/www.p31noticias.com.br\\\/#\\\/schema\\\/person\\\/95f2ece30e3b4132065b915150cd0f94\"},\"breadcrumb\":{\"@id\":\"https:\\\/\\\/www.p31noticias.com.br\\\/?p=22759#breadcrumb\"},\"inLanguage\":\"pt-BR\",\"potentialAction\":[{\"@type\":\"ReadAction\",\"target\":[\"https:\\\/\\\/www.p31noticias.com.br\\\/?p=22759\"]}]},{\"@type\":\"ImageObject\",\"inLanguage\":\"pt-BR\",\"@id\":\"https:\\\/\\\/www.p31noticias.com.br\\\/?p=22759#primaryimage\",\"url\":\"https:\\\/\\\/www.p31noticias.com.br\\\/wp-content\\\/uploads\\\/2020\\\/12\\\/b628dd_cf43f44831cc482c99794edc5f0cfcf9_mv2.jpg\",\"contentUrl\":\"https:\\\/\\\/www.p31noticias.com.br\\\/wp-content\\\/uploads\\\/2020\\\/12\\\/b628dd_cf43f44831cc482c99794edc5f0cfcf9_mv2.jpg\",\"width\":540,\"height\":282},{\"@type\":\"BreadcrumbList\",\"@id\":\"https:\\\/\\\/www.p31noticias.com.br\\\/?p=22759#breadcrumb\",\"itemListElement\":[{\"@type\":\"ListItem\",\"position\":1,\"name\":\"In\u00edcio\",\"item\":\"https:\\\/\\\/www.p31noticias.com.br\\\/\"},{\"@type\":\"ListItem\",\"position\":2,\"name\":\"Paran\u00e1 Pesquisas: Bolsonaro segue como o candidato mais forte para 2022\"}]},{\"@type\":\"WebSite\",\"@id\":\"https:\\\/\\\/www.p31noticias.com.br\\\/#website\",\"url\":\"https:\\\/\\\/www.p31noticias.com.br\\\/\",\"name\":\"P31\",\"description\":\"NOT\u00cdCIAS\",\"potentialAction\":[{\"@type\":\"SearchAction\",\"target\":{\"@type\":\"EntryPoint\",\"urlTemplate\":\"https:\\\/\\\/www.p31noticias.com.br\\\/?s={search_term_string}\"},\"query-input\":{\"@type\":\"PropertyValueSpecification\",\"valueRequired\":true,\"valueName\":\"search_term_string\"}}],\"inLanguage\":\"pt-BR\"},{\"@type\":\"Person\",\"@id\":\"https:\\\/\\\/www.p31noticias.com.br\\\/#\\\/schema\\\/person\\\/95f2ece30e3b4132065b915150cd0f94\",\"name\":\"Gon\u00e7alves Junior\",\"image\":{\"@type\":\"ImageObject\",\"inLanguage\":\"pt-BR\",\"@id\":\"https:\\\/\\\/secure.gravatar.com\\\/avatar\\\/6711f350116a89762687a48d66f723c799e5438a5b7578508d4294cd7a5d0800?s=96&d=mm&r=g\",\"url\":\"https:\\\/\\\/secure.gravatar.com\\\/avatar\\\/6711f350116a89762687a48d66f723c799e5438a5b7578508d4294cd7a5d0800?s=96&d=mm&r=g\",\"contentUrl\":\"https:\\\/\\\/secure.gravatar.com\\\/avatar\\\/6711f350116a89762687a48d66f723c799e5438a5b7578508d4294cd7a5d0800?s=96&d=mm&r=g\",\"caption\":\"Gon\u00e7alves Junior\"},\"url\":\"https:\\\/\\\/www.p31noticias.com.br\\\/?author=2\"}]}<\/script>\n<!-- \/ Yoast SEO Premium plugin. -->","yoast_head_json":{"title":"Paran\u00e1 Pesquisas: Bolsonaro segue como o candidato mais forte para 2022 - P31","robots":{"index":"index","follow":"follow","max-snippet":"max-snippet:-1","max-image-preview":"max-image-preview:large","max-video-preview":"max-video-preview:-1"},"canonical":"https:\/\/www.p31noticias.com.br\/?p=22759","og_locale":"pt_BR","og_type":"article","og_title":"Paran\u00e1 Pesquisas: Bolsonaro segue como o candidato mais forte para 2022","og_description":"Amplia vantagem em alguns cen\u00e1rios Em 2\u00ba turno, venceria 5 advers\u00e1rios Moro e Lula s\u00e3o oponentes mais competitivos Levantamento da empresa\u00a0Paran\u00e1 Pesquisas\u00a0indica que o presidente Jair Bolsonaro lidera as inten\u00e7\u00f5es de voto na disputa \u00e0 Presid\u00eancia da Rep\u00fablica nas elei\u00e7\u00f5es de 2022. O chefe do Executivo est\u00e1 na frente em todos os cen\u00e1rios de 1\u00ba [&hellip;]","og_url":"https:\/\/www.p31noticias.com.br\/?p=22759","og_site_name":"P31","article_published_time":"2020-12-05T15:10:12+00:00","article_modified_time":"2020-12-05T15:15:42+00:00","og_image":[{"width":540,"height":282,"url":"https:\/\/www.p31noticias.com.br\/wp-content\/uploads\/2020\/12\/b628dd_cf43f44831cc482c99794edc5f0cfcf9_mv2.jpg","type":"image\/jpeg"}],"author":"Gon\u00e7alves Junior","twitter_card":"summary_large_image","twitter_misc":{"Escrito por":"Gon\u00e7alves Junior","Est. tempo de leitura":"3 minutos"},"schema":{"@context":"https:\/\/schema.org","@graph":[{"@type":"Article","@id":"https:\/\/www.p31noticias.com.br\/?p=22759#article","isPartOf":{"@id":"https:\/\/www.p31noticias.com.br\/?p=22759"},"author":{"name":"Gon\u00e7alves Junior","@id":"https:\/\/www.p31noticias.com.br\/#\/schema\/person\/95f2ece30e3b4132065b915150cd0f94"},"headline":"Paran\u00e1 Pesquisas: Bolsonaro segue como o candidato mais forte para 2022","datePublished":"2020-12-05T15:10:12+00:00","dateModified":"2020-12-05T15:15:42+00:00","mainEntityOfPage":{"@id":"https:\/\/www.p31noticias.com.br\/?p=22759"},"wordCount":679,"commentCount":0,"image":{"@id":"https:\/\/www.p31noticias.com.br\/?p=22759#primaryimage"},"thumbnailUrl":"https:\/\/www.p31noticias.com.br\/wp-content\/uploads\/2020\/12\/b628dd_cf43f44831cc482c99794edc5f0cfcf9_mv2.jpg","articleSection":["Outros"],"inLanguage":"pt-BR","potentialAction":[{"@type":"CommentAction","name":"Comment","target":["https:\/\/www.p31noticias.com.br\/?p=22759#respond"]}],"copyrightYear":"2020","copyrightHolder":{"@id":"https:\/\/www.p31noticias.com.br\/#organization"}},{"@type":"WebPage","@id":"https:\/\/www.p31noticias.com.br\/?p=22759","url":"https:\/\/www.p31noticias.com.br\/?p=22759","name":"Paran\u00e1 Pesquisas: Bolsonaro segue como o candidato mais forte para 2022 - P31","isPartOf":{"@id":"https:\/\/www.p31noticias.com.br\/#website"},"primaryImageOfPage":{"@id":"https:\/\/www.p31noticias.com.br\/?p=22759#primaryimage"},"image":{"@id":"https:\/\/www.p31noticias.com.br\/?p=22759#primaryimage"},"thumbnailUrl":"https:\/\/www.p31noticias.com.br\/wp-content\/uploads\/2020\/12\/b628dd_cf43f44831cc482c99794edc5f0cfcf9_mv2.jpg","datePublished":"2020-12-05T15:10:12+00:00","dateModified":"2020-12-05T15:15:42+00:00","author":{"@id":"https:\/\/www.p31noticias.com.br\/#\/schema\/person\/95f2ece30e3b4132065b915150cd0f94"},"breadcrumb":{"@id":"https:\/\/www.p31noticias.com.br\/?p=22759#breadcrumb"},"inLanguage":"pt-BR","potentialAction":[{"@type":"ReadAction","target":["https:\/\/www.p31noticias.com.br\/?p=22759"]}]},{"@type":"ImageObject","inLanguage":"pt-BR","@id":"https:\/\/www.p31noticias.com.br\/?p=22759#primaryimage","url":"https:\/\/www.p31noticias.com.br\/wp-content\/uploads\/2020\/12\/b628dd_cf43f44831cc482c99794edc5f0cfcf9_mv2.jpg","contentUrl":"https:\/\/www.p31noticias.com.br\/wp-content\/uploads\/2020\/12\/b628dd_cf43f44831cc482c99794edc5f0cfcf9_mv2.jpg","width":540,"height":282},{"@type":"BreadcrumbList","@id":"https:\/\/www.p31noticias.com.br\/?p=22759#breadcrumb","itemListElement":[{"@type":"ListItem","position":1,"name":"In\u00edcio","item":"https:\/\/www.p31noticias.com.br\/"},{"@type":"ListItem","position":2,"name":"Paran\u00e1 Pesquisas: Bolsonaro segue como o candidato mais forte para 2022"}]},{"@type":"WebSite","@id":"https:\/\/www.p31noticias.com.br\/#website","url":"https:\/\/www.p31noticias.com.br\/","name":"P31","description":"NOT\u00cdCIAS","potentialAction":[{"@type":"SearchAction","target":{"@type":"EntryPoint","urlTemplate":"https:\/\/www.p31noticias.com.br\/?s={search_term_string}"},"query-input":{"@type":"PropertyValueSpecification","valueRequired":true,"valueName":"search_term_string"}}],"inLanguage":"pt-BR"},{"@type":"Person","@id":"https:\/\/www.p31noticias.com.br\/#\/schema\/person\/95f2ece30e3b4132065b915150cd0f94","name":"Gon\u00e7alves Junior","image":{"@type":"ImageObject","inLanguage":"pt-BR","@id":"https:\/\/secure.gravatar.com\/avatar\/6711f350116a89762687a48d66f723c799e5438a5b7578508d4294cd7a5d0800?s=96&d=mm&r=g","url":"https:\/\/secure.gravatar.com\/avatar\/6711f350116a89762687a48d66f723c799e5438a5b7578508d4294cd7a5d0800?s=96&d=mm&r=g","contentUrl":"https:\/\/secure.gravatar.com\/avatar\/6711f350116a89762687a48d66f723c799e5438a5b7578508d4294cd7a5d0800?s=96&d=mm&r=g","caption":"Gon\u00e7alves Junior"},"url":"https:\/\/www.p31noticias.com.br\/?author=2"}]}},"amp_enabled":true,"_links":{"self":[{"href":"https:\/\/www.p31noticias.com.br\/index.php?rest_route=\/wp\/v2\/posts\/22759","targetHints":{"allow":["GET"]}}],"collection":[{"href":"https:\/\/www.p31noticias.com.br\/index.php?rest_route=\/wp\/v2\/posts"}],"about":[{"href":"https:\/\/www.p31noticias.com.br\/index.php?rest_route=\/wp\/v2\/types\/post"}],"author":[{"embeddable":true,"href":"https:\/\/www.p31noticias.com.br\/index.php?rest_route=\/wp\/v2\/users\/2"}],"replies":[{"embeddable":true,"href":"https:\/\/www.p31noticias.com.br\/index.php?rest_route=%2Fwp%2Fv2%2Fcomments&post=22759"}],"version-history":[{"count":4,"href":"https:\/\/www.p31noticias.com.br\/index.php?rest_route=\/wp\/v2\/posts\/22759\/revisions"}],"predecessor-version":[{"id":22764,"href":"https:\/\/www.p31noticias.com.br\/index.php?rest_route=\/wp\/v2\/posts\/22759\/revisions\/22764"}],"wp:featuredmedia":[{"embeddable":true,"href":"https:\/\/www.p31noticias.com.br\/index.php?rest_route=\/wp\/v2\/media\/22762"}],"wp:attachment":[{"href":"https:\/\/www.p31noticias.com.br\/index.php?rest_route=%2Fwp%2Fv2%2Fmedia&parent=22759"}],"wp:term":[{"taxonomy":"category","embeddable":true,"href":"https:\/\/www.p31noticias.com.br\/index.php?rest_route=%2Fwp%2Fv2%2Fcategories&post=22759"},{"taxonomy":"post_tag","embeddable":true,"href":"https:\/\/www.p31noticias.com.br\/index.php?rest_route=%2Fwp%2Fv2%2Ftags&post=22759"}],"curies":[{"name":"wp","href":"https:\/\/api.w.org\/{rel}","templated":true}]}}