{"id":22744,"date":"2020-12-02T05:51:18","date_gmt":"2020-12-02T05:51:18","guid":{"rendered":"https:\/\/p31noticias.com.br\/?p=22744"},"modified":"2020-12-02T14:59:50","modified_gmt":"2020-12-02T14:59:50","slug":"surge-uma-nova-lideranca-no-rio-de-janeiro","status":"publish","type":"post","link":"https:\/\/www.p31noticias.com.br\/?p=22744","title":{"rendered":"Surge uma nova lideran\u00e7a no Rio de Janeiro"},"content":{"rendered":"<p style=\"text-align: justify;\">O Brasil tem experimentado um choque de realidade nos \u00faltimos dois anos , quando da vit\u00f3ria do ent\u00e3o Deputado Federal Jair Messias Bolsonaro nas elei\u00e7\u00f5es para Presidente da Rep\u00fablica do Brasil e sua ascens\u00e3o ao poder , dando in\u00edcio ent\u00e3o a uma nova era em que a vis\u00e3o de P\u00e1tria, Familia, Deus , Integridade e Moral vieram \u00e0 tona de uma forma muito contundente .<\/p>\n<p style=\"text-align: justify;\">O que aconteceu tamb\u00e9m foi que, junto com a elei\u00e7\u00e3o de Bolsonaro, muitos cidad\u00e3os da chamada \u201c Ala da Direita\u201d tiveram proemin\u00eancia, sendo muitos deles eleitos a cargos eletivos, tanto para o Senado como para a C\u00e2mara dos Deputados .<\/p>\n<p style=\"text-align: justify;\">Entre eles se destaca o jovem Pastor Evang\u00e9lico Otoni de Paula Junior, carioca, que com 120.498 votos dos cariocas, foi eleito Deputado Federal pelo Rio de Janeiro . Antes Otoni foi vereador pela cidade do Rio de Janeiro, onde tamb\u00e9m deixou marcas de probidade e fino trato com as fun\u00e7\u00f5es que\u00a0 l\u00e1 no Legislativo local exerceu.<\/p>\n<p style=\"text-align: justify;\">Seu tom conciliador e ao mesmo tempo firme em suas id\u00e9ias, o aproximaram ainda mais do Presidente da Rep\u00fablica, a ponto de se tornar por um bom tempo um dos l\u00edderes do Governo e apoiadores fortes do Executivo \u00a0na C\u00e2mara dos Deputados .<\/p>\n<p style=\"text-align: justify;\">O Rio de Janeiro, que passou por tantos problemas com corrup\u00e7\u00e3o, a ponto de ter governadores anteriores presos, e nesse momento ter um Governador afastado \u00a0do Pal\u00e1cio das Laranjeiras, v\u00ea nascer agora uma lideran\u00e7a forte, que fala a linguagem do povo, e que n\u00e3o se deixa levar pelo \u201cCanto da Sereia\u201d , t\u00e3o em voga nos dias de hoje, principalmente na cidade maravilhosa.<\/p>\n<p style=\"text-align: justify;\">O povo carioca, t\u00e3o alegre, extrovertido, de tantas versatilidades, na m\u00fasica, cultura, artes, n\u00e3o merece viver num estado de caos no que se refere a politica. O Rio de Janeiro, que \u00e9 um cart\u00e3o postal do Brasil para o mundo , deve ser e ser\u00e1 aben\u00e7oado com homens que tenham em seus cora\u00e7\u00f5es a boa f\u00e9 e conduta ilibada para assumirem os cargos mais altos da cidade.<\/p>\n<p style=\"text-align: justify;\">Otoni de Paula j\u00e1 \u00e9 visto como uma lideran\u00e7a forte , que far\u00e1 a diferen\u00e7a nas pr\u00f3ximas elei\u00e7\u00f5es no Rio de Janeiro . Isso quem diz s\u00e3o os pol\u00edticos e cientistas pol\u00edticos que fazem proje\u00e7\u00f5es para o futuro fluminense.<\/p>\n<p style=\"text-align: justify;\">O desejo do Carioca \u00e9 que Otoni de Paula conserve a sua caminhada proba, e que consiga agregar ainda mais os que pensam e desejam um Rio de Janeiro livre da corrup\u00e7\u00e3o, da roubalheira, do caos que agora impera, e que , atrav\u00e9s\u00a0 desses patriotas, possamos levar o Rio de Janeiro ao patamar que lhe faz jus: \u201cCidade Maravilhosa \u201c.<\/p>\n<p>Da Reda\u00e7\u00e3o.<\/p>\n","protected":false},"excerpt":{"rendered":"<p>O Brasil tem experimentado um choque de realidade nos \u00faltimos dois anos , quando da vit\u00f3ria do ent\u00e3o Deputado Federal Jair Messias Bolsonaro nas elei\u00e7\u00f5es para Presidente da Rep\u00fablica do Brasil e sua ascens\u00e3o ao poder , dando in\u00edcio ent\u00e3o a uma nova era em que a vis\u00e3o de P\u00e1tria, Familia, Deus , Integridade e [&hellip;]<\/p>\n","protected":false},"author":2,"featured_media":22746,"comment_status":"open","ping_status":"open","sticky":false,"template":"","format":"standard","meta":{"footnotes":""},"categories":[68],"tags":[],"class_list":{"0":"post-22744","1":"post","2":"type-post","3":"status-publish","4":"format-standard","5":"has-post-thumbnail","7":"category-brasil"},"yoast_head":"<!-- This site is optimized with the Yoast SEO Premium plugin v24.5 (Yoast SEO v27.5) - https:\/\/yoast.com\/product\/yoast-seo-premium-wordpress\/ -->\n<title>Surge uma nova lideran\u00e7a no Rio de Janeiro - P31<\/title>\n<meta name=\"robots\" content=\"index, follow, max-snippet:-1, max-image-preview:large, max-video-preview:-1\" \/>\n<link rel=\"canonical\" href=\"https:\/\/www.p31noticias.com.br\/?p=22744\" \/>\n<meta property=\"og:locale\" content=\"pt_BR\" \/>\n<meta property=\"og:type\" content=\"article\" \/>\n<meta property=\"og:title\" content=\"Surge uma nova lideran\u00e7a no Rio de Janeiro\" \/>\n<meta property=\"og:description\" content=\"O Brasil tem experimentado um choque de realidade nos \u00faltimos dois anos , quando da vit\u00f3ria do ent\u00e3o Deputado Federal Jair Messias Bolsonaro nas elei\u00e7\u00f5es para Presidente da Rep\u00fablica do Brasil e sua ascens\u00e3o ao poder , dando in\u00edcio ent\u00e3o a uma nova era em que a vis\u00e3o de P\u00e1tria, Familia, Deus , Integridade e [&hellip;]\" \/>\n<meta property=\"og:url\" content=\"https:\/\/www.p31noticias.com.br\/?p=22744\" \/>\n<meta property=\"og:site_name\" content=\"P31\" \/>\n<meta property=\"article:published_time\" content=\"2020-12-02T05:51:18+00:00\" \/>\n<meta property=\"article:modified_time\" content=\"2020-12-02T14:59:50+00:00\" \/>\n<meta property=\"og:image\" content=\"https:\/\/www.p31noticias.com.br\/wp-content\/uploads\/2020\/12\/unnamed-3.jpg\" \/>\n\t<meta property=\"og:image:width\" content=\"1242\" \/>\n\t<meta property=\"og:image:height\" content=\"1226\" \/>\n\t<meta property=\"og:image:type\" content=\"image\/jpeg\" \/>\n<meta name=\"author\" content=\"Gon\u00e7alves Junior\" \/>\n<meta name=\"twitter:card\" content=\"summary_large_image\" \/>\n<meta name=\"twitter:label1\" content=\"Escrito por\" \/>\n\t<meta name=\"twitter:data1\" content=\"Gon\u00e7alves Junior\" \/>\n\t<meta name=\"twitter:label2\" content=\"Est. tempo de leitura\" \/>\n\t<meta name=\"twitter:data2\" content=\"2 minutos\" \/>\n<script type=\"application\/ld+json\" class=\"yoast-schema-graph\">{\"@context\":\"https:\\\/\\\/schema.org\",\"@graph\":[{\"@type\":\"Article\",\"@id\":\"https:\\\/\\\/www.p31noticias.com.br\\\/?p=22744#article\",\"isPartOf\":{\"@id\":\"https:\\\/\\\/www.p31noticias.com.br\\\/?p=22744\"},\"author\":{\"name\":\"Gon\u00e7alves Junior\",\"@id\":\"https:\\\/\\\/www.p31noticias.com.br\\\/#\\\/schema\\\/person\\\/95f2ece30e3b4132065b915150cd0f94\"},\"headline\":\"Surge uma nova lideran\u00e7a no Rio de Janeiro\",\"datePublished\":\"2020-12-02T05:51:18+00:00\",\"dateModified\":\"2020-12-02T14:59:50+00:00\",\"mainEntityOfPage\":{\"@id\":\"https:\\\/\\\/www.p31noticias.com.br\\\/?p=22744\"},\"wordCount\":468,\"commentCount\":0,\"image\":{\"@id\":\"https:\\\/\\\/www.p31noticias.com.br\\\/?p=22744#primaryimage\"},\"thumbnailUrl\":\"https:\\\/\\\/www.p31noticias.com.br\\\/wp-content\\\/uploads\\\/2020\\\/12\\\/unnamed-3.jpg\",\"articleSection\":[\"Brasil\"],\"inLanguage\":\"pt-BR\",\"potentialAction\":[{\"@type\":\"CommentAction\",\"name\":\"Comment\",\"target\":[\"https:\\\/\\\/www.p31noticias.com.br\\\/?p=22744#respond\"]}],\"copyrightYear\":\"2020\",\"copyrightHolder\":{\"@id\":\"https:\\\/\\\/www.p31noticias.com.br\\\/#organization\"}},{\"@type\":\"WebPage\",\"@id\":\"https:\\\/\\\/www.p31noticias.com.br\\\/?p=22744\",\"url\":\"https:\\\/\\\/www.p31noticias.com.br\\\/?p=22744\",\"name\":\"Surge uma nova lideran\u00e7a no Rio de Janeiro - P31\",\"isPartOf\":{\"@id\":\"https:\\\/\\\/www.p31noticias.com.br\\\/#website\"},\"primaryImageOfPage\":{\"@id\":\"https:\\\/\\\/www.p31noticias.com.br\\\/?p=22744#primaryimage\"},\"image\":{\"@id\":\"https:\\\/\\\/www.p31noticias.com.br\\\/?p=22744#primaryimage\"},\"thumbnailUrl\":\"https:\\\/\\\/www.p31noticias.com.br\\\/wp-content\\\/uploads\\\/2020\\\/12\\\/unnamed-3.jpg\",\"datePublished\":\"2020-12-02T05:51:18+00:00\",\"dateModified\":\"2020-12-02T14:59:50+00:00\",\"author\":{\"@id\":\"https:\\\/\\\/www.p31noticias.com.br\\\/#\\\/schema\\\/person\\\/95f2ece30e3b4132065b915150cd0f94\"},\"breadcrumb\":{\"@id\":\"https:\\\/\\\/www.p31noticias.com.br\\\/?p=22744#breadcrumb\"},\"inLanguage\":\"pt-BR\",\"potentialAction\":[{\"@type\":\"ReadAction\",\"target\":[\"https:\\\/\\\/www.p31noticias.com.br\\\/?p=22744\"]}]},{\"@type\":\"ImageObject\",\"inLanguage\":\"pt-BR\",\"@id\":\"https:\\\/\\\/www.p31noticias.com.br\\\/?p=22744#primaryimage\",\"url\":\"https:\\\/\\\/www.p31noticias.com.br\\\/wp-content\\\/uploads\\\/2020\\\/12\\\/unnamed-3.jpg\",\"contentUrl\":\"https:\\\/\\\/www.p31noticias.com.br\\\/wp-content\\\/uploads\\\/2020\\\/12\\\/unnamed-3.jpg\",\"width\":1242,\"height\":1226},{\"@type\":\"BreadcrumbList\",\"@id\":\"https:\\\/\\\/www.p31noticias.com.br\\\/?p=22744#breadcrumb\",\"itemListElement\":[{\"@type\":\"ListItem\",\"position\":1,\"name\":\"In\u00edcio\",\"item\":\"https:\\\/\\\/www.p31noticias.com.br\\\/\"},{\"@type\":\"ListItem\",\"position\":2,\"name\":\"Surge uma nova lideran\u00e7a no Rio de Janeiro\"}]},{\"@type\":\"WebSite\",\"@id\":\"https:\\\/\\\/www.p31noticias.com.br\\\/#website\",\"url\":\"https:\\\/\\\/www.p31noticias.com.br\\\/\",\"name\":\"P31\",\"description\":\"NOT\u00cdCIAS\",\"potentialAction\":[{\"@type\":\"SearchAction\",\"target\":{\"@type\":\"EntryPoint\",\"urlTemplate\":\"https:\\\/\\\/www.p31noticias.com.br\\\/?s={search_term_string}\"},\"query-input\":{\"@type\":\"PropertyValueSpecification\",\"valueRequired\":true,\"valueName\":\"search_term_string\"}}],\"inLanguage\":\"pt-BR\"},{\"@type\":\"Person\",\"@id\":\"https:\\\/\\\/www.p31noticias.com.br\\\/#\\\/schema\\\/person\\\/95f2ece30e3b4132065b915150cd0f94\",\"name\":\"Gon\u00e7alves Junior\",\"image\":{\"@type\":\"ImageObject\",\"inLanguage\":\"pt-BR\",\"@id\":\"https:\\\/\\\/secure.gravatar.com\\\/avatar\\\/6711f350116a89762687a48d66f723c799e5438a5b7578508d4294cd7a5d0800?s=96&d=mm&r=g\",\"url\":\"https:\\\/\\\/secure.gravatar.com\\\/avatar\\\/6711f350116a89762687a48d66f723c799e5438a5b7578508d4294cd7a5d0800?s=96&d=mm&r=g\",\"contentUrl\":\"https:\\\/\\\/secure.gravatar.com\\\/avatar\\\/6711f350116a89762687a48d66f723c799e5438a5b7578508d4294cd7a5d0800?s=96&d=mm&r=g\",\"caption\":\"Gon\u00e7alves Junior\"},\"url\":\"https:\\\/\\\/www.p31noticias.com.br\\\/?author=2\"}]}<\/script>\n<!-- \/ Yoast SEO Premium plugin. -->","yoast_head_json":{"title":"Surge uma nova lideran\u00e7a no Rio de Janeiro - P31","robots":{"index":"index","follow":"follow","max-snippet":"max-snippet:-1","max-image-preview":"max-image-preview:large","max-video-preview":"max-video-preview:-1"},"canonical":"https:\/\/www.p31noticias.com.br\/?p=22744","og_locale":"pt_BR","og_type":"article","og_title":"Surge uma nova lideran\u00e7a no Rio de Janeiro","og_description":"O Brasil tem experimentado um choque de realidade nos \u00faltimos dois anos , quando da vit\u00f3ria do ent\u00e3o Deputado Federal Jair Messias Bolsonaro nas elei\u00e7\u00f5es para Presidente da Rep\u00fablica do Brasil e sua ascens\u00e3o ao poder , dando in\u00edcio ent\u00e3o a uma nova era em que a vis\u00e3o de P\u00e1tria, Familia, Deus , Integridade e [&hellip;]","og_url":"https:\/\/www.p31noticias.com.br\/?p=22744","og_site_name":"P31","article_published_time":"2020-12-02T05:51:18+00:00","article_modified_time":"2020-12-02T14:59:50+00:00","og_image":[{"width":1242,"height":1226,"url":"https:\/\/www.p31noticias.com.br\/wp-content\/uploads\/2020\/12\/unnamed-3.jpg","type":"image\/jpeg"}],"author":"Gon\u00e7alves Junior","twitter_card":"summary_large_image","twitter_misc":{"Escrito por":"Gon\u00e7alves Junior","Est. tempo de leitura":"2 minutos"},"schema":{"@context":"https:\/\/schema.org","@graph":[{"@type":"Article","@id":"https:\/\/www.p31noticias.com.br\/?p=22744#article","isPartOf":{"@id":"https:\/\/www.p31noticias.com.br\/?p=22744"},"author":{"name":"Gon\u00e7alves Junior","@id":"https:\/\/www.p31noticias.com.br\/#\/schema\/person\/95f2ece30e3b4132065b915150cd0f94"},"headline":"Surge uma nova lideran\u00e7a no Rio de Janeiro","datePublished":"2020-12-02T05:51:18+00:00","dateModified":"2020-12-02T14:59:50+00:00","mainEntityOfPage":{"@id":"https:\/\/www.p31noticias.com.br\/?p=22744"},"wordCount":468,"commentCount":0,"image":{"@id":"https:\/\/www.p31noticias.com.br\/?p=22744#primaryimage"},"thumbnailUrl":"https:\/\/www.p31noticias.com.br\/wp-content\/uploads\/2020\/12\/unnamed-3.jpg","articleSection":["Brasil"],"inLanguage":"pt-BR","potentialAction":[{"@type":"CommentAction","name":"Comment","target":["https:\/\/www.p31noticias.com.br\/?p=22744#respond"]}],"copyrightYear":"2020","copyrightHolder":{"@id":"https:\/\/www.p31noticias.com.br\/#organization"}},{"@type":"WebPage","@id":"https:\/\/www.p31noticias.com.br\/?p=22744","url":"https:\/\/www.p31noticias.com.br\/?p=22744","name":"Surge uma nova lideran\u00e7a no Rio de Janeiro - P31","isPartOf":{"@id":"https:\/\/www.p31noticias.com.br\/#website"},"primaryImageOfPage":{"@id":"https:\/\/www.p31noticias.com.br\/?p=22744#primaryimage"},"image":{"@id":"https:\/\/www.p31noticias.com.br\/?p=22744#primaryimage"},"thumbnailUrl":"https:\/\/www.p31noticias.com.br\/wp-content\/uploads\/2020\/12\/unnamed-3.jpg","datePublished":"2020-12-02T05:51:18+00:00","dateModified":"2020-12-02T14:59:50+00:00","author":{"@id":"https:\/\/www.p31noticias.com.br\/#\/schema\/person\/95f2ece30e3b4132065b915150cd0f94"},"breadcrumb":{"@id":"https:\/\/www.p31noticias.com.br\/?p=22744#breadcrumb"},"inLanguage":"pt-BR","potentialAction":[{"@type":"ReadAction","target":["https:\/\/www.p31noticias.com.br\/?p=22744"]}]},{"@type":"ImageObject","inLanguage":"pt-BR","@id":"https:\/\/www.p31noticias.com.br\/?p=22744#primaryimage","url":"https:\/\/www.p31noticias.com.br\/wp-content\/uploads\/2020\/12\/unnamed-3.jpg","contentUrl":"https:\/\/www.p31noticias.com.br\/wp-content\/uploads\/2020\/12\/unnamed-3.jpg","width":1242,"height":1226},{"@type":"BreadcrumbList","@id":"https:\/\/www.p31noticias.com.br\/?p=22744#breadcrumb","itemListElement":[{"@type":"ListItem","position":1,"name":"In\u00edcio","item":"https:\/\/www.p31noticias.com.br\/"},{"@type":"ListItem","position":2,"name":"Surge uma nova lideran\u00e7a no Rio de Janeiro"}]},{"@type":"WebSite","@id":"https:\/\/www.p31noticias.com.br\/#website","url":"https:\/\/www.p31noticias.com.br\/","name":"P31","description":"NOT\u00cdCIAS","potentialAction":[{"@type":"SearchAction","target":{"@type":"EntryPoint","urlTemplate":"https:\/\/www.p31noticias.com.br\/?s={search_term_string}"},"query-input":{"@type":"PropertyValueSpecification","valueRequired":true,"valueName":"search_term_string"}}],"inLanguage":"pt-BR"},{"@type":"Person","@id":"https:\/\/www.p31noticias.com.br\/#\/schema\/person\/95f2ece30e3b4132065b915150cd0f94","name":"Gon\u00e7alves Junior","image":{"@type":"ImageObject","inLanguage":"pt-BR","@id":"https:\/\/secure.gravatar.com\/avatar\/6711f350116a89762687a48d66f723c799e5438a5b7578508d4294cd7a5d0800?s=96&d=mm&r=g","url":"https:\/\/secure.gravatar.com\/avatar\/6711f350116a89762687a48d66f723c799e5438a5b7578508d4294cd7a5d0800?s=96&d=mm&r=g","contentUrl":"https:\/\/secure.gravatar.com\/avatar\/6711f350116a89762687a48d66f723c799e5438a5b7578508d4294cd7a5d0800?s=96&d=mm&r=g","caption":"Gon\u00e7alves Junior"},"url":"https:\/\/www.p31noticias.com.br\/?author=2"}]}},"amp_enabled":true,"_links":{"self":[{"href":"https:\/\/www.p31noticias.com.br\/index.php?rest_route=\/wp\/v2\/posts\/22744","targetHints":{"allow":["GET"]}}],"collection":[{"href":"https:\/\/www.p31noticias.com.br\/index.php?rest_route=\/wp\/v2\/posts"}],"about":[{"href":"https:\/\/www.p31noticias.com.br\/index.php?rest_route=\/wp\/v2\/types\/post"}],"author":[{"embeddable":true,"href":"https:\/\/www.p31noticias.com.br\/index.php?rest_route=\/wp\/v2\/users\/2"}],"replies":[{"embeddable":true,"href":"https:\/\/www.p31noticias.com.br\/index.php?rest_route=%2Fwp%2Fv2%2Fcomments&post=22744"}],"version-history":[{"count":5,"href":"https:\/\/www.p31noticias.com.br\/index.php?rest_route=\/wp\/v2\/posts\/22744\/revisions"}],"predecessor-version":[{"id":22751,"href":"https:\/\/www.p31noticias.com.br\/index.php?rest_route=\/wp\/v2\/posts\/22744\/revisions\/22751"}],"wp:featuredmedia":[{"embeddable":true,"href":"https:\/\/www.p31noticias.com.br\/index.php?rest_route=\/wp\/v2\/media\/22746"}],"wp:attachment":[{"href":"https:\/\/www.p31noticias.com.br\/index.php?rest_route=%2Fwp%2Fv2%2Fmedia&parent=22744"}],"wp:term":[{"taxonomy":"category","embeddable":true,"href":"https:\/\/www.p31noticias.com.br\/index.php?rest_route=%2Fwp%2Fv2%2Fcategories&post=22744"},{"taxonomy":"post_tag","embeddable":true,"href":"https:\/\/www.p31noticias.com.br\/index.php?rest_route=%2Fwp%2Fv2%2Ftags&post=22744"}],"curies":[{"name":"wp","href":"https:\/\/api.w.org\/{rel}","templated":true}]}}