{"id":22739,"date":"2020-12-02T04:54:46","date_gmt":"2020-12-02T04:54:46","guid":{"rendered":"https:\/\/p31noticias.com.br\/?p=22739"},"modified":"2020-12-02T05:59:36","modified_gmt":"2020-12-02T05:59:36","slug":"vicente-pires-confira-como-esta-o-andamento-das-obras-na-regiao","status":"publish","type":"post","link":"https:\/\/www.p31noticias.com.br\/?p=22739","title":{"rendered":"Vicente Pires: Confira como est\u00e1 o andamento das obras na regi\u00e3o"},"content":{"rendered":"<h2><em><strong>Diversos pontos da cidade est\u00e3o com obras em andamento. A Rua 4A chega \u00e0 fase final de reformula\u00e7\u00e3o<\/strong><\/em><\/h2>\n<p style=\"text-align: justify;\">A Rua 4A est\u00e1 em fase final de reformula\u00e7\u00e3o. Funcion\u00e1rios do GDF est\u00e3o trabalhando em dois per\u00edodos em toda a via. A expectativa \u00e9 que, no m\u00e1ximo em 60 dias, a estrutura esteja pronta para ser entregue \u00e0 popula\u00e7\u00e3o.\u00a0<a href=\"https:\/\/www.correiobraziliense.com.br\/app\/noticia\/cidades\/2019\/11\/20\/interna_cidadesdf,807924\/videos-chuvas-provocam-transtornos-em-vicente-pires-nesta-quarta.shtml\">A rua \u00e9 o acesso principal \u00e0 cidade para quem chega pela EPTG e sofria com alagamentos no per\u00edodo de chuvas.<\/a><\/p>\n<p style=\"text-align: justify;\">\u201cDa Rua 4B at\u00e9 a esquina da Feira do Produtor, estamos na fase final de drenagem por meio de galerias. Entre o mercado Super Bom e a administra\u00e7\u00e3o, j\u00e1 estamos na terraplenagem, para pavimentar em seguida. Muita gente vai se surpreender com o resultado\u201d, diz o servidor da secretaria e fiscal da obra, Guilherme Pereira.<\/p>\n<p style=\"text-align: justify;\">Marcio Maciel, dono de uma sorveteria no local, comenta a import\u00e2ncia das obras. \u201cEra triste saber que as pessoas deixavam de vir at\u00e9 aqui porque tinha poeira, buracos, voltavam com os carros sujos, falta de estacionamento. Agora vai melhorar muito o com\u00e9rcio por aqui. A obra \u00e9 de qualidade\u201d.<\/p>\n<h3 style=\"text-align: justify;\">Investimentos<\/h3>\n<p class=\"texto\" style=\"text-align: justify;\">O projeto da 4A traz outra boa novidade: estacionamentos para facilitar o acesso ao com\u00e9rcio. Cal\u00e7adas e meios-fios ser\u00e3o constru\u00eddos e a rua ter\u00e1 sinaliza\u00e7\u00e3o renovada. Segundo o subsecret\u00e1rio de Acompanhamento e Fiscaliza\u00e7\u00e3o de Obras, Ricardo Terenzi,\u00a0<a href=\"https:\/\/www.correiobraziliense.com.br\/app\/noticia\/cidades\/2020\/02\/18\/interna_cidadesdf,828723\/com-rapido-crescimento-vicente-pires-tem-70-obras-embargadas.shtml\">o GDF investe cerca de R$ 450 milh\u00f5es em obras na regi\u00e3o de Vicente Pires<\/a>.<\/p>\n<p class=\"texto\" style=\"text-align: justify;\">O GDF tamb\u00e9m prepara nova licita\u00e7\u00e3o para contratar uma empresa para execu\u00e7\u00e3o de obras das vias dos lotes 5, 8, 9 e 10 que n\u00e3o puderam ser finalizadas nos termos dos atuais contratos. O investimento previsto \u00e9 de R$ 45,6 milh\u00f5es para a execu\u00e7\u00e3o de 228.963,36 metros quadrados de pavimenta\u00e7\u00e3o, 10.615,03 metros de drenagem e 69.576,82 metros quadrados de cal\u00e7adas. A finaliza\u00e7\u00e3o da Rua 4A est\u00e1 prevista na licita\u00e7\u00e3o.<\/p>\n<h3 style=\"text-align: justify;\">Obras<\/h3>\n<p class=\"texto\" style=\"text-align: justify;\"><strong>Confira a seguir como est\u00e1 o andamento das obras em Vicente Pires:<\/strong><\/p>\n<p class=\"texto\" style=\"text-align: justify;\">Rua 1 (Rua do J\u00f3quei) \u2013 Servi\u00e7os de drenagem, pavimenta\u00e7\u00e3o e instala\u00e7\u00e3o de cal\u00e7adas e meios-fios conclu\u00eddos.<\/p>\n<p class=\"texto\" style=\"text-align: justify;\">Rua 3 \u2013 A empresa GW trabalha na execu\u00e7\u00e3o dos \u00faltimos 350 metros de drenagem da via. Ap\u00f3s a conclus\u00e3o desse servi\u00e7o ser\u00e1 feito a pavimenta\u00e7\u00e3o asf\u00e1ltica. A ilumina\u00e7\u00e3o da via foi totalmente refeita com a substitui\u00e7\u00e3o de 115 lumin\u00e1rias convencionais por pe\u00e7as de LED, mais econ\u00f4mica.<\/p>\n<p class=\"texto\" style=\"text-align: justify;\">Rua 3B \u2013 Servi\u00e7os de drenagem, pavimenta\u00e7\u00e3o e instala\u00e7\u00e3o de meios-fios conclu\u00eddos. A constru\u00e7\u00e3o das cal\u00e7adas est\u00e1 em andamento, assim como as sinaliza\u00e7\u00f5es vertical e horizontal da via.<\/p>\n<p class=\"texto\" style=\"text-align: justify;\">Rua 3C \u2013 Servi\u00e7os de drenagem, pavimenta\u00e7\u00e3o e instala\u00e7\u00e3o de meios-fios conclu\u00eddos. A constru\u00e7\u00e3o das cal\u00e7adas est\u00e1 em andamento, assim como as sinaliza\u00e7\u00f5es vertical e horizontal da via.<\/p>\n<p class=\"texto\" style=\"text-align: justify;\">Rua 4A \u2013 A empresa VP, respons\u00e1vel pelo trecho, concluiu os servi\u00e7os de drenagem, pavimenta\u00e7\u00e3o e instala\u00e7\u00e3o de meios-fios. No momento, a empresa Artec executa a constru\u00e7\u00e3o das cal\u00e7adas. A conclus\u00e3o dos servi\u00e7os est\u00e1 prevista para a primeira quinzena de setembro.<\/p>\n<p class=\"texto\" style=\"text-align: justify;\">Rua 4B (Rua da Delegacia) \u2013 Servi\u00e7os de drenagem, pavimenta\u00e7\u00e3o e instala\u00e7\u00e3o de cal\u00e7adas e meios-fios conclu\u00eddos.<\/p>\n<p class=\"texto\" style=\"text-align: justify;\">Rua 4C (Rua da Faculdade Mau\u00e1) \u2013 Servi\u00e7os de drenagem, pavimenta\u00e7\u00e3o e instala\u00e7\u00e3o de cal\u00e7adas e meios-fios conclu\u00eddos.<\/p>\n<p class=\"texto\" style=\"text-align: justify;\">Rua 4D \u2013 Servi\u00e7os de drenagem e pavimenta\u00e7\u00e3o conclu\u00eddos.<\/p>\n<p class=\"texto\" style=\"text-align: justify;\">Rua do Sicoob \u2013 Servi\u00e7os de drenagem e pavimenta\u00e7\u00e3o conclu\u00eddos.<\/p>\n<p class=\"texto\" style=\"text-align: justify;\">Rua da Academia Corpo e Sa\u00fade \u2013 Servi\u00e7os de drenagem e pavimenta\u00e7\u00e3o conclu\u00eddos.<\/p>\n<p class=\"texto\" style=\"text-align: justify;\">Rua 5 \u2013 Os servi\u00e7os de drenagem e pavimenta\u00e7\u00e3o previstos em contrato est\u00e3o conclu\u00eddos. Parte dos servi\u00e7os foram executados pelo Departamento de Estradas de Rodagem (DER\/DF). O restante de obra est\u00e1 previsto na licita\u00e7\u00e3o.<\/p>\n<p class=\"texto\" style=\"text-align: justify;\">Rua 6 \u2013 Os servi\u00e7os de drenagem e pavimenta\u00e7\u00e3o previstos em contrato est\u00e3o conclu\u00eddos. No momento, a Artec executa a constru\u00e7\u00e3o de cal\u00e7adas. A conclus\u00e3o desse servi\u00e7o est\u00e1 prevista para a segunda quinzena de agosto. O remanescente de obra tamb\u00e9m est\u00e1 previsto na licita\u00e7\u00e3o.<\/p>\n<p class=\"texto\" style=\"text-align: justify;\">Rua 7 \u2013 A empresa JM, respons\u00e1vel por parte dos servi\u00e7os, finalizou a pavimenta\u00e7\u00e3o de 1,2 quil\u00f4metros da rua, no trecho localizado entre os entroncamentos com as ruas 4 e 8. No momento, a empresa trabalha na instala\u00e7\u00e3o dos meios-fios.<\/p>\n<p class=\"texto\" style=\"text-align: justify;\">Rua 8 \u2013 Os servi\u00e7os de drenagem e pavimenta\u00e7\u00e3o previstos em contrato est\u00e3o conclu\u00eddos. O restante de obra est\u00e1 previsto na licita\u00e7\u00e3o.<\/p>\n<p class=\"texto\" style=\"text-align: justify;\">Rua 10 \u2013 Os servi\u00e7os de drenagem e pavimenta\u00e7\u00e3o previstos em contrato est\u00e3o conclu\u00eddos. Parte dos trabalhos foi executada pelo DER\/DF e pela Companhia Urbanizadora da Nova Capital (Novacap). O restante de obra est\u00e1 previsto na licita\u00e7\u00e3o.<\/p>\n<p class=\"texto\" style=\"text-align: justify;\">Rua 12 \u2013 Obras de drenagem e terraplanagem de 2,6 quil\u00f4metros dos 3,2 quil\u00f4metros da via em andamento. A previs\u00e3o \u00e9 de que esses servi\u00e7os estejam conclu\u00eddos em dezembro deste ano. O restante da obra est\u00e1 previsto na licita\u00e7\u00e3o.<\/p>\n<p class=\"texto\" style=\"text-align: justify;\">Col\u00f4nia Agr\u00edcola Samambaia \u2013 O contrato do Lote 2, que contempla a \u00e1rea, ser\u00e1 licitado novamente. O projeto passa por readequa\u00e7\u00e3o para execu\u00e7\u00e3o de acordo com a realidade do local, uma vez que o projeto original \u00e9 de 2008. Est\u00e1 em andamento a licita\u00e7\u00e3o para contrata\u00e7\u00e3o de empresa respons\u00e1vel pela sondagem da regi\u00e3o.<\/p>\n<p class=\"texto\" style=\"text-align: justify;\">Lagoas de deten\u00e7\u00e3o \u2013 O projeto prev\u00ea a constru\u00e7\u00e3o de 22 lagoas (14 j\u00e1 conclu\u00eddas) e 85 dissipadores (40 j\u00e1 finalizados).<\/p>\n<p class=\"texto\" style=\"text-align: justify;\">Ponte sobre o c\u00f3rrego Vicente Pires \u2013 No momento, o DER\/DF executa a concretagem da funda\u00e7\u00e3o que dar\u00e1 sustenta\u00e7\u00e3o ao elevado. Ap\u00f3s a conclus\u00e3o dessa etapa, o pr\u00f3ximo passo ser\u00e1 o erguimento da parede de concreto com os pilares, estrutura que dar\u00e1 suporte ao lan\u00e7amento das 170 toneladas de vigas met\u00e1licas, seguida da aplica\u00e7\u00e3o do concreto e, por \u00faltimo, da implanta\u00e7\u00e3o do aterro de encabe\u00e7amento da ponte. A obra de arte especial de 40 metros est\u00e1 or\u00e7ada em aproximadamente R$ 3,1 milh\u00f5es, com previs\u00e3o de entrega \u00e0 popula\u00e7\u00e3o em outubro deste ano.<\/p>\n<p class=\"texto\" style=\"text-align: justify;\">Obra de Arte Especial 2 \u2013 No momento, a empresa VP trabalha na constru\u00e7\u00e3o de ponte sobre o C\u00f3rrego Samambaia, que vai ligar a Rua 4 direto \u00e0 Estrada Parque Taguatinga-Guar\u00e1 (EPTG). O monumento de 82 metros de extens\u00e3o e 13,2 metros de largura est\u00e1 or\u00e7ado em, aproximadamente, R$ 2,3 milh\u00f5es, com previs\u00e3o de entrega \u00e0 popula\u00e7\u00e3o em dezembro deste ano.<\/p>\n<p class=\"texto\" style=\"text-align: justify;\">Obra de Arte Especial 3 \u2013 Est\u00e1 em processo de licita\u00e7\u00e3o a contrata\u00e7\u00e3o de empresa respons\u00e1vel por construir a ponte na via de liga\u00e7\u00e3o entre as ruas 1 e 3 B. O monumento, or\u00e7ado em aproximadamente R$ 6 milh\u00f5es, ter\u00e1 180 metros de extens\u00e3o e 13,2 metros de largura.<\/p>\n<p style=\"text-align: justify;\">Fonte : Correio Brasiliense \/ Ag\u00eancia Brasilia<\/p>\n<p class=\"texto\" style=\"text-align: justify;\">Este site saiu \u00e0s ruas de Vicente Pires\u00a0 onde essas obras est\u00e3o sendo executadas, e pode notar a satisfa\u00e7\u00e3o\u00a0 das pessoas em rela\u00e7\u00e3o \u00e0s obras . De forma un\u00e2nime\u00a0 , a popula\u00e7\u00e3o atribui ao Senhor Administrador da cidade, Daniel de Castro a possibilidade de tais obras poderem estar sendo relizadas na cidade ,dada a sua proximidade e capacidade de gest\u00e3o junto ao Pal\u00e1cio do Buriti Essas obras , quando terminadas trar\u00e3o, sem sombra de d\u00favida, melhor qualidade de vida e avan\u00e7os no comercio local.<\/p>\n","protected":false},"excerpt":{"rendered":"<p>Diversos pontos da cidade est\u00e3o com obras em andamento. A Rua 4A chega \u00e0 fase final de reformula\u00e7\u00e3o A Rua 4A est\u00e1 em fase final de reformula\u00e7\u00e3o. Funcion\u00e1rios do GDF est\u00e3o trabalhando em dois per\u00edodos em toda a via. A expectativa \u00e9 que, no m\u00e1ximo em 60 dias, a estrutura esteja pronta para ser entregue [&hellip;]<\/p>\n","protected":false},"author":2,"featured_media":22740,"comment_status":"open","ping_status":"open","sticky":false,"template":"","format":"standard","meta":{"footnotes":""},"categories":[1],"tags":[],"class_list":{"0":"post-22739","1":"post","2":"type-post","3":"status-publish","4":"format-standard","5":"has-post-thumbnail","7":"category-outros"},"yoast_head":"<!-- This site is optimized with the Yoast SEO Premium plugin v24.5 (Yoast SEO v27.5) - https:\/\/yoast.com\/product\/yoast-seo-premium-wordpress\/ -->\n<title>Vicente Pires: Confira como est\u00e1 o andamento das obras na regi\u00e3o - P31<\/title>\n<meta name=\"robots\" content=\"index, follow, max-snippet:-1, max-image-preview:large, max-video-preview:-1\" \/>\n<link rel=\"canonical\" href=\"https:\/\/www.p31noticias.com.br\/?p=22739\" \/>\n<meta property=\"og:locale\" content=\"pt_BR\" \/>\n<meta property=\"og:type\" content=\"article\" \/>\n<meta property=\"og:title\" content=\"Vicente Pires: Confira como est\u00e1 o andamento das obras na regi\u00e3o\" \/>\n<meta property=\"og:description\" content=\"Diversos pontos da cidade est\u00e3o com obras em andamento. A Rua 4A chega \u00e0 fase final de reformula\u00e7\u00e3o A Rua 4A est\u00e1 em fase final de reformula\u00e7\u00e3o. Funcion\u00e1rios do GDF est\u00e3o trabalhando em dois per\u00edodos em toda a via. A expectativa \u00e9 que, no m\u00e1ximo em 60 dias, a estrutura esteja pronta para ser entregue [&hellip;]\" \/>\n<meta property=\"og:url\" content=\"https:\/\/www.p31noticias.com.br\/?p=22739\" \/>\n<meta property=\"og:site_name\" content=\"P31\" \/>\n<meta property=\"article:published_time\" content=\"2020-12-02T04:54:46+00:00\" \/>\n<meta property=\"article:modified_time\" content=\"2020-12-02T05:59:36+00:00\" \/>\n<meta property=\"og:image\" content=\"https:\/\/www.p31noticias.com.br\/wp-content\/uploads\/2020\/12\/1_whatsapp_image_2020_08_26_at_17_00_06_1200x797-6252401-1.jpeg\" \/>\n\t<meta property=\"og:image:width\" content=\"675\" \/>\n\t<meta property=\"og:image:height\" content=\"450\" \/>\n\t<meta property=\"og:image:type\" content=\"image\/jpeg\" \/>\n<meta name=\"author\" content=\"Gon\u00e7alves Junior\" \/>\n<meta name=\"twitter:card\" content=\"summary_large_image\" \/>\n<meta name=\"twitter:label1\" content=\"Escrito por\" \/>\n\t<meta name=\"twitter:data1\" content=\"Gon\u00e7alves Junior\" \/>\n\t<meta name=\"twitter:label2\" content=\"Est. tempo de leitura\" \/>\n\t<meta name=\"twitter:data2\" content=\"6 minutos\" \/>\n<script type=\"application\/ld+json\" class=\"yoast-schema-graph\">{\"@context\":\"https:\\\/\\\/schema.org\",\"@graph\":[{\"@type\":\"Article\",\"@id\":\"https:\\\/\\\/www.p31noticias.com.br\\\/?p=22739#article\",\"isPartOf\":{\"@id\":\"https:\\\/\\\/www.p31noticias.com.br\\\/?p=22739\"},\"author\":{\"name\":\"Gon\u00e7alves Junior\",\"@id\":\"https:\\\/\\\/www.p31noticias.com.br\\\/#\\\/schema\\\/person\\\/95f2ece30e3b4132065b915150cd0f94\"},\"headline\":\"Vicente Pires: Confira como est\u00e1 o andamento das obras na regi\u00e3o\",\"datePublished\":\"2020-12-02T04:54:46+00:00\",\"dateModified\":\"2020-12-02T05:59:36+00:00\",\"mainEntityOfPage\":{\"@id\":\"https:\\\/\\\/www.p31noticias.com.br\\\/?p=22739\"},\"wordCount\":1238,\"commentCount\":0,\"image\":{\"@id\":\"https:\\\/\\\/www.p31noticias.com.br\\\/?p=22739#primaryimage\"},\"thumbnailUrl\":\"https:\\\/\\\/www.p31noticias.com.br\\\/wp-content\\\/uploads\\\/2020\\\/12\\\/1_whatsapp_image_2020_08_26_at_17_00_06_1200x797-6252401-1.jpeg\",\"articleSection\":[\"Outros\"],\"inLanguage\":\"pt-BR\",\"potentialAction\":[{\"@type\":\"CommentAction\",\"name\":\"Comment\",\"target\":[\"https:\\\/\\\/www.p31noticias.com.br\\\/?p=22739#respond\"]}],\"copyrightYear\":\"2020\",\"copyrightHolder\":{\"@id\":\"https:\\\/\\\/www.p31noticias.com.br\\\/#organization\"}},{\"@type\":\"WebPage\",\"@id\":\"https:\\\/\\\/www.p31noticias.com.br\\\/?p=22739\",\"url\":\"https:\\\/\\\/www.p31noticias.com.br\\\/?p=22739\",\"name\":\"Vicente Pires: Confira como est\u00e1 o andamento das obras na regi\u00e3o - P31\",\"isPartOf\":{\"@id\":\"https:\\\/\\\/www.p31noticias.com.br\\\/#website\"},\"primaryImageOfPage\":{\"@id\":\"https:\\\/\\\/www.p31noticias.com.br\\\/?p=22739#primaryimage\"},\"image\":{\"@id\":\"https:\\\/\\\/www.p31noticias.com.br\\\/?p=22739#primaryimage\"},\"thumbnailUrl\":\"https:\\\/\\\/www.p31noticias.com.br\\\/wp-content\\\/uploads\\\/2020\\\/12\\\/1_whatsapp_image_2020_08_26_at_17_00_06_1200x797-6252401-1.jpeg\",\"datePublished\":\"2020-12-02T04:54:46+00:00\",\"dateModified\":\"2020-12-02T05:59:36+00:00\",\"author\":{\"@id\":\"https:\\\/\\\/www.p31noticias.com.br\\\/#\\\/schema\\\/person\\\/95f2ece30e3b4132065b915150cd0f94\"},\"breadcrumb\":{\"@id\":\"https:\\\/\\\/www.p31noticias.com.br\\\/?p=22739#breadcrumb\"},\"inLanguage\":\"pt-BR\",\"potentialAction\":[{\"@type\":\"ReadAction\",\"target\":[\"https:\\\/\\\/www.p31noticias.com.br\\\/?p=22739\"]}]},{\"@type\":\"ImageObject\",\"inLanguage\":\"pt-BR\",\"@id\":\"https:\\\/\\\/www.p31noticias.com.br\\\/?p=22739#primaryimage\",\"url\":\"https:\\\/\\\/www.p31noticias.com.br\\\/wp-content\\\/uploads\\\/2020\\\/12\\\/1_whatsapp_image_2020_08_26_at_17_00_06_1200x797-6252401-1.jpeg\",\"contentUrl\":\"https:\\\/\\\/www.p31noticias.com.br\\\/wp-content\\\/uploads\\\/2020\\\/12\\\/1_whatsapp_image_2020_08_26_at_17_00_06_1200x797-6252401-1.jpeg\",\"width\":675,\"height\":450},{\"@type\":\"BreadcrumbList\",\"@id\":\"https:\\\/\\\/www.p31noticias.com.br\\\/?p=22739#breadcrumb\",\"itemListElement\":[{\"@type\":\"ListItem\",\"position\":1,\"name\":\"In\u00edcio\",\"item\":\"https:\\\/\\\/www.p31noticias.com.br\\\/\"},{\"@type\":\"ListItem\",\"position\":2,\"name\":\"Vicente Pires: Confira como est\u00e1 o andamento das obras na regi\u00e3o\"}]},{\"@type\":\"WebSite\",\"@id\":\"https:\\\/\\\/www.p31noticias.com.br\\\/#website\",\"url\":\"https:\\\/\\\/www.p31noticias.com.br\\\/\",\"name\":\"P31\",\"description\":\"NOT\u00cdCIAS\",\"potentialAction\":[{\"@type\":\"SearchAction\",\"target\":{\"@type\":\"EntryPoint\",\"urlTemplate\":\"https:\\\/\\\/www.p31noticias.com.br\\\/?s={search_term_string}\"},\"query-input\":{\"@type\":\"PropertyValueSpecification\",\"valueRequired\":true,\"valueName\":\"search_term_string\"}}],\"inLanguage\":\"pt-BR\"},{\"@type\":\"Person\",\"@id\":\"https:\\\/\\\/www.p31noticias.com.br\\\/#\\\/schema\\\/person\\\/95f2ece30e3b4132065b915150cd0f94\",\"name\":\"Gon\u00e7alves Junior\",\"image\":{\"@type\":\"ImageObject\",\"inLanguage\":\"pt-BR\",\"@id\":\"https:\\\/\\\/secure.gravatar.com\\\/avatar\\\/6711f350116a89762687a48d66f723c799e5438a5b7578508d4294cd7a5d0800?s=96&d=mm&r=g\",\"url\":\"https:\\\/\\\/secure.gravatar.com\\\/avatar\\\/6711f350116a89762687a48d66f723c799e5438a5b7578508d4294cd7a5d0800?s=96&d=mm&r=g\",\"contentUrl\":\"https:\\\/\\\/secure.gravatar.com\\\/avatar\\\/6711f350116a89762687a48d66f723c799e5438a5b7578508d4294cd7a5d0800?s=96&d=mm&r=g\",\"caption\":\"Gon\u00e7alves Junior\"},\"url\":\"https:\\\/\\\/www.p31noticias.com.br\\\/?author=2\"}]}<\/script>\n<!-- \/ Yoast SEO Premium plugin. -->","yoast_head_json":{"title":"Vicente Pires: Confira como est\u00e1 o andamento das obras na regi\u00e3o - P31","robots":{"index":"index","follow":"follow","max-snippet":"max-snippet:-1","max-image-preview":"max-image-preview:large","max-video-preview":"max-video-preview:-1"},"canonical":"https:\/\/www.p31noticias.com.br\/?p=22739","og_locale":"pt_BR","og_type":"article","og_title":"Vicente Pires: Confira como est\u00e1 o andamento das obras na regi\u00e3o","og_description":"Diversos pontos da cidade est\u00e3o com obras em andamento. A Rua 4A chega \u00e0 fase final de reformula\u00e7\u00e3o A Rua 4A est\u00e1 em fase final de reformula\u00e7\u00e3o. Funcion\u00e1rios do GDF est\u00e3o trabalhando em dois per\u00edodos em toda a via. A expectativa \u00e9 que, no m\u00e1ximo em 60 dias, a estrutura esteja pronta para ser entregue [&hellip;]","og_url":"https:\/\/www.p31noticias.com.br\/?p=22739","og_site_name":"P31","article_published_time":"2020-12-02T04:54:46+00:00","article_modified_time":"2020-12-02T05:59:36+00:00","og_image":[{"width":675,"height":450,"url":"https:\/\/www.p31noticias.com.br\/wp-content\/uploads\/2020\/12\/1_whatsapp_image_2020_08_26_at_17_00_06_1200x797-6252401-1.jpeg","type":"image\/jpeg"}],"author":"Gon\u00e7alves Junior","twitter_card":"summary_large_image","twitter_misc":{"Escrito por":"Gon\u00e7alves Junior","Est. tempo de leitura":"6 minutos"},"schema":{"@context":"https:\/\/schema.org","@graph":[{"@type":"Article","@id":"https:\/\/www.p31noticias.com.br\/?p=22739#article","isPartOf":{"@id":"https:\/\/www.p31noticias.com.br\/?p=22739"},"author":{"name":"Gon\u00e7alves Junior","@id":"https:\/\/www.p31noticias.com.br\/#\/schema\/person\/95f2ece30e3b4132065b915150cd0f94"},"headline":"Vicente Pires: Confira como est\u00e1 o andamento das obras na regi\u00e3o","datePublished":"2020-12-02T04:54:46+00:00","dateModified":"2020-12-02T05:59:36+00:00","mainEntityOfPage":{"@id":"https:\/\/www.p31noticias.com.br\/?p=22739"},"wordCount":1238,"commentCount":0,"image":{"@id":"https:\/\/www.p31noticias.com.br\/?p=22739#primaryimage"},"thumbnailUrl":"https:\/\/www.p31noticias.com.br\/wp-content\/uploads\/2020\/12\/1_whatsapp_image_2020_08_26_at_17_00_06_1200x797-6252401-1.jpeg","articleSection":["Outros"],"inLanguage":"pt-BR","potentialAction":[{"@type":"CommentAction","name":"Comment","target":["https:\/\/www.p31noticias.com.br\/?p=22739#respond"]}],"copyrightYear":"2020","copyrightHolder":{"@id":"https:\/\/www.p31noticias.com.br\/#organization"}},{"@type":"WebPage","@id":"https:\/\/www.p31noticias.com.br\/?p=22739","url":"https:\/\/www.p31noticias.com.br\/?p=22739","name":"Vicente Pires: Confira como est\u00e1 o andamento das obras na regi\u00e3o - P31","isPartOf":{"@id":"https:\/\/www.p31noticias.com.br\/#website"},"primaryImageOfPage":{"@id":"https:\/\/www.p31noticias.com.br\/?p=22739#primaryimage"},"image":{"@id":"https:\/\/www.p31noticias.com.br\/?p=22739#primaryimage"},"thumbnailUrl":"https:\/\/www.p31noticias.com.br\/wp-content\/uploads\/2020\/12\/1_whatsapp_image_2020_08_26_at_17_00_06_1200x797-6252401-1.jpeg","datePublished":"2020-12-02T04:54:46+00:00","dateModified":"2020-12-02T05:59:36+00:00","author":{"@id":"https:\/\/www.p31noticias.com.br\/#\/schema\/person\/95f2ece30e3b4132065b915150cd0f94"},"breadcrumb":{"@id":"https:\/\/www.p31noticias.com.br\/?p=22739#breadcrumb"},"inLanguage":"pt-BR","potentialAction":[{"@type":"ReadAction","target":["https:\/\/www.p31noticias.com.br\/?p=22739"]}]},{"@type":"ImageObject","inLanguage":"pt-BR","@id":"https:\/\/www.p31noticias.com.br\/?p=22739#primaryimage","url":"https:\/\/www.p31noticias.com.br\/wp-content\/uploads\/2020\/12\/1_whatsapp_image_2020_08_26_at_17_00_06_1200x797-6252401-1.jpeg","contentUrl":"https:\/\/www.p31noticias.com.br\/wp-content\/uploads\/2020\/12\/1_whatsapp_image_2020_08_26_at_17_00_06_1200x797-6252401-1.jpeg","width":675,"height":450},{"@type":"BreadcrumbList","@id":"https:\/\/www.p31noticias.com.br\/?p=22739#breadcrumb","itemListElement":[{"@type":"ListItem","position":1,"name":"In\u00edcio","item":"https:\/\/www.p31noticias.com.br\/"},{"@type":"ListItem","position":2,"name":"Vicente Pires: Confira como est\u00e1 o andamento das obras na regi\u00e3o"}]},{"@type":"WebSite","@id":"https:\/\/www.p31noticias.com.br\/#website","url":"https:\/\/www.p31noticias.com.br\/","name":"P31","description":"NOT\u00cdCIAS","potentialAction":[{"@type":"SearchAction","target":{"@type":"EntryPoint","urlTemplate":"https:\/\/www.p31noticias.com.br\/?s={search_term_string}"},"query-input":{"@type":"PropertyValueSpecification","valueRequired":true,"valueName":"search_term_string"}}],"inLanguage":"pt-BR"},{"@type":"Person","@id":"https:\/\/www.p31noticias.com.br\/#\/schema\/person\/95f2ece30e3b4132065b915150cd0f94","name":"Gon\u00e7alves Junior","image":{"@type":"ImageObject","inLanguage":"pt-BR","@id":"https:\/\/secure.gravatar.com\/avatar\/6711f350116a89762687a48d66f723c799e5438a5b7578508d4294cd7a5d0800?s=96&d=mm&r=g","url":"https:\/\/secure.gravatar.com\/avatar\/6711f350116a89762687a48d66f723c799e5438a5b7578508d4294cd7a5d0800?s=96&d=mm&r=g","contentUrl":"https:\/\/secure.gravatar.com\/avatar\/6711f350116a89762687a48d66f723c799e5438a5b7578508d4294cd7a5d0800?s=96&d=mm&r=g","caption":"Gon\u00e7alves Junior"},"url":"https:\/\/www.p31noticias.com.br\/?author=2"}]}},"amp_enabled":true,"_links":{"self":[{"href":"https:\/\/www.p31noticias.com.br\/index.php?rest_route=\/wp\/v2\/posts\/22739","targetHints":{"allow":["GET"]}}],"collection":[{"href":"https:\/\/www.p31noticias.com.br\/index.php?rest_route=\/wp\/v2\/posts"}],"about":[{"href":"https:\/\/www.p31noticias.com.br\/index.php?rest_route=\/wp\/v2\/types\/post"}],"author":[{"embeddable":true,"href":"https:\/\/www.p31noticias.com.br\/index.php?rest_route=\/wp\/v2\/users\/2"}],"replies":[{"embeddable":true,"href":"https:\/\/www.p31noticias.com.br\/index.php?rest_route=%2Fwp%2Fv2%2Fcomments&post=22739"}],"version-history":[{"count":4,"href":"https:\/\/www.p31noticias.com.br\/index.php?rest_route=\/wp\/v2\/posts\/22739\/revisions"}],"predecessor-version":[{"id":22750,"href":"https:\/\/www.p31noticias.com.br\/index.php?rest_route=\/wp\/v2\/posts\/22739\/revisions\/22750"}],"wp:featuredmedia":[{"embeddable":true,"href":"https:\/\/www.p31noticias.com.br\/index.php?rest_route=\/wp\/v2\/media\/22740"}],"wp:attachment":[{"href":"https:\/\/www.p31noticias.com.br\/index.php?rest_route=%2Fwp%2Fv2%2Fmedia&parent=22739"}],"wp:term":[{"taxonomy":"category","embeddable":true,"href":"https:\/\/www.p31noticias.com.br\/index.php?rest_route=%2Fwp%2Fv2%2Fcategories&post=22739"},{"taxonomy":"post_tag","embeddable":true,"href":"https:\/\/www.p31noticias.com.br\/index.php?rest_route=%2Fwp%2Fv2%2Ftags&post=22739"}],"curies":[{"name":"wp","href":"https:\/\/api.w.org\/{rel}","templated":true}]}}