{"id":22721,"date":"2020-11-23T18:15:16","date_gmt":"2020-11-23T18:15:16","guid":{"rendered":"https:\/\/p31noticias.com.br\/?p=22721"},"modified":"2020-11-23T18:19:37","modified_gmt":"2020-11-23T18:19:37","slug":"a-importancia-da-formalizacao-de-nossos-acordos-por-meio-de-um-contrato-e-os-seus-elementos-essenciais","status":"publish","type":"post","link":"https:\/\/www.p31noticias.com.br\/?p=22721","title":{"rendered":"A import\u00e2ncia da formaliza\u00e7\u00e3o de nossos acordos por meio de um contrato e os seus elementos essenciais"},"content":{"rendered":"<p style=\"text-align: justify;\">Acordos fazem parte do nosso cotidiano. Constantemente, somos submetidos a situa\u00e7\u00f5es nas quais \u00e9 exigida de n\u00f3s uma concord\u00e2ncia com algo que ser\u00e1 feito por algu\u00e9m, com uma contrapartida nossa. A depender da situa\u00e7\u00e3o, a formaliza\u00e7\u00e3o por meio de um contrato se torna o diferencial em uma poss\u00edvel demanda judicial ou extrajudicial.<\/p>\n<div class=\"adn ads\" style=\"text-align: justify;\" data-message-id=\"#msg-f:1684172448435904049\" data-legacy-message-id=\"175f61eb31859e31\">\n<div class=\"gs\">\n<div class=\"\">\n<div id=\":2l\" class=\"ii gt\">\n<div id=\":2k\" class=\"a3s aiL \">\n<div>Mas quando \u00e9 necess\u00e1ria essa formaliza\u00e7\u00e3o? A resposta certa seria sempre que poss\u00edvel! A validade de um acordo nem sempre estar\u00e1 atrelada \u00e0 formaliza\u00e7\u00e3o contratual, no entanto, o descumprimento do estabelecido \u00e9 uma realidade e, diante disso, a elabora\u00e7\u00e3o de um contrato proporciona \u00e0 parte lesada garantias e seguran\u00e7as em face da quebra do que foi acordado.<br \/>\nAo elaborar um contrato, \u00e9 importante se atentar ao que a lei afirma como essencial no momento da elabora\u00e7\u00e3o. O C\u00f3digo Civil, em seu artigo 108, afirma serem elementos essenciais em um neg\u00f3cio jur\u00eddico o agente capaz, o objeto l\u00edcito. poss\u00edvel, determinado ou determin\u00e1vel e a forma prescrita ou n\u00e3o defesa em lei.<br \/>\nAgente capaz \u00e9 aquele indiv\u00edduo que pode exercer seus direitos de forma pessoal e responder por suas obriga\u00e7\u00f5es. Caso haja alguma incapacidade, o indiv\u00edduo ser\u00e1 representado ou assistido, conforme os ditames da lei.<br \/>\nO objeto do contrato dever\u00e1 ser l\u00edcito, sem causar qualquer dano \u00e0s partes ou \u00e0 sociedade, poss\u00edvel, determinado ou determin\u00e1vel. Sem tais caracter\u00edsticas, o contrato se dar\u00e1 por prejudicado.<br \/>\nPor fim, no que tange \u00e0 forma contratual, a regra \u00e9 a liberdade das partes em formalizar da maneira que lhe atenderem. No entanto, haver\u00e1 exce\u00e7\u00f5es quando a pr\u00f3pria lei determinar uma forma que seja imprescind\u00edvel para a validade do contrato entabulado.<br \/>\nMuitos s\u00e3o os detalhes e pontos importantes no que se refere aos contratos. O principal \u00e9 entendermos a import\u00e2ncia e seguran\u00e7a da formaliza\u00e7\u00e3o dos acordos, em atendimento aos requisitos essenciais elencados pela legisla\u00e7\u00e3o, a fim de evitar que preju\u00edzos e descumprimentos futuros se tornem grandes problemas sem qualquer garantia aos prejudicados.<\/p>\n<div class=\"yj6qo\"><\/div>\n<\/div>\n<div class=\"adL\"><\/div>\n<\/div>\n<\/div>\n<\/div>\n<\/div>\n<\/div>\n<p style=\"text-align: justify;\"><em><strong>DEBORAH DE MELO GON\u00c7ALVES<\/strong><\/em><\/p>\n<p style=\"text-align: justify;\"><em><strong>Advogada Especialista em Direito do Trabalho .<\/strong><\/em><\/p>\n<p style=\"text-align: justify;\"><em><strong>Colaboradora da Defensoria P\u00fablica do Distrito Federal nas \u00e1reas de Viol\u00eancia Dom\u00e9stica e Direito de Familia<\/strong><\/em>.<\/p>\n<div class=\"yj6qo\" style=\"text-align: justify;\"><\/div>\n","protected":false},"excerpt":{"rendered":"<p>Acordos fazem parte do nosso cotidiano. Constantemente, somos submetidos a situa\u00e7\u00f5es nas quais \u00e9 exigida de n\u00f3s uma concord\u00e2ncia com algo que ser\u00e1 feito por algu\u00e9m, com uma contrapartida nossa. A depender da situa\u00e7\u00e3o, a formaliza\u00e7\u00e3o por meio de um contrato se torna o diferencial em uma poss\u00edvel demanda judicial ou extrajudicial. Mas quando \u00e9 [&hellip;]<\/p>\n","protected":false},"author":2,"featured_media":22722,"comment_status":"open","ping_status":"open","sticky":false,"template":"","format":"standard","meta":{"footnotes":""},"categories":[1],"tags":[],"class_list":{"0":"post-22721","1":"post","2":"type-post","3":"status-publish","4":"format-standard","5":"has-post-thumbnail","7":"category-outros"},"yoast_head":"<!-- This site is optimized with the Yoast SEO Premium plugin v24.5 (Yoast SEO v27.5) - https:\/\/yoast.com\/product\/yoast-seo-premium-wordpress\/ -->\n<title>A import\u00e2ncia da formaliza\u00e7\u00e3o de nossos acordos por meio de um contrato e os seus elementos essenciais - P31<\/title>\n<meta name=\"robots\" content=\"index, follow, max-snippet:-1, max-image-preview:large, max-video-preview:-1\" \/>\n<link rel=\"canonical\" href=\"https:\/\/www.p31noticias.com.br\/?p=22721\" \/>\n<meta property=\"og:locale\" content=\"pt_BR\" \/>\n<meta property=\"og:type\" content=\"article\" \/>\n<meta property=\"og:title\" content=\"A import\u00e2ncia da formaliza\u00e7\u00e3o de nossos acordos por meio de um contrato e os seus elementos essenciais\" \/>\n<meta property=\"og:description\" content=\"Acordos fazem parte do nosso cotidiano. Constantemente, somos submetidos a situa\u00e7\u00f5es nas quais \u00e9 exigida de n\u00f3s uma concord\u00e2ncia com algo que ser\u00e1 feito por algu\u00e9m, com uma contrapartida nossa. A depender da situa\u00e7\u00e3o, a formaliza\u00e7\u00e3o por meio de um contrato se torna o diferencial em uma poss\u00edvel demanda judicial ou extrajudicial. Mas quando \u00e9 [&hellip;]\" \/>\n<meta property=\"og:url\" content=\"https:\/\/www.p31noticias.com.br\/?p=22721\" \/>\n<meta property=\"og:site_name\" content=\"P31\" \/>\n<meta property=\"article:published_time\" content=\"2020-11-23T18:15:16+00:00\" \/>\n<meta property=\"article:modified_time\" content=\"2020-11-23T18:19:37+00:00\" \/>\n<meta property=\"og:image\" content=\"https:\/\/www.p31noticias.com.br\/wp-content\/uploads\/2020\/11\/unnamed-2.jpg\" \/>\n\t<meta property=\"og:image:width\" content=\"635\" \/>\n\t<meta property=\"og:image:height\" content=\"635\" \/>\n\t<meta property=\"og:image:type\" content=\"image\/jpeg\" \/>\n<meta name=\"author\" content=\"Gon\u00e7alves Junior\" \/>\n<meta name=\"twitter:card\" content=\"summary_large_image\" \/>\n<meta name=\"twitter:label1\" content=\"Escrito por\" \/>\n\t<meta name=\"twitter:data1\" content=\"Gon\u00e7alves Junior\" \/>\n\t<meta name=\"twitter:label2\" content=\"Est. tempo de leitura\" \/>\n\t<meta name=\"twitter:data2\" content=\"2 minutos\" \/>\n<script type=\"application\/ld+json\" class=\"yoast-schema-graph\">{\"@context\":\"https:\\\/\\\/schema.org\",\"@graph\":[{\"@type\":\"Article\",\"@id\":\"https:\\\/\\\/www.p31noticias.com.br\\\/?p=22721#article\",\"isPartOf\":{\"@id\":\"https:\\\/\\\/www.p31noticias.com.br\\\/?p=22721\"},\"author\":{\"name\":\"Gon\u00e7alves Junior\",\"@id\":\"https:\\\/\\\/www.p31noticias.com.br\\\/#\\\/schema\\\/person\\\/95f2ece30e3b4132065b915150cd0f94\"},\"headline\":\"A import\u00e2ncia da formaliza\u00e7\u00e3o de nossos acordos por meio de um contrato e os seus elementos essenciais\",\"datePublished\":\"2020-11-23T18:15:16+00:00\",\"dateModified\":\"2020-11-23T18:19:37+00:00\",\"mainEntityOfPage\":{\"@id\":\"https:\\\/\\\/www.p31noticias.com.br\\\/?p=22721\"},\"wordCount\":391,\"commentCount\":0,\"image\":{\"@id\":\"https:\\\/\\\/www.p31noticias.com.br\\\/?p=22721#primaryimage\"},\"thumbnailUrl\":\"https:\\\/\\\/www.p31noticias.com.br\\\/wp-content\\\/uploads\\\/2020\\\/11\\\/unnamed-2.jpg\",\"articleSection\":[\"Outros\"],\"inLanguage\":\"pt-BR\",\"potentialAction\":[{\"@type\":\"CommentAction\",\"name\":\"Comment\",\"target\":[\"https:\\\/\\\/www.p31noticias.com.br\\\/?p=22721#respond\"]}],\"copyrightYear\":\"2020\",\"copyrightHolder\":{\"@id\":\"https:\\\/\\\/www.p31noticias.com.br\\\/#organization\"}},{\"@type\":\"WebPage\",\"@id\":\"https:\\\/\\\/www.p31noticias.com.br\\\/?p=22721\",\"url\":\"https:\\\/\\\/www.p31noticias.com.br\\\/?p=22721\",\"name\":\"A import\u00e2ncia da formaliza\u00e7\u00e3o de nossos acordos por meio de um contrato e os seus elementos essenciais - P31\",\"isPartOf\":{\"@id\":\"https:\\\/\\\/www.p31noticias.com.br\\\/#website\"},\"primaryImageOfPage\":{\"@id\":\"https:\\\/\\\/www.p31noticias.com.br\\\/?p=22721#primaryimage\"},\"image\":{\"@id\":\"https:\\\/\\\/www.p31noticias.com.br\\\/?p=22721#primaryimage\"},\"thumbnailUrl\":\"https:\\\/\\\/www.p31noticias.com.br\\\/wp-content\\\/uploads\\\/2020\\\/11\\\/unnamed-2.jpg\",\"datePublished\":\"2020-11-23T18:15:16+00:00\",\"dateModified\":\"2020-11-23T18:19:37+00:00\",\"author\":{\"@id\":\"https:\\\/\\\/www.p31noticias.com.br\\\/#\\\/schema\\\/person\\\/95f2ece30e3b4132065b915150cd0f94\"},\"breadcrumb\":{\"@id\":\"https:\\\/\\\/www.p31noticias.com.br\\\/?p=22721#breadcrumb\"},\"inLanguage\":\"pt-BR\",\"potentialAction\":[{\"@type\":\"ReadAction\",\"target\":[\"https:\\\/\\\/www.p31noticias.com.br\\\/?p=22721\"]}]},{\"@type\":\"ImageObject\",\"inLanguage\":\"pt-BR\",\"@id\":\"https:\\\/\\\/www.p31noticias.com.br\\\/?p=22721#primaryimage\",\"url\":\"https:\\\/\\\/www.p31noticias.com.br\\\/wp-content\\\/uploads\\\/2020\\\/11\\\/unnamed-2.jpg\",\"contentUrl\":\"https:\\\/\\\/www.p31noticias.com.br\\\/wp-content\\\/uploads\\\/2020\\\/11\\\/unnamed-2.jpg\",\"width\":635,\"height\":635,\"caption\":\"DEBORAH DE MELO GON\u00c7ALVES Advogada especialista em Direito do Trabalho. Colaboradora da Defensoria P\u00fablica do Distrito Federal nas \u00c1reas de Viol\u00eancia Dom\u00e9stica e Direito da Familia\"},{\"@type\":\"BreadcrumbList\",\"@id\":\"https:\\\/\\\/www.p31noticias.com.br\\\/?p=22721#breadcrumb\",\"itemListElement\":[{\"@type\":\"ListItem\",\"position\":1,\"name\":\"In\u00edcio\",\"item\":\"https:\\\/\\\/www.p31noticias.com.br\\\/\"},{\"@type\":\"ListItem\",\"position\":2,\"name\":\"A import\u00e2ncia da formaliza\u00e7\u00e3o de nossos acordos por meio de um contrato e os seus elementos essenciais\"}]},{\"@type\":\"WebSite\",\"@id\":\"https:\\\/\\\/www.p31noticias.com.br\\\/#website\",\"url\":\"https:\\\/\\\/www.p31noticias.com.br\\\/\",\"name\":\"P31\",\"description\":\"NOT\u00cdCIAS\",\"potentialAction\":[{\"@type\":\"SearchAction\",\"target\":{\"@type\":\"EntryPoint\",\"urlTemplate\":\"https:\\\/\\\/www.p31noticias.com.br\\\/?s={search_term_string}\"},\"query-input\":{\"@type\":\"PropertyValueSpecification\",\"valueRequired\":true,\"valueName\":\"search_term_string\"}}],\"inLanguage\":\"pt-BR\"},{\"@type\":\"Person\",\"@id\":\"https:\\\/\\\/www.p31noticias.com.br\\\/#\\\/schema\\\/person\\\/95f2ece30e3b4132065b915150cd0f94\",\"name\":\"Gon\u00e7alves Junior\",\"image\":{\"@type\":\"ImageObject\",\"inLanguage\":\"pt-BR\",\"@id\":\"https:\\\/\\\/secure.gravatar.com\\\/avatar\\\/6711f350116a89762687a48d66f723c799e5438a5b7578508d4294cd7a5d0800?s=96&d=mm&r=g\",\"url\":\"https:\\\/\\\/secure.gravatar.com\\\/avatar\\\/6711f350116a89762687a48d66f723c799e5438a5b7578508d4294cd7a5d0800?s=96&d=mm&r=g\",\"contentUrl\":\"https:\\\/\\\/secure.gravatar.com\\\/avatar\\\/6711f350116a89762687a48d66f723c799e5438a5b7578508d4294cd7a5d0800?s=96&d=mm&r=g\",\"caption\":\"Gon\u00e7alves Junior\"},\"url\":\"https:\\\/\\\/www.p31noticias.com.br\\\/?author=2\"}]}<\/script>\n<!-- \/ Yoast SEO Premium plugin. -->","yoast_head_json":{"title":"A import\u00e2ncia da formaliza\u00e7\u00e3o de nossos acordos por meio de um contrato e os seus elementos essenciais - P31","robots":{"index":"index","follow":"follow","max-snippet":"max-snippet:-1","max-image-preview":"max-image-preview:large","max-video-preview":"max-video-preview:-1"},"canonical":"https:\/\/www.p31noticias.com.br\/?p=22721","og_locale":"pt_BR","og_type":"article","og_title":"A import\u00e2ncia da formaliza\u00e7\u00e3o de nossos acordos por meio de um contrato e os seus elementos essenciais","og_description":"Acordos fazem parte do nosso cotidiano. Constantemente, somos submetidos a situa\u00e7\u00f5es nas quais \u00e9 exigida de n\u00f3s uma concord\u00e2ncia com algo que ser\u00e1 feito por algu\u00e9m, com uma contrapartida nossa. A depender da situa\u00e7\u00e3o, a formaliza\u00e7\u00e3o por meio de um contrato se torna o diferencial em uma poss\u00edvel demanda judicial ou extrajudicial. Mas quando \u00e9 [&hellip;]","og_url":"https:\/\/www.p31noticias.com.br\/?p=22721","og_site_name":"P31","article_published_time":"2020-11-23T18:15:16+00:00","article_modified_time":"2020-11-23T18:19:37+00:00","og_image":[{"width":635,"height":635,"url":"https:\/\/www.p31noticias.com.br\/wp-content\/uploads\/2020\/11\/unnamed-2.jpg","type":"image\/jpeg"}],"author":"Gon\u00e7alves Junior","twitter_card":"summary_large_image","twitter_misc":{"Escrito por":"Gon\u00e7alves Junior","Est. tempo de leitura":"2 minutos"},"schema":{"@context":"https:\/\/schema.org","@graph":[{"@type":"Article","@id":"https:\/\/www.p31noticias.com.br\/?p=22721#article","isPartOf":{"@id":"https:\/\/www.p31noticias.com.br\/?p=22721"},"author":{"name":"Gon\u00e7alves Junior","@id":"https:\/\/www.p31noticias.com.br\/#\/schema\/person\/95f2ece30e3b4132065b915150cd0f94"},"headline":"A import\u00e2ncia da formaliza\u00e7\u00e3o de nossos acordos por meio de um contrato e os seus elementos essenciais","datePublished":"2020-11-23T18:15:16+00:00","dateModified":"2020-11-23T18:19:37+00:00","mainEntityOfPage":{"@id":"https:\/\/www.p31noticias.com.br\/?p=22721"},"wordCount":391,"commentCount":0,"image":{"@id":"https:\/\/www.p31noticias.com.br\/?p=22721#primaryimage"},"thumbnailUrl":"https:\/\/www.p31noticias.com.br\/wp-content\/uploads\/2020\/11\/unnamed-2.jpg","articleSection":["Outros"],"inLanguage":"pt-BR","potentialAction":[{"@type":"CommentAction","name":"Comment","target":["https:\/\/www.p31noticias.com.br\/?p=22721#respond"]}],"copyrightYear":"2020","copyrightHolder":{"@id":"https:\/\/www.p31noticias.com.br\/#organization"}},{"@type":"WebPage","@id":"https:\/\/www.p31noticias.com.br\/?p=22721","url":"https:\/\/www.p31noticias.com.br\/?p=22721","name":"A import\u00e2ncia da formaliza\u00e7\u00e3o de nossos acordos por meio de um contrato e os seus elementos essenciais - P31","isPartOf":{"@id":"https:\/\/www.p31noticias.com.br\/#website"},"primaryImageOfPage":{"@id":"https:\/\/www.p31noticias.com.br\/?p=22721#primaryimage"},"image":{"@id":"https:\/\/www.p31noticias.com.br\/?p=22721#primaryimage"},"thumbnailUrl":"https:\/\/www.p31noticias.com.br\/wp-content\/uploads\/2020\/11\/unnamed-2.jpg","datePublished":"2020-11-23T18:15:16+00:00","dateModified":"2020-11-23T18:19:37+00:00","author":{"@id":"https:\/\/www.p31noticias.com.br\/#\/schema\/person\/95f2ece30e3b4132065b915150cd0f94"},"breadcrumb":{"@id":"https:\/\/www.p31noticias.com.br\/?p=22721#breadcrumb"},"inLanguage":"pt-BR","potentialAction":[{"@type":"ReadAction","target":["https:\/\/www.p31noticias.com.br\/?p=22721"]}]},{"@type":"ImageObject","inLanguage":"pt-BR","@id":"https:\/\/www.p31noticias.com.br\/?p=22721#primaryimage","url":"https:\/\/www.p31noticias.com.br\/wp-content\/uploads\/2020\/11\/unnamed-2.jpg","contentUrl":"https:\/\/www.p31noticias.com.br\/wp-content\/uploads\/2020\/11\/unnamed-2.jpg","width":635,"height":635,"caption":"DEBORAH DE MELO GON\u00c7ALVES Advogada especialista em Direito do Trabalho. Colaboradora da Defensoria P\u00fablica do Distrito Federal nas \u00c1reas de Viol\u00eancia Dom\u00e9stica e Direito da Familia"},{"@type":"BreadcrumbList","@id":"https:\/\/www.p31noticias.com.br\/?p=22721#breadcrumb","itemListElement":[{"@type":"ListItem","position":1,"name":"In\u00edcio","item":"https:\/\/www.p31noticias.com.br\/"},{"@type":"ListItem","position":2,"name":"A import\u00e2ncia da formaliza\u00e7\u00e3o de nossos acordos por meio de um contrato e os seus elementos essenciais"}]},{"@type":"WebSite","@id":"https:\/\/www.p31noticias.com.br\/#website","url":"https:\/\/www.p31noticias.com.br\/","name":"P31","description":"NOT\u00cdCIAS","potentialAction":[{"@type":"SearchAction","target":{"@type":"EntryPoint","urlTemplate":"https:\/\/www.p31noticias.com.br\/?s={search_term_string}"},"query-input":{"@type":"PropertyValueSpecification","valueRequired":true,"valueName":"search_term_string"}}],"inLanguage":"pt-BR"},{"@type":"Person","@id":"https:\/\/www.p31noticias.com.br\/#\/schema\/person\/95f2ece30e3b4132065b915150cd0f94","name":"Gon\u00e7alves Junior","image":{"@type":"ImageObject","inLanguage":"pt-BR","@id":"https:\/\/secure.gravatar.com\/avatar\/6711f350116a89762687a48d66f723c799e5438a5b7578508d4294cd7a5d0800?s=96&d=mm&r=g","url":"https:\/\/secure.gravatar.com\/avatar\/6711f350116a89762687a48d66f723c799e5438a5b7578508d4294cd7a5d0800?s=96&d=mm&r=g","contentUrl":"https:\/\/secure.gravatar.com\/avatar\/6711f350116a89762687a48d66f723c799e5438a5b7578508d4294cd7a5d0800?s=96&d=mm&r=g","caption":"Gon\u00e7alves Junior"},"url":"https:\/\/www.p31noticias.com.br\/?author=2"}]}},"amp_enabled":true,"_links":{"self":[{"href":"https:\/\/www.p31noticias.com.br\/index.php?rest_route=\/wp\/v2\/posts\/22721","targetHints":{"allow":["GET"]}}],"collection":[{"href":"https:\/\/www.p31noticias.com.br\/index.php?rest_route=\/wp\/v2\/posts"}],"about":[{"href":"https:\/\/www.p31noticias.com.br\/index.php?rest_route=\/wp\/v2\/types\/post"}],"author":[{"embeddable":true,"href":"https:\/\/www.p31noticias.com.br\/index.php?rest_route=\/wp\/v2\/users\/2"}],"replies":[{"embeddable":true,"href":"https:\/\/www.p31noticias.com.br\/index.php?rest_route=%2Fwp%2Fv2%2Fcomments&post=22721"}],"version-history":[{"count":5,"href":"https:\/\/www.p31noticias.com.br\/index.php?rest_route=\/wp\/v2\/posts\/22721\/revisions"}],"predecessor-version":[{"id":22727,"href":"https:\/\/www.p31noticias.com.br\/index.php?rest_route=\/wp\/v2\/posts\/22721\/revisions\/22727"}],"wp:featuredmedia":[{"embeddable":true,"href":"https:\/\/www.p31noticias.com.br\/index.php?rest_route=\/wp\/v2\/media\/22722"}],"wp:attachment":[{"href":"https:\/\/www.p31noticias.com.br\/index.php?rest_route=%2Fwp%2Fv2%2Fmedia&parent=22721"}],"wp:term":[{"taxonomy":"category","embeddable":true,"href":"https:\/\/www.p31noticias.com.br\/index.php?rest_route=%2Fwp%2Fv2%2Fcategories&post=22721"},{"taxonomy":"post_tag","embeddable":true,"href":"https:\/\/www.p31noticias.com.br\/index.php?rest_route=%2Fwp%2Fv2%2Ftags&post=22721"}],"curies":[{"name":"wp","href":"https:\/\/api.w.org\/{rel}","templated":true}]}}