{"id":22717,"date":"2020-11-14T05:38:32","date_gmt":"2020-11-14T05:38:32","guid":{"rendered":"https:\/\/p31noticias.com.br\/?p=22717"},"modified":"2020-11-14T05:38:32","modified_gmt":"2020-11-14T05:38:32","slug":"legalizacao-vai-beneficiar-mais-de-dois-mil-moradores","status":"publish","type":"post","link":"https:\/\/www.p31noticias.com.br\/?p=22717","title":{"rendered":"Legaliza\u00e7\u00e3o vai beneficiar mais de dois mil moradores"},"content":{"rendered":"<p style=\"text-align: justify;\"><em><strong>Decretos com os projetos urban\u00edsticos foram publicados no Di\u00e1rio Oficial do Distrito Federal (DODF)<\/strong><\/em><\/p>\n<div style=\"text-align: justify;\">Uma boa not\u00edcia para moradores do Recanto das Emas, Riacho Fundo, \u00a0Brazl\u00e2ndia, Taguatinga e Ceil\u00e2ndia.\u00a0 Foram publicados no Di\u00e1rio Oficial do Distrito Federal (DODF),\u00a0 cinco decretos aprovando os projetos urban\u00edsticos de v\u00e1rios setores dessas regi\u00f5es. No total est\u00e3o sendo regularizados 503 lotes, que v\u00e3o beneficiar uma popula\u00e7\u00e3o estimada em 2,5 mil habitantes.<\/div>\n<div style=\"text-align: justify;\"><strong>Os projetos urban\u00edsticos aprovados s\u00e3o:<\/strong><\/div>\n<div style=\"text-align: justify;\">\u2013 Regulariza\u00e7\u00e3o das \u00e1reas \u00a0QS 16 e CLS 16 \u2013 \u00a0Riacho Fundo, \u00a0decreto \u00a0n\u00ba 41.457;<br \/>\n\u2013 Regulariza\u00e7\u00e3o de Parcelamento do Solo das \u00c1reas Intersticiais (Becos), Brazl\u00e2ndia, \u00a0decreto n\u00ba 41.458;<br \/>\n\u2013 Regulariza\u00e7\u00e3o da QNJ 49, \u00a0Taguatinga , decreto n\u00ba 41.459;<br \/>\n\u2013 Regulariza\u00e7\u00e3o \u00a0da QNO 04, Conjunto N (Pontas de Quadra), Ceil\u00e2ndia, decreto n\u00ba 41.462;<br \/>\n\u2013 Regulariza\u00e7\u00e3o de Parcelamento da Quadra 307, Conjuntos 19 e 20, n\u00facleo urbano \u00a0Recanto das Emas, decreto n\u00ba 41.461.<\/div>\n<div style=\"text-align: justify;\">Com a publica\u00e7\u00e3o dos decretos, o processo segue para a fase de registro cartorial, que dever\u00e1 ocorrer em at\u00e9 180 dias.<\/div>\n<div style=\"text-align: justify;\"><\/div>\n<div style=\"text-align: justify;\"><strong><em>*Com informa\u00e7\u00f5es da Seduh<\/em><\/strong><\/div>\n<div style=\"text-align: justify;\"><strong><em>Ag\u00eancia Brasilia\u00a0<\/em><\/strong><\/div>\n<p>&nbsp;<\/p>\n","protected":false},"excerpt":{"rendered":"<p>Decretos com os projetos urban\u00edsticos foram publicados no Di\u00e1rio Oficial do Distrito Federal (DODF) Uma boa not\u00edcia para moradores do Recanto das Emas, Riacho Fundo, \u00a0Brazl\u00e2ndia, Taguatinga e Ceil\u00e2ndia.\u00a0 Foram publicados no Di\u00e1rio Oficial do Distrito Federal (DODF),\u00a0 cinco decretos aprovando os projetos urban\u00edsticos de v\u00e1rios setores dessas regi\u00f5es. No total est\u00e3o sendo regularizados 503 [&hellip;]<\/p>\n","protected":false},"author":2,"featured_media":22718,"comment_status":"open","ping_status":"open","sticky":false,"template":"","format":"standard","meta":{"footnotes":""},"categories":[1],"tags":[],"class_list":{"0":"post-22717","1":"post","2":"type-post","3":"status-publish","4":"format-standard","5":"has-post-thumbnail","7":"category-outros"},"yoast_head":"<!-- This site is optimized with the Yoast SEO Premium plugin v24.5 (Yoast SEO v27.5) - https:\/\/yoast.com\/product\/yoast-seo-premium-wordpress\/ -->\n<title>Legaliza\u00e7\u00e3o vai beneficiar mais de dois mil moradores - P31<\/title>\n<meta name=\"robots\" content=\"index, follow, max-snippet:-1, max-image-preview:large, max-video-preview:-1\" \/>\n<link rel=\"canonical\" href=\"https:\/\/www.p31noticias.com.br\/?p=22717\" \/>\n<meta property=\"og:locale\" content=\"pt_BR\" \/>\n<meta property=\"og:type\" content=\"article\" \/>\n<meta property=\"og:title\" content=\"Legaliza\u00e7\u00e3o vai beneficiar mais de dois mil moradores\" \/>\n<meta property=\"og:description\" content=\"Decretos com os projetos urban\u00edsticos foram publicados no Di\u00e1rio Oficial do Distrito Federal (DODF) Uma boa not\u00edcia para moradores do Recanto das Emas, Riacho Fundo, \u00a0Brazl\u00e2ndia, Taguatinga e Ceil\u00e2ndia.\u00a0 Foram publicados no Di\u00e1rio Oficial do Distrito Federal (DODF),\u00a0 cinco decretos aprovando os projetos urban\u00edsticos de v\u00e1rios setores dessas regi\u00f5es. No total est\u00e3o sendo regularizados 503 [&hellip;]\" \/>\n<meta property=\"og:url\" content=\"https:\/\/www.p31noticias.com.br\/?p=22717\" \/>\n<meta property=\"og:site_name\" content=\"P31\" \/>\n<meta property=\"article:published_time\" content=\"2020-11-14T05:38:32+00:00\" \/>\n<meta property=\"og:image\" content=\"https:\/\/www.p31noticias.com.br\/wp-content\/uploads\/2020\/11\/condom\u00ednios-grande-colorado.jpg\" \/>\n\t<meta property=\"og:image:width\" content=\"840\" \/>\n\t<meta property=\"og:image:height\" content=\"558\" \/>\n\t<meta property=\"og:image:type\" content=\"image\/jpeg\" \/>\n<meta name=\"author\" content=\"Gon\u00e7alves Junior\" \/>\n<meta name=\"twitter:card\" content=\"summary_large_image\" \/>\n<meta name=\"twitter:label1\" content=\"Escrito por\" \/>\n\t<meta name=\"twitter:data1\" content=\"Gon\u00e7alves Junior\" \/>\n\t<meta name=\"twitter:label2\" content=\"Est. tempo de leitura\" \/>\n\t<meta name=\"twitter:data2\" content=\"1 minuto\" \/>\n<script type=\"application\/ld+json\" class=\"yoast-schema-graph\">{\"@context\":\"https:\\\/\\\/schema.org\",\"@graph\":[{\"@type\":\"Article\",\"@id\":\"https:\\\/\\\/www.p31noticias.com.br\\\/?p=22717#article\",\"isPartOf\":{\"@id\":\"https:\\\/\\\/www.p31noticias.com.br\\\/?p=22717\"},\"author\":{\"name\":\"Gon\u00e7alves Junior\",\"@id\":\"https:\\\/\\\/www.p31noticias.com.br\\\/#\\\/schema\\\/person\\\/95f2ece30e3b4132065b915150cd0f94\"},\"headline\":\"Legaliza\u00e7\u00e3o vai beneficiar mais de dois mil moradores\",\"datePublished\":\"2020-11-14T05:38:32+00:00\",\"mainEntityOfPage\":{\"@id\":\"https:\\\/\\\/www.p31noticias.com.br\\\/?p=22717\"},\"wordCount\":183,\"commentCount\":0,\"image\":{\"@id\":\"https:\\\/\\\/www.p31noticias.com.br\\\/?p=22717#primaryimage\"},\"thumbnailUrl\":\"https:\\\/\\\/www.p31noticias.com.br\\\/wp-content\\\/uploads\\\/2020\\\/11\\\/condom\u00ednios-grande-colorado.jpg\",\"articleSection\":[\"Outros\"],\"inLanguage\":\"pt-BR\",\"potentialAction\":[{\"@type\":\"CommentAction\",\"name\":\"Comment\",\"target\":[\"https:\\\/\\\/www.p31noticias.com.br\\\/?p=22717#respond\"]}],\"copyrightYear\":\"2020\",\"copyrightHolder\":{\"@id\":\"https:\\\/\\\/www.p31noticias.com.br\\\/#organization\"}},{\"@type\":\"WebPage\",\"@id\":\"https:\\\/\\\/www.p31noticias.com.br\\\/?p=22717\",\"url\":\"https:\\\/\\\/www.p31noticias.com.br\\\/?p=22717\",\"name\":\"Legaliza\u00e7\u00e3o vai beneficiar mais de dois mil moradores - P31\",\"isPartOf\":{\"@id\":\"https:\\\/\\\/www.p31noticias.com.br\\\/#website\"},\"primaryImageOfPage\":{\"@id\":\"https:\\\/\\\/www.p31noticias.com.br\\\/?p=22717#primaryimage\"},\"image\":{\"@id\":\"https:\\\/\\\/www.p31noticias.com.br\\\/?p=22717#primaryimage\"},\"thumbnailUrl\":\"https:\\\/\\\/www.p31noticias.com.br\\\/wp-content\\\/uploads\\\/2020\\\/11\\\/condom\u00ednios-grande-colorado.jpg\",\"datePublished\":\"2020-11-14T05:38:32+00:00\",\"author\":{\"@id\":\"https:\\\/\\\/www.p31noticias.com.br\\\/#\\\/schema\\\/person\\\/95f2ece30e3b4132065b915150cd0f94\"},\"breadcrumb\":{\"@id\":\"https:\\\/\\\/www.p31noticias.com.br\\\/?p=22717#breadcrumb\"},\"inLanguage\":\"pt-BR\",\"potentialAction\":[{\"@type\":\"ReadAction\",\"target\":[\"https:\\\/\\\/www.p31noticias.com.br\\\/?p=22717\"]}]},{\"@type\":\"ImageObject\",\"inLanguage\":\"pt-BR\",\"@id\":\"https:\\\/\\\/www.p31noticias.com.br\\\/?p=22717#primaryimage\",\"url\":\"https:\\\/\\\/www.p31noticias.com.br\\\/wp-content\\\/uploads\\\/2020\\\/11\\\/condom\u00ednios-grande-colorado.jpg\",\"contentUrl\":\"https:\\\/\\\/www.p31noticias.com.br\\\/wp-content\\\/uploads\\\/2020\\\/11\\\/condom\u00ednios-grande-colorado.jpg\",\"width\":840,\"height\":558},{\"@type\":\"BreadcrumbList\",\"@id\":\"https:\\\/\\\/www.p31noticias.com.br\\\/?p=22717#breadcrumb\",\"itemListElement\":[{\"@type\":\"ListItem\",\"position\":1,\"name\":\"In\u00edcio\",\"item\":\"https:\\\/\\\/www.p31noticias.com.br\\\/\"},{\"@type\":\"ListItem\",\"position\":2,\"name\":\"Legaliza\u00e7\u00e3o vai beneficiar mais de dois mil moradores\"}]},{\"@type\":\"WebSite\",\"@id\":\"https:\\\/\\\/www.p31noticias.com.br\\\/#website\",\"url\":\"https:\\\/\\\/www.p31noticias.com.br\\\/\",\"name\":\"P31\",\"description\":\"NOT\u00cdCIAS\",\"potentialAction\":[{\"@type\":\"SearchAction\",\"target\":{\"@type\":\"EntryPoint\",\"urlTemplate\":\"https:\\\/\\\/www.p31noticias.com.br\\\/?s={search_term_string}\"},\"query-input\":{\"@type\":\"PropertyValueSpecification\",\"valueRequired\":true,\"valueName\":\"search_term_string\"}}],\"inLanguage\":\"pt-BR\"},{\"@type\":\"Person\",\"@id\":\"https:\\\/\\\/www.p31noticias.com.br\\\/#\\\/schema\\\/person\\\/95f2ece30e3b4132065b915150cd0f94\",\"name\":\"Gon\u00e7alves Junior\",\"image\":{\"@type\":\"ImageObject\",\"inLanguage\":\"pt-BR\",\"@id\":\"https:\\\/\\\/secure.gravatar.com\\\/avatar\\\/6711f350116a89762687a48d66f723c799e5438a5b7578508d4294cd7a5d0800?s=96&d=mm&r=g\",\"url\":\"https:\\\/\\\/secure.gravatar.com\\\/avatar\\\/6711f350116a89762687a48d66f723c799e5438a5b7578508d4294cd7a5d0800?s=96&d=mm&r=g\",\"contentUrl\":\"https:\\\/\\\/secure.gravatar.com\\\/avatar\\\/6711f350116a89762687a48d66f723c799e5438a5b7578508d4294cd7a5d0800?s=96&d=mm&r=g\",\"caption\":\"Gon\u00e7alves Junior\"},\"url\":\"https:\\\/\\\/www.p31noticias.com.br\\\/?author=2\"}]}<\/script>\n<!-- \/ Yoast SEO Premium plugin. -->","yoast_head_json":{"title":"Legaliza\u00e7\u00e3o vai beneficiar mais de dois mil moradores - P31","robots":{"index":"index","follow":"follow","max-snippet":"max-snippet:-1","max-image-preview":"max-image-preview:large","max-video-preview":"max-video-preview:-1"},"canonical":"https:\/\/www.p31noticias.com.br\/?p=22717","og_locale":"pt_BR","og_type":"article","og_title":"Legaliza\u00e7\u00e3o vai beneficiar mais de dois mil moradores","og_description":"Decretos com os projetos urban\u00edsticos foram publicados no Di\u00e1rio Oficial do Distrito Federal (DODF) Uma boa not\u00edcia para moradores do Recanto das Emas, Riacho Fundo, \u00a0Brazl\u00e2ndia, Taguatinga e Ceil\u00e2ndia.\u00a0 Foram publicados no Di\u00e1rio Oficial do Distrito Federal (DODF),\u00a0 cinco decretos aprovando os projetos urban\u00edsticos de v\u00e1rios setores dessas regi\u00f5es. No total est\u00e3o sendo regularizados 503 [&hellip;]","og_url":"https:\/\/www.p31noticias.com.br\/?p=22717","og_site_name":"P31","article_published_time":"2020-11-14T05:38:32+00:00","og_image":[{"width":840,"height":558,"url":"https:\/\/www.p31noticias.com.br\/wp-content\/uploads\/2020\/11\/condom\u00ednios-grande-colorado.jpg","type":"image\/jpeg"}],"author":"Gon\u00e7alves Junior","twitter_card":"summary_large_image","twitter_misc":{"Escrito por":"Gon\u00e7alves Junior","Est. tempo de leitura":"1 minuto"},"schema":{"@context":"https:\/\/schema.org","@graph":[{"@type":"Article","@id":"https:\/\/www.p31noticias.com.br\/?p=22717#article","isPartOf":{"@id":"https:\/\/www.p31noticias.com.br\/?p=22717"},"author":{"name":"Gon\u00e7alves Junior","@id":"https:\/\/www.p31noticias.com.br\/#\/schema\/person\/95f2ece30e3b4132065b915150cd0f94"},"headline":"Legaliza\u00e7\u00e3o vai beneficiar mais de dois mil moradores","datePublished":"2020-11-14T05:38:32+00:00","mainEntityOfPage":{"@id":"https:\/\/www.p31noticias.com.br\/?p=22717"},"wordCount":183,"commentCount":0,"image":{"@id":"https:\/\/www.p31noticias.com.br\/?p=22717#primaryimage"},"thumbnailUrl":"https:\/\/www.p31noticias.com.br\/wp-content\/uploads\/2020\/11\/condom\u00ednios-grande-colorado.jpg","articleSection":["Outros"],"inLanguage":"pt-BR","potentialAction":[{"@type":"CommentAction","name":"Comment","target":["https:\/\/www.p31noticias.com.br\/?p=22717#respond"]}],"copyrightYear":"2020","copyrightHolder":{"@id":"https:\/\/www.p31noticias.com.br\/#organization"}},{"@type":"WebPage","@id":"https:\/\/www.p31noticias.com.br\/?p=22717","url":"https:\/\/www.p31noticias.com.br\/?p=22717","name":"Legaliza\u00e7\u00e3o vai beneficiar mais de dois mil moradores - P31","isPartOf":{"@id":"https:\/\/www.p31noticias.com.br\/#website"},"primaryImageOfPage":{"@id":"https:\/\/www.p31noticias.com.br\/?p=22717#primaryimage"},"image":{"@id":"https:\/\/www.p31noticias.com.br\/?p=22717#primaryimage"},"thumbnailUrl":"https:\/\/www.p31noticias.com.br\/wp-content\/uploads\/2020\/11\/condom\u00ednios-grande-colorado.jpg","datePublished":"2020-11-14T05:38:32+00:00","author":{"@id":"https:\/\/www.p31noticias.com.br\/#\/schema\/person\/95f2ece30e3b4132065b915150cd0f94"},"breadcrumb":{"@id":"https:\/\/www.p31noticias.com.br\/?p=22717#breadcrumb"},"inLanguage":"pt-BR","potentialAction":[{"@type":"ReadAction","target":["https:\/\/www.p31noticias.com.br\/?p=22717"]}]},{"@type":"ImageObject","inLanguage":"pt-BR","@id":"https:\/\/www.p31noticias.com.br\/?p=22717#primaryimage","url":"https:\/\/www.p31noticias.com.br\/wp-content\/uploads\/2020\/11\/condom\u00ednios-grande-colorado.jpg","contentUrl":"https:\/\/www.p31noticias.com.br\/wp-content\/uploads\/2020\/11\/condom\u00ednios-grande-colorado.jpg","width":840,"height":558},{"@type":"BreadcrumbList","@id":"https:\/\/www.p31noticias.com.br\/?p=22717#breadcrumb","itemListElement":[{"@type":"ListItem","position":1,"name":"In\u00edcio","item":"https:\/\/www.p31noticias.com.br\/"},{"@type":"ListItem","position":2,"name":"Legaliza\u00e7\u00e3o vai beneficiar mais de dois mil moradores"}]},{"@type":"WebSite","@id":"https:\/\/www.p31noticias.com.br\/#website","url":"https:\/\/www.p31noticias.com.br\/","name":"P31","description":"NOT\u00cdCIAS","potentialAction":[{"@type":"SearchAction","target":{"@type":"EntryPoint","urlTemplate":"https:\/\/www.p31noticias.com.br\/?s={search_term_string}"},"query-input":{"@type":"PropertyValueSpecification","valueRequired":true,"valueName":"search_term_string"}}],"inLanguage":"pt-BR"},{"@type":"Person","@id":"https:\/\/www.p31noticias.com.br\/#\/schema\/person\/95f2ece30e3b4132065b915150cd0f94","name":"Gon\u00e7alves Junior","image":{"@type":"ImageObject","inLanguage":"pt-BR","@id":"https:\/\/secure.gravatar.com\/avatar\/6711f350116a89762687a48d66f723c799e5438a5b7578508d4294cd7a5d0800?s=96&d=mm&r=g","url":"https:\/\/secure.gravatar.com\/avatar\/6711f350116a89762687a48d66f723c799e5438a5b7578508d4294cd7a5d0800?s=96&d=mm&r=g","contentUrl":"https:\/\/secure.gravatar.com\/avatar\/6711f350116a89762687a48d66f723c799e5438a5b7578508d4294cd7a5d0800?s=96&d=mm&r=g","caption":"Gon\u00e7alves Junior"},"url":"https:\/\/www.p31noticias.com.br\/?author=2"}]}},"amp_enabled":true,"_links":{"self":[{"href":"https:\/\/www.p31noticias.com.br\/index.php?rest_route=\/wp\/v2\/posts\/22717","targetHints":{"allow":["GET"]}}],"collection":[{"href":"https:\/\/www.p31noticias.com.br\/index.php?rest_route=\/wp\/v2\/posts"}],"about":[{"href":"https:\/\/www.p31noticias.com.br\/index.php?rest_route=\/wp\/v2\/types\/post"}],"author":[{"embeddable":true,"href":"https:\/\/www.p31noticias.com.br\/index.php?rest_route=\/wp\/v2\/users\/2"}],"replies":[{"embeddable":true,"href":"https:\/\/www.p31noticias.com.br\/index.php?rest_route=%2Fwp%2Fv2%2Fcomments&post=22717"}],"version-history":[{"count":1,"href":"https:\/\/www.p31noticias.com.br\/index.php?rest_route=\/wp\/v2\/posts\/22717\/revisions"}],"predecessor-version":[{"id":22719,"href":"https:\/\/www.p31noticias.com.br\/index.php?rest_route=\/wp\/v2\/posts\/22717\/revisions\/22719"}],"wp:featuredmedia":[{"embeddable":true,"href":"https:\/\/www.p31noticias.com.br\/index.php?rest_route=\/wp\/v2\/media\/22718"}],"wp:attachment":[{"href":"https:\/\/www.p31noticias.com.br\/index.php?rest_route=%2Fwp%2Fv2%2Fmedia&parent=22717"}],"wp:term":[{"taxonomy":"category","embeddable":true,"href":"https:\/\/www.p31noticias.com.br\/index.php?rest_route=%2Fwp%2Fv2%2Fcategories&post=22717"},{"taxonomy":"post_tag","embeddable":true,"href":"https:\/\/www.p31noticias.com.br\/index.php?rest_route=%2Fwp%2Fv2%2Ftags&post=22717"}],"curies":[{"name":"wp","href":"https:\/\/api.w.org\/{rel}","templated":true}]}}