{"id":22711,"date":"2020-11-03T01:39:39","date_gmt":"2020-11-03T01:39:39","guid":{"rendered":"https:\/\/p31noticias.com.br\/?p=22711"},"modified":"2020-11-03T01:50:47","modified_gmt":"2020-11-03T01:50:47","slug":"jose-gomes-reassume-mandato-na-camara-legislativa-do-df","status":"publish","type":"post","link":"https:\/\/www.p31noticias.com.br\/?p=22711","title":{"rendered":"Jos\u00e9 Gomes reassume mandato na C\u00e2mara Legislativa do DF"},"content":{"rendered":"<p><em><strong>Em posse na presid\u00eancia, Jos\u00e9 Gomes disse que quer continuar trabalhando pela popula\u00e7\u00e3o do Distrito Federal<\/strong><\/em><\/p>\n<p style=\"text-align: justify;\">O distrital Jos\u00e9 Gomes (PSB) foi reempossado em cerim\u00f4nia realizada nesta sexta-feira (30) no gabinete da presid\u00eancia da C\u00e2mara Legislativa do Distrito Federal (CLDF). Ele retorna ao mandato ap\u00f3s liminar do ministro Dias Toffoli, do Supremo Tribunal Federal, suspender seu afastamento. \u201cPrimeiro agrade\u00e7o a Deus por estar aqui. Sabemos que n\u00e3o fizemos nada de errado e quero continuar trabalhando pela popula\u00e7\u00e3o do Distrito Federal\u201d \u2013 afirmou o deputado. O presidente da CLDF, Rafael Prudente (MDB), deu as boas-vindas ao distrital que conhece \u201cdesde menino\u201d: \u201cEst\u00e1 aqui para representar e ajudar as pessoas que mais precisam, como tem feito. Sei que volta com for\u00e7a de vontade para fazer ainda mais\u201d.<\/p>\n<p style=\"text-align: justify;\">O deputado Jo\u00e3o Hermeto (MDB) tamb\u00e9m recepcionou Jos\u00e9 Gomes na cerim\u00f4nia, afirmando que ele \u201ctem todo apoio pelo que trabalhou e representa nessa Casa\u201d. Delegado Fernando Fernandes (Pros) desejou um bom retorno do distrital \u00e0 C\u00e2mara, \u201cde onde nunca deveria ter sa\u00eddo\u201d. O vice-presidente da CLDF, Rodrigo Delmasso (Republicanos), comemorou a volta do l\u00edder do seu bloco: \u201cDeus socorre aqueles que o amam. Que esse seu retorno seja dupla honra na sua vida\u201d.<\/p>\n<p style=\"text-align: justify;\">Com o retorno de Jos\u00e9 Gomes, a correligion\u00e1ria Luzia da Paula (PSB), que havia sido empossada no dia 16 de outubro, volta para a supl\u00eancia.<\/p>\n<p style=\"text-align: justify;\">M\u00e1rio Espinheira<br \/>\nFoto: Carlos Gandra\/CLDF<br \/>\nC\u00e2mara legislativa &#8211; C\u00e2mara Legislativa<\/p>\n","protected":false},"excerpt":{"rendered":"<p>Em posse na presid\u00eancia, Jos\u00e9 Gomes disse que quer continuar trabalhando pela popula\u00e7\u00e3o do Distrito Federal O distrital Jos\u00e9 Gomes (PSB) foi reempossado em cerim\u00f4nia realizada nesta sexta-feira (30) no gabinete da presid\u00eancia da C\u00e2mara Legislativa do Distrito Federal (CLDF). Ele retorna ao mandato ap\u00f3s liminar do ministro Dias Toffoli, do Supremo Tribunal Federal, suspender [&hellip;]<\/p>\n","protected":false},"author":2,"featured_media":22713,"comment_status":"open","ping_status":"open","sticky":false,"template":"","format":"standard","meta":{"footnotes":""},"categories":[57],"tags":[],"class_list":{"0":"post-22711","1":"post","2":"type-post","3":"status-publish","4":"format-standard","5":"has-post-thumbnail","7":"category-politica"},"yoast_head":"<!-- This site is optimized with the Yoast SEO Premium plugin v24.5 (Yoast SEO v27.5) - https:\/\/yoast.com\/product\/yoast-seo-premium-wordpress\/ -->\n<title>Jos\u00e9 Gomes reassume mandato na C\u00e2mara Legislativa do DF - P31<\/title>\n<meta name=\"robots\" content=\"index, follow, max-snippet:-1, max-image-preview:large, max-video-preview:-1\" \/>\n<link rel=\"canonical\" href=\"https:\/\/www.p31noticias.com.br\/?p=22711\" \/>\n<meta property=\"og:locale\" content=\"pt_BR\" \/>\n<meta property=\"og:type\" content=\"article\" \/>\n<meta property=\"og:title\" content=\"Jos\u00e9 Gomes reassume mandato na C\u00e2mara Legislativa do DF\" \/>\n<meta property=\"og:description\" content=\"Em posse na presid\u00eancia, Jos\u00e9 Gomes disse que quer continuar trabalhando pela popula\u00e7\u00e3o do Distrito Federal O distrital Jos\u00e9 Gomes (PSB) foi reempossado em cerim\u00f4nia realizada nesta sexta-feira (30) no gabinete da presid\u00eancia da C\u00e2mara Legislativa do Distrito Federal (CLDF). Ele retorna ao mandato ap\u00f3s liminar do ministro Dias Toffoli, do Supremo Tribunal Federal, suspender [&hellip;]\" \/>\n<meta property=\"og:url\" content=\"https:\/\/www.p31noticias.com.br\/?p=22711\" \/>\n<meta property=\"og:site_name\" content=\"P31\" \/>\n<meta property=\"article:published_time\" content=\"2020-11-03T01:39:39+00:00\" \/>\n<meta property=\"article:modified_time\" content=\"2020-11-03T01:50:47+00:00\" \/>\n<meta property=\"og:image\" content=\"https:\/\/www.p31noticias.com.br\/wp-content\/uploads\/2020\/11\/download-6.jpg\" \/>\n\t<meta property=\"og:image:width\" content=\"275\" \/>\n\t<meta property=\"og:image:height\" content=\"183\" \/>\n\t<meta property=\"og:image:type\" content=\"image\/jpeg\" \/>\n<meta name=\"author\" content=\"Gon\u00e7alves Junior\" \/>\n<meta name=\"twitter:card\" content=\"summary_large_image\" \/>\n<meta name=\"twitter:label1\" content=\"Escrito por\" \/>\n\t<meta name=\"twitter:data1\" content=\"Gon\u00e7alves Junior\" \/>\n\t<meta name=\"twitter:label2\" content=\"Est. tempo de leitura\" \/>\n\t<meta name=\"twitter:data2\" content=\"1 minuto\" \/>\n<script type=\"application\/ld+json\" class=\"yoast-schema-graph\">{\"@context\":\"https:\\\/\\\/schema.org\",\"@graph\":[{\"@type\":\"Article\",\"@id\":\"https:\\\/\\\/www.p31noticias.com.br\\\/?p=22711#article\",\"isPartOf\":{\"@id\":\"https:\\\/\\\/www.p31noticias.com.br\\\/?p=22711\"},\"author\":{\"name\":\"Gon\u00e7alves Junior\",\"@id\":\"https:\\\/\\\/www.p31noticias.com.br\\\/#\\\/schema\\\/person\\\/95f2ece30e3b4132065b915150cd0f94\"},\"headline\":\"Jos\u00e9 Gomes reassume mandato na C\u00e2mara Legislativa do DF\",\"datePublished\":\"2020-11-03T01:39:39+00:00\",\"dateModified\":\"2020-11-03T01:50:47+00:00\",\"mainEntityOfPage\":{\"@id\":\"https:\\\/\\\/www.p31noticias.com.br\\\/?p=22711\"},\"wordCount\":261,\"commentCount\":0,\"image\":{\"@id\":\"https:\\\/\\\/www.p31noticias.com.br\\\/?p=22711#primaryimage\"},\"thumbnailUrl\":\"https:\\\/\\\/www.p31noticias.com.br\\\/wp-content\\\/uploads\\\/2020\\\/11\\\/download-6.jpg\",\"articleSection\":[\"Pol\u00edtica\"],\"inLanguage\":\"pt-BR\",\"potentialAction\":[{\"@type\":\"CommentAction\",\"name\":\"Comment\",\"target\":[\"https:\\\/\\\/www.p31noticias.com.br\\\/?p=22711#respond\"]}],\"copyrightYear\":\"2020\",\"copyrightHolder\":{\"@id\":\"https:\\\/\\\/www.p31noticias.com.br\\\/#organization\"}},{\"@type\":\"WebPage\",\"@id\":\"https:\\\/\\\/www.p31noticias.com.br\\\/?p=22711\",\"url\":\"https:\\\/\\\/www.p31noticias.com.br\\\/?p=22711\",\"name\":\"Jos\u00e9 Gomes reassume mandato na C\u00e2mara Legislativa do DF - P31\",\"isPartOf\":{\"@id\":\"https:\\\/\\\/www.p31noticias.com.br\\\/#website\"},\"primaryImageOfPage\":{\"@id\":\"https:\\\/\\\/www.p31noticias.com.br\\\/?p=22711#primaryimage\"},\"image\":{\"@id\":\"https:\\\/\\\/www.p31noticias.com.br\\\/?p=22711#primaryimage\"},\"thumbnailUrl\":\"https:\\\/\\\/www.p31noticias.com.br\\\/wp-content\\\/uploads\\\/2020\\\/11\\\/download-6.jpg\",\"datePublished\":\"2020-11-03T01:39:39+00:00\",\"dateModified\":\"2020-11-03T01:50:47+00:00\",\"author\":{\"@id\":\"https:\\\/\\\/www.p31noticias.com.br\\\/#\\\/schema\\\/person\\\/95f2ece30e3b4132065b915150cd0f94\"},\"breadcrumb\":{\"@id\":\"https:\\\/\\\/www.p31noticias.com.br\\\/?p=22711#breadcrumb\"},\"inLanguage\":\"pt-BR\",\"potentialAction\":[{\"@type\":\"ReadAction\",\"target\":[\"https:\\\/\\\/www.p31noticias.com.br\\\/?p=22711\"]}]},{\"@type\":\"ImageObject\",\"inLanguage\":\"pt-BR\",\"@id\":\"https:\\\/\\\/www.p31noticias.com.br\\\/?p=22711#primaryimage\",\"url\":\"https:\\\/\\\/www.p31noticias.com.br\\\/wp-content\\\/uploads\\\/2020\\\/11\\\/download-6.jpg\",\"contentUrl\":\"https:\\\/\\\/www.p31noticias.com.br\\\/wp-content\\\/uploads\\\/2020\\\/11\\\/download-6.jpg\",\"width\":275,\"height\":183},{\"@type\":\"BreadcrumbList\",\"@id\":\"https:\\\/\\\/www.p31noticias.com.br\\\/?p=22711#breadcrumb\",\"itemListElement\":[{\"@type\":\"ListItem\",\"position\":1,\"name\":\"In\u00edcio\",\"item\":\"https:\\\/\\\/www.p31noticias.com.br\\\/\"},{\"@type\":\"ListItem\",\"position\":2,\"name\":\"Jos\u00e9 Gomes reassume mandato na C\u00e2mara Legislativa do DF\"}]},{\"@type\":\"WebSite\",\"@id\":\"https:\\\/\\\/www.p31noticias.com.br\\\/#website\",\"url\":\"https:\\\/\\\/www.p31noticias.com.br\\\/\",\"name\":\"P31\",\"description\":\"NOT\u00cdCIAS\",\"potentialAction\":[{\"@type\":\"SearchAction\",\"target\":{\"@type\":\"EntryPoint\",\"urlTemplate\":\"https:\\\/\\\/www.p31noticias.com.br\\\/?s={search_term_string}\"},\"query-input\":{\"@type\":\"PropertyValueSpecification\",\"valueRequired\":true,\"valueName\":\"search_term_string\"}}],\"inLanguage\":\"pt-BR\"},{\"@type\":\"Person\",\"@id\":\"https:\\\/\\\/www.p31noticias.com.br\\\/#\\\/schema\\\/person\\\/95f2ece30e3b4132065b915150cd0f94\",\"name\":\"Gon\u00e7alves Junior\",\"image\":{\"@type\":\"ImageObject\",\"inLanguage\":\"pt-BR\",\"@id\":\"https:\\\/\\\/secure.gravatar.com\\\/avatar\\\/6711f350116a89762687a48d66f723c799e5438a5b7578508d4294cd7a5d0800?s=96&d=mm&r=g\",\"url\":\"https:\\\/\\\/secure.gravatar.com\\\/avatar\\\/6711f350116a89762687a48d66f723c799e5438a5b7578508d4294cd7a5d0800?s=96&d=mm&r=g\",\"contentUrl\":\"https:\\\/\\\/secure.gravatar.com\\\/avatar\\\/6711f350116a89762687a48d66f723c799e5438a5b7578508d4294cd7a5d0800?s=96&d=mm&r=g\",\"caption\":\"Gon\u00e7alves Junior\"},\"url\":\"https:\\\/\\\/www.p31noticias.com.br\\\/?author=2\"}]}<\/script>\n<!-- \/ Yoast SEO Premium plugin. -->","yoast_head_json":{"title":"Jos\u00e9 Gomes reassume mandato na C\u00e2mara Legislativa do DF - P31","robots":{"index":"index","follow":"follow","max-snippet":"max-snippet:-1","max-image-preview":"max-image-preview:large","max-video-preview":"max-video-preview:-1"},"canonical":"https:\/\/www.p31noticias.com.br\/?p=22711","og_locale":"pt_BR","og_type":"article","og_title":"Jos\u00e9 Gomes reassume mandato na C\u00e2mara Legislativa do DF","og_description":"Em posse na presid\u00eancia, Jos\u00e9 Gomes disse que quer continuar trabalhando pela popula\u00e7\u00e3o do Distrito Federal O distrital Jos\u00e9 Gomes (PSB) foi reempossado em cerim\u00f4nia realizada nesta sexta-feira (30) no gabinete da presid\u00eancia da C\u00e2mara Legislativa do Distrito Federal (CLDF). Ele retorna ao mandato ap\u00f3s liminar do ministro Dias Toffoli, do Supremo Tribunal Federal, suspender [&hellip;]","og_url":"https:\/\/www.p31noticias.com.br\/?p=22711","og_site_name":"P31","article_published_time":"2020-11-03T01:39:39+00:00","article_modified_time":"2020-11-03T01:50:47+00:00","og_image":[{"width":275,"height":183,"url":"https:\/\/www.p31noticias.com.br\/wp-content\/uploads\/2020\/11\/download-6.jpg","type":"image\/jpeg"}],"author":"Gon\u00e7alves Junior","twitter_card":"summary_large_image","twitter_misc":{"Escrito por":"Gon\u00e7alves Junior","Est. tempo de leitura":"1 minuto"},"schema":{"@context":"https:\/\/schema.org","@graph":[{"@type":"Article","@id":"https:\/\/www.p31noticias.com.br\/?p=22711#article","isPartOf":{"@id":"https:\/\/www.p31noticias.com.br\/?p=22711"},"author":{"name":"Gon\u00e7alves Junior","@id":"https:\/\/www.p31noticias.com.br\/#\/schema\/person\/95f2ece30e3b4132065b915150cd0f94"},"headline":"Jos\u00e9 Gomes reassume mandato na C\u00e2mara Legislativa do DF","datePublished":"2020-11-03T01:39:39+00:00","dateModified":"2020-11-03T01:50:47+00:00","mainEntityOfPage":{"@id":"https:\/\/www.p31noticias.com.br\/?p=22711"},"wordCount":261,"commentCount":0,"image":{"@id":"https:\/\/www.p31noticias.com.br\/?p=22711#primaryimage"},"thumbnailUrl":"https:\/\/www.p31noticias.com.br\/wp-content\/uploads\/2020\/11\/download-6.jpg","articleSection":["Pol\u00edtica"],"inLanguage":"pt-BR","potentialAction":[{"@type":"CommentAction","name":"Comment","target":["https:\/\/www.p31noticias.com.br\/?p=22711#respond"]}],"copyrightYear":"2020","copyrightHolder":{"@id":"https:\/\/www.p31noticias.com.br\/#organization"}},{"@type":"WebPage","@id":"https:\/\/www.p31noticias.com.br\/?p=22711","url":"https:\/\/www.p31noticias.com.br\/?p=22711","name":"Jos\u00e9 Gomes reassume mandato na C\u00e2mara Legislativa do DF - P31","isPartOf":{"@id":"https:\/\/www.p31noticias.com.br\/#website"},"primaryImageOfPage":{"@id":"https:\/\/www.p31noticias.com.br\/?p=22711#primaryimage"},"image":{"@id":"https:\/\/www.p31noticias.com.br\/?p=22711#primaryimage"},"thumbnailUrl":"https:\/\/www.p31noticias.com.br\/wp-content\/uploads\/2020\/11\/download-6.jpg","datePublished":"2020-11-03T01:39:39+00:00","dateModified":"2020-11-03T01:50:47+00:00","author":{"@id":"https:\/\/www.p31noticias.com.br\/#\/schema\/person\/95f2ece30e3b4132065b915150cd0f94"},"breadcrumb":{"@id":"https:\/\/www.p31noticias.com.br\/?p=22711#breadcrumb"},"inLanguage":"pt-BR","potentialAction":[{"@type":"ReadAction","target":["https:\/\/www.p31noticias.com.br\/?p=22711"]}]},{"@type":"ImageObject","inLanguage":"pt-BR","@id":"https:\/\/www.p31noticias.com.br\/?p=22711#primaryimage","url":"https:\/\/www.p31noticias.com.br\/wp-content\/uploads\/2020\/11\/download-6.jpg","contentUrl":"https:\/\/www.p31noticias.com.br\/wp-content\/uploads\/2020\/11\/download-6.jpg","width":275,"height":183},{"@type":"BreadcrumbList","@id":"https:\/\/www.p31noticias.com.br\/?p=22711#breadcrumb","itemListElement":[{"@type":"ListItem","position":1,"name":"In\u00edcio","item":"https:\/\/www.p31noticias.com.br\/"},{"@type":"ListItem","position":2,"name":"Jos\u00e9 Gomes reassume mandato na C\u00e2mara Legislativa do DF"}]},{"@type":"WebSite","@id":"https:\/\/www.p31noticias.com.br\/#website","url":"https:\/\/www.p31noticias.com.br\/","name":"P31","description":"NOT\u00cdCIAS","potentialAction":[{"@type":"SearchAction","target":{"@type":"EntryPoint","urlTemplate":"https:\/\/www.p31noticias.com.br\/?s={search_term_string}"},"query-input":{"@type":"PropertyValueSpecification","valueRequired":true,"valueName":"search_term_string"}}],"inLanguage":"pt-BR"},{"@type":"Person","@id":"https:\/\/www.p31noticias.com.br\/#\/schema\/person\/95f2ece30e3b4132065b915150cd0f94","name":"Gon\u00e7alves Junior","image":{"@type":"ImageObject","inLanguage":"pt-BR","@id":"https:\/\/secure.gravatar.com\/avatar\/6711f350116a89762687a48d66f723c799e5438a5b7578508d4294cd7a5d0800?s=96&d=mm&r=g","url":"https:\/\/secure.gravatar.com\/avatar\/6711f350116a89762687a48d66f723c799e5438a5b7578508d4294cd7a5d0800?s=96&d=mm&r=g","contentUrl":"https:\/\/secure.gravatar.com\/avatar\/6711f350116a89762687a48d66f723c799e5438a5b7578508d4294cd7a5d0800?s=96&d=mm&r=g","caption":"Gon\u00e7alves Junior"},"url":"https:\/\/www.p31noticias.com.br\/?author=2"}]}},"amp_enabled":true,"_links":{"self":[{"href":"https:\/\/www.p31noticias.com.br\/index.php?rest_route=\/wp\/v2\/posts\/22711","targetHints":{"allow":["GET"]}}],"collection":[{"href":"https:\/\/www.p31noticias.com.br\/index.php?rest_route=\/wp\/v2\/posts"}],"about":[{"href":"https:\/\/www.p31noticias.com.br\/index.php?rest_route=\/wp\/v2\/types\/post"}],"author":[{"embeddable":true,"href":"https:\/\/www.p31noticias.com.br\/index.php?rest_route=\/wp\/v2\/users\/2"}],"replies":[{"embeddable":true,"href":"https:\/\/www.p31noticias.com.br\/index.php?rest_route=%2Fwp%2Fv2%2Fcomments&post=22711"}],"version-history":[{"count":3,"href":"https:\/\/www.p31noticias.com.br\/index.php?rest_route=\/wp\/v2\/posts\/22711\/revisions"}],"predecessor-version":[{"id":22715,"href":"https:\/\/www.p31noticias.com.br\/index.php?rest_route=\/wp\/v2\/posts\/22711\/revisions\/22715"}],"wp:featuredmedia":[{"embeddable":true,"href":"https:\/\/www.p31noticias.com.br\/index.php?rest_route=\/wp\/v2\/media\/22713"}],"wp:attachment":[{"href":"https:\/\/www.p31noticias.com.br\/index.php?rest_route=%2Fwp%2Fv2%2Fmedia&parent=22711"}],"wp:term":[{"taxonomy":"category","embeddable":true,"href":"https:\/\/www.p31noticias.com.br\/index.php?rest_route=%2Fwp%2Fv2%2Fcategories&post=22711"},{"taxonomy":"post_tag","embeddable":true,"href":"https:\/\/www.p31noticias.com.br\/index.php?rest_route=%2Fwp%2Fv2%2Ftags&post=22711"}],"curies":[{"name":"wp","href":"https:\/\/api.w.org\/{rel}","templated":true}]}}