{"id":22707,"date":"2020-11-03T01:28:33","date_gmt":"2020-11-03T01:28:33","guid":{"rendered":"https:\/\/p31noticias.com.br\/?p=22707"},"modified":"2020-11-03T01:52:51","modified_gmt":"2020-11-03T01:52:51","slug":"ministerio-da-saude-quase-5-milhoes-se-recuperaram-da-covid-19","status":"publish","type":"post","link":"https:\/\/www.p31noticias.com.br\/?p=22707","title":{"rendered":"Minist\u00e9rio da Sa\u00fade: quase 5 milh\u00f5es se recuperaram da covid-19"},"content":{"rendered":"<h3 class=\"col-10 offset-1 animated fadeInDown dealy-900 display-8 display-md-8 alt-font font-italic my-1 text-center\"><em><strong>Pa\u00eds teve 5,545 milh\u00f5es de casos confirmados<\/strong><\/em><\/h3>\n<p style=\"text-align: justify;\">O\u00a0<a href=\"https:\/\/covid.saude.gov.br\/\" target=\"_blank\" rel=\"noopener noreferrer\">Painel Coronav\u00edrus\u00a0<\/a>do Minist\u00e9rio da Sa\u00fade informa que mais 190 pessoas morreram por causa da covid-19 no Brasil nas \u00faltimas 24 horas, conforme registros oficiais nesta segunda-feira (2). Com isso, o total de mortos \u00e9 de 160.074 desde 27 de mar\u00e7o. A taxa de mortalidade \u00e9 de 76,2 casos a cada 100 mil habitantes. No total, a letalidade \u00e9 de 2,9%.<img decoding=\"async\" src=\"https:\/\/agenciabrasil.ebc.com.br\/ebc.png?id=1392077&amp;o=node\" \/><img decoding=\"async\" src=\"https:\/\/agenciabrasil.ebc.com.br\/ebc.gif?id=1392077&amp;o=node\" \/><\/p>\n<p style=\"text-align: justify;\">De acordo com a atualiza\u00e7\u00e3o, 10,1 mil pessoas tiveram registradas novas contamina\u00e7\u00f5es. O balan\u00e7o totaliza 5,545 milh\u00f5es casos de contamina\u00e7\u00e3o pelo novo coronav\u00edrus \u2013 incid\u00eancia de 2.639 casos a cada grupo de 100 mil habitantes. Segundo o minist\u00e9rio, 4,980 milh\u00f5es de pessoas recuperaram a sa\u00fade depois da infec\u00e7\u00e3o. Mais de 404 mil casos seguem em acompanhamento.<\/p>\n<p style=\"text-align: justify;\">A Regi\u00e3o Sudeste registra um total de 1,944 milh\u00e3o de casos de infec\u00e7\u00e3o pela covid-19 e 72,8 mil mortes. A regi\u00e3o \u00e9 seguida pelo Nordeste com 1,480 milh\u00e3o de casos e 42,2 mil mortes. No Sul, s\u00e3o 722,7 mil casos e 14,8 mil mortes. No Norte do pa\u00eds, 703,4 mil pessoas se infectaram e 15,9 mil foram a \u00f3bito.<\/p>\n<p style=\"text-align: justify;\">No Centro-Oeste, h\u00e1 694,8 mil casos de contamina\u00e7\u00e3o e 14,8 mil casos de morte. As piores taxas de incid\u00eancia e de mortalidade por 100 mil habitantes est\u00e3o nesta regi\u00e3o: 4.263,6 pessoas se infectaram e 91,1 morreram a cada grupo de 100 mil habitantes.<\/p>\n<p><img decoding=\"async\" src=\"https:\/\/imagens.ebc.com.br\/qTbsGxnwd6mo8jjPvLb6xnhaGDY=\/754x0\/smart\/https:\/\/agenciabrasil.ebc.com.br\/sites\/default\/files\/thumbnails\/image\/whatsapp_image_2020-11-02_at_18.36.21.jpeg?itok=P0qMWsgt\" alt=\"boletim epidemiol\u00f3gico de 2 de novembro\" \/><\/p>\n<h2>S\u00e3o Paulo<\/h2>\n<p style=\"text-align: justify;\">Com a confirma\u00e7\u00e3o de 648 casos de covid-19 nas \u00faltimas 24 horas, o estado de S\u00e3o Paulo atingiu um total de 1.117.795 de casos, de acordo com informa\u00e7\u00f5es atualizadas nesta segunda, pelo governo local. No per\u00edodo, tamb\u00e9m foram notificados 15 \u00f3bitos. Assim, a soma de mortes causadas pela doen\u00e7a chega a 39.346.<\/p>\n<p style=\"text-align: justify;\">No boletim epidemiol\u00f3gico, constam, ainda, dados referentes \u00e0 ocupa\u00e7\u00e3o de leitos hospitalares. Na Grande S\u00e3o Paulo, 41% dos leitos de Unidade de Terapia Intensiva (UTI) foram preenchidos por pacientes em tratamento contra a doen\u00e7a. Nos demais munic\u00edpios do estado, o \u00edndice \u00e9 de 39,4%.<\/p>\n<p style=\"text-align: justify;\">Ao todo, 6.928 pessoas est\u00e3o internadas em hospitais de todo o estado, sendo 3.901 em enfermarias e 3.027 em leitos de UTI. Atualmente, 91% dos 645 munic\u00edpios paulistas t\u00eam ao menos um \u00f3bito.<\/p>\n<p>Fonte : Ag\u00eancia Brasil<\/p>\n","protected":false},"excerpt":{"rendered":"<p>Pa\u00eds teve 5,545 milh\u00f5es de casos confirmados O\u00a0Painel Coronav\u00edrus\u00a0do Minist\u00e9rio da Sa\u00fade informa que mais 190 pessoas morreram por causa da covid-19 no Brasil nas \u00faltimas 24 horas, conforme registros oficiais nesta segunda-feira (2). Com isso, o total de mortos \u00e9 de 160.074 desde 27 de mar\u00e7o. A taxa de mortalidade \u00e9 de 76,2 casos [&hellip;]<\/p>\n","protected":false},"author":2,"featured_media":22708,"comment_status":"open","ping_status":"open","sticky":false,"template":"","format":"standard","meta":{"footnotes":""},"categories":[1],"tags":[],"class_list":{"0":"post-22707","1":"post","2":"type-post","3":"status-publish","4":"format-standard","5":"has-post-thumbnail","7":"category-outros"},"yoast_head":"<!-- This site is optimized with the Yoast SEO Premium plugin v24.5 (Yoast SEO v27.5) - https:\/\/yoast.com\/product\/yoast-seo-premium-wordpress\/ -->\n<title>Minist\u00e9rio da Sa\u00fade: quase 5 milh\u00f5es se recuperaram da covid-19 - P31<\/title>\n<meta name=\"robots\" content=\"index, follow, max-snippet:-1, max-image-preview:large, max-video-preview:-1\" \/>\n<link rel=\"canonical\" href=\"https:\/\/www.p31noticias.com.br\/?p=22707\" \/>\n<meta property=\"og:locale\" content=\"pt_BR\" \/>\n<meta property=\"og:type\" content=\"article\" \/>\n<meta property=\"og:title\" content=\"Minist\u00e9rio da Sa\u00fade: quase 5 milh\u00f5es se recuperaram da covid-19\" \/>\n<meta property=\"og:description\" content=\"Pa\u00eds teve 5,545 milh\u00f5es de casos confirmados O\u00a0Painel Coronav\u00edrus\u00a0do Minist\u00e9rio da Sa\u00fade informa que mais 190 pessoas morreram por causa da covid-19 no Brasil nas \u00faltimas 24 horas, conforme registros oficiais nesta segunda-feira (2). Com isso, o total de mortos \u00e9 de 160.074 desde 27 de mar\u00e7o. A taxa de mortalidade \u00e9 de 76,2 casos [&hellip;]\" \/>\n<meta property=\"og:url\" content=\"https:\/\/www.p31noticias.com.br\/?p=22707\" \/>\n<meta property=\"og:site_name\" content=\"P31\" \/>\n<meta property=\"article:published_time\" content=\"2020-11-03T01:28:33+00:00\" \/>\n<meta property=\"article:modified_time\" content=\"2020-11-03T01:52:51+00:00\" \/>\n<meta property=\"og:image\" content=\"https:\/\/www.p31noticias.com.br\/wp-content\/uploads\/2020\/11\/images-3.jpg\" \/>\n\t<meta property=\"og:image:width\" content=\"275\" \/>\n\t<meta property=\"og:image:height\" content=\"183\" \/>\n\t<meta property=\"og:image:type\" content=\"image\/jpeg\" \/>\n<meta name=\"author\" content=\"Gon\u00e7alves Junior\" \/>\n<meta name=\"twitter:card\" content=\"summary_large_image\" \/>\n<meta name=\"twitter:label1\" content=\"Escrito por\" \/>\n\t<meta name=\"twitter:data1\" content=\"Gon\u00e7alves Junior\" \/>\n\t<meta name=\"twitter:label2\" content=\"Est. tempo de leitura\" \/>\n\t<meta name=\"twitter:data2\" content=\"2 minutos\" \/>\n<script type=\"application\/ld+json\" class=\"yoast-schema-graph\">{\"@context\":\"https:\\\/\\\/schema.org\",\"@graph\":[{\"@type\":\"Article\",\"@id\":\"https:\\\/\\\/www.p31noticias.com.br\\\/?p=22707#article\",\"isPartOf\":{\"@id\":\"https:\\\/\\\/www.p31noticias.com.br\\\/?p=22707\"},\"author\":{\"name\":\"Gon\u00e7alves Junior\",\"@id\":\"https:\\\/\\\/www.p31noticias.com.br\\\/#\\\/schema\\\/person\\\/95f2ece30e3b4132065b915150cd0f94\"},\"headline\":\"Minist\u00e9rio da Sa\u00fade: quase 5 milh\u00f5es se recuperaram da covid-19\",\"datePublished\":\"2020-11-03T01:28:33+00:00\",\"dateModified\":\"2020-11-03T01:52:51+00:00\",\"mainEntityOfPage\":{\"@id\":\"https:\\\/\\\/www.p31noticias.com.br\\\/?p=22707\"},\"wordCount\":369,\"commentCount\":0,\"image\":{\"@id\":\"https:\\\/\\\/www.p31noticias.com.br\\\/?p=22707#primaryimage\"},\"thumbnailUrl\":\"https:\\\/\\\/www.p31noticias.com.br\\\/wp-content\\\/uploads\\\/2020\\\/11\\\/images-3.jpg\",\"articleSection\":[\"Outros\"],\"inLanguage\":\"pt-BR\",\"potentialAction\":[{\"@type\":\"CommentAction\",\"name\":\"Comment\",\"target\":[\"https:\\\/\\\/www.p31noticias.com.br\\\/?p=22707#respond\"]}],\"copyrightYear\":\"2020\",\"copyrightHolder\":{\"@id\":\"https:\\\/\\\/www.p31noticias.com.br\\\/#organization\"}},{\"@type\":\"WebPage\",\"@id\":\"https:\\\/\\\/www.p31noticias.com.br\\\/?p=22707\",\"url\":\"https:\\\/\\\/www.p31noticias.com.br\\\/?p=22707\",\"name\":\"Minist\u00e9rio da Sa\u00fade: quase 5 milh\u00f5es se recuperaram da covid-19 - P31\",\"isPartOf\":{\"@id\":\"https:\\\/\\\/www.p31noticias.com.br\\\/#website\"},\"primaryImageOfPage\":{\"@id\":\"https:\\\/\\\/www.p31noticias.com.br\\\/?p=22707#primaryimage\"},\"image\":{\"@id\":\"https:\\\/\\\/www.p31noticias.com.br\\\/?p=22707#primaryimage\"},\"thumbnailUrl\":\"https:\\\/\\\/www.p31noticias.com.br\\\/wp-content\\\/uploads\\\/2020\\\/11\\\/images-3.jpg\",\"datePublished\":\"2020-11-03T01:28:33+00:00\",\"dateModified\":\"2020-11-03T01:52:51+00:00\",\"author\":{\"@id\":\"https:\\\/\\\/www.p31noticias.com.br\\\/#\\\/schema\\\/person\\\/95f2ece30e3b4132065b915150cd0f94\"},\"breadcrumb\":{\"@id\":\"https:\\\/\\\/www.p31noticias.com.br\\\/?p=22707#breadcrumb\"},\"inLanguage\":\"pt-BR\",\"potentialAction\":[{\"@type\":\"ReadAction\",\"target\":[\"https:\\\/\\\/www.p31noticias.com.br\\\/?p=22707\"]}]},{\"@type\":\"ImageObject\",\"inLanguage\":\"pt-BR\",\"@id\":\"https:\\\/\\\/www.p31noticias.com.br\\\/?p=22707#primaryimage\",\"url\":\"https:\\\/\\\/www.p31noticias.com.br\\\/wp-content\\\/uploads\\\/2020\\\/11\\\/images-3.jpg\",\"contentUrl\":\"https:\\\/\\\/www.p31noticias.com.br\\\/wp-content\\\/uploads\\\/2020\\\/11\\\/images-3.jpg\",\"width\":275,\"height\":183},{\"@type\":\"BreadcrumbList\",\"@id\":\"https:\\\/\\\/www.p31noticias.com.br\\\/?p=22707#breadcrumb\",\"itemListElement\":[{\"@type\":\"ListItem\",\"position\":1,\"name\":\"In\u00edcio\",\"item\":\"https:\\\/\\\/www.p31noticias.com.br\\\/\"},{\"@type\":\"ListItem\",\"position\":2,\"name\":\"Minist\u00e9rio da Sa\u00fade: quase 5 milh\u00f5es se recuperaram da covid-19\"}]},{\"@type\":\"WebSite\",\"@id\":\"https:\\\/\\\/www.p31noticias.com.br\\\/#website\",\"url\":\"https:\\\/\\\/www.p31noticias.com.br\\\/\",\"name\":\"P31\",\"description\":\"NOT\u00cdCIAS\",\"potentialAction\":[{\"@type\":\"SearchAction\",\"target\":{\"@type\":\"EntryPoint\",\"urlTemplate\":\"https:\\\/\\\/www.p31noticias.com.br\\\/?s={search_term_string}\"},\"query-input\":{\"@type\":\"PropertyValueSpecification\",\"valueRequired\":true,\"valueName\":\"search_term_string\"}}],\"inLanguage\":\"pt-BR\"},{\"@type\":\"Person\",\"@id\":\"https:\\\/\\\/www.p31noticias.com.br\\\/#\\\/schema\\\/person\\\/95f2ece30e3b4132065b915150cd0f94\",\"name\":\"Gon\u00e7alves Junior\",\"image\":{\"@type\":\"ImageObject\",\"inLanguage\":\"pt-BR\",\"@id\":\"https:\\\/\\\/secure.gravatar.com\\\/avatar\\\/6711f350116a89762687a48d66f723c799e5438a5b7578508d4294cd7a5d0800?s=96&d=mm&r=g\",\"url\":\"https:\\\/\\\/secure.gravatar.com\\\/avatar\\\/6711f350116a89762687a48d66f723c799e5438a5b7578508d4294cd7a5d0800?s=96&d=mm&r=g\",\"contentUrl\":\"https:\\\/\\\/secure.gravatar.com\\\/avatar\\\/6711f350116a89762687a48d66f723c799e5438a5b7578508d4294cd7a5d0800?s=96&d=mm&r=g\",\"caption\":\"Gon\u00e7alves Junior\"},\"url\":\"https:\\\/\\\/www.p31noticias.com.br\\\/?author=2\"}]}<\/script>\n<!-- \/ Yoast SEO Premium plugin. -->","yoast_head_json":{"title":"Minist\u00e9rio da Sa\u00fade: quase 5 milh\u00f5es se recuperaram da covid-19 - P31","robots":{"index":"index","follow":"follow","max-snippet":"max-snippet:-1","max-image-preview":"max-image-preview:large","max-video-preview":"max-video-preview:-1"},"canonical":"https:\/\/www.p31noticias.com.br\/?p=22707","og_locale":"pt_BR","og_type":"article","og_title":"Minist\u00e9rio da Sa\u00fade: quase 5 milh\u00f5es se recuperaram da covid-19","og_description":"Pa\u00eds teve 5,545 milh\u00f5es de casos confirmados O\u00a0Painel Coronav\u00edrus\u00a0do Minist\u00e9rio da Sa\u00fade informa que mais 190 pessoas morreram por causa da covid-19 no Brasil nas \u00faltimas 24 horas, conforme registros oficiais nesta segunda-feira (2). Com isso, o total de mortos \u00e9 de 160.074 desde 27 de mar\u00e7o. A taxa de mortalidade \u00e9 de 76,2 casos [&hellip;]","og_url":"https:\/\/www.p31noticias.com.br\/?p=22707","og_site_name":"P31","article_published_time":"2020-11-03T01:28:33+00:00","article_modified_time":"2020-11-03T01:52:51+00:00","og_image":[{"width":275,"height":183,"url":"https:\/\/www.p31noticias.com.br\/wp-content\/uploads\/2020\/11\/images-3.jpg","type":"image\/jpeg"}],"author":"Gon\u00e7alves Junior","twitter_card":"summary_large_image","twitter_misc":{"Escrito por":"Gon\u00e7alves Junior","Est. tempo de leitura":"2 minutos"},"schema":{"@context":"https:\/\/schema.org","@graph":[{"@type":"Article","@id":"https:\/\/www.p31noticias.com.br\/?p=22707#article","isPartOf":{"@id":"https:\/\/www.p31noticias.com.br\/?p=22707"},"author":{"name":"Gon\u00e7alves Junior","@id":"https:\/\/www.p31noticias.com.br\/#\/schema\/person\/95f2ece30e3b4132065b915150cd0f94"},"headline":"Minist\u00e9rio da Sa\u00fade: quase 5 milh\u00f5es se recuperaram da covid-19","datePublished":"2020-11-03T01:28:33+00:00","dateModified":"2020-11-03T01:52:51+00:00","mainEntityOfPage":{"@id":"https:\/\/www.p31noticias.com.br\/?p=22707"},"wordCount":369,"commentCount":0,"image":{"@id":"https:\/\/www.p31noticias.com.br\/?p=22707#primaryimage"},"thumbnailUrl":"https:\/\/www.p31noticias.com.br\/wp-content\/uploads\/2020\/11\/images-3.jpg","articleSection":["Outros"],"inLanguage":"pt-BR","potentialAction":[{"@type":"CommentAction","name":"Comment","target":["https:\/\/www.p31noticias.com.br\/?p=22707#respond"]}],"copyrightYear":"2020","copyrightHolder":{"@id":"https:\/\/www.p31noticias.com.br\/#organization"}},{"@type":"WebPage","@id":"https:\/\/www.p31noticias.com.br\/?p=22707","url":"https:\/\/www.p31noticias.com.br\/?p=22707","name":"Minist\u00e9rio da Sa\u00fade: quase 5 milh\u00f5es se recuperaram da covid-19 - P31","isPartOf":{"@id":"https:\/\/www.p31noticias.com.br\/#website"},"primaryImageOfPage":{"@id":"https:\/\/www.p31noticias.com.br\/?p=22707#primaryimage"},"image":{"@id":"https:\/\/www.p31noticias.com.br\/?p=22707#primaryimage"},"thumbnailUrl":"https:\/\/www.p31noticias.com.br\/wp-content\/uploads\/2020\/11\/images-3.jpg","datePublished":"2020-11-03T01:28:33+00:00","dateModified":"2020-11-03T01:52:51+00:00","author":{"@id":"https:\/\/www.p31noticias.com.br\/#\/schema\/person\/95f2ece30e3b4132065b915150cd0f94"},"breadcrumb":{"@id":"https:\/\/www.p31noticias.com.br\/?p=22707#breadcrumb"},"inLanguage":"pt-BR","potentialAction":[{"@type":"ReadAction","target":["https:\/\/www.p31noticias.com.br\/?p=22707"]}]},{"@type":"ImageObject","inLanguage":"pt-BR","@id":"https:\/\/www.p31noticias.com.br\/?p=22707#primaryimage","url":"https:\/\/www.p31noticias.com.br\/wp-content\/uploads\/2020\/11\/images-3.jpg","contentUrl":"https:\/\/www.p31noticias.com.br\/wp-content\/uploads\/2020\/11\/images-3.jpg","width":275,"height":183},{"@type":"BreadcrumbList","@id":"https:\/\/www.p31noticias.com.br\/?p=22707#breadcrumb","itemListElement":[{"@type":"ListItem","position":1,"name":"In\u00edcio","item":"https:\/\/www.p31noticias.com.br\/"},{"@type":"ListItem","position":2,"name":"Minist\u00e9rio da Sa\u00fade: quase 5 milh\u00f5es se recuperaram da covid-19"}]},{"@type":"WebSite","@id":"https:\/\/www.p31noticias.com.br\/#website","url":"https:\/\/www.p31noticias.com.br\/","name":"P31","description":"NOT\u00cdCIAS","potentialAction":[{"@type":"SearchAction","target":{"@type":"EntryPoint","urlTemplate":"https:\/\/www.p31noticias.com.br\/?s={search_term_string}"},"query-input":{"@type":"PropertyValueSpecification","valueRequired":true,"valueName":"search_term_string"}}],"inLanguage":"pt-BR"},{"@type":"Person","@id":"https:\/\/www.p31noticias.com.br\/#\/schema\/person\/95f2ece30e3b4132065b915150cd0f94","name":"Gon\u00e7alves Junior","image":{"@type":"ImageObject","inLanguage":"pt-BR","@id":"https:\/\/secure.gravatar.com\/avatar\/6711f350116a89762687a48d66f723c799e5438a5b7578508d4294cd7a5d0800?s=96&d=mm&r=g","url":"https:\/\/secure.gravatar.com\/avatar\/6711f350116a89762687a48d66f723c799e5438a5b7578508d4294cd7a5d0800?s=96&d=mm&r=g","contentUrl":"https:\/\/secure.gravatar.com\/avatar\/6711f350116a89762687a48d66f723c799e5438a5b7578508d4294cd7a5d0800?s=96&d=mm&r=g","caption":"Gon\u00e7alves Junior"},"url":"https:\/\/www.p31noticias.com.br\/?author=2"}]}},"amp_enabled":true,"_links":{"self":[{"href":"https:\/\/www.p31noticias.com.br\/index.php?rest_route=\/wp\/v2\/posts\/22707","targetHints":{"allow":["GET"]}}],"collection":[{"href":"https:\/\/www.p31noticias.com.br\/index.php?rest_route=\/wp\/v2\/posts"}],"about":[{"href":"https:\/\/www.p31noticias.com.br\/index.php?rest_route=\/wp\/v2\/types\/post"}],"author":[{"embeddable":true,"href":"https:\/\/www.p31noticias.com.br\/index.php?rest_route=\/wp\/v2\/users\/2"}],"replies":[{"embeddable":true,"href":"https:\/\/www.p31noticias.com.br\/index.php?rest_route=%2Fwp%2Fv2%2Fcomments&post=22707"}],"version-history":[{"count":2,"href":"https:\/\/www.p31noticias.com.br\/index.php?rest_route=\/wp\/v2\/posts\/22707\/revisions"}],"predecessor-version":[{"id":22716,"href":"https:\/\/www.p31noticias.com.br\/index.php?rest_route=\/wp\/v2\/posts\/22707\/revisions\/22716"}],"wp:featuredmedia":[{"embeddable":true,"href":"https:\/\/www.p31noticias.com.br\/index.php?rest_route=\/wp\/v2\/media\/22708"}],"wp:attachment":[{"href":"https:\/\/www.p31noticias.com.br\/index.php?rest_route=%2Fwp%2Fv2%2Fmedia&parent=22707"}],"wp:term":[{"taxonomy":"category","embeddable":true,"href":"https:\/\/www.p31noticias.com.br\/index.php?rest_route=%2Fwp%2Fv2%2Fcategories&post=22707"},{"taxonomy":"post_tag","embeddable":true,"href":"https:\/\/www.p31noticias.com.br\/index.php?rest_route=%2Fwp%2Fv2%2Ftags&post=22707"}],"curies":[{"name":"wp","href":"https:\/\/api.w.org\/{rel}","templated":true}]}}