{"id":22696,"date":"2020-10-29T13:11:34","date_gmt":"2020-10-29T13:11:34","guid":{"rendered":"https:\/\/p31noticias.com.br\/?p=22696"},"modified":"2020-10-29T13:17:37","modified_gmt":"2020-10-29T13:17:37","slug":"servidor-do-gdf-tera-novo-plano-de-saude","status":"publish","type":"post","link":"https:\/\/www.p31noticias.com.br\/?p=22696","title":{"rendered":"SERVIDOR DO GDF TER\u00c1 NOVO PLANO DE SA\u00daDE"},"content":{"rendered":"<h1 class=\"bold h2\"><em>Financiamento do conv\u00eanio ser\u00e1 compartilhado<\/em><\/h1>\n<div class=\"single__topo--titulo--sutia\">\n<p style=\"text-align: justify;\">Em sistema de coparticipa\u00e7\u00e3o, trabalhadores ter\u00e3o acesso aos servi\u00e7os m\u00e9dicos a pre\u00e7os abaixo do mercado.<\/p>\n<p style=\"text-align: justify;\">O Governo do Distrito Federal lan\u00e7ou o Plano de Sa\u00fade dos Servidores, o<em>\u00a0GDF Sa\u00fade<\/em>. O conv\u00eanio vai possibilitar que mais de 500 mil pessoas, entre funcion\u00e1rios p\u00fablicos da administra\u00e7\u00e3o direta, indireta e fundacional e seus dependentes, possam ter acesso a servi\u00e7os m\u00e9dicos com valores bem abaixo do mercado. Isto s\u00f3 \u00e9 poss\u00edvel porque o benef\u00edcio segue o sistema de coparticipa\u00e7\u00e3o, ou seja, a conta de sa\u00fade do servidor ser\u00e1 dividida com o executivo local.<\/p>\n<p style=\"text-align: justify;\">Segundo o regulamento do plano, quem optar pela ades\u00e3o pagar\u00e1 uma mensalidade de 4% da remunera\u00e7\u00e3o mensal bruta. Se tiver dependentes, ser\u00e1 acrescido o \u00edndice de 1%, por familiar. Os descontos ser\u00e3o feitos em folha de pagamento e ter\u00e3o um valor m\u00ednimo e um teto.<\/p>\n<p style=\"text-align: justify;\">Para os servidores titulares, a mensalidade vai variar entre R$ 400 e R$ 1 mil. Os dependentes pagar\u00e3o de R$ 200 a R$ 300, no caso dos ativos; e R$ 400 para os inativos. \u00c9 importante esclarecer que entram na lista de depend\u00eancias: o c\u00f4njuge ou companheiro (a), reconhecidos na forma de Lei Civil; os filhos menores de 21 anos; os filhos inv\u00e1lidos; e os filhos estudantes universit\u00e1rios at\u00e9 24 anos.<\/p>\n<p style=\"text-align: justify;\">Al\u00e9m da mensalidade, os servidores tamb\u00e9m v\u00e3o contribuir com percentuais referentes aos servi\u00e7os prestados. Para assist\u00eancia ambulatorial, o percentual ser\u00e1 de 30% sobre a tabela estabelecida pelo Instituto de Assist\u00eancia \u00e0 Sa\u00fade do Servidor (Inas). Em casos mais complexos como quimioterapia, radioterapia, cirurgia e interna\u00e7\u00e3o, o \u00edndice aplicado ser\u00e1 de 5%. J\u00e1 para a assist\u00eancia em psicologia, fonoaudiologia e terapia ocupacional ambulatorial, a al\u00edquota \u00e9 de 50%.<\/p>\n<p style=\"text-align: justify;\">Para se ter uma ideia do custo, a visita ao m\u00e9dico para tratar uma doen\u00e7a vai custar ao benefici\u00e1rio R$ 28,60 nas consultas agendadas e R$ 25,82 para as emergenciais, em pronto-socorro. A seguran\u00e7a financeira dos servidores tamb\u00e9m foi um cuidado tomado pelo governo. Por isto, est\u00e1 previsto no regulamento do plano o limite de R$ 5 mil, por evento, para descontos na coparticipa\u00e7\u00e3o em caso de interna\u00e7\u00e3o cl\u00ednica e cir\u00fargica.<\/p>\n<p><strong>*Percentuais de coparticipa\u00e7\u00e3o*<\/strong><\/p>\n<p>Assist\u00eancia M\u00e9dica: \u00a030% para atendimento ambulatorial em geral; 5% para atendimento ambulatorial de quimioterapia, radioterapia e terapia renal substitutiva;<\/p>\n<p>Assist\u00eancia em psicologia: 50% para assist\u00eancia em psicologia, fonoaudiologia e terapia ocupacional ambulatorial; 5% para assist\u00eancia em Hospital-Dia (sa\u00fade mental);<\/p>\n<p>Interna\u00e7\u00e3o cl\u00ednica e cir\u00fargica: 5% , limitada a R$5.000,00 por evento.<\/p>\n<p style=\"text-align: justify;\"><strong>*Car\u00eancias*<\/strong><\/p>\n<p style=\"text-align: justify;\">\u2013 Para atendimento de urg\u00eancia e emerg\u00eancia, 24 horas, ap\u00f3s efetiva\u00e7\u00e3o da ades\u00e3o;<\/p>\n<p style=\"text-align: justify;\">\u2013 Para consultas, 60 dias;<\/p>\n<p style=\"text-align: justify;\">\u2013 Para exames complementares, 90 dias;<\/p>\n<p style=\"text-align: justify;\">\u2013 Para parto a termo, 300 dias;<\/p>\n<p style=\"text-align: justify;\">\u2013 Para os demais casos, 180 dias.<\/p>\n<div class=\"single__topo--titulo--sutia\">\n<p style=\"text-align: justify;\">Fonte : Ag\u00eancia Brasilia<\/p>\n<\/div>\n<\/div>\n","protected":false},"excerpt":{"rendered":"<p>Financiamento do conv\u00eanio ser\u00e1 compartilhado Em sistema de coparticipa\u00e7\u00e3o, trabalhadores ter\u00e3o acesso aos servi\u00e7os m\u00e9dicos a pre\u00e7os abaixo do mercado. O Governo do Distrito Federal lan\u00e7ou o Plano de Sa\u00fade dos Servidores, o\u00a0GDF Sa\u00fade. O conv\u00eanio vai possibilitar que mais de 500 mil pessoas, entre funcion\u00e1rios p\u00fablicos da administra\u00e7\u00e3o direta, indireta e fundacional e seus [&hellip;]<\/p>\n","protected":false},"author":2,"featured_media":22699,"comment_status":"open","ping_status":"open","sticky":false,"template":"","format":"standard","meta":{"footnotes":""},"categories":[1],"tags":[],"class_list":{"0":"post-22696","1":"post","2":"type-post","3":"status-publish","4":"format-standard","5":"has-post-thumbnail","7":"category-outros"},"yoast_head":"<!-- This site is optimized with the Yoast SEO Premium plugin v24.5 (Yoast SEO v27.5) - https:\/\/yoast.com\/product\/yoast-seo-premium-wordpress\/ -->\n<title>SERVIDOR DO GDF TER\u00c1 NOVO PLANO DE SA\u00daDE - P31<\/title>\n<meta name=\"robots\" content=\"index, follow, max-snippet:-1, max-image-preview:large, max-video-preview:-1\" \/>\n<link rel=\"canonical\" href=\"https:\/\/www.p31noticias.com.br\/?p=22696\" \/>\n<meta property=\"og:locale\" content=\"pt_BR\" \/>\n<meta property=\"og:type\" content=\"article\" \/>\n<meta property=\"og:title\" content=\"SERVIDOR DO GDF TER\u00c1 NOVO PLANO DE SA\u00daDE\" \/>\n<meta property=\"og:description\" content=\"Financiamento do conv\u00eanio ser\u00e1 compartilhado Em sistema de coparticipa\u00e7\u00e3o, trabalhadores ter\u00e3o acesso aos servi\u00e7os m\u00e9dicos a pre\u00e7os abaixo do mercado. O Governo do Distrito Federal lan\u00e7ou o Plano de Sa\u00fade dos Servidores, o\u00a0GDF Sa\u00fade. O conv\u00eanio vai possibilitar que mais de 500 mil pessoas, entre funcion\u00e1rios p\u00fablicos da administra\u00e7\u00e3o direta, indireta e fundacional e seus [&hellip;]\" \/>\n<meta property=\"og:url\" content=\"https:\/\/www.p31noticias.com.br\/?p=22696\" \/>\n<meta property=\"og:site_name\" content=\"P31\" \/>\n<meta property=\"article:published_time\" content=\"2020-10-29T13:11:34+00:00\" \/>\n<meta property=\"article:modified_time\" content=\"2020-10-29T13:17:37+00:00\" \/>\n<meta property=\"og:image\" content=\"https:\/\/www.p31noticias.com.br\/wp-content\/uploads\/2020\/10\/foto-estetoscopio.jpg\" \/>\n\t<meta property=\"og:image:width\" content=\"362\" \/>\n\t<meta property=\"og:image:height\" content=\"177\" \/>\n\t<meta property=\"og:image:type\" content=\"image\/jpeg\" \/>\n<meta name=\"author\" content=\"Gon\u00e7alves Junior\" \/>\n<meta name=\"twitter:card\" content=\"summary_large_image\" \/>\n<meta name=\"twitter:label1\" content=\"Escrito por\" \/>\n\t<meta name=\"twitter:data1\" content=\"Gon\u00e7alves Junior\" \/>\n\t<meta name=\"twitter:label2\" content=\"Est. tempo de leitura\" \/>\n\t<meta name=\"twitter:data2\" content=\"2 minutos\" \/>\n<script type=\"application\/ld+json\" class=\"yoast-schema-graph\">{\"@context\":\"https:\\\/\\\/schema.org\",\"@graph\":[{\"@type\":\"Article\",\"@id\":\"https:\\\/\\\/www.p31noticias.com.br\\\/?p=22696#article\",\"isPartOf\":{\"@id\":\"https:\\\/\\\/www.p31noticias.com.br\\\/?p=22696\"},\"author\":{\"name\":\"Gon\u00e7alves Junior\",\"@id\":\"https:\\\/\\\/www.p31noticias.com.br\\\/#\\\/schema\\\/person\\\/95f2ece30e3b4132065b915150cd0f94\"},\"headline\":\"SERVIDOR DO GDF TER\u00c1 NOVO PLANO DE SA\u00daDE\",\"datePublished\":\"2020-10-29T13:11:34+00:00\",\"dateModified\":\"2020-10-29T13:17:37+00:00\",\"mainEntityOfPage\":{\"@id\":\"https:\\\/\\\/www.p31noticias.com.br\\\/?p=22696\"},\"wordCount\":482,\"commentCount\":0,\"image\":{\"@id\":\"https:\\\/\\\/www.p31noticias.com.br\\\/?p=22696#primaryimage\"},\"thumbnailUrl\":\"https:\\\/\\\/www.p31noticias.com.br\\\/wp-content\\\/uploads\\\/2020\\\/10\\\/foto-estetoscopio.jpg\",\"articleSection\":[\"Outros\"],\"inLanguage\":\"pt-BR\",\"potentialAction\":[{\"@type\":\"CommentAction\",\"name\":\"Comment\",\"target\":[\"https:\\\/\\\/www.p31noticias.com.br\\\/?p=22696#respond\"]}],\"copyrightYear\":\"2020\",\"copyrightHolder\":{\"@id\":\"https:\\\/\\\/www.p31noticias.com.br\\\/#organization\"}},{\"@type\":\"WebPage\",\"@id\":\"https:\\\/\\\/www.p31noticias.com.br\\\/?p=22696\",\"url\":\"https:\\\/\\\/www.p31noticias.com.br\\\/?p=22696\",\"name\":\"SERVIDOR DO GDF TER\u00c1 NOVO PLANO DE SA\u00daDE - P31\",\"isPartOf\":{\"@id\":\"https:\\\/\\\/www.p31noticias.com.br\\\/#website\"},\"primaryImageOfPage\":{\"@id\":\"https:\\\/\\\/www.p31noticias.com.br\\\/?p=22696#primaryimage\"},\"image\":{\"@id\":\"https:\\\/\\\/www.p31noticias.com.br\\\/?p=22696#primaryimage\"},\"thumbnailUrl\":\"https:\\\/\\\/www.p31noticias.com.br\\\/wp-content\\\/uploads\\\/2020\\\/10\\\/foto-estetoscopio.jpg\",\"datePublished\":\"2020-10-29T13:11:34+00:00\",\"dateModified\":\"2020-10-29T13:17:37+00:00\",\"author\":{\"@id\":\"https:\\\/\\\/www.p31noticias.com.br\\\/#\\\/schema\\\/person\\\/95f2ece30e3b4132065b915150cd0f94\"},\"breadcrumb\":{\"@id\":\"https:\\\/\\\/www.p31noticias.com.br\\\/?p=22696#breadcrumb\"},\"inLanguage\":\"pt-BR\",\"potentialAction\":[{\"@type\":\"ReadAction\",\"target\":[\"https:\\\/\\\/www.p31noticias.com.br\\\/?p=22696\"]}]},{\"@type\":\"ImageObject\",\"inLanguage\":\"pt-BR\",\"@id\":\"https:\\\/\\\/www.p31noticias.com.br\\\/?p=22696#primaryimage\",\"url\":\"https:\\\/\\\/www.p31noticias.com.br\\\/wp-content\\\/uploads\\\/2020\\\/10\\\/foto-estetoscopio.jpg\",\"contentUrl\":\"https:\\\/\\\/www.p31noticias.com.br\\\/wp-content\\\/uploads\\\/2020\\\/10\\\/foto-estetoscopio.jpg\",\"width\":362,\"height\":177},{\"@type\":\"BreadcrumbList\",\"@id\":\"https:\\\/\\\/www.p31noticias.com.br\\\/?p=22696#breadcrumb\",\"itemListElement\":[{\"@type\":\"ListItem\",\"position\":1,\"name\":\"In\u00edcio\",\"item\":\"https:\\\/\\\/www.p31noticias.com.br\\\/\"},{\"@type\":\"ListItem\",\"position\":2,\"name\":\"SERVIDOR DO GDF TER\u00c1 NOVO PLANO DE SA\u00daDE\"}]},{\"@type\":\"WebSite\",\"@id\":\"https:\\\/\\\/www.p31noticias.com.br\\\/#website\",\"url\":\"https:\\\/\\\/www.p31noticias.com.br\\\/\",\"name\":\"P31\",\"description\":\"NOT\u00cdCIAS\",\"potentialAction\":[{\"@type\":\"SearchAction\",\"target\":{\"@type\":\"EntryPoint\",\"urlTemplate\":\"https:\\\/\\\/www.p31noticias.com.br\\\/?s={search_term_string}\"},\"query-input\":{\"@type\":\"PropertyValueSpecification\",\"valueRequired\":true,\"valueName\":\"search_term_string\"}}],\"inLanguage\":\"pt-BR\"},{\"@type\":\"Person\",\"@id\":\"https:\\\/\\\/www.p31noticias.com.br\\\/#\\\/schema\\\/person\\\/95f2ece30e3b4132065b915150cd0f94\",\"name\":\"Gon\u00e7alves Junior\",\"image\":{\"@type\":\"ImageObject\",\"inLanguage\":\"pt-BR\",\"@id\":\"https:\\\/\\\/secure.gravatar.com\\\/avatar\\\/6711f350116a89762687a48d66f723c799e5438a5b7578508d4294cd7a5d0800?s=96&d=mm&r=g\",\"url\":\"https:\\\/\\\/secure.gravatar.com\\\/avatar\\\/6711f350116a89762687a48d66f723c799e5438a5b7578508d4294cd7a5d0800?s=96&d=mm&r=g\",\"contentUrl\":\"https:\\\/\\\/secure.gravatar.com\\\/avatar\\\/6711f350116a89762687a48d66f723c799e5438a5b7578508d4294cd7a5d0800?s=96&d=mm&r=g\",\"caption\":\"Gon\u00e7alves Junior\"},\"url\":\"https:\\\/\\\/www.p31noticias.com.br\\\/?author=2\"}]}<\/script>\n<!-- \/ Yoast SEO Premium plugin. -->","yoast_head_json":{"title":"SERVIDOR DO GDF TER\u00c1 NOVO PLANO DE SA\u00daDE - P31","robots":{"index":"index","follow":"follow","max-snippet":"max-snippet:-1","max-image-preview":"max-image-preview:large","max-video-preview":"max-video-preview:-1"},"canonical":"https:\/\/www.p31noticias.com.br\/?p=22696","og_locale":"pt_BR","og_type":"article","og_title":"SERVIDOR DO GDF TER\u00c1 NOVO PLANO DE SA\u00daDE","og_description":"Financiamento do conv\u00eanio ser\u00e1 compartilhado Em sistema de coparticipa\u00e7\u00e3o, trabalhadores ter\u00e3o acesso aos servi\u00e7os m\u00e9dicos a pre\u00e7os abaixo do mercado. O Governo do Distrito Federal lan\u00e7ou o Plano de Sa\u00fade dos Servidores, o\u00a0GDF Sa\u00fade. O conv\u00eanio vai possibilitar que mais de 500 mil pessoas, entre funcion\u00e1rios p\u00fablicos da administra\u00e7\u00e3o direta, indireta e fundacional e seus [&hellip;]","og_url":"https:\/\/www.p31noticias.com.br\/?p=22696","og_site_name":"P31","article_published_time":"2020-10-29T13:11:34+00:00","article_modified_time":"2020-10-29T13:17:37+00:00","og_image":[{"width":362,"height":177,"url":"https:\/\/www.p31noticias.com.br\/wp-content\/uploads\/2020\/10\/foto-estetoscopio.jpg","type":"image\/jpeg"}],"author":"Gon\u00e7alves Junior","twitter_card":"summary_large_image","twitter_misc":{"Escrito por":"Gon\u00e7alves Junior","Est. tempo de leitura":"2 minutos"},"schema":{"@context":"https:\/\/schema.org","@graph":[{"@type":"Article","@id":"https:\/\/www.p31noticias.com.br\/?p=22696#article","isPartOf":{"@id":"https:\/\/www.p31noticias.com.br\/?p=22696"},"author":{"name":"Gon\u00e7alves Junior","@id":"https:\/\/www.p31noticias.com.br\/#\/schema\/person\/95f2ece30e3b4132065b915150cd0f94"},"headline":"SERVIDOR DO GDF TER\u00c1 NOVO PLANO DE SA\u00daDE","datePublished":"2020-10-29T13:11:34+00:00","dateModified":"2020-10-29T13:17:37+00:00","mainEntityOfPage":{"@id":"https:\/\/www.p31noticias.com.br\/?p=22696"},"wordCount":482,"commentCount":0,"image":{"@id":"https:\/\/www.p31noticias.com.br\/?p=22696#primaryimage"},"thumbnailUrl":"https:\/\/www.p31noticias.com.br\/wp-content\/uploads\/2020\/10\/foto-estetoscopio.jpg","articleSection":["Outros"],"inLanguage":"pt-BR","potentialAction":[{"@type":"CommentAction","name":"Comment","target":["https:\/\/www.p31noticias.com.br\/?p=22696#respond"]}],"copyrightYear":"2020","copyrightHolder":{"@id":"https:\/\/www.p31noticias.com.br\/#organization"}},{"@type":"WebPage","@id":"https:\/\/www.p31noticias.com.br\/?p=22696","url":"https:\/\/www.p31noticias.com.br\/?p=22696","name":"SERVIDOR DO GDF TER\u00c1 NOVO PLANO DE SA\u00daDE - P31","isPartOf":{"@id":"https:\/\/www.p31noticias.com.br\/#website"},"primaryImageOfPage":{"@id":"https:\/\/www.p31noticias.com.br\/?p=22696#primaryimage"},"image":{"@id":"https:\/\/www.p31noticias.com.br\/?p=22696#primaryimage"},"thumbnailUrl":"https:\/\/www.p31noticias.com.br\/wp-content\/uploads\/2020\/10\/foto-estetoscopio.jpg","datePublished":"2020-10-29T13:11:34+00:00","dateModified":"2020-10-29T13:17:37+00:00","author":{"@id":"https:\/\/www.p31noticias.com.br\/#\/schema\/person\/95f2ece30e3b4132065b915150cd0f94"},"breadcrumb":{"@id":"https:\/\/www.p31noticias.com.br\/?p=22696#breadcrumb"},"inLanguage":"pt-BR","potentialAction":[{"@type":"ReadAction","target":["https:\/\/www.p31noticias.com.br\/?p=22696"]}]},{"@type":"ImageObject","inLanguage":"pt-BR","@id":"https:\/\/www.p31noticias.com.br\/?p=22696#primaryimage","url":"https:\/\/www.p31noticias.com.br\/wp-content\/uploads\/2020\/10\/foto-estetoscopio.jpg","contentUrl":"https:\/\/www.p31noticias.com.br\/wp-content\/uploads\/2020\/10\/foto-estetoscopio.jpg","width":362,"height":177},{"@type":"BreadcrumbList","@id":"https:\/\/www.p31noticias.com.br\/?p=22696#breadcrumb","itemListElement":[{"@type":"ListItem","position":1,"name":"In\u00edcio","item":"https:\/\/www.p31noticias.com.br\/"},{"@type":"ListItem","position":2,"name":"SERVIDOR DO GDF TER\u00c1 NOVO PLANO DE SA\u00daDE"}]},{"@type":"WebSite","@id":"https:\/\/www.p31noticias.com.br\/#website","url":"https:\/\/www.p31noticias.com.br\/","name":"P31","description":"NOT\u00cdCIAS","potentialAction":[{"@type":"SearchAction","target":{"@type":"EntryPoint","urlTemplate":"https:\/\/www.p31noticias.com.br\/?s={search_term_string}"},"query-input":{"@type":"PropertyValueSpecification","valueRequired":true,"valueName":"search_term_string"}}],"inLanguage":"pt-BR"},{"@type":"Person","@id":"https:\/\/www.p31noticias.com.br\/#\/schema\/person\/95f2ece30e3b4132065b915150cd0f94","name":"Gon\u00e7alves Junior","image":{"@type":"ImageObject","inLanguage":"pt-BR","@id":"https:\/\/secure.gravatar.com\/avatar\/6711f350116a89762687a48d66f723c799e5438a5b7578508d4294cd7a5d0800?s=96&d=mm&r=g","url":"https:\/\/secure.gravatar.com\/avatar\/6711f350116a89762687a48d66f723c799e5438a5b7578508d4294cd7a5d0800?s=96&d=mm&r=g","contentUrl":"https:\/\/secure.gravatar.com\/avatar\/6711f350116a89762687a48d66f723c799e5438a5b7578508d4294cd7a5d0800?s=96&d=mm&r=g","caption":"Gon\u00e7alves Junior"},"url":"https:\/\/www.p31noticias.com.br\/?author=2"}]}},"amp_enabled":true,"_links":{"self":[{"href":"https:\/\/www.p31noticias.com.br\/index.php?rest_route=\/wp\/v2\/posts\/22696","targetHints":{"allow":["GET"]}}],"collection":[{"href":"https:\/\/www.p31noticias.com.br\/index.php?rest_route=\/wp\/v2\/posts"}],"about":[{"href":"https:\/\/www.p31noticias.com.br\/index.php?rest_route=\/wp\/v2\/types\/post"}],"author":[{"embeddable":true,"href":"https:\/\/www.p31noticias.com.br\/index.php?rest_route=\/wp\/v2\/users\/2"}],"replies":[{"embeddable":true,"href":"https:\/\/www.p31noticias.com.br\/index.php?rest_route=%2Fwp%2Fv2%2Fcomments&post=22696"}],"version-history":[{"count":1,"href":"https:\/\/www.p31noticias.com.br\/index.php?rest_route=\/wp\/v2\/posts\/22696\/revisions"}],"predecessor-version":[{"id":22697,"href":"https:\/\/www.p31noticias.com.br\/index.php?rest_route=\/wp\/v2\/posts\/22696\/revisions\/22697"}],"wp:featuredmedia":[{"embeddable":true,"href":"https:\/\/www.p31noticias.com.br\/index.php?rest_route=\/wp\/v2\/media\/22699"}],"wp:attachment":[{"href":"https:\/\/www.p31noticias.com.br\/index.php?rest_route=%2Fwp%2Fv2%2Fmedia&parent=22696"}],"wp:term":[{"taxonomy":"category","embeddable":true,"href":"https:\/\/www.p31noticias.com.br\/index.php?rest_route=%2Fwp%2Fv2%2Fcategories&post=22696"},{"taxonomy":"post_tag","embeddable":true,"href":"https:\/\/www.p31noticias.com.br\/index.php?rest_route=%2Fwp%2Fv2%2Ftags&post=22696"}],"curies":[{"name":"wp","href":"https:\/\/api.w.org\/{rel}","templated":true}]}}