{"id":22693,"date":"2020-10-20T02:03:27","date_gmt":"2020-10-20T02:03:27","guid":{"rendered":"https:\/\/p31noticias.com.br\/?p=22693"},"modified":"2020-10-20T02:03:27","modified_gmt":"2020-10-20T02:03:27","slug":"deputado-distrital-jose-gomes-e-cassado-pelo-tribunal-superior-eleitoral","status":"publish","type":"post","link":"https:\/\/www.p31noticias.com.br\/?p=22693","title":{"rendered":"Deputado Distrital Jos\u00e9 Gomes \u00e9 cassado pelo Tribunal Superior Eleitoral"},"content":{"rendered":"<p style=\"text-align: justify;\">Mesmo a defesa do deputado sugerir a nulidade do julgamento inicial, j\u00e1 que questionava a aus\u00eancia de um magistrado na decis\u00e3o do TRE, a senten\u00e7a foi mantida.<\/p>\n<p style=\"text-align: justify;\">Em decis\u00e3o tomada pelo Tribunal Superior Eleitoral (TSE), foi cassado o mandato do deputado distrital Jos\u00e9 Gomes. Em abril do ano passado, o parlamentar do PSB j\u00e1 havia sido condenado a perder sua cadeira na C\u00e2mara Legislativa do Distrito Federal (CLDF), em decis\u00e3o unanime.<\/p>\n<p style=\"text-align: justify;\">A decis\u00e3o acontece ap\u00f3s o julgamento ter sido suspenso no dia 18 de agosto, um pedido de vista do ministro Tarcisio Vieira de Carvalho Neto.<\/p>\n<p style=\"text-align: justify;\">Mesmo a defesa do deputado sugerir a nulidade do julgamento inicial, j\u00e1 que questionava a aus\u00eancia de um magistrado na decis\u00e3o do TRE, a senten\u00e7a foi mantida.<\/p>\n<p style=\"text-align: justify;\">O argumento dos advogados de defesa foi rejeitado integralmente pelo relator Og Fernandes e pelos ministros Luis Felipe Salom\u00e3o, Alexandre de Moraes, S\u00e9rgio Banhos.<\/p>\n<p style=\"text-align: justify;\">Para o ministro Moraes, a acusa\u00e7\u00e3o apresentou provas robustas contra Jos\u00e9 Gomes. o presidente do TSE, ministro Lu\u00eds Robeto Barroso, o entendimento da defesa teria um impacto \u201cdevastador\u201d para a Justi\u00e7a Eleitoral.<\/p>\n<h3 style=\"text-align: justify;\">O caso<\/h3>\n<p style=\"text-align: justify;\">Jos\u00e9 Gomes foi acusado de suposta coa\u00e7\u00e3o de funcion\u00e1rios da empresa Real JG Servi\u00e7os Gerais durante campanha eleitoral de 2018. \u00c1udios de um primo de Jos\u00e9 Gomes em que pede \u201clealdade e votos\u201d foram usados como provas.<\/p>\n<p style=\"text-align: justify;\">O deputado foi condenado a mais de 4 anos de pris\u00e3o por corrup\u00e7\u00e3o eleitoral no TRE-DF, al\u00e9m da perda de mandato.<\/p>\n<p style=\"text-align: justify;\">Fonte JB<\/p>\n","protected":false},"excerpt":{"rendered":"<p>Mesmo a defesa do deputado sugerir a nulidade do julgamento inicial, j\u00e1 que questionava a aus\u00eancia de um magistrado na decis\u00e3o do TRE, a senten\u00e7a foi mantida. Em decis\u00e3o tomada pelo Tribunal Superior Eleitoral (TSE), foi cassado o mandato do deputado distrital Jos\u00e9 Gomes. Em abril do ano passado, o parlamentar do PSB j\u00e1 havia [&hellip;]<\/p>\n","protected":false},"author":2,"featured_media":22695,"comment_status":"open","ping_status":"open","sticky":false,"template":"","format":"standard","meta":{"footnotes":""},"categories":[57],"tags":[],"class_list":{"0":"post-22693","1":"post","2":"type-post","3":"status-publish","4":"format-standard","5":"has-post-thumbnail","7":"category-politica"},"yoast_head":"<!-- This site is optimized with the Yoast SEO Premium plugin v24.5 (Yoast SEO v27.5) - https:\/\/yoast.com\/product\/yoast-seo-premium-wordpress\/ -->\n<title>Deputado Distrital Jos\u00e9 Gomes \u00e9 cassado pelo Tribunal Superior Eleitoral - P31<\/title>\n<meta name=\"robots\" content=\"index, follow, max-snippet:-1, max-image-preview:large, max-video-preview:-1\" \/>\n<link rel=\"canonical\" href=\"https:\/\/www.p31noticias.com.br\/?p=22693\" \/>\n<meta property=\"og:locale\" content=\"pt_BR\" \/>\n<meta property=\"og:type\" content=\"article\" \/>\n<meta property=\"og:title\" content=\"Deputado Distrital Jos\u00e9 Gomes \u00e9 cassado pelo Tribunal Superior Eleitoral\" \/>\n<meta property=\"og:description\" content=\"Mesmo a defesa do deputado sugerir a nulidade do julgamento inicial, j\u00e1 que questionava a aus\u00eancia de um magistrado na decis\u00e3o do TRE, a senten\u00e7a foi mantida. Em decis\u00e3o tomada pelo Tribunal Superior Eleitoral (TSE), foi cassado o mandato do deputado distrital Jos\u00e9 Gomes. Em abril do ano passado, o parlamentar do PSB j\u00e1 havia [&hellip;]\" \/>\n<meta property=\"og:url\" content=\"https:\/\/www.p31noticias.com.br\/?p=22693\" \/>\n<meta property=\"og:site_name\" content=\"P31\" \/>\n<meta property=\"article:published_time\" content=\"2020-10-20T02:03:27+00:00\" \/>\n<meta property=\"og:image\" content=\"https:\/\/www.p31noticias.com.br\/wp-content\/uploads\/2020\/10\/deputado-distrital-jose-gomes.jpg\" \/>\n\t<meta property=\"og:image:width\" content=\"1200\" \/>\n\t<meta property=\"og:image:height\" content=\"800\" \/>\n\t<meta property=\"og:image:type\" content=\"image\/jpeg\" \/>\n<meta name=\"author\" content=\"Gon\u00e7alves Junior\" \/>\n<meta name=\"twitter:card\" content=\"summary_large_image\" \/>\n<meta name=\"twitter:label1\" content=\"Escrito por\" \/>\n\t<meta name=\"twitter:data1\" content=\"Gon\u00e7alves Junior\" \/>\n\t<meta name=\"twitter:label2\" content=\"Est. tempo de leitura\" \/>\n\t<meta name=\"twitter:data2\" content=\"1 minuto\" \/>\n<script type=\"application\/ld+json\" class=\"yoast-schema-graph\">{\"@context\":\"https:\\\/\\\/schema.org\",\"@graph\":[{\"@type\":\"Article\",\"@id\":\"https:\\\/\\\/www.p31noticias.com.br\\\/?p=22693#article\",\"isPartOf\":{\"@id\":\"https:\\\/\\\/www.p31noticias.com.br\\\/?p=22693\"},\"author\":{\"name\":\"Gon\u00e7alves Junior\",\"@id\":\"https:\\\/\\\/www.p31noticias.com.br\\\/#\\\/schema\\\/person\\\/95f2ece30e3b4132065b915150cd0f94\"},\"headline\":\"Deputado Distrital Jos\u00e9 Gomes \u00e9 cassado pelo Tribunal Superior Eleitoral\",\"datePublished\":\"2020-10-20T02:03:27+00:00\",\"mainEntityOfPage\":{\"@id\":\"https:\\\/\\\/www.p31noticias.com.br\\\/?p=22693\"},\"wordCount\":269,\"commentCount\":0,\"image\":{\"@id\":\"https:\\\/\\\/www.p31noticias.com.br\\\/?p=22693#primaryimage\"},\"thumbnailUrl\":\"https:\\\/\\\/www.p31noticias.com.br\\\/wp-content\\\/uploads\\\/2020\\\/10\\\/deputado-distrital-jose-gomes.jpg\",\"articleSection\":[\"Pol\u00edtica\"],\"inLanguage\":\"pt-BR\",\"potentialAction\":[{\"@type\":\"CommentAction\",\"name\":\"Comment\",\"target\":[\"https:\\\/\\\/www.p31noticias.com.br\\\/?p=22693#respond\"]}],\"copyrightYear\":\"2020\",\"copyrightHolder\":{\"@id\":\"https:\\\/\\\/www.p31noticias.com.br\\\/#organization\"}},{\"@type\":\"WebPage\",\"@id\":\"https:\\\/\\\/www.p31noticias.com.br\\\/?p=22693\",\"url\":\"https:\\\/\\\/www.p31noticias.com.br\\\/?p=22693\",\"name\":\"Deputado Distrital Jos\u00e9 Gomes \u00e9 cassado pelo Tribunal Superior Eleitoral - P31\",\"isPartOf\":{\"@id\":\"https:\\\/\\\/www.p31noticias.com.br\\\/#website\"},\"primaryImageOfPage\":{\"@id\":\"https:\\\/\\\/www.p31noticias.com.br\\\/?p=22693#primaryimage\"},\"image\":{\"@id\":\"https:\\\/\\\/www.p31noticias.com.br\\\/?p=22693#primaryimage\"},\"thumbnailUrl\":\"https:\\\/\\\/www.p31noticias.com.br\\\/wp-content\\\/uploads\\\/2020\\\/10\\\/deputado-distrital-jose-gomes.jpg\",\"datePublished\":\"2020-10-20T02:03:27+00:00\",\"author\":{\"@id\":\"https:\\\/\\\/www.p31noticias.com.br\\\/#\\\/schema\\\/person\\\/95f2ece30e3b4132065b915150cd0f94\"},\"breadcrumb\":{\"@id\":\"https:\\\/\\\/www.p31noticias.com.br\\\/?p=22693#breadcrumb\"},\"inLanguage\":\"pt-BR\",\"potentialAction\":[{\"@type\":\"ReadAction\",\"target\":[\"https:\\\/\\\/www.p31noticias.com.br\\\/?p=22693\"]}]},{\"@type\":\"ImageObject\",\"inLanguage\":\"pt-BR\",\"@id\":\"https:\\\/\\\/www.p31noticias.com.br\\\/?p=22693#primaryimage\",\"url\":\"https:\\\/\\\/www.p31noticias.com.br\\\/wp-content\\\/uploads\\\/2020\\\/10\\\/deputado-distrital-jose-gomes.jpg\",\"contentUrl\":\"https:\\\/\\\/www.p31noticias.com.br\\\/wp-content\\\/uploads\\\/2020\\\/10\\\/deputado-distrital-jose-gomes.jpg\",\"width\":1200,\"height\":800},{\"@type\":\"BreadcrumbList\",\"@id\":\"https:\\\/\\\/www.p31noticias.com.br\\\/?p=22693#breadcrumb\",\"itemListElement\":[{\"@type\":\"ListItem\",\"position\":1,\"name\":\"In\u00edcio\",\"item\":\"https:\\\/\\\/www.p31noticias.com.br\\\/\"},{\"@type\":\"ListItem\",\"position\":2,\"name\":\"Deputado Distrital Jos\u00e9 Gomes \u00e9 cassado pelo Tribunal Superior Eleitoral\"}]},{\"@type\":\"WebSite\",\"@id\":\"https:\\\/\\\/www.p31noticias.com.br\\\/#website\",\"url\":\"https:\\\/\\\/www.p31noticias.com.br\\\/\",\"name\":\"P31\",\"description\":\"NOT\u00cdCIAS\",\"potentialAction\":[{\"@type\":\"SearchAction\",\"target\":{\"@type\":\"EntryPoint\",\"urlTemplate\":\"https:\\\/\\\/www.p31noticias.com.br\\\/?s={search_term_string}\"},\"query-input\":{\"@type\":\"PropertyValueSpecification\",\"valueRequired\":true,\"valueName\":\"search_term_string\"}}],\"inLanguage\":\"pt-BR\"},{\"@type\":\"Person\",\"@id\":\"https:\\\/\\\/www.p31noticias.com.br\\\/#\\\/schema\\\/person\\\/95f2ece30e3b4132065b915150cd0f94\",\"name\":\"Gon\u00e7alves Junior\",\"image\":{\"@type\":\"ImageObject\",\"inLanguage\":\"pt-BR\",\"@id\":\"https:\\\/\\\/secure.gravatar.com\\\/avatar\\\/6711f350116a89762687a48d66f723c799e5438a5b7578508d4294cd7a5d0800?s=96&d=mm&r=g\",\"url\":\"https:\\\/\\\/secure.gravatar.com\\\/avatar\\\/6711f350116a89762687a48d66f723c799e5438a5b7578508d4294cd7a5d0800?s=96&d=mm&r=g\",\"contentUrl\":\"https:\\\/\\\/secure.gravatar.com\\\/avatar\\\/6711f350116a89762687a48d66f723c799e5438a5b7578508d4294cd7a5d0800?s=96&d=mm&r=g\",\"caption\":\"Gon\u00e7alves Junior\"},\"url\":\"https:\\\/\\\/www.p31noticias.com.br\\\/?author=2\"}]}<\/script>\n<!-- \/ Yoast SEO Premium plugin. -->","yoast_head_json":{"title":"Deputado Distrital Jos\u00e9 Gomes \u00e9 cassado pelo Tribunal Superior Eleitoral - P31","robots":{"index":"index","follow":"follow","max-snippet":"max-snippet:-1","max-image-preview":"max-image-preview:large","max-video-preview":"max-video-preview:-1"},"canonical":"https:\/\/www.p31noticias.com.br\/?p=22693","og_locale":"pt_BR","og_type":"article","og_title":"Deputado Distrital Jos\u00e9 Gomes \u00e9 cassado pelo Tribunal Superior Eleitoral","og_description":"Mesmo a defesa do deputado sugerir a nulidade do julgamento inicial, j\u00e1 que questionava a aus\u00eancia de um magistrado na decis\u00e3o do TRE, a senten\u00e7a foi mantida. Em decis\u00e3o tomada pelo Tribunal Superior Eleitoral (TSE), foi cassado o mandato do deputado distrital Jos\u00e9 Gomes. Em abril do ano passado, o parlamentar do PSB j\u00e1 havia [&hellip;]","og_url":"https:\/\/www.p31noticias.com.br\/?p=22693","og_site_name":"P31","article_published_time":"2020-10-20T02:03:27+00:00","og_image":[{"width":1200,"height":800,"url":"https:\/\/www.p31noticias.com.br\/wp-content\/uploads\/2020\/10\/deputado-distrital-jose-gomes.jpg","type":"image\/jpeg"}],"author":"Gon\u00e7alves Junior","twitter_card":"summary_large_image","twitter_misc":{"Escrito por":"Gon\u00e7alves Junior","Est. tempo de leitura":"1 minuto"},"schema":{"@context":"https:\/\/schema.org","@graph":[{"@type":"Article","@id":"https:\/\/www.p31noticias.com.br\/?p=22693#article","isPartOf":{"@id":"https:\/\/www.p31noticias.com.br\/?p=22693"},"author":{"name":"Gon\u00e7alves Junior","@id":"https:\/\/www.p31noticias.com.br\/#\/schema\/person\/95f2ece30e3b4132065b915150cd0f94"},"headline":"Deputado Distrital Jos\u00e9 Gomes \u00e9 cassado pelo Tribunal Superior Eleitoral","datePublished":"2020-10-20T02:03:27+00:00","mainEntityOfPage":{"@id":"https:\/\/www.p31noticias.com.br\/?p=22693"},"wordCount":269,"commentCount":0,"image":{"@id":"https:\/\/www.p31noticias.com.br\/?p=22693#primaryimage"},"thumbnailUrl":"https:\/\/www.p31noticias.com.br\/wp-content\/uploads\/2020\/10\/deputado-distrital-jose-gomes.jpg","articleSection":["Pol\u00edtica"],"inLanguage":"pt-BR","potentialAction":[{"@type":"CommentAction","name":"Comment","target":["https:\/\/www.p31noticias.com.br\/?p=22693#respond"]}],"copyrightYear":"2020","copyrightHolder":{"@id":"https:\/\/www.p31noticias.com.br\/#organization"}},{"@type":"WebPage","@id":"https:\/\/www.p31noticias.com.br\/?p=22693","url":"https:\/\/www.p31noticias.com.br\/?p=22693","name":"Deputado Distrital Jos\u00e9 Gomes \u00e9 cassado pelo Tribunal Superior Eleitoral - P31","isPartOf":{"@id":"https:\/\/www.p31noticias.com.br\/#website"},"primaryImageOfPage":{"@id":"https:\/\/www.p31noticias.com.br\/?p=22693#primaryimage"},"image":{"@id":"https:\/\/www.p31noticias.com.br\/?p=22693#primaryimage"},"thumbnailUrl":"https:\/\/www.p31noticias.com.br\/wp-content\/uploads\/2020\/10\/deputado-distrital-jose-gomes.jpg","datePublished":"2020-10-20T02:03:27+00:00","author":{"@id":"https:\/\/www.p31noticias.com.br\/#\/schema\/person\/95f2ece30e3b4132065b915150cd0f94"},"breadcrumb":{"@id":"https:\/\/www.p31noticias.com.br\/?p=22693#breadcrumb"},"inLanguage":"pt-BR","potentialAction":[{"@type":"ReadAction","target":["https:\/\/www.p31noticias.com.br\/?p=22693"]}]},{"@type":"ImageObject","inLanguage":"pt-BR","@id":"https:\/\/www.p31noticias.com.br\/?p=22693#primaryimage","url":"https:\/\/www.p31noticias.com.br\/wp-content\/uploads\/2020\/10\/deputado-distrital-jose-gomes.jpg","contentUrl":"https:\/\/www.p31noticias.com.br\/wp-content\/uploads\/2020\/10\/deputado-distrital-jose-gomes.jpg","width":1200,"height":800},{"@type":"BreadcrumbList","@id":"https:\/\/www.p31noticias.com.br\/?p=22693#breadcrumb","itemListElement":[{"@type":"ListItem","position":1,"name":"In\u00edcio","item":"https:\/\/www.p31noticias.com.br\/"},{"@type":"ListItem","position":2,"name":"Deputado Distrital Jos\u00e9 Gomes \u00e9 cassado pelo Tribunal Superior Eleitoral"}]},{"@type":"WebSite","@id":"https:\/\/www.p31noticias.com.br\/#website","url":"https:\/\/www.p31noticias.com.br\/","name":"P31","description":"NOT\u00cdCIAS","potentialAction":[{"@type":"SearchAction","target":{"@type":"EntryPoint","urlTemplate":"https:\/\/www.p31noticias.com.br\/?s={search_term_string}"},"query-input":{"@type":"PropertyValueSpecification","valueRequired":true,"valueName":"search_term_string"}}],"inLanguage":"pt-BR"},{"@type":"Person","@id":"https:\/\/www.p31noticias.com.br\/#\/schema\/person\/95f2ece30e3b4132065b915150cd0f94","name":"Gon\u00e7alves Junior","image":{"@type":"ImageObject","inLanguage":"pt-BR","@id":"https:\/\/secure.gravatar.com\/avatar\/6711f350116a89762687a48d66f723c799e5438a5b7578508d4294cd7a5d0800?s=96&d=mm&r=g","url":"https:\/\/secure.gravatar.com\/avatar\/6711f350116a89762687a48d66f723c799e5438a5b7578508d4294cd7a5d0800?s=96&d=mm&r=g","contentUrl":"https:\/\/secure.gravatar.com\/avatar\/6711f350116a89762687a48d66f723c799e5438a5b7578508d4294cd7a5d0800?s=96&d=mm&r=g","caption":"Gon\u00e7alves Junior"},"url":"https:\/\/www.p31noticias.com.br\/?author=2"}]}},"amp_enabled":true,"_links":{"self":[{"href":"https:\/\/www.p31noticias.com.br\/index.php?rest_route=\/wp\/v2\/posts\/22693","targetHints":{"allow":["GET"]}}],"collection":[{"href":"https:\/\/www.p31noticias.com.br\/index.php?rest_route=\/wp\/v2\/posts"}],"about":[{"href":"https:\/\/www.p31noticias.com.br\/index.php?rest_route=\/wp\/v2\/types\/post"}],"author":[{"embeddable":true,"href":"https:\/\/www.p31noticias.com.br\/index.php?rest_route=\/wp\/v2\/users\/2"}],"replies":[{"embeddable":true,"href":"https:\/\/www.p31noticias.com.br\/index.php?rest_route=%2Fwp%2Fv2%2Fcomments&post=22693"}],"version-history":[{"count":1,"href":"https:\/\/www.p31noticias.com.br\/index.php?rest_route=\/wp\/v2\/posts\/22693\/revisions"}],"predecessor-version":[{"id":22694,"href":"https:\/\/www.p31noticias.com.br\/index.php?rest_route=\/wp\/v2\/posts\/22693\/revisions\/22694"}],"wp:featuredmedia":[{"embeddable":true,"href":"https:\/\/www.p31noticias.com.br\/index.php?rest_route=\/wp\/v2\/media\/22695"}],"wp:attachment":[{"href":"https:\/\/www.p31noticias.com.br\/index.php?rest_route=%2Fwp%2Fv2%2Fmedia&parent=22693"}],"wp:term":[{"taxonomy":"category","embeddable":true,"href":"https:\/\/www.p31noticias.com.br\/index.php?rest_route=%2Fwp%2Fv2%2Fcategories&post=22693"},{"taxonomy":"post_tag","embeddable":true,"href":"https:\/\/www.p31noticias.com.br\/index.php?rest_route=%2Fwp%2Fv2%2Ftags&post=22693"}],"curies":[{"name":"wp","href":"https:\/\/api.w.org\/{rel}","templated":true}]}}