{"id":22689,"date":"2020-10-20T01:53:53","date_gmt":"2020-10-20T01:53:53","guid":{"rendered":"https:\/\/p31noticias.com.br\/?p=22689"},"modified":"2020-10-20T01:53:53","modified_gmt":"2020-10-20T01:53:53","slug":"tcdf-aprova-contas-do-primeiro-ano-de-gestao","status":"publish","type":"post","link":"https:\/\/www.p31noticias.com.br\/?p=22689","title":{"rendered":"TCDF aprova contas do primeiro ano de gest\u00e3o"},"content":{"rendered":"<p><em><strong>Conselheiros do tribunal foram un\u00e2nimes em destacar a melhoria na situa\u00e7\u00e3o da contabilidade governamental<\/strong><\/em><\/p>\n<p style=\"text-align: justify;\">O Tribunal de Contas do Distrito Federal (TCDF) aprovou nesta segunda-feira (19) o parecer das contas de governo do primeiro ano da gest\u00e3o\u00a0<a href=\"https:\/\/www.agenciabrasilia.df.gov.br\/topicos\/ibaneis-rocha\/\" target=\"_blank\" rel=\"noopener noreferrer\"><strong>Ibaneis Rocha<\/strong><\/a>. No relat\u00f3rio, o conselheiro Manuel de Andrade destacou o cumprimento dos limites com gasto de pessoal, com endividamento, a supera\u00e7\u00e3o das previs\u00f5es dos resultados prim\u00e1rio e nominal e as aplica\u00e7\u00f5es dos limites constitucionais na sa\u00fade e na educa\u00e7\u00e3o. Em 2019 foi registrado um super\u00e1vit de R$ 217,5 milh\u00f5es.<\/p>\n<p style=\"text-align: justify;\">Os conselheiros do tribunal foram un\u00e2nimes em destacar a melhoria nas contas governamentais. Em especial no que diz respeito \u00e0 redu\u00e7\u00e3o das despesas sem cobertura contratual, ao aumento dos investimentos e \u00e0 manuten\u00e7\u00e3o das despesas com pessoal dentro dos limites descritos na Lei de Responsabilidade Fiscal (LRF).<\/p>\n<blockquote class=\"olho centro\"><p><span class=\"olho__numeralha clearfix no-margin bold block\">R$ 7,3 bilh\u00f5es<\/span><span class=\"olho__texto h2\">investidos pelo GDF em educa\u00e7\u00e3o e sa\u00fade em 2019<\/span><\/p><\/blockquote>\n<p style=\"text-align: justify;\">De 2018 para 2019 foi registrada uma queda de 47,4% das despesas sem contrato. Elas passaram de R$ 265,7 milh\u00f5es para R$ 139 milh\u00f5es. J\u00e1 os limites constitucionais da sa\u00fade e educa\u00e7\u00e3o foram cumpridos com folga, ficando em R$ 4,6 bilh\u00f5es a aplica\u00e7\u00e3o na Manuten\u00e7\u00e3o e Desenvolvimento do Ensino e R$ 2,7 bilh\u00f5es na Sa\u00fade. Os limites m\u00ednimos eram, respectivamente, de R$ 4,2 bilh\u00f5es e R$ 2,2 bilh\u00f5es.<\/p>\n<p style=\"text-align: justify;\">Segundo o relat\u00f3rio do tribunal, a previs\u00e3o inicial do or\u00e7amento era de R$ 42 bilh\u00f5es, incluindo-se os R$ 14,3 bilh\u00f5es do Fundo Constitucional do DF. Do total, foram executados R$ 39,8 bilh\u00f5es, sendo que R$ 25,7 bilh\u00f5es gastos com pessoal. Esse montante permitiu que o governo mantivesse o percentual da receita corrente l\u00edquida (RCL) em 43,54%, abaixo do limite de alerta (44,10%).<\/p>\n<p style=\"text-align: justify;\">Outro destaque foram os investimentos para realiza\u00e7\u00f5es de obras e melhorias, com total de R$ 632,4 milh\u00f5es em 2019. Tamb\u00e9m foram pagos R$ 2,1 bilh\u00f5es com os chamados restos a pagar, que s\u00e3o as\u00a0despesas empenhadas e n\u00e3o pagas em exerc\u00edcios anteriores.<\/p>\n<p style=\"text-align: justify;\">Nos pontos de ressalva, os conselheiros manifestaram preocupa\u00e7\u00e3o com o crescimento do estoque da d\u00edvida ativa, que alcan\u00e7ou R$ 36,3 bilh\u00f5es em 2019; a baixa execu\u00e7\u00e3o dos recursos dos fundos especiais; o registro das contas previdenci\u00e1rias sem notas explicativas; e a defici\u00eancia de alguns indicadores. As ressalvas e recomenda\u00e7\u00f5es n\u00e3o impedem a aprova\u00e7\u00e3o do parecer das contas, que agora seguem para julgamento final na C\u00e2mara Legislativa do DF.<\/p>\n<p style=\"text-align: justify;\">Fonte : Ag\u00eancia Brasilia<\/p>\n","protected":false},"excerpt":{"rendered":"<p>Conselheiros do tribunal foram un\u00e2nimes em destacar a melhoria na situa\u00e7\u00e3o da contabilidade governamental O Tribunal de Contas do Distrito Federal (TCDF) aprovou nesta segunda-feira (19) o parecer das contas de governo do primeiro ano da gest\u00e3o\u00a0Ibaneis Rocha. No relat\u00f3rio, o conselheiro Manuel de Andrade destacou o cumprimento dos limites com gasto de pessoal, com [&hellip;]<\/p>\n","protected":false},"author":2,"featured_media":22690,"comment_status":"open","ping_status":"open","sticky":false,"template":"","format":"standard","meta":{"footnotes":""},"categories":[1],"tags":[],"class_list":{"0":"post-22689","1":"post","2":"type-post","3":"status-publish","4":"format-standard","5":"has-post-thumbnail","7":"category-outros"},"yoast_head":"<!-- This site is optimized with the Yoast SEO Premium plugin v24.5 (Yoast SEO v27.5) - https:\/\/yoast.com\/product\/yoast-seo-premium-wordpress\/ -->\n<title>TCDF aprova contas do primeiro ano de gest\u00e3o - P31<\/title>\n<meta name=\"robots\" content=\"index, follow, max-snippet:-1, max-image-preview:large, max-video-preview:-1\" \/>\n<link rel=\"canonical\" href=\"https:\/\/www.p31noticias.com.br\/?p=22689\" \/>\n<meta property=\"og:locale\" content=\"pt_BR\" \/>\n<meta property=\"og:type\" content=\"article\" \/>\n<meta property=\"og:title\" content=\"TCDF aprova contas do primeiro ano de gest\u00e3o\" \/>\n<meta property=\"og:description\" content=\"Conselheiros do tribunal foram un\u00e2nimes em destacar a melhoria na situa\u00e7\u00e3o da contabilidade governamental O Tribunal de Contas do Distrito Federal (TCDF) aprovou nesta segunda-feira (19) o parecer das contas de governo do primeiro ano da gest\u00e3o\u00a0Ibaneis Rocha. No relat\u00f3rio, o conselheiro Manuel de Andrade destacou o cumprimento dos limites com gasto de pessoal, com [&hellip;]\" \/>\n<meta property=\"og:url\" content=\"https:\/\/www.p31noticias.com.br\/?p=22689\" \/>\n<meta property=\"og:site_name\" content=\"P31\" \/>\n<meta property=\"article:published_time\" content=\"2020-10-20T01:53:53+00:00\" \/>\n<meta property=\"og:image\" content=\"https:\/\/www.p31noticias.com.br\/wp-content\/uploads\/2020\/10\/22.8.-Pal\u00e1cio-do-Buriti.-Fotos-de-L\u00facio-Bernardo-Jr-2-1200x789-1.jpg\" \/>\n\t<meta property=\"og:image:width\" content=\"1200\" \/>\n\t<meta property=\"og:image:height\" content=\"789\" \/>\n\t<meta property=\"og:image:type\" content=\"image\/jpeg\" \/>\n<meta name=\"author\" content=\"Gon\u00e7alves Junior\" \/>\n<meta name=\"twitter:card\" content=\"summary_large_image\" \/>\n<meta name=\"twitter:label1\" content=\"Escrito por\" \/>\n\t<meta name=\"twitter:data1\" content=\"Gon\u00e7alves Junior\" \/>\n\t<meta name=\"twitter:label2\" content=\"Est. tempo de leitura\" \/>\n\t<meta name=\"twitter:data2\" content=\"2 minutos\" \/>\n<script type=\"application\/ld+json\" class=\"yoast-schema-graph\">{\"@context\":\"https:\\\/\\\/schema.org\",\"@graph\":[{\"@type\":\"Article\",\"@id\":\"https:\\\/\\\/www.p31noticias.com.br\\\/?p=22689#article\",\"isPartOf\":{\"@id\":\"https:\\\/\\\/www.p31noticias.com.br\\\/?p=22689\"},\"author\":{\"name\":\"Gon\u00e7alves Junior\",\"@id\":\"https:\\\/\\\/www.p31noticias.com.br\\\/#\\\/schema\\\/person\\\/95f2ece30e3b4132065b915150cd0f94\"},\"headline\":\"TCDF aprova contas do primeiro ano de gest\u00e3o\",\"datePublished\":\"2020-10-20T01:53:53+00:00\",\"mainEntityOfPage\":{\"@id\":\"https:\\\/\\\/www.p31noticias.com.br\\\/?p=22689\"},\"wordCount\":428,\"commentCount\":0,\"image\":{\"@id\":\"https:\\\/\\\/www.p31noticias.com.br\\\/?p=22689#primaryimage\"},\"thumbnailUrl\":\"https:\\\/\\\/www.p31noticias.com.br\\\/wp-content\\\/uploads\\\/2020\\\/10\\\/22.8.-Pal\u00e1cio-do-Buriti.-Fotos-de-L\u00facio-Bernardo-Jr-2-1200x789-1.jpg\",\"articleSection\":[\"Outros\"],\"inLanguage\":\"pt-BR\",\"potentialAction\":[{\"@type\":\"CommentAction\",\"name\":\"Comment\",\"target\":[\"https:\\\/\\\/www.p31noticias.com.br\\\/?p=22689#respond\"]}],\"copyrightYear\":\"2020\",\"copyrightHolder\":{\"@id\":\"https:\\\/\\\/www.p31noticias.com.br\\\/#organization\"}},{\"@type\":\"WebPage\",\"@id\":\"https:\\\/\\\/www.p31noticias.com.br\\\/?p=22689\",\"url\":\"https:\\\/\\\/www.p31noticias.com.br\\\/?p=22689\",\"name\":\"TCDF aprova contas do primeiro ano de gest\u00e3o - P31\",\"isPartOf\":{\"@id\":\"https:\\\/\\\/www.p31noticias.com.br\\\/#website\"},\"primaryImageOfPage\":{\"@id\":\"https:\\\/\\\/www.p31noticias.com.br\\\/?p=22689#primaryimage\"},\"image\":{\"@id\":\"https:\\\/\\\/www.p31noticias.com.br\\\/?p=22689#primaryimage\"},\"thumbnailUrl\":\"https:\\\/\\\/www.p31noticias.com.br\\\/wp-content\\\/uploads\\\/2020\\\/10\\\/22.8.-Pal\u00e1cio-do-Buriti.-Fotos-de-L\u00facio-Bernardo-Jr-2-1200x789-1.jpg\",\"datePublished\":\"2020-10-20T01:53:53+00:00\",\"author\":{\"@id\":\"https:\\\/\\\/www.p31noticias.com.br\\\/#\\\/schema\\\/person\\\/95f2ece30e3b4132065b915150cd0f94\"},\"breadcrumb\":{\"@id\":\"https:\\\/\\\/www.p31noticias.com.br\\\/?p=22689#breadcrumb\"},\"inLanguage\":\"pt-BR\",\"potentialAction\":[{\"@type\":\"ReadAction\",\"target\":[\"https:\\\/\\\/www.p31noticias.com.br\\\/?p=22689\"]}]},{\"@type\":\"ImageObject\",\"inLanguage\":\"pt-BR\",\"@id\":\"https:\\\/\\\/www.p31noticias.com.br\\\/?p=22689#primaryimage\",\"url\":\"https:\\\/\\\/www.p31noticias.com.br\\\/wp-content\\\/uploads\\\/2020\\\/10\\\/22.8.-Pal\u00e1cio-do-Buriti.-Fotos-de-L\u00facio-Bernardo-Jr-2-1200x789-1.jpg\",\"contentUrl\":\"https:\\\/\\\/www.p31noticias.com.br\\\/wp-content\\\/uploads\\\/2020\\\/10\\\/22.8.-Pal\u00e1cio-do-Buriti.-Fotos-de-L\u00facio-Bernardo-Jr-2-1200x789-1.jpg\",\"width\":1200,\"height\":789},{\"@type\":\"BreadcrumbList\",\"@id\":\"https:\\\/\\\/www.p31noticias.com.br\\\/?p=22689#breadcrumb\",\"itemListElement\":[{\"@type\":\"ListItem\",\"position\":1,\"name\":\"In\u00edcio\",\"item\":\"https:\\\/\\\/www.p31noticias.com.br\\\/\"},{\"@type\":\"ListItem\",\"position\":2,\"name\":\"TCDF aprova contas do primeiro ano de gest\u00e3o\"}]},{\"@type\":\"WebSite\",\"@id\":\"https:\\\/\\\/www.p31noticias.com.br\\\/#website\",\"url\":\"https:\\\/\\\/www.p31noticias.com.br\\\/\",\"name\":\"P31\",\"description\":\"NOT\u00cdCIAS\",\"potentialAction\":[{\"@type\":\"SearchAction\",\"target\":{\"@type\":\"EntryPoint\",\"urlTemplate\":\"https:\\\/\\\/www.p31noticias.com.br\\\/?s={search_term_string}\"},\"query-input\":{\"@type\":\"PropertyValueSpecification\",\"valueRequired\":true,\"valueName\":\"search_term_string\"}}],\"inLanguage\":\"pt-BR\"},{\"@type\":\"Person\",\"@id\":\"https:\\\/\\\/www.p31noticias.com.br\\\/#\\\/schema\\\/person\\\/95f2ece30e3b4132065b915150cd0f94\",\"name\":\"Gon\u00e7alves Junior\",\"image\":{\"@type\":\"ImageObject\",\"inLanguage\":\"pt-BR\",\"@id\":\"https:\\\/\\\/secure.gravatar.com\\\/avatar\\\/6711f350116a89762687a48d66f723c799e5438a5b7578508d4294cd7a5d0800?s=96&d=mm&r=g\",\"url\":\"https:\\\/\\\/secure.gravatar.com\\\/avatar\\\/6711f350116a89762687a48d66f723c799e5438a5b7578508d4294cd7a5d0800?s=96&d=mm&r=g\",\"contentUrl\":\"https:\\\/\\\/secure.gravatar.com\\\/avatar\\\/6711f350116a89762687a48d66f723c799e5438a5b7578508d4294cd7a5d0800?s=96&d=mm&r=g\",\"caption\":\"Gon\u00e7alves Junior\"},\"url\":\"https:\\\/\\\/www.p31noticias.com.br\\\/?author=2\"}]}<\/script>\n<!-- \/ Yoast SEO Premium plugin. -->","yoast_head_json":{"title":"TCDF aprova contas do primeiro ano de gest\u00e3o - P31","robots":{"index":"index","follow":"follow","max-snippet":"max-snippet:-1","max-image-preview":"max-image-preview:large","max-video-preview":"max-video-preview:-1"},"canonical":"https:\/\/www.p31noticias.com.br\/?p=22689","og_locale":"pt_BR","og_type":"article","og_title":"TCDF aprova contas do primeiro ano de gest\u00e3o","og_description":"Conselheiros do tribunal foram un\u00e2nimes em destacar a melhoria na situa\u00e7\u00e3o da contabilidade governamental O Tribunal de Contas do Distrito Federal (TCDF) aprovou nesta segunda-feira (19) o parecer das contas de governo do primeiro ano da gest\u00e3o\u00a0Ibaneis Rocha. No relat\u00f3rio, o conselheiro Manuel de Andrade destacou o cumprimento dos limites com gasto de pessoal, com [&hellip;]","og_url":"https:\/\/www.p31noticias.com.br\/?p=22689","og_site_name":"P31","article_published_time":"2020-10-20T01:53:53+00:00","og_image":[{"width":1200,"height":789,"url":"https:\/\/www.p31noticias.com.br\/wp-content\/uploads\/2020\/10\/22.8.-Pal\u00e1cio-do-Buriti.-Fotos-de-L\u00facio-Bernardo-Jr-2-1200x789-1.jpg","type":"image\/jpeg"}],"author":"Gon\u00e7alves Junior","twitter_card":"summary_large_image","twitter_misc":{"Escrito por":"Gon\u00e7alves Junior","Est. tempo de leitura":"2 minutos"},"schema":{"@context":"https:\/\/schema.org","@graph":[{"@type":"Article","@id":"https:\/\/www.p31noticias.com.br\/?p=22689#article","isPartOf":{"@id":"https:\/\/www.p31noticias.com.br\/?p=22689"},"author":{"name":"Gon\u00e7alves Junior","@id":"https:\/\/www.p31noticias.com.br\/#\/schema\/person\/95f2ece30e3b4132065b915150cd0f94"},"headline":"TCDF aprova contas do primeiro ano de gest\u00e3o","datePublished":"2020-10-20T01:53:53+00:00","mainEntityOfPage":{"@id":"https:\/\/www.p31noticias.com.br\/?p=22689"},"wordCount":428,"commentCount":0,"image":{"@id":"https:\/\/www.p31noticias.com.br\/?p=22689#primaryimage"},"thumbnailUrl":"https:\/\/www.p31noticias.com.br\/wp-content\/uploads\/2020\/10\/22.8.-Pal\u00e1cio-do-Buriti.-Fotos-de-L\u00facio-Bernardo-Jr-2-1200x789-1.jpg","articleSection":["Outros"],"inLanguage":"pt-BR","potentialAction":[{"@type":"CommentAction","name":"Comment","target":["https:\/\/www.p31noticias.com.br\/?p=22689#respond"]}],"copyrightYear":"2020","copyrightHolder":{"@id":"https:\/\/www.p31noticias.com.br\/#organization"}},{"@type":"WebPage","@id":"https:\/\/www.p31noticias.com.br\/?p=22689","url":"https:\/\/www.p31noticias.com.br\/?p=22689","name":"TCDF aprova contas do primeiro ano de gest\u00e3o - P31","isPartOf":{"@id":"https:\/\/www.p31noticias.com.br\/#website"},"primaryImageOfPage":{"@id":"https:\/\/www.p31noticias.com.br\/?p=22689#primaryimage"},"image":{"@id":"https:\/\/www.p31noticias.com.br\/?p=22689#primaryimage"},"thumbnailUrl":"https:\/\/www.p31noticias.com.br\/wp-content\/uploads\/2020\/10\/22.8.-Pal\u00e1cio-do-Buriti.-Fotos-de-L\u00facio-Bernardo-Jr-2-1200x789-1.jpg","datePublished":"2020-10-20T01:53:53+00:00","author":{"@id":"https:\/\/www.p31noticias.com.br\/#\/schema\/person\/95f2ece30e3b4132065b915150cd0f94"},"breadcrumb":{"@id":"https:\/\/www.p31noticias.com.br\/?p=22689#breadcrumb"},"inLanguage":"pt-BR","potentialAction":[{"@type":"ReadAction","target":["https:\/\/www.p31noticias.com.br\/?p=22689"]}]},{"@type":"ImageObject","inLanguage":"pt-BR","@id":"https:\/\/www.p31noticias.com.br\/?p=22689#primaryimage","url":"https:\/\/www.p31noticias.com.br\/wp-content\/uploads\/2020\/10\/22.8.-Pal\u00e1cio-do-Buriti.-Fotos-de-L\u00facio-Bernardo-Jr-2-1200x789-1.jpg","contentUrl":"https:\/\/www.p31noticias.com.br\/wp-content\/uploads\/2020\/10\/22.8.-Pal\u00e1cio-do-Buriti.-Fotos-de-L\u00facio-Bernardo-Jr-2-1200x789-1.jpg","width":1200,"height":789},{"@type":"BreadcrumbList","@id":"https:\/\/www.p31noticias.com.br\/?p=22689#breadcrumb","itemListElement":[{"@type":"ListItem","position":1,"name":"In\u00edcio","item":"https:\/\/www.p31noticias.com.br\/"},{"@type":"ListItem","position":2,"name":"TCDF aprova contas do primeiro ano de gest\u00e3o"}]},{"@type":"WebSite","@id":"https:\/\/www.p31noticias.com.br\/#website","url":"https:\/\/www.p31noticias.com.br\/","name":"P31","description":"NOT\u00cdCIAS","potentialAction":[{"@type":"SearchAction","target":{"@type":"EntryPoint","urlTemplate":"https:\/\/www.p31noticias.com.br\/?s={search_term_string}"},"query-input":{"@type":"PropertyValueSpecification","valueRequired":true,"valueName":"search_term_string"}}],"inLanguage":"pt-BR"},{"@type":"Person","@id":"https:\/\/www.p31noticias.com.br\/#\/schema\/person\/95f2ece30e3b4132065b915150cd0f94","name":"Gon\u00e7alves Junior","image":{"@type":"ImageObject","inLanguage":"pt-BR","@id":"https:\/\/secure.gravatar.com\/avatar\/6711f350116a89762687a48d66f723c799e5438a5b7578508d4294cd7a5d0800?s=96&d=mm&r=g","url":"https:\/\/secure.gravatar.com\/avatar\/6711f350116a89762687a48d66f723c799e5438a5b7578508d4294cd7a5d0800?s=96&d=mm&r=g","contentUrl":"https:\/\/secure.gravatar.com\/avatar\/6711f350116a89762687a48d66f723c799e5438a5b7578508d4294cd7a5d0800?s=96&d=mm&r=g","caption":"Gon\u00e7alves Junior"},"url":"https:\/\/www.p31noticias.com.br\/?author=2"}]}},"amp_enabled":true,"_links":{"self":[{"href":"https:\/\/www.p31noticias.com.br\/index.php?rest_route=\/wp\/v2\/posts\/22689","targetHints":{"allow":["GET"]}}],"collection":[{"href":"https:\/\/www.p31noticias.com.br\/index.php?rest_route=\/wp\/v2\/posts"}],"about":[{"href":"https:\/\/www.p31noticias.com.br\/index.php?rest_route=\/wp\/v2\/types\/post"}],"author":[{"embeddable":true,"href":"https:\/\/www.p31noticias.com.br\/index.php?rest_route=\/wp\/v2\/users\/2"}],"replies":[{"embeddable":true,"href":"https:\/\/www.p31noticias.com.br\/index.php?rest_route=%2Fwp%2Fv2%2Fcomments&post=22689"}],"version-history":[{"count":1,"href":"https:\/\/www.p31noticias.com.br\/index.php?rest_route=\/wp\/v2\/posts\/22689\/revisions"}],"predecessor-version":[{"id":22691,"href":"https:\/\/www.p31noticias.com.br\/index.php?rest_route=\/wp\/v2\/posts\/22689\/revisions\/22691"}],"wp:featuredmedia":[{"embeddable":true,"href":"https:\/\/www.p31noticias.com.br\/index.php?rest_route=\/wp\/v2\/media\/22690"}],"wp:attachment":[{"href":"https:\/\/www.p31noticias.com.br\/index.php?rest_route=%2Fwp%2Fv2%2Fmedia&parent=22689"}],"wp:term":[{"taxonomy":"category","embeddable":true,"href":"https:\/\/www.p31noticias.com.br\/index.php?rest_route=%2Fwp%2Fv2%2Fcategories&post=22689"},{"taxonomy":"post_tag","embeddable":true,"href":"https:\/\/www.p31noticias.com.br\/index.php?rest_route=%2Fwp%2Fv2%2Ftags&post=22689"}],"curies":[{"name":"wp","href":"https:\/\/api.w.org\/{rel}","templated":true}]}}