{"id":22686,"date":"2020-10-20T01:48:00","date_gmt":"2020-10-20T01:48:00","guid":{"rendered":"https:\/\/p31noticias.com.br\/?p=22686"},"modified":"2020-10-20T01:48:00","modified_gmt":"2020-10-20T01:48:00","slug":"nitazoxanida-reduz-carga-viral-de-pacientes-com-covid-19-diz-pesquisa","status":"publish","type":"post","link":"https:\/\/www.p31noticias.com.br\/?p=22686","title":{"rendered":"Nitazoxanida reduz carga viral de pacientes com covid-19, diz pesquisa"},"content":{"rendered":"<h3 class=\"col-10 offset-1 animated fadeInDown dealy-900 display-8 display-md-8 alt-font font-italic my-1 text-center\" style=\"text-align: justify;\"><em><strong>Resultado de estudo cl\u00ednico foi anunciado em cerim\u00f4nia no Planalto<\/strong><\/em><\/h3>\n<p style=\"text-align: justify;\">O estudo cl\u00ednico do Laborat\u00f3rio Nacional de Bioci\u00eancias sobre\u00a0o uso do medicamento nitazoxanida em pacientes na fase precoce da covid-19 demonstrou efic\u00e1cia no tratamento da doen\u00e7a, reduzindo a carga viral das pessoas infectadas. O an\u00fancio ocorreu durante cerim\u00f4nia no Pal\u00e1cio do Planalto, na tarde desta segunda-feira (19), com a participa\u00e7\u00e3o do presidente Jair Bolsonaro.<img decoding=\"async\" src=\"https:\/\/agenciabrasil.ebc.com.br\/ebc.png?id=1391055&amp;o=node\" \/><img decoding=\"async\" src=\"https:\/\/agenciabrasil.ebc.com.br\/ebc.gif?id=1391055&amp;o=node\" \/><\/p>\n<p style=\"text-align: justify;\">A pesquisa foi iniciada pelo Laborat\u00f3rio Nacional de Bioci\u00eancias, em Campinas (SP), instituto vinculado ao Minist\u00e9rio da Ci\u00eancia, Tecnologia e Inova\u00e7\u00e3o (MCTI). O titular da pasta, ministro Marcos Pontes, celebrou o resultado positivo.<\/p>\n<p style=\"text-align: justify;\">&#8220;O que eu posso dizer \u00e9 que n\u00f3s temos agora um medicamento comprovado cientificamente que \u00e9 capaz de reduzir a carga viral. Com essa redu\u00e7\u00e3o da carga viral, significa que reduz o cont\u00e1gio nas pessoas que tomam o medicamento nos primeiros dias, reduz a capacidade de cont\u00e1gio e diminui a probabilidade dessa pessoa aumentarem os sintomas, ir para o hospital e falecer&#8221;, disse.<\/p>\n<p style=\"text-align: justify;\">O pontap\u00e9 da pesquisa foi dado com a an\u00e1lise de 2 mil drogas, testadas com intelig\u00eancia artificial, para verificar se poderiam inibir os efeitos do v\u00edrus Sars-Cov-2, causador da covid-19 no organismo humano. Os estudos no Laborat\u00f3rio Nacional de Bioci\u00eancias chegaram a cinco drogas, que foram para uma segunda fase, que era o teste in vitro feito com c\u00e9lulas humanas infectadas. Neste teste, o f\u00e1rmaco nitazoxanida, que \u00e9 um verm\u00edfugo muito conhecido no pa\u00eds, apresentou 94% de capacidade de inibir o novo coronav\u00edrus.<\/p>\n<h2 style=\"text-align: justify;\"><em><strong>Testes em humanos<\/strong><\/em><\/h2>\n<p style=\"text-align: justify;\">Foi s\u00f3 ap\u00f3s estas etapas que os testes em humanos foram iniciados, com mais de 1,5 mil pacientes volunt\u00e1rios, que tinham at\u00e9 tr\u00eas dias de sintomas e foram acompanhados em sete diferentes unidades hospitalares do pa\u00eds.<\/p>\n<p style=\"text-align: justify;\">Nesta fase, de acordo com a coordenadora do estudo cl\u00ednico, Patr\u00edcia Rocco, foram feitos testes duplo cego, quando nem o paciente e nem o m\u00e9dico sabem qual a medica\u00e7\u00e3o est\u00e1 sendo tomada, e randomizados, quando os pacientes s\u00e3o distribu\u00eddos aleatoriamente em dois grupos, um que recebe o medicamento e outro que recebe um placebo. A dose oferecida era de 500 miligramas da nitazoxanida, tr\u00eas vezes ao dia, ou o placebo durante cinco dias.<\/p>\n<p style=\"text-align: justify;\">&#8220;Esses pacientes eram acompanhados de forma remota at\u00e9 sete dias ap\u00f3s a terapia. Constatamos que a nitazoxanida, em compara\u00e7\u00e3o com o placebo, acarretou, ao final da terapia, redu\u00e7\u00e3o significativa da carga viral e um maior n\u00famero de pacientes com resultado negativo para o Sars-Cov-2&#8221;, disse a m\u00e9dica, que \u00e9 professora titular e chefe do Laborat\u00f3rio de Investiga\u00e7\u00e3o Pulmonar do Instituto de Biof\u00edsica Carlos Chagas Filho, da Universidade Federal do Rio de Janeiro (UFRJ).<\/p>\n<p style=\"text-align: justify;\">Segundo Patr\u00edcia, esse resultado \u00e9 de extrema import\u00e2ncia, pois a nitozoxanida \u00e9 um rem\u00e9dio de baixo custo e ampla distribui\u00e7\u00e3o, podendo ser usada de forma oral, e que n\u00e3o precisa de interna\u00e7\u00e3o hospitalar. \u201cNa dose utilizada, n\u00e3o apresentou rea\u00e7\u00f5es adversas graves. A redu\u00e7\u00e3o da carga viral implica em menor gravidade, em menor transmissibilidade do v\u00edrus&#8221;, disse Patr\u00edcia. A pesquisadora ressaltou que o estudo foi enviado para publica\u00e7\u00e3o em uma revista cient\u00edfica internacional e dever\u00e1 ser revisado por outros cientistas.<\/p>\n<h2 style=\"text-align: justify;\"><em><strong>N\u00e3o \u00e9 profil\u00e1tico<\/strong><\/em><\/h2>\n<p style=\"text-align: justify;\">O ministro Marcos Pontes disse, durante seu discurso, que o medicamento n\u00e3o pode ser usado por quem n\u00e3o apresenta sintomas da doen\u00e7a, mas apenas para pessoas na fase inicial da infec\u00e7\u00e3o. &#8220;N\u00e3o \u00e9 profil\u00e1tico, n\u00e3o \u00e9 para preven\u00e7\u00e3o. \u00c9 s\u00f3 depois da detec\u00e7\u00e3o do v\u00edrus&#8221;, disse.<\/p>\n<p style=\"text-align: justify;\">O presidente Jair Bolsonaro tamb\u00e9m comemorou o resultado da pesquisa e destacou a efic\u00e1cia da nitazoxanida no tratamento da covid-19.<\/p>\n<p style=\"text-align: justify;\">&#8220;Atrav\u00e9s das observa\u00e7\u00f5es, atrav\u00e9s de pessoas que concretamente usaram esse medicamento e foi constatado, na ponta da linha, que a carga viral diminu\u00eda. E dessas pessoas que usaram esse medicamento, nenhuma delas sequer foi hospitalizada&#8221;, afirmou.<\/p>\n<h2 style=\"text-align: justify;\"><em><strong>Vacina obrigat\u00f3ria\u00a0<\/strong><\/em><\/h2>\n<p style=\"text-align: justify;\">Ainda durante a cerim\u00f4nia, o presidente voltou a dizer que a vacina contra a covid-19 n\u00e3o ser\u00e1 obrigat\u00f3ria no Brasil. Bolsonaro afirmou que cabe ao Minist\u00e9rio da Sa\u00fade definir as normas do Programa Nacional de Imuniza\u00e7\u00e3o.<\/p>\n<p style=\"text-align: justify;\">&#8220;Tem uma lei de 1975 que diz que cabe ao Minist\u00e9rio da Sa\u00fade o Programa Nacional de Imuniza\u00e7\u00e3o, ali inclu\u00eddas poss\u00edveis vacinas obrigat\u00f3rias. A vacina contra a Covid, como cabe ao Minist\u00e9rio da Sa\u00fade definir esta quest\u00e3o, ela n\u00e3o ser\u00e1 obrigat\u00f3ria&#8221;, disse. O presidente tamb\u00e9m afirmou que qualquer vacina contra o v\u00edrus ter\u00e1 que ter sua efic\u00e1cia cient\u00edfica comprovada e ser autorizada previamente pela Ag\u00eancia Nacional de Vigil\u00e2ncia Sanit\u00e1ria (Anvisa).<\/p>\n<p style=\"text-align: justify;\">Fonte : Ag\u00eancia Brasil<\/p>\n","protected":false},"excerpt":{"rendered":"<p>Resultado de estudo cl\u00ednico foi anunciado em cerim\u00f4nia no Planalto O estudo cl\u00ednico do Laborat\u00f3rio Nacional de Bioci\u00eancias sobre\u00a0o uso do medicamento nitazoxanida em pacientes na fase precoce da covid-19 demonstrou efic\u00e1cia no tratamento da doen\u00e7a, reduzindo a carga viral das pessoas infectadas. O an\u00fancio ocorreu durante cerim\u00f4nia no Pal\u00e1cio do Planalto, na tarde desta [&hellip;]<\/p>\n","protected":false},"author":2,"featured_media":22688,"comment_status":"open","ping_status":"open","sticky":false,"template":"","format":"standard","meta":{"footnotes":""},"categories":[68],"tags":[],"class_list":{"0":"post-22686","1":"post","2":"type-post","3":"status-publish","4":"format-standard","5":"has-post-thumbnail","7":"category-brasil"},"yoast_head":"<!-- This site is optimized with the Yoast SEO Premium plugin v24.5 (Yoast SEO v27.5) - https:\/\/yoast.com\/product\/yoast-seo-premium-wordpress\/ -->\n<title>Nitazoxanida reduz carga viral de pacientes com covid-19, diz pesquisa - P31<\/title>\n<meta name=\"robots\" content=\"index, follow, max-snippet:-1, max-image-preview:large, max-video-preview:-1\" \/>\n<link rel=\"canonical\" href=\"https:\/\/www.p31noticias.com.br\/?p=22686\" \/>\n<meta property=\"og:locale\" content=\"pt_BR\" \/>\n<meta property=\"og:type\" content=\"article\" \/>\n<meta property=\"og:title\" content=\"Nitazoxanida reduz carga viral de pacientes com covid-19, diz pesquisa\" \/>\n<meta property=\"og:description\" content=\"Resultado de estudo cl\u00ednico foi anunciado em cerim\u00f4nia no Planalto O estudo cl\u00ednico do Laborat\u00f3rio Nacional de Bioci\u00eancias sobre\u00a0o uso do medicamento nitazoxanida em pacientes na fase precoce da covid-19 demonstrou efic\u00e1cia no tratamento da doen\u00e7a, reduzindo a carga viral das pessoas infectadas. O an\u00fancio ocorreu durante cerim\u00f4nia no Pal\u00e1cio do Planalto, na tarde desta [&hellip;]\" \/>\n<meta property=\"og:url\" content=\"https:\/\/www.p31noticias.com.br\/?p=22686\" \/>\n<meta property=\"og:site_name\" content=\"P31\" \/>\n<meta property=\"article:published_time\" content=\"2020-10-20T01:48:00+00:00\" \/>\n<meta property=\"og:image\" content=\"https:\/\/www.p31noticias.com.br\/wp-content\/uploads\/2020\/10\/Bolsonaro-vacina.jpg\" \/>\n\t<meta property=\"og:image:width\" content=\"1170\" \/>\n\t<meta property=\"og:image:height\" content=\"700\" \/>\n\t<meta property=\"og:image:type\" content=\"image\/jpeg\" \/>\n<meta name=\"author\" content=\"Gon\u00e7alves Junior\" \/>\n<meta name=\"twitter:card\" content=\"summary_large_image\" \/>\n<meta name=\"twitter:label1\" content=\"Escrito por\" \/>\n\t<meta name=\"twitter:data1\" content=\"Gon\u00e7alves Junior\" \/>\n\t<meta name=\"twitter:label2\" content=\"Est. tempo de leitura\" \/>\n\t<meta name=\"twitter:data2\" content=\"4 minutos\" \/>\n<script type=\"application\/ld+json\" class=\"yoast-schema-graph\">{\"@context\":\"https:\\\/\\\/schema.org\",\"@graph\":[{\"@type\":\"Article\",\"@id\":\"https:\\\/\\\/www.p31noticias.com.br\\\/?p=22686#article\",\"isPartOf\":{\"@id\":\"https:\\\/\\\/www.p31noticias.com.br\\\/?p=22686\"},\"author\":{\"name\":\"Gon\u00e7alves Junior\",\"@id\":\"https:\\\/\\\/www.p31noticias.com.br\\\/#\\\/schema\\\/person\\\/95f2ece30e3b4132065b915150cd0f94\"},\"headline\":\"Nitazoxanida reduz carga viral de pacientes com covid-19, diz pesquisa\",\"datePublished\":\"2020-10-20T01:48:00+00:00\",\"mainEntityOfPage\":{\"@id\":\"https:\\\/\\\/www.p31noticias.com.br\\\/?p=22686\"},\"wordCount\":824,\"commentCount\":0,\"image\":{\"@id\":\"https:\\\/\\\/www.p31noticias.com.br\\\/?p=22686#primaryimage\"},\"thumbnailUrl\":\"https:\\\/\\\/www.p31noticias.com.br\\\/wp-content\\\/uploads\\\/2020\\\/10\\\/Bolsonaro-vacina.jpg\",\"articleSection\":[\"Brasil\"],\"inLanguage\":\"pt-BR\",\"potentialAction\":[{\"@type\":\"CommentAction\",\"name\":\"Comment\",\"target\":[\"https:\\\/\\\/www.p31noticias.com.br\\\/?p=22686#respond\"]}],\"copyrightYear\":\"2020\",\"copyrightHolder\":{\"@id\":\"https:\\\/\\\/www.p31noticias.com.br\\\/#organization\"}},{\"@type\":\"WebPage\",\"@id\":\"https:\\\/\\\/www.p31noticias.com.br\\\/?p=22686\",\"url\":\"https:\\\/\\\/www.p31noticias.com.br\\\/?p=22686\",\"name\":\"Nitazoxanida reduz carga viral de pacientes com covid-19, diz pesquisa - P31\",\"isPartOf\":{\"@id\":\"https:\\\/\\\/www.p31noticias.com.br\\\/#website\"},\"primaryImageOfPage\":{\"@id\":\"https:\\\/\\\/www.p31noticias.com.br\\\/?p=22686#primaryimage\"},\"image\":{\"@id\":\"https:\\\/\\\/www.p31noticias.com.br\\\/?p=22686#primaryimage\"},\"thumbnailUrl\":\"https:\\\/\\\/www.p31noticias.com.br\\\/wp-content\\\/uploads\\\/2020\\\/10\\\/Bolsonaro-vacina.jpg\",\"datePublished\":\"2020-10-20T01:48:00+00:00\",\"author\":{\"@id\":\"https:\\\/\\\/www.p31noticias.com.br\\\/#\\\/schema\\\/person\\\/95f2ece30e3b4132065b915150cd0f94\"},\"breadcrumb\":{\"@id\":\"https:\\\/\\\/www.p31noticias.com.br\\\/?p=22686#breadcrumb\"},\"inLanguage\":\"pt-BR\",\"potentialAction\":[{\"@type\":\"ReadAction\",\"target\":[\"https:\\\/\\\/www.p31noticias.com.br\\\/?p=22686\"]}]},{\"@type\":\"ImageObject\",\"inLanguage\":\"pt-BR\",\"@id\":\"https:\\\/\\\/www.p31noticias.com.br\\\/?p=22686#primaryimage\",\"url\":\"https:\\\/\\\/www.p31noticias.com.br\\\/wp-content\\\/uploads\\\/2020\\\/10\\\/Bolsonaro-vacina.jpg\",\"contentUrl\":\"https:\\\/\\\/www.p31noticias.com.br\\\/wp-content\\\/uploads\\\/2020\\\/10\\\/Bolsonaro-vacina.jpg\",\"width\":1170,\"height\":700,\"caption\":\"(Bras\u00edlia - DF, 19\\\/10\\\/2020) Cerim\u00f4nia de An\u00fancio do Resultado do Estudo Cl\u00ednico Covid-19 MCTI. Foto: Isac N\u00f3brega\\\/PR\"},{\"@type\":\"BreadcrumbList\",\"@id\":\"https:\\\/\\\/www.p31noticias.com.br\\\/?p=22686#breadcrumb\",\"itemListElement\":[{\"@type\":\"ListItem\",\"position\":1,\"name\":\"In\u00edcio\",\"item\":\"https:\\\/\\\/www.p31noticias.com.br\\\/\"},{\"@type\":\"ListItem\",\"position\":2,\"name\":\"Nitazoxanida reduz carga viral de pacientes com covid-19, diz pesquisa\"}]},{\"@type\":\"WebSite\",\"@id\":\"https:\\\/\\\/www.p31noticias.com.br\\\/#website\",\"url\":\"https:\\\/\\\/www.p31noticias.com.br\\\/\",\"name\":\"P31\",\"description\":\"NOT\u00cdCIAS\",\"potentialAction\":[{\"@type\":\"SearchAction\",\"target\":{\"@type\":\"EntryPoint\",\"urlTemplate\":\"https:\\\/\\\/www.p31noticias.com.br\\\/?s={search_term_string}\"},\"query-input\":{\"@type\":\"PropertyValueSpecification\",\"valueRequired\":true,\"valueName\":\"search_term_string\"}}],\"inLanguage\":\"pt-BR\"},{\"@type\":\"Person\",\"@id\":\"https:\\\/\\\/www.p31noticias.com.br\\\/#\\\/schema\\\/person\\\/95f2ece30e3b4132065b915150cd0f94\",\"name\":\"Gon\u00e7alves Junior\",\"image\":{\"@type\":\"ImageObject\",\"inLanguage\":\"pt-BR\",\"@id\":\"https:\\\/\\\/secure.gravatar.com\\\/avatar\\\/6711f350116a89762687a48d66f723c799e5438a5b7578508d4294cd7a5d0800?s=96&d=mm&r=g\",\"url\":\"https:\\\/\\\/secure.gravatar.com\\\/avatar\\\/6711f350116a89762687a48d66f723c799e5438a5b7578508d4294cd7a5d0800?s=96&d=mm&r=g\",\"contentUrl\":\"https:\\\/\\\/secure.gravatar.com\\\/avatar\\\/6711f350116a89762687a48d66f723c799e5438a5b7578508d4294cd7a5d0800?s=96&d=mm&r=g\",\"caption\":\"Gon\u00e7alves Junior\"},\"url\":\"https:\\\/\\\/www.p31noticias.com.br\\\/?author=2\"}]}<\/script>\n<!-- \/ Yoast SEO Premium plugin. -->","yoast_head_json":{"title":"Nitazoxanida reduz carga viral de pacientes com covid-19, diz pesquisa - P31","robots":{"index":"index","follow":"follow","max-snippet":"max-snippet:-1","max-image-preview":"max-image-preview:large","max-video-preview":"max-video-preview:-1"},"canonical":"https:\/\/www.p31noticias.com.br\/?p=22686","og_locale":"pt_BR","og_type":"article","og_title":"Nitazoxanida reduz carga viral de pacientes com covid-19, diz pesquisa","og_description":"Resultado de estudo cl\u00ednico foi anunciado em cerim\u00f4nia no Planalto O estudo cl\u00ednico do Laborat\u00f3rio Nacional de Bioci\u00eancias sobre\u00a0o uso do medicamento nitazoxanida em pacientes na fase precoce da covid-19 demonstrou efic\u00e1cia no tratamento da doen\u00e7a, reduzindo a carga viral das pessoas infectadas. O an\u00fancio ocorreu durante cerim\u00f4nia no Pal\u00e1cio do Planalto, na tarde desta [&hellip;]","og_url":"https:\/\/www.p31noticias.com.br\/?p=22686","og_site_name":"P31","article_published_time":"2020-10-20T01:48:00+00:00","og_image":[{"width":1170,"height":700,"url":"https:\/\/www.p31noticias.com.br\/wp-content\/uploads\/2020\/10\/Bolsonaro-vacina.jpg","type":"image\/jpeg"}],"author":"Gon\u00e7alves Junior","twitter_card":"summary_large_image","twitter_misc":{"Escrito por":"Gon\u00e7alves Junior","Est. tempo de leitura":"4 minutos"},"schema":{"@context":"https:\/\/schema.org","@graph":[{"@type":"Article","@id":"https:\/\/www.p31noticias.com.br\/?p=22686#article","isPartOf":{"@id":"https:\/\/www.p31noticias.com.br\/?p=22686"},"author":{"name":"Gon\u00e7alves Junior","@id":"https:\/\/www.p31noticias.com.br\/#\/schema\/person\/95f2ece30e3b4132065b915150cd0f94"},"headline":"Nitazoxanida reduz carga viral de pacientes com covid-19, diz pesquisa","datePublished":"2020-10-20T01:48:00+00:00","mainEntityOfPage":{"@id":"https:\/\/www.p31noticias.com.br\/?p=22686"},"wordCount":824,"commentCount":0,"image":{"@id":"https:\/\/www.p31noticias.com.br\/?p=22686#primaryimage"},"thumbnailUrl":"https:\/\/www.p31noticias.com.br\/wp-content\/uploads\/2020\/10\/Bolsonaro-vacina.jpg","articleSection":["Brasil"],"inLanguage":"pt-BR","potentialAction":[{"@type":"CommentAction","name":"Comment","target":["https:\/\/www.p31noticias.com.br\/?p=22686#respond"]}],"copyrightYear":"2020","copyrightHolder":{"@id":"https:\/\/www.p31noticias.com.br\/#organization"}},{"@type":"WebPage","@id":"https:\/\/www.p31noticias.com.br\/?p=22686","url":"https:\/\/www.p31noticias.com.br\/?p=22686","name":"Nitazoxanida reduz carga viral de pacientes com covid-19, diz pesquisa - P31","isPartOf":{"@id":"https:\/\/www.p31noticias.com.br\/#website"},"primaryImageOfPage":{"@id":"https:\/\/www.p31noticias.com.br\/?p=22686#primaryimage"},"image":{"@id":"https:\/\/www.p31noticias.com.br\/?p=22686#primaryimage"},"thumbnailUrl":"https:\/\/www.p31noticias.com.br\/wp-content\/uploads\/2020\/10\/Bolsonaro-vacina.jpg","datePublished":"2020-10-20T01:48:00+00:00","author":{"@id":"https:\/\/www.p31noticias.com.br\/#\/schema\/person\/95f2ece30e3b4132065b915150cd0f94"},"breadcrumb":{"@id":"https:\/\/www.p31noticias.com.br\/?p=22686#breadcrumb"},"inLanguage":"pt-BR","potentialAction":[{"@type":"ReadAction","target":["https:\/\/www.p31noticias.com.br\/?p=22686"]}]},{"@type":"ImageObject","inLanguage":"pt-BR","@id":"https:\/\/www.p31noticias.com.br\/?p=22686#primaryimage","url":"https:\/\/www.p31noticias.com.br\/wp-content\/uploads\/2020\/10\/Bolsonaro-vacina.jpg","contentUrl":"https:\/\/www.p31noticias.com.br\/wp-content\/uploads\/2020\/10\/Bolsonaro-vacina.jpg","width":1170,"height":700,"caption":"(Bras\u00edlia - DF, 19\/10\/2020) Cerim\u00f4nia de An\u00fancio do Resultado do Estudo Cl\u00ednico Covid-19 MCTI. Foto: Isac N\u00f3brega\/PR"},{"@type":"BreadcrumbList","@id":"https:\/\/www.p31noticias.com.br\/?p=22686#breadcrumb","itemListElement":[{"@type":"ListItem","position":1,"name":"In\u00edcio","item":"https:\/\/www.p31noticias.com.br\/"},{"@type":"ListItem","position":2,"name":"Nitazoxanida reduz carga viral de pacientes com covid-19, diz pesquisa"}]},{"@type":"WebSite","@id":"https:\/\/www.p31noticias.com.br\/#website","url":"https:\/\/www.p31noticias.com.br\/","name":"P31","description":"NOT\u00cdCIAS","potentialAction":[{"@type":"SearchAction","target":{"@type":"EntryPoint","urlTemplate":"https:\/\/www.p31noticias.com.br\/?s={search_term_string}"},"query-input":{"@type":"PropertyValueSpecification","valueRequired":true,"valueName":"search_term_string"}}],"inLanguage":"pt-BR"},{"@type":"Person","@id":"https:\/\/www.p31noticias.com.br\/#\/schema\/person\/95f2ece30e3b4132065b915150cd0f94","name":"Gon\u00e7alves Junior","image":{"@type":"ImageObject","inLanguage":"pt-BR","@id":"https:\/\/secure.gravatar.com\/avatar\/6711f350116a89762687a48d66f723c799e5438a5b7578508d4294cd7a5d0800?s=96&d=mm&r=g","url":"https:\/\/secure.gravatar.com\/avatar\/6711f350116a89762687a48d66f723c799e5438a5b7578508d4294cd7a5d0800?s=96&d=mm&r=g","contentUrl":"https:\/\/secure.gravatar.com\/avatar\/6711f350116a89762687a48d66f723c799e5438a5b7578508d4294cd7a5d0800?s=96&d=mm&r=g","caption":"Gon\u00e7alves Junior"},"url":"https:\/\/www.p31noticias.com.br\/?author=2"}]}},"amp_enabled":true,"_links":{"self":[{"href":"https:\/\/www.p31noticias.com.br\/index.php?rest_route=\/wp\/v2\/posts\/22686","targetHints":{"allow":["GET"]}}],"collection":[{"href":"https:\/\/www.p31noticias.com.br\/index.php?rest_route=\/wp\/v2\/posts"}],"about":[{"href":"https:\/\/www.p31noticias.com.br\/index.php?rest_route=\/wp\/v2\/types\/post"}],"author":[{"embeddable":true,"href":"https:\/\/www.p31noticias.com.br\/index.php?rest_route=\/wp\/v2\/users\/2"}],"replies":[{"embeddable":true,"href":"https:\/\/www.p31noticias.com.br\/index.php?rest_route=%2Fwp%2Fv2%2Fcomments&post=22686"}],"version-history":[{"count":1,"href":"https:\/\/www.p31noticias.com.br\/index.php?rest_route=\/wp\/v2\/posts\/22686\/revisions"}],"predecessor-version":[{"id":22687,"href":"https:\/\/www.p31noticias.com.br\/index.php?rest_route=\/wp\/v2\/posts\/22686\/revisions\/22687"}],"wp:featuredmedia":[{"embeddable":true,"href":"https:\/\/www.p31noticias.com.br\/index.php?rest_route=\/wp\/v2\/media\/22688"}],"wp:attachment":[{"href":"https:\/\/www.p31noticias.com.br\/index.php?rest_route=%2Fwp%2Fv2%2Fmedia&parent=22686"}],"wp:term":[{"taxonomy":"category","embeddable":true,"href":"https:\/\/www.p31noticias.com.br\/index.php?rest_route=%2Fwp%2Fv2%2Fcategories&post=22686"},{"taxonomy":"post_tag","embeddable":true,"href":"https:\/\/www.p31noticias.com.br\/index.php?rest_route=%2Fwp%2Fv2%2Ftags&post=22686"}],"curies":[{"name":"wp","href":"https:\/\/api.w.org\/{rel}","templated":true}]}}