{"id":22682,"date":"2020-10-20T01:40:22","date_gmt":"2020-10-20T01:40:22","guid":{"rendered":"https:\/\/p31noticias.com.br\/?p=22682"},"modified":"2020-10-20T01:56:18","modified_gmt":"2020-10-20T01:56:18","slug":"brasil-e-eua-assinam-acordo-para-facilitar-comercio-e-desburocratizar-regulacao","status":"publish","type":"post","link":"https:\/\/www.p31noticias.com.br\/?p=22682","title":{"rendered":"Brasil e EUA assinam acordo para facilitar com\u00e9rcio e desburocratizar regula\u00e7\u00e3o"},"content":{"rendered":"<p style=\"text-align: justify;\">A 15 dias das elei\u00e7\u00f5es presidenciais norte-americanas, Brasil e Estados Unidos fecharam um pacote comercial com medidas para facilitar o com\u00e9rcio entre os pa\u00edses, desburocratizar a regula\u00e7\u00e3o e reduzir a corrup\u00e7\u00e3o. O acordo foi bem recebido pelo setor privado e \u00e9 considerado pelos dois governos o primeiro passo para um futuro acordo de livre com\u00e9rcio.<\/p>\n<p style=\"text-align: justify;\">&#8220;Temos hoje um an\u00fancio padr\u00e3o ouro, muito moderno no com\u00e9rcio. \u00c9 um sinal muito positivo para um acordo mais amplo entre EUA e Brasil e que, em \u00faltima inst\u00e2ncia, pode levar a acordo de livre com\u00e9rcio entre os dois pa\u00edses.<\/p>\n<p style=\"text-align: justify;\">Queremos fazer isso passo a passo ter certeza de que o acordo \u00e9 \u00f3timo para o Brasil e \u00f3timo para os Estados Unidos&#8221;, disse na manh\u00e3 desta segunda-feira, 19, o conselheiro de Seguran\u00e7a dos Estados Unidos, Robert OBrien, ap\u00f3s encontro na Federa\u00e7\u00e3o das Ind\u00fastrias do Estado de S\u00e3o Paulo.<\/p>\n<p style=\"text-align: justify;\">O Acordo de Com\u00e9rcio e Coopera\u00e7\u00e3o Econ\u00f4mica vinha sendo negociado pelos dois pa\u00edses desde 2011, mas estava em hiberna\u00e7\u00e3o at\u00e9 a elei\u00e7\u00e3o do presidente Jair Bolsonaro. O alinhamento do presidente com o colega norte-americano Donald Trump reaqueceu o processo, que foi acelerado nos \u00faltimos meses \u00e0 medida que Trump ca\u00eda nas pesquisas de inten\u00e7\u00e3o de voto para reelei\u00e7\u00e3o.<\/p>\n<p style=\"text-align: justify;\">Em mar\u00e7o do ano passado, ap\u00f3s um encontro nos Estados Unidos, os dois presidentes anunciaram a retomada das negocia\u00e7\u00f5es. As conversas t\u00e9cnicas come\u00e7aram apenas em agosto do ano passado e a coopera\u00e7\u00e3o e rapidez do trabalho dos brasileiros para chegar a um entendimento impressionou negociadores norte-americanos.<\/p>\n<p style=\"text-align: justify;\">Apesar de os brasileiros almejarem um acordo de livre com\u00e9rcio, pelas regras do Mercosul, isso s\u00f3 poder\u00e1 ser feito em acordo com todos os pa\u00edses do bloco. Por isso, o pacote comercial anunciado nesta segunda-feira foca quest\u00f5es n\u00e3o-tarif\u00e1rias, que podem ser negociadas bilateralmente, sem a anu\u00eancia dos outros integrantes do bloco sul-americano.<\/p>\n<p style=\"text-align: justify;\">&#8220;A assinatura do pacote comercial insere-se em contexto mais amplo da pol\u00edtica de com\u00e9rcio exterior brasileira, cujo principal objetivo tem sido o de criar ambiente econ\u00f4mico favor\u00e1vel aos neg\u00f3cios e \u00e0 reinser\u00e7\u00e3o competitiva do Brasil na economia internacional.<\/p>\n<p style=\"text-align: justify;\">Pretende-se que o pacote forme a base de um amplo acordo comercial a ser futuramente negociado entre as duas maiores economias do continente americano&#8221;, declararam os minist\u00e9rios das Rela\u00e7\u00f5es Exteriores e da Economia, em nota conjunta.<\/p>\n<p style=\"text-align: justify;\">Segundo a nota, o texto \u00e9 o mais avan\u00e7ado j\u00e1 negociado pelo Brasil e um dos mais ambiciosos j\u00e1 negociados no mundo.<\/p>\n<p style=\"text-align: justify;\"><em><strong>Pacote<\/strong><\/em><\/p>\n<p style=\"text-align: justify;\">O principal acordo \u00e9 o de facilita\u00e7\u00e3o do com\u00e9rcio, que pretende reduzir burocracias administrativas e aduaneiras na exporta\u00e7\u00e3o e importa\u00e7\u00e3o de bens e diminuir prazo e custos das opera\u00e7\u00f5es. Uma das medidas \u00e9 o compromisso dos dois pa\u00edses em reconhecer programas de Operador Econ\u00f4mico Autorizado (OEA), que s\u00e3o empresas importadoras e exportadoras com uma esp\u00e9cie de selo do governo.<\/p>\n<p style=\"text-align: justify;\">Com ele, as empresas conseguem desembara\u00e7ar suas mercadorias de maneira quase autom\u00e1tica nas fronteiras. Esse reconhecimento n\u00e3o ser\u00e1 imediato e ainda depende de uma visita de autoridades dos EUA \u00e0s aduanas brasileiras, que foi adiada por conta da pandemia.<\/p>\n<p style=\"text-align: justify;\">O entendimento prev\u00ea ainda o uso de tecnologias no processamento das exporta\u00e7\u00f5es e importa\u00e7\u00f5es, como ado\u00e7\u00e3o de documentos eletr\u00f4nicos em substitui\u00e7\u00e3o a pap\u00e9is hoje exigidos, pagamentos eletr\u00f4nicos e uso de um guich\u00ea \u00fanico no com\u00e9rcio exterior. H\u00e1 uma se\u00e7\u00e3o espec\u00edfica para o tratamento comercial de produtos agr\u00edcolas, importantes na pauta de exporta\u00e7\u00e3o dos dois pa\u00edses.<\/p>\n<p style=\"text-align: justify;\">J\u00e1 o acordo de boas pr\u00e1ticas regulat\u00f3rias traz um protocolo para a ado\u00e7\u00e3o de compromissos como revis\u00e3o de regula\u00e7\u00f5es existentes e a previs\u00e3o de um \u00f3rg\u00e3o ou mecanismo central de coordena\u00e7\u00e3o para supervisionar a ado\u00e7\u00e3o de boas pr\u00e1ticas regulat\u00f3rias pelo governo federal.<\/p>\n<p style=\"text-align: justify;\">Outro anexo prev\u00ea medidas anticorrup\u00e7\u00e3o, um dos primeiros sobre o tema negociado em acordos comerciais. O documento prev\u00ea a ado\u00e7\u00e3o de padr\u00f5es que pro\u00edbam um funcion\u00e1rio p\u00fablico de solicitar ou aceitar suborno ou auxiliar ou encorajar tais crimes. Tamb\u00e9m dever\u00e3o ser adotadas medidas para proteger quem reportar pr\u00e1ticas de corrup\u00e7\u00e3o a autoridades.<\/p>\n<p style=\"text-align: justify;\">Fonte : CNN<\/p>\n","protected":false},"excerpt":{"rendered":"<p>A 15 dias das elei\u00e7\u00f5es presidenciais norte-americanas, Brasil e Estados Unidos fecharam um pacote comercial com medidas para facilitar o com\u00e9rcio entre os pa\u00edses, desburocratizar a regula\u00e7\u00e3o e reduzir a corrup\u00e7\u00e3o. O acordo foi bem recebido pelo setor privado e \u00e9 considerado pelos dois governos o primeiro passo para um futuro acordo de livre com\u00e9rcio. [&hellip;]<\/p>\n","protected":false},"author":2,"featured_media":22683,"comment_status":"open","ping_status":"open","sticky":false,"template":"","format":"standard","meta":{"footnotes":""},"categories":[1],"tags":[],"class_list":{"0":"post-22682","1":"post","2":"type-post","3":"status-publish","4":"format-standard","5":"has-post-thumbnail","7":"category-outros"},"yoast_head":"<!-- This site is optimized with the Yoast SEO Premium plugin v24.5 (Yoast SEO v27.5) - https:\/\/yoast.com\/product\/yoast-seo-premium-wordpress\/ -->\n<title>Brasil e EUA assinam acordo para facilitar com\u00e9rcio e desburocratizar regula\u00e7\u00e3o - P31<\/title>\n<meta name=\"robots\" content=\"index, follow, max-snippet:-1, max-image-preview:large, max-video-preview:-1\" \/>\n<link rel=\"canonical\" href=\"https:\/\/www.p31noticias.com.br\/?p=22682\" \/>\n<meta property=\"og:locale\" content=\"pt_BR\" \/>\n<meta property=\"og:type\" content=\"article\" \/>\n<meta property=\"og:title\" content=\"Brasil e EUA assinam acordo para facilitar com\u00e9rcio e desburocratizar regula\u00e7\u00e3o\" \/>\n<meta property=\"og:description\" content=\"A 15 dias das elei\u00e7\u00f5es presidenciais norte-americanas, Brasil e Estados Unidos fecharam um pacote comercial com medidas para facilitar o com\u00e9rcio entre os pa\u00edses, desburocratizar a regula\u00e7\u00e3o e reduzir a corrup\u00e7\u00e3o. O acordo foi bem recebido pelo setor privado e \u00e9 considerado pelos dois governos o primeiro passo para um futuro acordo de livre com\u00e9rcio. [&hellip;]\" \/>\n<meta property=\"og:url\" content=\"https:\/\/www.p31noticias.com.br\/?p=22682\" \/>\n<meta property=\"og:site_name\" content=\"P31\" \/>\n<meta property=\"article:published_time\" content=\"2020-10-20T01:40:22+00:00\" \/>\n<meta property=\"article:modified_time\" content=\"2020-10-20T01:56:18+00:00\" \/>\n<meta property=\"og:image\" content=\"https:\/\/www.p31noticias.com.br\/wp-content\/uploads\/2020\/10\/Foto-Paulo-Guedes-scaled.jpg\" \/>\n\t<meta property=\"og:image:width\" content=\"2560\" \/>\n\t<meta property=\"og:image:height\" content=\"1707\" \/>\n\t<meta property=\"og:image:type\" content=\"image\/jpeg\" \/>\n<meta name=\"author\" content=\"Gon\u00e7alves Junior\" \/>\n<meta name=\"twitter:card\" content=\"summary_large_image\" \/>\n<meta name=\"twitter:label1\" content=\"Escrito por\" \/>\n\t<meta name=\"twitter:data1\" content=\"Gon\u00e7alves Junior\" \/>\n\t<meta name=\"twitter:label2\" content=\"Est. tempo de leitura\" \/>\n\t<meta name=\"twitter:data2\" content=\"4 minutos\" \/>\n<script type=\"application\/ld+json\" class=\"yoast-schema-graph\">{\"@context\":\"https:\\\/\\\/schema.org\",\"@graph\":[{\"@type\":\"Article\",\"@id\":\"https:\\\/\\\/www.p31noticias.com.br\\\/?p=22682#article\",\"isPartOf\":{\"@id\":\"https:\\\/\\\/www.p31noticias.com.br\\\/?p=22682\"},\"author\":{\"name\":\"Gon\u00e7alves Junior\",\"@id\":\"https:\\\/\\\/www.p31noticias.com.br\\\/#\\\/schema\\\/person\\\/95f2ece30e3b4132065b915150cd0f94\"},\"headline\":\"Brasil e EUA assinam acordo para facilitar com\u00e9rcio e desburocratizar regula\u00e7\u00e3o\",\"datePublished\":\"2020-10-20T01:40:22+00:00\",\"dateModified\":\"2020-10-20T01:56:18+00:00\",\"mainEntityOfPage\":{\"@id\":\"https:\\\/\\\/www.p31noticias.com.br\\\/?p=22682\"},\"wordCount\":741,\"commentCount\":0,\"image\":{\"@id\":\"https:\\\/\\\/www.p31noticias.com.br\\\/?p=22682#primaryimage\"},\"thumbnailUrl\":\"https:\\\/\\\/www.p31noticias.com.br\\\/wp-content\\\/uploads\\\/2020\\\/10\\\/Foto-Paulo-Guedes-scaled.jpg\",\"articleSection\":[\"Outros\"],\"inLanguage\":\"pt-BR\",\"potentialAction\":[{\"@type\":\"CommentAction\",\"name\":\"Comment\",\"target\":[\"https:\\\/\\\/www.p31noticias.com.br\\\/?p=22682#respond\"]}],\"copyrightYear\":\"2020\",\"copyrightHolder\":{\"@id\":\"https:\\\/\\\/www.p31noticias.com.br\\\/#organization\"}},{\"@type\":\"WebPage\",\"@id\":\"https:\\\/\\\/www.p31noticias.com.br\\\/?p=22682\",\"url\":\"https:\\\/\\\/www.p31noticias.com.br\\\/?p=22682\",\"name\":\"Brasil e EUA assinam acordo para facilitar com\u00e9rcio e desburocratizar regula\u00e7\u00e3o - P31\",\"isPartOf\":{\"@id\":\"https:\\\/\\\/www.p31noticias.com.br\\\/#website\"},\"primaryImageOfPage\":{\"@id\":\"https:\\\/\\\/www.p31noticias.com.br\\\/?p=22682#primaryimage\"},\"image\":{\"@id\":\"https:\\\/\\\/www.p31noticias.com.br\\\/?p=22682#primaryimage\"},\"thumbnailUrl\":\"https:\\\/\\\/www.p31noticias.com.br\\\/wp-content\\\/uploads\\\/2020\\\/10\\\/Foto-Paulo-Guedes-scaled.jpg\",\"datePublished\":\"2020-10-20T01:40:22+00:00\",\"dateModified\":\"2020-10-20T01:56:18+00:00\",\"author\":{\"@id\":\"https:\\\/\\\/www.p31noticias.com.br\\\/#\\\/schema\\\/person\\\/95f2ece30e3b4132065b915150cd0f94\"},\"breadcrumb\":{\"@id\":\"https:\\\/\\\/www.p31noticias.com.br\\\/?p=22682#breadcrumb\"},\"inLanguage\":\"pt-BR\",\"potentialAction\":[{\"@type\":\"ReadAction\",\"target\":[\"https:\\\/\\\/www.p31noticias.com.br\\\/?p=22682\"]}]},{\"@type\":\"ImageObject\",\"inLanguage\":\"pt-BR\",\"@id\":\"https:\\\/\\\/www.p31noticias.com.br\\\/?p=22682#primaryimage\",\"url\":\"https:\\\/\\\/www.p31noticias.com.br\\\/wp-content\\\/uploads\\\/2020\\\/10\\\/Foto-Paulo-Guedes-scaled.jpg\",\"contentUrl\":\"https:\\\/\\\/www.p31noticias.com.br\\\/wp-content\\\/uploads\\\/2020\\\/10\\\/Foto-Paulo-Guedes-scaled.jpg\",\"width\":2560,\"height\":1707,\"caption\":\"Conselheiro de Seguran\u00e7a Nacional dos EUA, Robert O\u00b4Brien, e ministro da Economia, Paulo Guedes, durante reuni\u00e3o em Bras\u00edlia 19\\\/10\\\/2020 REUTERS\\\/Adriano Machado\"},{\"@type\":\"BreadcrumbList\",\"@id\":\"https:\\\/\\\/www.p31noticias.com.br\\\/?p=22682#breadcrumb\",\"itemListElement\":[{\"@type\":\"ListItem\",\"position\":1,\"name\":\"In\u00edcio\",\"item\":\"https:\\\/\\\/www.p31noticias.com.br\\\/\"},{\"@type\":\"ListItem\",\"position\":2,\"name\":\"Brasil e EUA assinam acordo para facilitar com\u00e9rcio e desburocratizar regula\u00e7\u00e3o\"}]},{\"@type\":\"WebSite\",\"@id\":\"https:\\\/\\\/www.p31noticias.com.br\\\/#website\",\"url\":\"https:\\\/\\\/www.p31noticias.com.br\\\/\",\"name\":\"P31\",\"description\":\"NOT\u00cdCIAS\",\"potentialAction\":[{\"@type\":\"SearchAction\",\"target\":{\"@type\":\"EntryPoint\",\"urlTemplate\":\"https:\\\/\\\/www.p31noticias.com.br\\\/?s={search_term_string}\"},\"query-input\":{\"@type\":\"PropertyValueSpecification\",\"valueRequired\":true,\"valueName\":\"search_term_string\"}}],\"inLanguage\":\"pt-BR\"},{\"@type\":\"Person\",\"@id\":\"https:\\\/\\\/www.p31noticias.com.br\\\/#\\\/schema\\\/person\\\/95f2ece30e3b4132065b915150cd0f94\",\"name\":\"Gon\u00e7alves Junior\",\"image\":{\"@type\":\"ImageObject\",\"inLanguage\":\"pt-BR\",\"@id\":\"https:\\\/\\\/secure.gravatar.com\\\/avatar\\\/6711f350116a89762687a48d66f723c799e5438a5b7578508d4294cd7a5d0800?s=96&d=mm&r=g\",\"url\":\"https:\\\/\\\/secure.gravatar.com\\\/avatar\\\/6711f350116a89762687a48d66f723c799e5438a5b7578508d4294cd7a5d0800?s=96&d=mm&r=g\",\"contentUrl\":\"https:\\\/\\\/secure.gravatar.com\\\/avatar\\\/6711f350116a89762687a48d66f723c799e5438a5b7578508d4294cd7a5d0800?s=96&d=mm&r=g\",\"caption\":\"Gon\u00e7alves Junior\"},\"url\":\"https:\\\/\\\/www.p31noticias.com.br\\\/?author=2\"}]}<\/script>\n<!-- \/ Yoast SEO Premium plugin. -->","yoast_head_json":{"title":"Brasil e EUA assinam acordo para facilitar com\u00e9rcio e desburocratizar regula\u00e7\u00e3o - P31","robots":{"index":"index","follow":"follow","max-snippet":"max-snippet:-1","max-image-preview":"max-image-preview:large","max-video-preview":"max-video-preview:-1"},"canonical":"https:\/\/www.p31noticias.com.br\/?p=22682","og_locale":"pt_BR","og_type":"article","og_title":"Brasil e EUA assinam acordo para facilitar com\u00e9rcio e desburocratizar regula\u00e7\u00e3o","og_description":"A 15 dias das elei\u00e7\u00f5es presidenciais norte-americanas, Brasil e Estados Unidos fecharam um pacote comercial com medidas para facilitar o com\u00e9rcio entre os pa\u00edses, desburocratizar a regula\u00e7\u00e3o e reduzir a corrup\u00e7\u00e3o. O acordo foi bem recebido pelo setor privado e \u00e9 considerado pelos dois governos o primeiro passo para um futuro acordo de livre com\u00e9rcio. [&hellip;]","og_url":"https:\/\/www.p31noticias.com.br\/?p=22682","og_site_name":"P31","article_published_time":"2020-10-20T01:40:22+00:00","article_modified_time":"2020-10-20T01:56:18+00:00","og_image":[{"width":2560,"height":1707,"url":"https:\/\/www.p31noticias.com.br\/wp-content\/uploads\/2020\/10\/Foto-Paulo-Guedes-scaled.jpg","type":"image\/jpeg"}],"author":"Gon\u00e7alves Junior","twitter_card":"summary_large_image","twitter_misc":{"Escrito por":"Gon\u00e7alves Junior","Est. tempo de leitura":"4 minutos"},"schema":{"@context":"https:\/\/schema.org","@graph":[{"@type":"Article","@id":"https:\/\/www.p31noticias.com.br\/?p=22682#article","isPartOf":{"@id":"https:\/\/www.p31noticias.com.br\/?p=22682"},"author":{"name":"Gon\u00e7alves Junior","@id":"https:\/\/www.p31noticias.com.br\/#\/schema\/person\/95f2ece30e3b4132065b915150cd0f94"},"headline":"Brasil e EUA assinam acordo para facilitar com\u00e9rcio e desburocratizar regula\u00e7\u00e3o","datePublished":"2020-10-20T01:40:22+00:00","dateModified":"2020-10-20T01:56:18+00:00","mainEntityOfPage":{"@id":"https:\/\/www.p31noticias.com.br\/?p=22682"},"wordCount":741,"commentCount":0,"image":{"@id":"https:\/\/www.p31noticias.com.br\/?p=22682#primaryimage"},"thumbnailUrl":"https:\/\/www.p31noticias.com.br\/wp-content\/uploads\/2020\/10\/Foto-Paulo-Guedes-scaled.jpg","articleSection":["Outros"],"inLanguage":"pt-BR","potentialAction":[{"@type":"CommentAction","name":"Comment","target":["https:\/\/www.p31noticias.com.br\/?p=22682#respond"]}],"copyrightYear":"2020","copyrightHolder":{"@id":"https:\/\/www.p31noticias.com.br\/#organization"}},{"@type":"WebPage","@id":"https:\/\/www.p31noticias.com.br\/?p=22682","url":"https:\/\/www.p31noticias.com.br\/?p=22682","name":"Brasil e EUA assinam acordo para facilitar com\u00e9rcio e desburocratizar regula\u00e7\u00e3o - P31","isPartOf":{"@id":"https:\/\/www.p31noticias.com.br\/#website"},"primaryImageOfPage":{"@id":"https:\/\/www.p31noticias.com.br\/?p=22682#primaryimage"},"image":{"@id":"https:\/\/www.p31noticias.com.br\/?p=22682#primaryimage"},"thumbnailUrl":"https:\/\/www.p31noticias.com.br\/wp-content\/uploads\/2020\/10\/Foto-Paulo-Guedes-scaled.jpg","datePublished":"2020-10-20T01:40:22+00:00","dateModified":"2020-10-20T01:56:18+00:00","author":{"@id":"https:\/\/www.p31noticias.com.br\/#\/schema\/person\/95f2ece30e3b4132065b915150cd0f94"},"breadcrumb":{"@id":"https:\/\/www.p31noticias.com.br\/?p=22682#breadcrumb"},"inLanguage":"pt-BR","potentialAction":[{"@type":"ReadAction","target":["https:\/\/www.p31noticias.com.br\/?p=22682"]}]},{"@type":"ImageObject","inLanguage":"pt-BR","@id":"https:\/\/www.p31noticias.com.br\/?p=22682#primaryimage","url":"https:\/\/www.p31noticias.com.br\/wp-content\/uploads\/2020\/10\/Foto-Paulo-Guedes-scaled.jpg","contentUrl":"https:\/\/www.p31noticias.com.br\/wp-content\/uploads\/2020\/10\/Foto-Paulo-Guedes-scaled.jpg","width":2560,"height":1707,"caption":"Conselheiro de Seguran\u00e7a Nacional dos EUA, Robert O\u00b4Brien, e ministro da Economia, Paulo Guedes, durante reuni\u00e3o em Bras\u00edlia 19\/10\/2020 REUTERS\/Adriano Machado"},{"@type":"BreadcrumbList","@id":"https:\/\/www.p31noticias.com.br\/?p=22682#breadcrumb","itemListElement":[{"@type":"ListItem","position":1,"name":"In\u00edcio","item":"https:\/\/www.p31noticias.com.br\/"},{"@type":"ListItem","position":2,"name":"Brasil e EUA assinam acordo para facilitar com\u00e9rcio e desburocratizar regula\u00e7\u00e3o"}]},{"@type":"WebSite","@id":"https:\/\/www.p31noticias.com.br\/#website","url":"https:\/\/www.p31noticias.com.br\/","name":"P31","description":"NOT\u00cdCIAS","potentialAction":[{"@type":"SearchAction","target":{"@type":"EntryPoint","urlTemplate":"https:\/\/www.p31noticias.com.br\/?s={search_term_string}"},"query-input":{"@type":"PropertyValueSpecification","valueRequired":true,"valueName":"search_term_string"}}],"inLanguage":"pt-BR"},{"@type":"Person","@id":"https:\/\/www.p31noticias.com.br\/#\/schema\/person\/95f2ece30e3b4132065b915150cd0f94","name":"Gon\u00e7alves Junior","image":{"@type":"ImageObject","inLanguage":"pt-BR","@id":"https:\/\/secure.gravatar.com\/avatar\/6711f350116a89762687a48d66f723c799e5438a5b7578508d4294cd7a5d0800?s=96&d=mm&r=g","url":"https:\/\/secure.gravatar.com\/avatar\/6711f350116a89762687a48d66f723c799e5438a5b7578508d4294cd7a5d0800?s=96&d=mm&r=g","contentUrl":"https:\/\/secure.gravatar.com\/avatar\/6711f350116a89762687a48d66f723c799e5438a5b7578508d4294cd7a5d0800?s=96&d=mm&r=g","caption":"Gon\u00e7alves Junior"},"url":"https:\/\/www.p31noticias.com.br\/?author=2"}]}},"amp_enabled":true,"_links":{"self":[{"href":"https:\/\/www.p31noticias.com.br\/index.php?rest_route=\/wp\/v2\/posts\/22682","targetHints":{"allow":["GET"]}}],"collection":[{"href":"https:\/\/www.p31noticias.com.br\/index.php?rest_route=\/wp\/v2\/posts"}],"about":[{"href":"https:\/\/www.p31noticias.com.br\/index.php?rest_route=\/wp\/v2\/types\/post"}],"author":[{"embeddable":true,"href":"https:\/\/www.p31noticias.com.br\/index.php?rest_route=\/wp\/v2\/users\/2"}],"replies":[{"embeddable":true,"href":"https:\/\/www.p31noticias.com.br\/index.php?rest_route=%2Fwp%2Fv2%2Fcomments&post=22682"}],"version-history":[{"count":3,"href":"https:\/\/www.p31noticias.com.br\/index.php?rest_route=\/wp\/v2\/posts\/22682\/revisions"}],"predecessor-version":[{"id":22692,"href":"https:\/\/www.p31noticias.com.br\/index.php?rest_route=\/wp\/v2\/posts\/22682\/revisions\/22692"}],"wp:featuredmedia":[{"embeddable":true,"href":"https:\/\/www.p31noticias.com.br\/index.php?rest_route=\/wp\/v2\/media\/22683"}],"wp:attachment":[{"href":"https:\/\/www.p31noticias.com.br\/index.php?rest_route=%2Fwp%2Fv2%2Fmedia&parent=22682"}],"wp:term":[{"taxonomy":"category","embeddable":true,"href":"https:\/\/www.p31noticias.com.br\/index.php?rest_route=%2Fwp%2Fv2%2Fcategories&post=22682"},{"taxonomy":"post_tag","embeddable":true,"href":"https:\/\/www.p31noticias.com.br\/index.php?rest_route=%2Fwp%2Fv2%2Ftags&post=22682"}],"curies":[{"name":"wp","href":"https:\/\/api.w.org\/{rel}","templated":true}]}}