{"id":22678,"date":"2020-10-07T13:34:11","date_gmt":"2020-10-07T13:34:11","guid":{"rendered":"https:\/\/p31noticias.com.br\/?p=22678"},"modified":"2020-10-07T13:34:11","modified_gmt":"2020-10-07T13:34:11","slug":"kassio-diz-nao-ter-padrinhos-e-que-prisao-apos-2a-instancia-cabe-ao-congresso","status":"publish","type":"post","link":"https:\/\/www.p31noticias.com.br\/?p=22678","title":{"rendered":"Kassio diz n\u00e3o ter padrinhos e que pris\u00e3o ap\u00f3s 2\u00aa inst\u00e2ncia cabe ao Congresso"},"content":{"rendered":"<p>O desembargador Kassio Nunes Marques disse nesta ter\u00e7a-feira (6) a um grupo de senadores que nunca foi amigo de Jair Bolsonaro (sem partido), que sua escolha para o Supremo Tribunal Federal (STF) foi feita exclusivamente pelo presidente e que uma nova discuss\u00e3o sobre pris\u00e3o ap\u00f3s condena\u00e7\u00e3o em segunda inst\u00e2ncia deve ser feita pelo Congresso Nacional. A\u00a0<strong>CNN\u00a0<\/strong>teve acesso a um trecho da reuni\u00e3o do desembargador com um grupo de senadores.<\/p>\n<p>Nunes Marques explicou em uma videoconfer\u00eancia realizada na manh\u00e3 desta ter\u00e7a com sete senadores que conhece o presidente h\u00e1 quase dois anos, quando Bolsonaro ainda era deputado federal. Ele ponderou que nunca foi amigo nem pr\u00f3ximo do presidente, mas se aproximou de Bolsonaro buscando uma indica\u00e7\u00e3o para ocupar uma cadeira no Superior Tribunal de Justi\u00e7a.<\/p>\n<p><em><strong>\u201cA verdade \u00e9 que eu conhe\u00e7o o presidente h\u00e1 quase dois anos. Eu conheci o presidente ainda como deputado. Nunca fui amigo do presidente, nunca tive uma aproxima\u00e7\u00e3o maior\u201d, explicou.\u00a0<\/strong><\/em><\/p>\n<p><em><strong>\u201cE o que que me levou a tentar uma aproxima\u00e7\u00e3o, como eu tentei com muitas pessoas? Eu era candidato a uma vaga que ainda vir\u00e1 do ministro Napole\u00e3o Nunes Maia no Superior Tribunal de Justi\u00e7a. Ent\u00e3o em raz\u00e3o disso, eu busquei alguma aproxima\u00e7\u00e3o com o presidente, estreitando esse contato, levando um pouco da postura que eu tinha judicialmente, da minha postura pessoal como juiz e o resultado \u00e9 que muito provavelmente isso tenha agradado o presidente. Ou ele tenha entendido que pelo momento que passa o Brasil deveria ter algu\u00e9m com essas caracter\u00edsticas\u201d<\/strong><\/em>, disse aos parlamentares.<\/p>\n<p><strong>&#8216;Sem padrinhos&#8217;<\/strong><\/p>\n<p>Segundo o desembargador do Tribunal Regional Federal da 1\u00aa Regi\u00e3o (TRF-1), a indica\u00e7\u00e3o de seu nome para ocupar a vaga do decano Celso de Mello no STF foi exclusiva do presidente. Ele descartou a possibilidade de ter tido \u2018padrinhos\u2019 que teriam recomendado seu nome ao presidente. Ele foi questionado por um senador se era verdadeira a informa\u00e7\u00e3o de que ele havia sido indicado por influ\u00eancia do advogado Frederick Wassef.<\/p>\n<p><em><strong>\u201cQuanto \u00e0 quest\u00e3o da indica\u00e7\u00e3o, o que eu posso asseverar \u00e9 que essa indica\u00e7\u00e3o foi exclusiva do presidente Bolsonaro. H\u00e1 um ditado antigo em Bras\u00edlia que diz que quando a imprensa ultrapassa cinco nomes indicando como padrinhos de indicados, \u00e9 porque realmente n\u00e3o consegue descobrir. Eu j\u00e1 detectei mais de oito pela imprensa\u201d, <\/strong><\/em>contou.<\/p>\n<p>Em uma entrevista ao \u201cAnu\u00e1rio da Justi\u00e7a Federal 2019\u201d, o desembargador, ent\u00e3o vice-presidente do TRF-1, disse que a execu\u00e7\u00e3o da pena ap\u00f3s condena\u00e7\u00e3o em segunda inst\u00e2ncia n\u00e3o deve ser aplicada automaticamente.<\/p>\n<p><em><strong>\u201cO recolhimento ao c\u00e1rcere n\u00e3o \u00e9 um consect\u00e1rio l\u00f3gico que prescinda de decis\u00e3o fundamentada e an\u00e1lise das circunst\u00e2ncias de cada caso. H\u00e1 a necessidade de a ordem ser, al\u00e9m de expressa, fundamentada. Diante das circunst\u00e2ncias do caso concreto, os julgadores podem adotar ou n\u00e3o a medida constritiva de liberdade. Podem entender que n\u00e3o seria o caso de recolhimento em um determinado caso, mas n\u00e3o de forma discricion\u00e1ria, e muito menos autom\u00e1tica e jamais n\u00e3o revestida da devida fundamenta\u00e7\u00e3o\u201d, <\/strong><\/em>disse, em entrevista publicada na edi\u00e7\u00e3o de 2019 do \u201cAnu\u00e1rio da Justi\u00e7a Federal\u201d.<\/p>\n<p>Nesta ter\u00e7a-feira ele explicou ao senadores o que quis dizer naquela entrevista. <em><strong>\u201cA pondera\u00e7\u00e3o que eu fiz \u00e9 que poderia, atrav\u00e9s de uma decis\u00e3o fundamentada, ser suspenso esse recolhimento ao c\u00e1rcere em casos em que o pr\u00f3pria turma, o pr\u00f3prio colegiado, entenda pela desnecessidade de recolhimento imediato diante da absoluta aus\u00eancia de risco \u00e0 sociedade\u201d<\/strong><\/em>, explicou.<\/p>\n<p><em><strong>\u201cNo atual momento, essa pergunta certamente voltar\u00e1 para a CCJ [Comiss\u00e3o de Constitui\u00e7\u00e3o e Justi\u00e7a do Senado], o STF entendeu de forma adversa em momento posterior, e essa mat\u00e9ria<\/strong><\/em><strong><em> est\u00e1 agora na compet\u00eancia do Congresso Nacional\u201d,<\/em><\/strong>afirmou.<\/p>\n<p><em><strong>\u201cEu tenho uma natureza de juiz daqueles que respeitam a decis\u00e3o do Parlamento. Ent\u00e3o o que o Parlamento brasileiro decidir ser\u00e1 aplicado\u201d, <\/strong><\/em>defendeu.<\/p>\n<p><strong>Apoio \u00e0 Lava Jato<\/strong><\/p>\n<p>Questionado sobre seu apoio \u00e0 Opera\u00e7\u00e3o Lava Jato, Kassio Nunes Marques disse que todos lutam por um Brasil melhor.<\/p>\n<p><em><strong>\u201cEu ficaria perplexo se fosse indicado qualquer cidad\u00e3o brasileiro que fosse contra o combate \u00e0 corrup\u00e7\u00e3o. Todos n\u00f3s, Congresso Nacional, magistrados brasileiros, MPF, estamos numa corrente para transformar o Brasil. O que por vezes se denomina e se ganha ares de alguma esp\u00e9cie de rejei\u00e7\u00e3o pode ser interpretado como um ajuste ou outro que se fa\u00e7a nas nossas decis\u00f5es judiciais\u201d, <\/strong><\/em><strong>contou, <\/strong>em refer\u00eancia a revis\u00f5es de decis\u00f5es do TRF-1 pelo STF e o STJ.<\/p>\n<p><em><strong>\u201cPara n\u00e3o fulanizar com uma ou outra opera\u00e7\u00e3o, essas opera\u00e7\u00f5es midiaticamente d\u00e3o muita luz \u00e0 Pol\u00edcia Federal, que \u00e9 quem as efetiva, mas todas elas passam pelo minist\u00e9rio p\u00fablico e por uma decis\u00e3o judicial. Sempre h\u00e1 um crivo judicial que transforma todo esse arcabou\u00e7o em uma a\u00e7\u00e3o leg\u00edtima do estado juiz para transformar o nosso Brasil\u201d<\/strong><\/em>, disse o desembargador.<\/p>\n<p>Ele destacou ainda que preza pelo sistema de precedentes. <em><strong>\u201cDevemos julgar sem olhar a capa do processo, porque aquele julgamento vai servir para os nossos filhos, para os nossos netos e para toda a sociedade brasileira\u201d<\/strong><\/em>, disse.<\/p>\n<p>Nunes Marques tamb\u00e9m contou que tem certificado de colecionador, atirador e ca\u00e7ador esportivo (CAC) e duas armas, mas que n\u00e3o anda armado e que portou arma <em><strong>\u201cuma ou outra vez<\/strong><\/em>\u201d em viagem pelo interior do Piau\u00ed, seu estado.<\/p>\n<p><em><strong>\u201cEu tenho um CAC, tenho uma .380 e fiz uma aquisi\u00e7\u00e3o no ano passado de uma nove mil\u00edmetros. Eu n\u00e3o ando armado. \u00c9 porque eu moro em casa e sempre morei em casa, nunca morei em apartamento, e a viol\u00eancia em Bras\u00edlia come\u00e7ou a chegar no Lago Sul, que at\u00e9 dez anos atr\u00e1s era um lugar absolutamente protegido. E eu fico preocupado, porque aqui s\u00e3o cercas vivas, s\u00e3o cercas baixas e, \u00e0s vezes, acordamos aqui com helic\u00f3ptero da PM com atirador de elite sobre as nossas casas\u201d<\/strong><\/em>, explicou.<\/p>\n<p>\u201c<em><strong>Tenho CAC, sim. Tenho arma. N\u00e3o ando armado. Uma ou outra vez que portei foi quando fiz viagens pelo interior do Piau\u00ed<\/strong><\/em>\u201d, concluiu.<\/p>\n<p>Fonte : CNN<\/p>\n","protected":false},"excerpt":{"rendered":"<p>O desembargador Kassio Nunes Marques disse nesta ter\u00e7a-feira (6) a um grupo de senadores que nunca foi amigo de Jair Bolsonaro (sem partido), que sua escolha para o Supremo Tribunal Federal (STF) foi feita exclusivamente pelo presidente e que uma nova discuss\u00e3o sobre pris\u00e3o ap\u00f3s condena\u00e7\u00e3o em segunda inst\u00e2ncia deve ser feita pelo Congresso Nacional. [&hellip;]<\/p>\n","protected":false},"author":2,"featured_media":22679,"comment_status":"open","ping_status":"open","sticky":false,"template":"","format":"standard","meta":{"footnotes":""},"categories":[1],"tags":[],"class_list":{"0":"post-22678","1":"post","2":"type-post","3":"status-publish","4":"format-standard","5":"has-post-thumbnail","7":"category-outros"},"yoast_head":"<!-- This site is optimized with the Yoast SEO Premium plugin v24.5 (Yoast SEO v27.5) - https:\/\/yoast.com\/product\/yoast-seo-premium-wordpress\/ -->\n<title>Kassio diz n\u00e3o ter padrinhos e que pris\u00e3o ap\u00f3s 2\u00aa inst\u00e2ncia cabe ao Congresso - P31<\/title>\n<meta name=\"robots\" content=\"index, follow, max-snippet:-1, max-image-preview:large, max-video-preview:-1\" \/>\n<link rel=\"canonical\" href=\"https:\/\/www.p31noticias.com.br\/?p=22678\" \/>\n<meta property=\"og:locale\" content=\"pt_BR\" \/>\n<meta property=\"og:type\" content=\"article\" \/>\n<meta property=\"og:title\" content=\"Kassio diz n\u00e3o ter padrinhos e que pris\u00e3o ap\u00f3s 2\u00aa inst\u00e2ncia cabe ao Congresso\" \/>\n<meta property=\"og:description\" content=\"O desembargador Kassio Nunes Marques disse nesta ter\u00e7a-feira (6) a um grupo de senadores que nunca foi amigo de Jair Bolsonaro (sem partido), que sua escolha para o Supremo Tribunal Federal (STF) foi feita exclusivamente pelo presidente e que uma nova discuss\u00e3o sobre pris\u00e3o ap\u00f3s condena\u00e7\u00e3o em segunda inst\u00e2ncia deve ser feita pelo Congresso Nacional. [&hellip;]\" \/>\n<meta property=\"og:url\" content=\"https:\/\/www.p31noticias.com.br\/?p=22678\" \/>\n<meta property=\"og:site_name\" content=\"P31\" \/>\n<meta property=\"article:published_time\" content=\"2020-10-07T13:34:11+00:00\" \/>\n<meta property=\"og:image\" content=\"https:\/\/www.p31noticias.com.br\/wp-content\/uploads\/2020\/10\/16129_5F77D8B19C1D9AD2.jpg\" \/>\n\t<meta property=\"og:image:width\" content=\"720\" \/>\n\t<meta property=\"og:image:height\" content=\"480\" \/>\n\t<meta property=\"og:image:type\" content=\"image\/jpeg\" \/>\n<meta name=\"author\" content=\"Gon\u00e7alves Junior\" \/>\n<meta name=\"twitter:card\" content=\"summary_large_image\" \/>\n<meta name=\"twitter:label1\" content=\"Escrito por\" \/>\n\t<meta name=\"twitter:data1\" content=\"Gon\u00e7alves Junior\" \/>\n\t<meta name=\"twitter:label2\" content=\"Est. tempo de leitura\" \/>\n\t<meta name=\"twitter:data2\" content=\"5 minutos\" \/>\n<script type=\"application\/ld+json\" class=\"yoast-schema-graph\">{\"@context\":\"https:\\\/\\\/schema.org\",\"@graph\":[{\"@type\":\"Article\",\"@id\":\"https:\\\/\\\/www.p31noticias.com.br\\\/?p=22678#article\",\"isPartOf\":{\"@id\":\"https:\\\/\\\/www.p31noticias.com.br\\\/?p=22678\"},\"author\":{\"name\":\"Gon\u00e7alves Junior\",\"@id\":\"https:\\\/\\\/www.p31noticias.com.br\\\/#\\\/schema\\\/person\\\/95f2ece30e3b4132065b915150cd0f94\"},\"headline\":\"Kassio diz n\u00e3o ter padrinhos e que pris\u00e3o ap\u00f3s 2\u00aa inst\u00e2ncia cabe ao Congresso\",\"datePublished\":\"2020-10-07T13:34:11+00:00\",\"mainEntityOfPage\":{\"@id\":\"https:\\\/\\\/www.p31noticias.com.br\\\/?p=22678\"},\"wordCount\":1066,\"commentCount\":0,\"image\":{\"@id\":\"https:\\\/\\\/www.p31noticias.com.br\\\/?p=22678#primaryimage\"},\"thumbnailUrl\":\"https:\\\/\\\/www.p31noticias.com.br\\\/wp-content\\\/uploads\\\/2020\\\/10\\\/16129_5F77D8B19C1D9AD2.jpg\",\"articleSection\":[\"Outros\"],\"inLanguage\":\"pt-BR\",\"potentialAction\":[{\"@type\":\"CommentAction\",\"name\":\"Comment\",\"target\":[\"https:\\\/\\\/www.p31noticias.com.br\\\/?p=22678#respond\"]}],\"copyrightYear\":\"2020\",\"copyrightHolder\":{\"@id\":\"https:\\\/\\\/www.p31noticias.com.br\\\/#organization\"}},{\"@type\":\"WebPage\",\"@id\":\"https:\\\/\\\/www.p31noticias.com.br\\\/?p=22678\",\"url\":\"https:\\\/\\\/www.p31noticias.com.br\\\/?p=22678\",\"name\":\"Kassio diz n\u00e3o ter padrinhos e que pris\u00e3o ap\u00f3s 2\u00aa inst\u00e2ncia cabe ao Congresso - P31\",\"isPartOf\":{\"@id\":\"https:\\\/\\\/www.p31noticias.com.br\\\/#website\"},\"primaryImageOfPage\":{\"@id\":\"https:\\\/\\\/www.p31noticias.com.br\\\/?p=22678#primaryimage\"},\"image\":{\"@id\":\"https:\\\/\\\/www.p31noticias.com.br\\\/?p=22678#primaryimage\"},\"thumbnailUrl\":\"https:\\\/\\\/www.p31noticias.com.br\\\/wp-content\\\/uploads\\\/2020\\\/10\\\/16129_5F77D8B19C1D9AD2.jpg\",\"datePublished\":\"2020-10-07T13:34:11+00:00\",\"author\":{\"@id\":\"https:\\\/\\\/www.p31noticias.com.br\\\/#\\\/schema\\\/person\\\/95f2ece30e3b4132065b915150cd0f94\"},\"breadcrumb\":{\"@id\":\"https:\\\/\\\/www.p31noticias.com.br\\\/?p=22678#breadcrumb\"},\"inLanguage\":\"pt-BR\",\"potentialAction\":[{\"@type\":\"ReadAction\",\"target\":[\"https:\\\/\\\/www.p31noticias.com.br\\\/?p=22678\"]}]},{\"@type\":\"ImageObject\",\"inLanguage\":\"pt-BR\",\"@id\":\"https:\\\/\\\/www.p31noticias.com.br\\\/?p=22678#primaryimage\",\"url\":\"https:\\\/\\\/www.p31noticias.com.br\\\/wp-content\\\/uploads\\\/2020\\\/10\\\/16129_5F77D8B19C1D9AD2.jpg\",\"contentUrl\":\"https:\\\/\\\/www.p31noticias.com.br\\\/wp-content\\\/uploads\\\/2020\\\/10\\\/16129_5F77D8B19C1D9AD2.jpg\",\"width\":720,\"height\":480},{\"@type\":\"BreadcrumbList\",\"@id\":\"https:\\\/\\\/www.p31noticias.com.br\\\/?p=22678#breadcrumb\",\"itemListElement\":[{\"@type\":\"ListItem\",\"position\":1,\"name\":\"In\u00edcio\",\"item\":\"https:\\\/\\\/www.p31noticias.com.br\\\/\"},{\"@type\":\"ListItem\",\"position\":2,\"name\":\"Kassio diz n\u00e3o ter padrinhos e que pris\u00e3o ap\u00f3s 2\u00aa inst\u00e2ncia cabe ao Congresso\"}]},{\"@type\":\"WebSite\",\"@id\":\"https:\\\/\\\/www.p31noticias.com.br\\\/#website\",\"url\":\"https:\\\/\\\/www.p31noticias.com.br\\\/\",\"name\":\"P31\",\"description\":\"NOT\u00cdCIAS\",\"potentialAction\":[{\"@type\":\"SearchAction\",\"target\":{\"@type\":\"EntryPoint\",\"urlTemplate\":\"https:\\\/\\\/www.p31noticias.com.br\\\/?s={search_term_string}\"},\"query-input\":{\"@type\":\"PropertyValueSpecification\",\"valueRequired\":true,\"valueName\":\"search_term_string\"}}],\"inLanguage\":\"pt-BR\"},{\"@type\":\"Person\",\"@id\":\"https:\\\/\\\/www.p31noticias.com.br\\\/#\\\/schema\\\/person\\\/95f2ece30e3b4132065b915150cd0f94\",\"name\":\"Gon\u00e7alves Junior\",\"image\":{\"@type\":\"ImageObject\",\"inLanguage\":\"pt-BR\",\"@id\":\"https:\\\/\\\/secure.gravatar.com\\\/avatar\\\/6711f350116a89762687a48d66f723c799e5438a5b7578508d4294cd7a5d0800?s=96&d=mm&r=g\",\"url\":\"https:\\\/\\\/secure.gravatar.com\\\/avatar\\\/6711f350116a89762687a48d66f723c799e5438a5b7578508d4294cd7a5d0800?s=96&d=mm&r=g\",\"contentUrl\":\"https:\\\/\\\/secure.gravatar.com\\\/avatar\\\/6711f350116a89762687a48d66f723c799e5438a5b7578508d4294cd7a5d0800?s=96&d=mm&r=g\",\"caption\":\"Gon\u00e7alves Junior\"},\"url\":\"https:\\\/\\\/www.p31noticias.com.br\\\/?author=2\"}]}<\/script>\n<!-- \/ Yoast SEO Premium plugin. -->","yoast_head_json":{"title":"Kassio diz n\u00e3o ter padrinhos e que pris\u00e3o ap\u00f3s 2\u00aa inst\u00e2ncia cabe ao Congresso - P31","robots":{"index":"index","follow":"follow","max-snippet":"max-snippet:-1","max-image-preview":"max-image-preview:large","max-video-preview":"max-video-preview:-1"},"canonical":"https:\/\/www.p31noticias.com.br\/?p=22678","og_locale":"pt_BR","og_type":"article","og_title":"Kassio diz n\u00e3o ter padrinhos e que pris\u00e3o ap\u00f3s 2\u00aa inst\u00e2ncia cabe ao Congresso","og_description":"O desembargador Kassio Nunes Marques disse nesta ter\u00e7a-feira (6) a um grupo de senadores que nunca foi amigo de Jair Bolsonaro (sem partido), que sua escolha para o Supremo Tribunal Federal (STF) foi feita exclusivamente pelo presidente e que uma nova discuss\u00e3o sobre pris\u00e3o ap\u00f3s condena\u00e7\u00e3o em segunda inst\u00e2ncia deve ser feita pelo Congresso Nacional. [&hellip;]","og_url":"https:\/\/www.p31noticias.com.br\/?p=22678","og_site_name":"P31","article_published_time":"2020-10-07T13:34:11+00:00","og_image":[{"width":720,"height":480,"url":"https:\/\/www.p31noticias.com.br\/wp-content\/uploads\/2020\/10\/16129_5F77D8B19C1D9AD2.jpg","type":"image\/jpeg"}],"author":"Gon\u00e7alves Junior","twitter_card":"summary_large_image","twitter_misc":{"Escrito por":"Gon\u00e7alves Junior","Est. tempo de leitura":"5 minutos"},"schema":{"@context":"https:\/\/schema.org","@graph":[{"@type":"Article","@id":"https:\/\/www.p31noticias.com.br\/?p=22678#article","isPartOf":{"@id":"https:\/\/www.p31noticias.com.br\/?p=22678"},"author":{"name":"Gon\u00e7alves Junior","@id":"https:\/\/www.p31noticias.com.br\/#\/schema\/person\/95f2ece30e3b4132065b915150cd0f94"},"headline":"Kassio diz n\u00e3o ter padrinhos e que pris\u00e3o ap\u00f3s 2\u00aa inst\u00e2ncia cabe ao Congresso","datePublished":"2020-10-07T13:34:11+00:00","mainEntityOfPage":{"@id":"https:\/\/www.p31noticias.com.br\/?p=22678"},"wordCount":1066,"commentCount":0,"image":{"@id":"https:\/\/www.p31noticias.com.br\/?p=22678#primaryimage"},"thumbnailUrl":"https:\/\/www.p31noticias.com.br\/wp-content\/uploads\/2020\/10\/16129_5F77D8B19C1D9AD2.jpg","articleSection":["Outros"],"inLanguage":"pt-BR","potentialAction":[{"@type":"CommentAction","name":"Comment","target":["https:\/\/www.p31noticias.com.br\/?p=22678#respond"]}],"copyrightYear":"2020","copyrightHolder":{"@id":"https:\/\/www.p31noticias.com.br\/#organization"}},{"@type":"WebPage","@id":"https:\/\/www.p31noticias.com.br\/?p=22678","url":"https:\/\/www.p31noticias.com.br\/?p=22678","name":"Kassio diz n\u00e3o ter padrinhos e que pris\u00e3o ap\u00f3s 2\u00aa inst\u00e2ncia cabe ao Congresso - P31","isPartOf":{"@id":"https:\/\/www.p31noticias.com.br\/#website"},"primaryImageOfPage":{"@id":"https:\/\/www.p31noticias.com.br\/?p=22678#primaryimage"},"image":{"@id":"https:\/\/www.p31noticias.com.br\/?p=22678#primaryimage"},"thumbnailUrl":"https:\/\/www.p31noticias.com.br\/wp-content\/uploads\/2020\/10\/16129_5F77D8B19C1D9AD2.jpg","datePublished":"2020-10-07T13:34:11+00:00","author":{"@id":"https:\/\/www.p31noticias.com.br\/#\/schema\/person\/95f2ece30e3b4132065b915150cd0f94"},"breadcrumb":{"@id":"https:\/\/www.p31noticias.com.br\/?p=22678#breadcrumb"},"inLanguage":"pt-BR","potentialAction":[{"@type":"ReadAction","target":["https:\/\/www.p31noticias.com.br\/?p=22678"]}]},{"@type":"ImageObject","inLanguage":"pt-BR","@id":"https:\/\/www.p31noticias.com.br\/?p=22678#primaryimage","url":"https:\/\/www.p31noticias.com.br\/wp-content\/uploads\/2020\/10\/16129_5F77D8B19C1D9AD2.jpg","contentUrl":"https:\/\/www.p31noticias.com.br\/wp-content\/uploads\/2020\/10\/16129_5F77D8B19C1D9AD2.jpg","width":720,"height":480},{"@type":"BreadcrumbList","@id":"https:\/\/www.p31noticias.com.br\/?p=22678#breadcrumb","itemListElement":[{"@type":"ListItem","position":1,"name":"In\u00edcio","item":"https:\/\/www.p31noticias.com.br\/"},{"@type":"ListItem","position":2,"name":"Kassio diz n\u00e3o ter padrinhos e que pris\u00e3o ap\u00f3s 2\u00aa inst\u00e2ncia cabe ao Congresso"}]},{"@type":"WebSite","@id":"https:\/\/www.p31noticias.com.br\/#website","url":"https:\/\/www.p31noticias.com.br\/","name":"P31","description":"NOT\u00cdCIAS","potentialAction":[{"@type":"SearchAction","target":{"@type":"EntryPoint","urlTemplate":"https:\/\/www.p31noticias.com.br\/?s={search_term_string}"},"query-input":{"@type":"PropertyValueSpecification","valueRequired":true,"valueName":"search_term_string"}}],"inLanguage":"pt-BR"},{"@type":"Person","@id":"https:\/\/www.p31noticias.com.br\/#\/schema\/person\/95f2ece30e3b4132065b915150cd0f94","name":"Gon\u00e7alves Junior","image":{"@type":"ImageObject","inLanguage":"pt-BR","@id":"https:\/\/secure.gravatar.com\/avatar\/6711f350116a89762687a48d66f723c799e5438a5b7578508d4294cd7a5d0800?s=96&d=mm&r=g","url":"https:\/\/secure.gravatar.com\/avatar\/6711f350116a89762687a48d66f723c799e5438a5b7578508d4294cd7a5d0800?s=96&d=mm&r=g","contentUrl":"https:\/\/secure.gravatar.com\/avatar\/6711f350116a89762687a48d66f723c799e5438a5b7578508d4294cd7a5d0800?s=96&d=mm&r=g","caption":"Gon\u00e7alves Junior"},"url":"https:\/\/www.p31noticias.com.br\/?author=2"}]}},"amp_enabled":true,"_links":{"self":[{"href":"https:\/\/www.p31noticias.com.br\/index.php?rest_route=\/wp\/v2\/posts\/22678","targetHints":{"allow":["GET"]}}],"collection":[{"href":"https:\/\/www.p31noticias.com.br\/index.php?rest_route=\/wp\/v2\/posts"}],"about":[{"href":"https:\/\/www.p31noticias.com.br\/index.php?rest_route=\/wp\/v2\/types\/post"}],"author":[{"embeddable":true,"href":"https:\/\/www.p31noticias.com.br\/index.php?rest_route=\/wp\/v2\/users\/2"}],"replies":[{"embeddable":true,"href":"https:\/\/www.p31noticias.com.br\/index.php?rest_route=%2Fwp%2Fv2%2Fcomments&post=22678"}],"version-history":[{"count":2,"href":"https:\/\/www.p31noticias.com.br\/index.php?rest_route=\/wp\/v2\/posts\/22678\/revisions"}],"predecessor-version":[{"id":22681,"href":"https:\/\/www.p31noticias.com.br\/index.php?rest_route=\/wp\/v2\/posts\/22678\/revisions\/22681"}],"wp:featuredmedia":[{"embeddable":true,"href":"https:\/\/www.p31noticias.com.br\/index.php?rest_route=\/wp\/v2\/media\/22679"}],"wp:attachment":[{"href":"https:\/\/www.p31noticias.com.br\/index.php?rest_route=%2Fwp%2Fv2%2Fmedia&parent=22678"}],"wp:term":[{"taxonomy":"category","embeddable":true,"href":"https:\/\/www.p31noticias.com.br\/index.php?rest_route=%2Fwp%2Fv2%2Fcategories&post=22678"},{"taxonomy":"post_tag","embeddable":true,"href":"https:\/\/www.p31noticias.com.br\/index.php?rest_route=%2Fwp%2Fv2%2Ftags&post=22678"}],"curies":[{"name":"wp","href":"https:\/\/api.w.org\/{rel}","templated":true}]}}