{"id":22674,"date":"2020-10-07T13:12:33","date_gmt":"2020-10-07T13:12:33","guid":{"rendered":"https:\/\/p31noticias.com.br\/?p=22674"},"modified":"2020-10-07T13:12:33","modified_gmt":"2020-10-07T13:12:33","slug":"oms-vacina-contra-covid-19-pode-estar-pronta-ate-o-fim-do-ano","status":"publish","type":"post","link":"https:\/\/www.p31noticias.com.br\/?p=22674","title":{"rendered":"OMS: vacina contra covid-19 pode estar pronta at\u00e9 o fim do ano"},"content":{"rendered":"<h3 class=\"col-10 offset-1 animated fadeInDown dealy-900 display-8 display-md-8 alt-font font-italic my-1 text-center\"><em><strong>Afirma\u00e7\u00e3o foi feita pelo diretor-geral da organiza\u00e7\u00e3o, Tedros Adhanom<\/strong><\/em><\/h3>\n<p style=\"text-align: justify;\">Uma vacina contra a covid-19 pode estar pronta at\u00e9 o fim deste ano, disse o diretor-geral da Organiza\u00e7\u00e3o Mundial da Sa\u00fade (OMS), Tedros Adhanom Ghebreyesus, sem dar mais detalhes.<img decoding=\"async\" src=\"https:\/\/agenciabrasil.ebc.com.br\/ebc.png?id=1389989&amp;o=node\" \/><img decoding=\"async\" src=\"https:\/\/agenciabrasil.ebc.com.br\/ebc.gif?id=1389989&amp;o=node\" \/><\/p>\n<p style=\"text-align: justify;\">Ele pediu solidariedade e compromisso pol\u00edtico de todos os l\u00edderes para garantir a distribui\u00e7\u00e3o igualit\u00e1ria de vacinas, assim que elas se tornarem dispon\u00edveis.<\/p>\n<p style=\"text-align: justify;\">&#8220;Vamos precisar de vacinas e h\u00e1 esperan\u00e7a de que possamos\u00a0ter\u00a0uma vacina at\u00e9 o final deste ano. H\u00e1 esperan\u00e7a&#8221;, disse Tedros em discurso ao fim de dois dias de reuni\u00f5es do Conselho Executivo da OMS.<\/p>\n<p style=\"text-align: justify;\">O \u00f3rg\u00e3o regulador da Uni\u00e3o Europeia lan\u00e7ou uma an\u00e1lise em tempo real da potencial vacina desenvolvida pela Pfizer com a BioNTech, anunciou a entidade, ap\u00f3s a ado\u00e7\u00e3o de medida similar para a vacina experimental da AstraZeneca na semana passada. O an\u00fancio da Ag\u00eancia Europeia de Medicamentos (EMA) pode acelerar o processo de aprova\u00e7\u00e3o de uma vacina bem-sucedida no bloco.<\/p>\n<p style=\"text-align: justify;\">Nove vacinas experimentais fazem parte da iniciativa global Covax, que visa a distribuir 2 bilh\u00f5es de doses at\u00e9 o fim de 2021.\u00a0At\u00e9 agora, cerca de 168 pa\u00edses se juntaram \u00e0 Covax, mas nem a China, nem os Estados Unidos, tampouco a R\u00fassia est\u00e3o entre eles.<\/p>\n<p style=\"text-align: justify;\">O governo do presidente Donald Trump disse que, em vez disso, est\u00e1 contando com acordos bilaterais para garantir o fornecimento de fabricantes de vacinas.<\/p>\n<p style=\"text-align: justify;\">&#8220;Para vacinas e outros produtos que est\u00e3o em desenvolvimento, o mais importante \u00e9 o compromisso pol\u00edtico de nossos l\u00edderes, especialmente na distribui\u00e7\u00e3o igualit\u00e1ria das vacinas&#8221;, disse Tedros.\u00a0&#8220;Precisamos uns dos outros, precisamos de solidariedade e precisamos usar toda energia que temos para combater o v\u00edrus&#8221;, acrescentou.<\/p>\n<p>Fonte : Ag\u00eancia Brasil<\/p>\n","protected":false},"excerpt":{"rendered":"<p>Afirma\u00e7\u00e3o foi feita pelo diretor-geral da organiza\u00e7\u00e3o, Tedros Adhanom Uma vacina contra a covid-19 pode estar pronta at\u00e9 o fim deste ano, disse o diretor-geral da Organiza\u00e7\u00e3o Mundial da Sa\u00fade (OMS), Tedros Adhanom Ghebreyesus, sem dar mais detalhes. Ele pediu solidariedade e compromisso pol\u00edtico de todos os l\u00edderes para garantir a distribui\u00e7\u00e3o igualit\u00e1ria de vacinas, [&hellip;]<\/p>\n","protected":false},"author":2,"featured_media":22675,"comment_status":"open","ping_status":"open","sticky":false,"template":"","format":"standard","meta":{"footnotes":""},"categories":[68,124],"tags":[],"class_list":{"0":"post-22674","1":"post","2":"type-post","3":"status-publish","4":"format-standard","5":"has-post-thumbnail","7":"category-brasil","8":"category-saude"},"yoast_head":"<!-- This site is optimized with the Yoast SEO Premium plugin v24.5 (Yoast SEO v27.5) - https:\/\/yoast.com\/product\/yoast-seo-premium-wordpress\/ -->\n<title>OMS: vacina contra covid-19 pode estar pronta at\u00e9 o fim do ano - P31<\/title>\n<meta name=\"robots\" content=\"index, follow, max-snippet:-1, max-image-preview:large, max-video-preview:-1\" \/>\n<link rel=\"canonical\" href=\"https:\/\/www.p31noticias.com.br\/?p=22674\" \/>\n<meta property=\"og:locale\" content=\"pt_BR\" \/>\n<meta property=\"og:type\" content=\"article\" \/>\n<meta property=\"og:title\" content=\"OMS: vacina contra covid-19 pode estar pronta at\u00e9 o fim do ano\" \/>\n<meta property=\"og:description\" content=\"Afirma\u00e7\u00e3o foi feita pelo diretor-geral da organiza\u00e7\u00e3o, Tedros Adhanom Uma vacina contra a covid-19 pode estar pronta at\u00e9 o fim deste ano, disse o diretor-geral da Organiza\u00e7\u00e3o Mundial da Sa\u00fade (OMS), Tedros Adhanom Ghebreyesus, sem dar mais detalhes. Ele pediu solidariedade e compromisso pol\u00edtico de todos os l\u00edderes para garantir a distribui\u00e7\u00e3o igualit\u00e1ria de vacinas, [&hellip;]\" \/>\n<meta property=\"og:url\" content=\"https:\/\/www.p31noticias.com.br\/?p=22674\" \/>\n<meta property=\"og:site_name\" content=\"P31\" \/>\n<meta property=\"article:published_time\" content=\"2020-10-07T13:12:33+00:00\" \/>\n<meta property=\"og:image\" content=\"https:\/\/www.p31noticias.com.br\/wp-content\/uploads\/2020\/10\/diretor-geral_da_oms_tedros_adhanom1805200337.jpg\" \/>\n\t<meta property=\"og:image:width\" content=\"1170\" \/>\n\t<meta property=\"og:image:height\" content=\"700\" \/>\n\t<meta property=\"og:image:type\" content=\"image\/jpeg\" \/>\n<meta name=\"author\" content=\"Gon\u00e7alves Junior\" \/>\n<meta name=\"twitter:card\" content=\"summary_large_image\" \/>\n<meta name=\"twitter:label1\" content=\"Escrito por\" \/>\n\t<meta name=\"twitter:data1\" content=\"Gon\u00e7alves Junior\" \/>\n\t<meta name=\"twitter:label2\" content=\"Est. tempo de leitura\" \/>\n\t<meta name=\"twitter:data2\" content=\"2 minutos\" \/>\n<script type=\"application\/ld+json\" class=\"yoast-schema-graph\">{\"@context\":\"https:\\\/\\\/schema.org\",\"@graph\":[{\"@type\":\"Article\",\"@id\":\"https:\\\/\\\/www.p31noticias.com.br\\\/?p=22674#article\",\"isPartOf\":{\"@id\":\"https:\\\/\\\/www.p31noticias.com.br\\\/?p=22674\"},\"author\":{\"name\":\"Gon\u00e7alves Junior\",\"@id\":\"https:\\\/\\\/www.p31noticias.com.br\\\/#\\\/schema\\\/person\\\/95f2ece30e3b4132065b915150cd0f94\"},\"headline\":\"OMS: vacina contra covid-19 pode estar pronta at\u00e9 o fim do ano\",\"datePublished\":\"2020-10-07T13:12:33+00:00\",\"mainEntityOfPage\":{\"@id\":\"https:\\\/\\\/www.p31noticias.com.br\\\/?p=22674\"},\"wordCount\":314,\"commentCount\":0,\"image\":{\"@id\":\"https:\\\/\\\/www.p31noticias.com.br\\\/?p=22674#primaryimage\"},\"thumbnailUrl\":\"https:\\\/\\\/www.p31noticias.com.br\\\/wp-content\\\/uploads\\\/2020\\\/10\\\/diretor-geral_da_oms_tedros_adhanom1805200337.jpg\",\"articleSection\":[\"Brasil\",\"Sa\u00fade\"],\"inLanguage\":\"pt-BR\",\"potentialAction\":[{\"@type\":\"CommentAction\",\"name\":\"Comment\",\"target\":[\"https:\\\/\\\/www.p31noticias.com.br\\\/?p=22674#respond\"]}],\"copyrightYear\":\"2020\",\"copyrightHolder\":{\"@id\":\"https:\\\/\\\/www.p31noticias.com.br\\\/#organization\"}},{\"@type\":\"WebPage\",\"@id\":\"https:\\\/\\\/www.p31noticias.com.br\\\/?p=22674\",\"url\":\"https:\\\/\\\/www.p31noticias.com.br\\\/?p=22674\",\"name\":\"OMS: vacina contra covid-19 pode estar pronta at\u00e9 o fim do ano - P31\",\"isPartOf\":{\"@id\":\"https:\\\/\\\/www.p31noticias.com.br\\\/#website\"},\"primaryImageOfPage\":{\"@id\":\"https:\\\/\\\/www.p31noticias.com.br\\\/?p=22674#primaryimage\"},\"image\":{\"@id\":\"https:\\\/\\\/www.p31noticias.com.br\\\/?p=22674#primaryimage\"},\"thumbnailUrl\":\"https:\\\/\\\/www.p31noticias.com.br\\\/wp-content\\\/uploads\\\/2020\\\/10\\\/diretor-geral_da_oms_tedros_adhanom1805200337.jpg\",\"datePublished\":\"2020-10-07T13:12:33+00:00\",\"author\":{\"@id\":\"https:\\\/\\\/www.p31noticias.com.br\\\/#\\\/schema\\\/person\\\/95f2ece30e3b4132065b915150cd0f94\"},\"breadcrumb\":{\"@id\":\"https:\\\/\\\/www.p31noticias.com.br\\\/?p=22674#breadcrumb\"},\"inLanguage\":\"pt-BR\",\"potentialAction\":[{\"@type\":\"ReadAction\",\"target\":[\"https:\\\/\\\/www.p31noticias.com.br\\\/?p=22674\"]}]},{\"@type\":\"ImageObject\",\"inLanguage\":\"pt-BR\",\"@id\":\"https:\\\/\\\/www.p31noticias.com.br\\\/?p=22674#primaryimage\",\"url\":\"https:\\\/\\\/www.p31noticias.com.br\\\/wp-content\\\/uploads\\\/2020\\\/10\\\/diretor-geral_da_oms_tedros_adhanom1805200337.jpg\",\"contentUrl\":\"https:\\\/\\\/www.p31noticias.com.br\\\/wp-content\\\/uploads\\\/2020\\\/10\\\/diretor-geral_da_oms_tedros_adhanom1805200337.jpg\",\"width\":1170,\"height\":700,\"caption\":\"Diretor-geral da OMS, Tedros Adhanom\"},{\"@type\":\"BreadcrumbList\",\"@id\":\"https:\\\/\\\/www.p31noticias.com.br\\\/?p=22674#breadcrumb\",\"itemListElement\":[{\"@type\":\"ListItem\",\"position\":1,\"name\":\"In\u00edcio\",\"item\":\"https:\\\/\\\/www.p31noticias.com.br\\\/\"},{\"@type\":\"ListItem\",\"position\":2,\"name\":\"OMS: vacina contra covid-19 pode estar pronta at\u00e9 o fim do ano\"}]},{\"@type\":\"WebSite\",\"@id\":\"https:\\\/\\\/www.p31noticias.com.br\\\/#website\",\"url\":\"https:\\\/\\\/www.p31noticias.com.br\\\/\",\"name\":\"P31\",\"description\":\"NOT\u00cdCIAS\",\"potentialAction\":[{\"@type\":\"SearchAction\",\"target\":{\"@type\":\"EntryPoint\",\"urlTemplate\":\"https:\\\/\\\/www.p31noticias.com.br\\\/?s={search_term_string}\"},\"query-input\":{\"@type\":\"PropertyValueSpecification\",\"valueRequired\":true,\"valueName\":\"search_term_string\"}}],\"inLanguage\":\"pt-BR\"},{\"@type\":\"Person\",\"@id\":\"https:\\\/\\\/www.p31noticias.com.br\\\/#\\\/schema\\\/person\\\/95f2ece30e3b4132065b915150cd0f94\",\"name\":\"Gon\u00e7alves Junior\",\"image\":{\"@type\":\"ImageObject\",\"inLanguage\":\"pt-BR\",\"@id\":\"https:\\\/\\\/secure.gravatar.com\\\/avatar\\\/6711f350116a89762687a48d66f723c799e5438a5b7578508d4294cd7a5d0800?s=96&d=mm&r=g\",\"url\":\"https:\\\/\\\/secure.gravatar.com\\\/avatar\\\/6711f350116a89762687a48d66f723c799e5438a5b7578508d4294cd7a5d0800?s=96&d=mm&r=g\",\"contentUrl\":\"https:\\\/\\\/secure.gravatar.com\\\/avatar\\\/6711f350116a89762687a48d66f723c799e5438a5b7578508d4294cd7a5d0800?s=96&d=mm&r=g\",\"caption\":\"Gon\u00e7alves Junior\"},\"url\":\"https:\\\/\\\/www.p31noticias.com.br\\\/?author=2\"}]}<\/script>\n<!-- \/ Yoast SEO Premium plugin. -->","yoast_head_json":{"title":"OMS: vacina contra covid-19 pode estar pronta at\u00e9 o fim do ano - P31","robots":{"index":"index","follow":"follow","max-snippet":"max-snippet:-1","max-image-preview":"max-image-preview:large","max-video-preview":"max-video-preview:-1"},"canonical":"https:\/\/www.p31noticias.com.br\/?p=22674","og_locale":"pt_BR","og_type":"article","og_title":"OMS: vacina contra covid-19 pode estar pronta at\u00e9 o fim do ano","og_description":"Afirma\u00e7\u00e3o foi feita pelo diretor-geral da organiza\u00e7\u00e3o, Tedros Adhanom Uma vacina contra a covid-19 pode estar pronta at\u00e9 o fim deste ano, disse o diretor-geral da Organiza\u00e7\u00e3o Mundial da Sa\u00fade (OMS), Tedros Adhanom Ghebreyesus, sem dar mais detalhes. Ele pediu solidariedade e compromisso pol\u00edtico de todos os l\u00edderes para garantir a distribui\u00e7\u00e3o igualit\u00e1ria de vacinas, [&hellip;]","og_url":"https:\/\/www.p31noticias.com.br\/?p=22674","og_site_name":"P31","article_published_time":"2020-10-07T13:12:33+00:00","og_image":[{"width":1170,"height":700,"url":"https:\/\/www.p31noticias.com.br\/wp-content\/uploads\/2020\/10\/diretor-geral_da_oms_tedros_adhanom1805200337.jpg","type":"image\/jpeg"}],"author":"Gon\u00e7alves Junior","twitter_card":"summary_large_image","twitter_misc":{"Escrito por":"Gon\u00e7alves Junior","Est. tempo de leitura":"2 minutos"},"schema":{"@context":"https:\/\/schema.org","@graph":[{"@type":"Article","@id":"https:\/\/www.p31noticias.com.br\/?p=22674#article","isPartOf":{"@id":"https:\/\/www.p31noticias.com.br\/?p=22674"},"author":{"name":"Gon\u00e7alves Junior","@id":"https:\/\/www.p31noticias.com.br\/#\/schema\/person\/95f2ece30e3b4132065b915150cd0f94"},"headline":"OMS: vacina contra covid-19 pode estar pronta at\u00e9 o fim do ano","datePublished":"2020-10-07T13:12:33+00:00","mainEntityOfPage":{"@id":"https:\/\/www.p31noticias.com.br\/?p=22674"},"wordCount":314,"commentCount":0,"image":{"@id":"https:\/\/www.p31noticias.com.br\/?p=22674#primaryimage"},"thumbnailUrl":"https:\/\/www.p31noticias.com.br\/wp-content\/uploads\/2020\/10\/diretor-geral_da_oms_tedros_adhanom1805200337.jpg","articleSection":["Brasil","Sa\u00fade"],"inLanguage":"pt-BR","potentialAction":[{"@type":"CommentAction","name":"Comment","target":["https:\/\/www.p31noticias.com.br\/?p=22674#respond"]}],"copyrightYear":"2020","copyrightHolder":{"@id":"https:\/\/www.p31noticias.com.br\/#organization"}},{"@type":"WebPage","@id":"https:\/\/www.p31noticias.com.br\/?p=22674","url":"https:\/\/www.p31noticias.com.br\/?p=22674","name":"OMS: vacina contra covid-19 pode estar pronta at\u00e9 o fim do ano - P31","isPartOf":{"@id":"https:\/\/www.p31noticias.com.br\/#website"},"primaryImageOfPage":{"@id":"https:\/\/www.p31noticias.com.br\/?p=22674#primaryimage"},"image":{"@id":"https:\/\/www.p31noticias.com.br\/?p=22674#primaryimage"},"thumbnailUrl":"https:\/\/www.p31noticias.com.br\/wp-content\/uploads\/2020\/10\/diretor-geral_da_oms_tedros_adhanom1805200337.jpg","datePublished":"2020-10-07T13:12:33+00:00","author":{"@id":"https:\/\/www.p31noticias.com.br\/#\/schema\/person\/95f2ece30e3b4132065b915150cd0f94"},"breadcrumb":{"@id":"https:\/\/www.p31noticias.com.br\/?p=22674#breadcrumb"},"inLanguage":"pt-BR","potentialAction":[{"@type":"ReadAction","target":["https:\/\/www.p31noticias.com.br\/?p=22674"]}]},{"@type":"ImageObject","inLanguage":"pt-BR","@id":"https:\/\/www.p31noticias.com.br\/?p=22674#primaryimage","url":"https:\/\/www.p31noticias.com.br\/wp-content\/uploads\/2020\/10\/diretor-geral_da_oms_tedros_adhanom1805200337.jpg","contentUrl":"https:\/\/www.p31noticias.com.br\/wp-content\/uploads\/2020\/10\/diretor-geral_da_oms_tedros_adhanom1805200337.jpg","width":1170,"height":700,"caption":"Diretor-geral da OMS, Tedros Adhanom"},{"@type":"BreadcrumbList","@id":"https:\/\/www.p31noticias.com.br\/?p=22674#breadcrumb","itemListElement":[{"@type":"ListItem","position":1,"name":"In\u00edcio","item":"https:\/\/www.p31noticias.com.br\/"},{"@type":"ListItem","position":2,"name":"OMS: vacina contra covid-19 pode estar pronta at\u00e9 o fim do ano"}]},{"@type":"WebSite","@id":"https:\/\/www.p31noticias.com.br\/#website","url":"https:\/\/www.p31noticias.com.br\/","name":"P31","description":"NOT\u00cdCIAS","potentialAction":[{"@type":"SearchAction","target":{"@type":"EntryPoint","urlTemplate":"https:\/\/www.p31noticias.com.br\/?s={search_term_string}"},"query-input":{"@type":"PropertyValueSpecification","valueRequired":true,"valueName":"search_term_string"}}],"inLanguage":"pt-BR"},{"@type":"Person","@id":"https:\/\/www.p31noticias.com.br\/#\/schema\/person\/95f2ece30e3b4132065b915150cd0f94","name":"Gon\u00e7alves Junior","image":{"@type":"ImageObject","inLanguage":"pt-BR","@id":"https:\/\/secure.gravatar.com\/avatar\/6711f350116a89762687a48d66f723c799e5438a5b7578508d4294cd7a5d0800?s=96&d=mm&r=g","url":"https:\/\/secure.gravatar.com\/avatar\/6711f350116a89762687a48d66f723c799e5438a5b7578508d4294cd7a5d0800?s=96&d=mm&r=g","contentUrl":"https:\/\/secure.gravatar.com\/avatar\/6711f350116a89762687a48d66f723c799e5438a5b7578508d4294cd7a5d0800?s=96&d=mm&r=g","caption":"Gon\u00e7alves Junior"},"url":"https:\/\/www.p31noticias.com.br\/?author=2"}]}},"amp_enabled":true,"_links":{"self":[{"href":"https:\/\/www.p31noticias.com.br\/index.php?rest_route=\/wp\/v2\/posts\/22674","targetHints":{"allow":["GET"]}}],"collection":[{"href":"https:\/\/www.p31noticias.com.br\/index.php?rest_route=\/wp\/v2\/posts"}],"about":[{"href":"https:\/\/www.p31noticias.com.br\/index.php?rest_route=\/wp\/v2\/types\/post"}],"author":[{"embeddable":true,"href":"https:\/\/www.p31noticias.com.br\/index.php?rest_route=\/wp\/v2\/users\/2"}],"replies":[{"embeddable":true,"href":"https:\/\/www.p31noticias.com.br\/index.php?rest_route=%2Fwp%2Fv2%2Fcomments&post=22674"}],"version-history":[{"count":2,"href":"https:\/\/www.p31noticias.com.br\/index.php?rest_route=\/wp\/v2\/posts\/22674\/revisions"}],"predecessor-version":[{"id":22677,"href":"https:\/\/www.p31noticias.com.br\/index.php?rest_route=\/wp\/v2\/posts\/22674\/revisions\/22677"}],"wp:featuredmedia":[{"embeddable":true,"href":"https:\/\/www.p31noticias.com.br\/index.php?rest_route=\/wp\/v2\/media\/22675"}],"wp:attachment":[{"href":"https:\/\/www.p31noticias.com.br\/index.php?rest_route=%2Fwp%2Fv2%2Fmedia&parent=22674"}],"wp:term":[{"taxonomy":"category","embeddable":true,"href":"https:\/\/www.p31noticias.com.br\/index.php?rest_route=%2Fwp%2Fv2%2Fcategories&post=22674"},{"taxonomy":"post_tag","embeddable":true,"href":"https:\/\/www.p31noticias.com.br\/index.php?rest_route=%2Fwp%2Fv2%2Ftags&post=22674"}],"curies":[{"name":"wp","href":"https:\/\/api.w.org\/{rel}","templated":true}]}}