{"id":22671,"date":"2020-10-07T13:01:13","date_gmt":"2020-10-07T13:01:13","guid":{"rendered":"https:\/\/p31noticias.com.br\/?p=22671"},"modified":"2020-10-07T13:01:13","modified_gmt":"2020-10-07T13:01:13","slug":"justica-do-df-manda-ministerio-da-saude-garantir-remedio-mais-caro-do-mundo-a-crianca-com-doenca-rara","status":"publish","type":"post","link":"https:\/\/www.p31noticias.com.br\/?p=22671","title":{"rendered":"Justi\u00e7a do DF manda Minist\u00e9rio da Sa\u00fade garantir &#8216;rem\u00e9dio mais caro do mundo&#8217; a crian\u00e7a com doen\u00e7a rara"},"content":{"rendered":"<h2 class=\"content-head__subtitle\" style=\"text-align: justify;\">Medicamento Zolgensma \u00e9 usado no tratamento de atrofia muscular e vendido por empresa su\u00ed\u00e7a, por cerca de R$ 12 milh\u00f5es. Produto j\u00e1 foi registrado pela Anvisa .<\/h2>\n<div class=\"mc-column content-text active-extra-styles \" data-block-type=\"unstyled\" data-block-weight=\"40\" data-block-id=\"2\">\n<p class=\"content-text__container \" style=\"text-align: justify;\" data-track-category=\"Link no Texto\" data-track-links=\"\">Uma decis\u00e3o do Tribunal Regional Federal da 1\u00aa Regi\u00e3o (TRF1) determina que o\u00a0<a href=\"https:\/\/g1.globo.com\/tudo-sobre\/ministerio-da-saude\/\">Minist\u00e9rio da Sa\u00fade<\/a>\u00a0forne\u00e7a medicamento para tratar a pequena Marina Ciminelli, de um ano e nove meses, diagnosticada com Atrofia Muscular Espinhal, doen\u00e7a conhecida como AME.<\/p>\n<\/div>\n<div class=\"wall protected-content\">\n<div class=\"mc-column content-text active-extra-styles \" data-block-type=\"unstyled\" data-block-weight=\"58\" data-block-id=\"3\">\n<p class=\"content-text__container \" style=\"text-align: justify;\" data-track-category=\"Link no Texto\" data-track-links=\"\">O rem\u00e9dio, Zolgensma, \u00e9 vendido por uma empresa su\u00ed\u00e7a por 2,1 milh\u00f5es de d\u00f3lares \u2013 equivalente a R$ 12 milh\u00f5es \u2013, um dos mais caros do mundo.<\/p>\n<p style=\"text-align: justify;\" data-track-category=\"Link no Texto\" data-track-links=\"\">O rem\u00e9dio, Zolgensma, \u00e9 vendido por uma empresa su\u00ed\u00e7a por 2,1 milh\u00f5es de d\u00f3lares \u2013 equivalente a R$ 12 milh\u00f5es \u2013, um dos mais caros do mundo. A Ag\u00eancia Nacional de Vigil\u00e2ncia Sanit\u00e1ria (<a href=\"https:\/\/g1.globo.com\/tudo-sobre\/anvisa\/\">Anvisa<\/a>) autorizou o registro da subst\u00e2ncia no Brasil. No entanto, o medicamento ainda n\u00e3o \u00e9 fornecido no Sistema \u00danico de Sa\u00fade (SUS).<\/p>\n<p style=\"text-align: justify;\" data-track-category=\"Link no Texto\" data-track-links=\"\">Para fazer efeito, o rem\u00e9dio precisa ser tomado at\u00e9 os dois anos de idade. Quem precisa dele corre contra o tempo e, em alguns casos, as fam\u00edlias recorrem a vaquinhas.<\/p>\n<div class=\"mc-column content-text active-extra-styles\" style=\"text-align: justify;\" data-block-type=\"raw\" data-block-weight=\"2\" data-block-id=\"7\">\n<div class=\"content-intertitle\">\n<h2>Decis\u00e3o judicial<\/h2>\n<\/div>\n<\/div>\n<div class=\"mc-column content-text active-extra-styles \" style=\"text-align: justify;\" data-block-type=\"unstyled\" data-block-weight=\"32\" data-block-id=\"8\">\n<p class=\"content-text__container \" data-track-category=\"Link no Texto\" data-track-links=\"\">A AME \u00e9 uma doen\u00e7a degenerativa rara. Quem desenvolve a atrofia n\u00e3o consegue produzir uma prote\u00edna essencial pra sobreviv\u00eancia dos neur\u00f4nios motores respons\u00e1veis por movimentos vitais, como respirar, engolir e se mover.<\/p>\n<\/div>\n<div class=\"mc-column content-text active-extra-styles \" style=\"text-align: justify;\" data-block-type=\"unstyled\" data-block-weight=\"50\" data-block-id=\"9\">\n<p class=\"content-text__container \" data-track-category=\"Link no Texto\" data-track-links=\"\">Com a impossibilidade de custear o tratamento milion\u00e1rio, os pais de Marina recorreram \u00e0 Justi\u00e7a alegando a necessidade de aux\u00edlio do Minist\u00e9rio da Sa\u00fade para importar o medicamento. O pedido foi aceito pelo desembargador Jirair Aram Meguerian em 26 de mar\u00e7o. Contudo, cinco meses se passaram sem o cumprimento.<\/p>\n<\/div>\n<div class=\"mc-column content-text active-extra-styles \" style=\"text-align: justify;\" data-block-type=\"unstyled\" data-block-weight=\"56\" data-block-id=\"10\">\n<p class=\"content-text__container \" data-track-category=\"Link no Texto\" data-track-links=\"\">O TRF-1 deu 48 horas para que o \u00f3rg\u00e3o garantisse o pagamento. No entendimento do tribunal, h\u00e1 or\u00e7amento para o repasse do valor \u00e0 fam\u00edlia. Em resposta, o Minist\u00e9rio da Sa\u00fade enviou um documento em que confirma estar providenciando R$ 10 milh\u00f5es por meio de dep\u00f3sito judicial.<\/p>\n<\/div>\n<div class=\"mc-column content-text active-extra-styles \" data-block-type=\"unstyled\" data-block-weight=\"34\" data-block-id=\"11\">\n<p class=\"content-text__container \" style=\"text-align: justify;\" data-track-category=\"Link no Texto\" data-track-links=\"\">O valor, no entanto, n\u00e3o \u00e9 suficiente. O total do repasse ficou defasado devido ao prazo que se passou desde a primeira decis\u00e3o, j\u00e1 que a cota\u00e7\u00e3o do d\u00f3lar subiu nos \u00faltimos meses.<\/p>\n<div class=\"mc-column content-text active-extra-styles \" style=\"text-align: justify;\" data-block-type=\"unstyled\" data-block-weight=\"32\" data-block-id=\"13\">\n<p class=\"content-text__container \" data-track-category=\"Link no Texto\" data-track-links=\"\">O pai de Marina, o veterin\u00e1rio Samuel Ciminelli, afirma que agora a fam\u00edlia prepara um recurso pedindo a atualiza\u00e7\u00e3o do valor. Ele ainda est\u00e1 fazendo novo or\u00e7amento com a empresa fornecedora.<\/p>\n<\/div>\n<div class=\"mc-column content-text active-extra-styles \" data-block-type=\"unstyled\" data-block-weight=\"36\" data-block-id=\"15\">\n<p class=\"content-text__container \" style=\"text-align: justify;\" data-track-category=\"Link no Texto\" data-track-links=\"\">Agora, com o registro do rem\u00e9dio pela Anvisa, Samuel afirma que espera mais &#8220;facilidade na importa\u00e7\u00e3o da medica\u00e7\u00e3o&#8221;. Contudo, ainda n\u00e3o est\u00e1 satisfeito. Marina completa dois anos em novembro, quando acaba o prazo para o tratamento.<\/p>\n<p style=\"text-align: justify;\" data-track-category=\"Link no Texto\" data-track-links=\"\"><em><strong>\u201cAl\u00edvio a gente s\u00f3 vai ter depois que ela tomar a medica\u00e7\u00e3o\u201d, afirmou \u00e0 reportagem.&#8221;<\/strong><\/em><\/p>\n<div class=\"mc-column content-text active-extra-styles\" style=\"text-align: justify;\" data-block-type=\"raw\" data-block-weight=\"2\" data-block-id=\"17\">\n<div class=\"content-intertitle\">\n<h2>Longa espera<\/h2>\n<\/div>\n<\/div>\n<div class=\"mc-column content-text active-extra-styles \" data-block-type=\"unstyled\" data-block-weight=\"40\" data-block-id=\"18\">\n<p class=\"content-text__container \" style=\"text-align: justify;\" data-track-category=\"Link no Texto\" data-track-links=\"\">Enquanto aguarda pelo tratamento, Marina respira com ajuda de aparelhos. Ela est\u00e1 no est\u00e1gio mais grave da AME, de tipo 1. A m\u00e3e da crian\u00e7a, Deilla Macedo, conta que ela come\u00e7ou a apresentar sintomas com 1 m\u00eas de vida.<\/p>\n<p style=\"text-align: justify;\" data-track-category=\"Link no Texto\" data-track-links=\"\">\u201cEla ficou totalmente parada. Eles falam que at\u00e9 parece uma boneca de pano.&#8221;<\/p>\n<p style=\"text-align: justify;\" data-track-category=\"Link no Texto\" data-track-links=\"\">Segundo ela, inicialmente, os &#8220;m\u00e9dicos achavam que fosse normal, que fosse da idade dela, que depois ela iria melhorar&#8221;. O diagn\u00f3stico s\u00f3 foi feito por meio de exames nos Estados Unidos. O pai de Marina conta que ficou &#8220;sem ch\u00e3o&#8221;.<\/p>\n<p style=\"text-align: justify;\" data-track-category=\"Link no Texto\" data-track-links=\"\"><em><strong>&#8220;Na \u00e9poca, n\u00e3o existia nenhum tratamento. Ent\u00e3o, eles dizem que a expectativa de vida do seu filho vai ser de dois anos. Eles tiram qualquer esperan\u00e7a sua.&#8221;<\/strong><\/em><\/p>\n<div class=\"mc-column content-text active-extra-styles \" style=\"text-align: justify;\" data-block-type=\"unstyled\" data-block-weight=\"54\" data-block-id=\"23\">\n<p class=\"content-text__container \" data-track-category=\"Link no Texto\" data-track-links=\"\">O Zolgensma promete interromper a doen\u00e7a, com uma \u00fanica dose. Outro medicamento indicado para os pacientes \u00e9 o Spinraza, que j\u00e1 possui registro no pa\u00eds. Ele custa cerca de R$ 250 mil, mas demanda um prazo maior de tratamento. No entanto, a m\u00e3e de Marina explica que o quadro cl\u00ednico dela pede pressa.<\/p>\n<\/div>\n<div class=\"mc-column content-text active-extra-styles \" data-block-type=\"unstyled\" data-block-weight=\"50\" data-block-id=\"25\">\n<p class=\"content-text__container \" style=\"text-align: justify;\" data-track-category=\"Link no Texto\" data-track-links=\"\">\u201cH\u00e1 tr\u00eas meses a gente nota as perdas, nessa regi\u00e3o aqui de degluti\u00e7\u00e3o [processo de engolir]. Antes, ela conseguia deglutir a saliva. Hoje em dia, ela teve j\u00e1 essa perda. De tr\u00eas meses pra c\u00e1, ela parou de sorrir. Esse m\u00fasculo da face est\u00e1 sem movimento\u201d, afirma Deilla.<\/p>\n<div class=\"mc-column content-text active-extra-styles\" style=\"text-align: justify;\" data-block-type=\"raw\" data-block-weight=\"2\" data-block-id=\"26\">\n<div class=\"content-intertitle\">\n<h2>Vaquinha online<\/h2>\n<\/div>\n<\/div>\n<div class=\"mc-column content-text active-extra-styles \" data-block-type=\"unstyled\" data-block-weight=\"30\" data-block-id=\"27\">\n<p class=\"content-text__container \" style=\"text-align: justify;\" data-track-category=\"Link no Texto\" data-track-links=\"\">A fam\u00edlia de Marina mora em \u00c1guas Claras, a cerca de tr\u00eas quil\u00f4metros de outra crian\u00e7a que tamb\u00e9m foi diagnosticada com AME: Kyara, de apenas um ano de idade.<\/p>\n<div class=\"mc-column content-text active-extra-styles \" style=\"text-align: justify;\" data-block-type=\"unstyled\" data-block-weight=\"20\" data-block-id=\"29\">\n<p class=\"content-text__container \" data-track-category=\"Link no Texto\" data-track-links=\"\">Ao inv\u00e9s de ir \u00e0 Justi\u00e7a, os pais da crian\u00e7a organizaram\u00a0<a href=\"https:\/\/www.instagram.com\/cureakyara\/\" target=\"_blank\" rel=\"noopener noreferrer\">uma vaquinha online<\/a>, com divulga\u00e7\u00e3o por meio\u00a0<a href=\"https:\/\/www.instagram.com\/cureakyara\/\" target=\"_blank\" rel=\"noopener noreferrer\">do Instagram<\/a>.<\/p>\n<\/div>\n<div class=\"mc-column content-text active-extra-styles \" style=\"text-align: justify;\" data-block-type=\"unstyled\" data-block-weight=\"56\" data-block-id=\"30\">\n<p class=\"content-text__container \" data-track-category=\"Link no Texto\" data-track-links=\"\">\u201cVoc\u00ea que anda, que tem uma vida, que respira, que come sozinho, que tem uma independ\u00eancia. Se voc\u00ea soubesse que um rem\u00e9dio \u00e9 capaz de te proporcionar uma vida dessa, que se voc\u00ea n\u00e3o tomar voc\u00ea n\u00e3o ter\u00e1, o que voc\u00ea faria por isso?\u201d, questiona a m\u00e3e dela, a advogada Kayra Dantas De Carvalho Rocha.<\/p>\n<\/div>\n<div class=\"mc-column content-text active-extra-styles \" style=\"text-align: justify;\" data-block-type=\"unstyled\" data-block-weight=\"45\" data-block-id=\"31\">\n<p class=\"content-text__container \" data-track-category=\"Link no Texto\" data-track-links=\"\">A fam\u00edlia j\u00e1 conseguiu arrecadar R$ 1,6 milh\u00e3o, mas ainda est\u00e1 longe da meta. \u201cQuando as pessoas olham o valor de doze milh\u00f5es, elas acham que \u00e9 imposs\u00edvel, que n\u00e3o vai fazer diferen\u00e7a. Mas qualquer valor pode mudar a vida da Kyara\u201d, afirma a m\u00e3e.<\/p>\n<div class=\"mc-column content-text active-extra-styles \" data-block-type=\"unstyled\" data-block-weight=\"31\" data-block-id=\"34\">\n<p class=\"content-text__container \" data-track-category=\"Link no Texto\" data-track-links=\"\">Kayra conta que ap\u00f3s o diagn\u00f3stico da beb\u00ea cada movimento da pequena passou a ter uma grandeza al\u00e9m. \u201cEla \u00e9 um milagre na nossa vida, ela tem transformado a nossa vida\u201d<\/p>\n<\/div>\n<div class=\"mc-column content-text active-extra-styles\" data-block-type=\"raw\" data-block-weight=\"50\" data-block-id=\"35\">\n<blockquote class=\"content-blockquote theme-border-color-primary-before\"><p><em><strong>&#8220;Para a gente, era a coisa mais normal ela gritar, mas tem muitas crian\u00e7as que nem sai mais voz. Ent\u00e3o, assim, ela grita, a gente fica feliz, ela aponta, a gente fica feliz. Atos de um beb\u00ea que parecem ser comuns, hoje, pra gente, \u00e9 uma alegria, \u00e9 uma vit\u00f3ria\u201d.<\/strong><\/em><\/p><\/blockquote>\n<\/div>\n<blockquote><p>Fonte : G1<\/p><\/blockquote>\n<\/div>\n<\/div>\n<\/div>\n<\/div>\n<\/div>\n<\/div>\n<\/div>\n<\/div>\n","protected":false},"excerpt":{"rendered":"<p>Medicamento Zolgensma \u00e9 usado no tratamento de atrofia muscular e vendido por empresa su\u00ed\u00e7a, por cerca de R$ 12 milh\u00f5es. Produto j\u00e1 foi registrado pela Anvisa . Uma decis\u00e3o do Tribunal Regional Federal da 1\u00aa Regi\u00e3o (TRF1) determina que o\u00a0Minist\u00e9rio da Sa\u00fade\u00a0forne\u00e7a medicamento para tratar a pequena Marina Ciminelli, de um ano e nove meses, [&hellip;]<\/p>\n","protected":false},"author":2,"featured_media":22672,"comment_status":"open","ping_status":"open","sticky":false,"template":"","format":"standard","meta":{"footnotes":""},"categories":[1],"tags":[],"class_list":{"0":"post-22671","1":"post","2":"type-post","3":"status-publish","4":"format-standard","5":"has-post-thumbnail","7":"category-outros"},"yoast_head":"<!-- This site is optimized with the Yoast SEO Premium plugin v24.5 (Yoast SEO v27.5) - https:\/\/yoast.com\/product\/yoast-seo-premium-wordpress\/ -->\n<title>Justi\u00e7a do DF manda Minist\u00e9rio da Sa\u00fade garantir &#039;rem\u00e9dio mais caro do mundo&#039; a crian\u00e7a com doen\u00e7a rara - P31<\/title>\n<meta name=\"robots\" content=\"index, follow, max-snippet:-1, max-image-preview:large, max-video-preview:-1\" \/>\n<link rel=\"canonical\" href=\"https:\/\/www.p31noticias.com.br\/?p=22671\" \/>\n<meta property=\"og:locale\" content=\"pt_BR\" \/>\n<meta property=\"og:type\" content=\"article\" \/>\n<meta property=\"og:title\" content=\"Justi\u00e7a do DF manda Minist\u00e9rio da Sa\u00fade garantir &#039;rem\u00e9dio mais caro do mundo&#039; a crian\u00e7a com doen\u00e7a rara\" \/>\n<meta property=\"og:description\" content=\"Medicamento Zolgensma \u00e9 usado no tratamento de atrofia muscular e vendido por empresa su\u00ed\u00e7a, por cerca de R$ 12 milh\u00f5es. Produto j\u00e1 foi registrado pela Anvisa . Uma decis\u00e3o do Tribunal Regional Federal da 1\u00aa Regi\u00e3o (TRF1) determina que o\u00a0Minist\u00e9rio da Sa\u00fade\u00a0forne\u00e7a medicamento para tratar a pequena Marina Ciminelli, de um ano e nove meses, [&hellip;]\" \/>\n<meta property=\"og:url\" content=\"https:\/\/www.p31noticias.com.br\/?p=22671\" \/>\n<meta property=\"og:site_name\" content=\"P31\" \/>\n<meta property=\"article:published_time\" content=\"2020-10-07T13:01:13+00:00\" \/>\n<meta property=\"og:image\" content=\"https:\/\/www.p31noticias.com.br\/wp-content\/uploads\/2020\/10\/Kyara-Lis-3.jpeg\" \/>\n\t<meta property=\"og:image:width\" content=\"960\" \/>\n\t<meta property=\"og:image:height\" content=\"713\" \/>\n\t<meta property=\"og:image:type\" content=\"image\/jpeg\" \/>\n<meta name=\"author\" content=\"Gon\u00e7alves Junior\" \/>\n<meta name=\"twitter:card\" content=\"summary_large_image\" \/>\n<meta name=\"twitter:label1\" content=\"Escrito por\" \/>\n\t<meta name=\"twitter:data1\" content=\"Gon\u00e7alves Junior\" \/>\n\t<meta name=\"twitter:label2\" content=\"Est. tempo de leitura\" \/>\n\t<meta name=\"twitter:data2\" content=\"5 minutos\" \/>\n<script type=\"application\/ld+json\" class=\"yoast-schema-graph\">{\"@context\":\"https:\\\/\\\/schema.org\",\"@graph\":[{\"@type\":\"Article\",\"@id\":\"https:\\\/\\\/www.p31noticias.com.br\\\/?p=22671#article\",\"isPartOf\":{\"@id\":\"https:\\\/\\\/www.p31noticias.com.br\\\/?p=22671\"},\"author\":{\"name\":\"Gon\u00e7alves Junior\",\"@id\":\"https:\\\/\\\/www.p31noticias.com.br\\\/#\\\/schema\\\/person\\\/95f2ece30e3b4132065b915150cd0f94\"},\"headline\":\"Justi\u00e7a do DF manda Minist\u00e9rio da Sa\u00fade garantir &#8216;rem\u00e9dio mais caro do mundo&#8217; a crian\u00e7a com doen\u00e7a rara\",\"datePublished\":\"2020-10-07T13:01:13+00:00\",\"mainEntityOfPage\":{\"@id\":\"https:\\\/\\\/www.p31noticias.com.br\\\/?p=22671\"},\"wordCount\":976,\"commentCount\":0,\"image\":{\"@id\":\"https:\\\/\\\/www.p31noticias.com.br\\\/?p=22671#primaryimage\"},\"thumbnailUrl\":\"https:\\\/\\\/www.p31noticias.com.br\\\/wp-content\\\/uploads\\\/2020\\\/10\\\/Kyara-Lis-3.jpeg\",\"articleSection\":[\"Outros\"],\"inLanguage\":\"pt-BR\",\"potentialAction\":[{\"@type\":\"CommentAction\",\"name\":\"Comment\",\"target\":[\"https:\\\/\\\/www.p31noticias.com.br\\\/?p=22671#respond\"]}],\"copyrightYear\":\"2020\",\"copyrightHolder\":{\"@id\":\"https:\\\/\\\/www.p31noticias.com.br\\\/#organization\"}},{\"@type\":\"WebPage\",\"@id\":\"https:\\\/\\\/www.p31noticias.com.br\\\/?p=22671\",\"url\":\"https:\\\/\\\/www.p31noticias.com.br\\\/?p=22671\",\"name\":\"Justi\u00e7a do DF manda Minist\u00e9rio da Sa\u00fade garantir 'rem\u00e9dio mais caro do mundo' a crian\u00e7a com doen\u00e7a rara - P31\",\"isPartOf\":{\"@id\":\"https:\\\/\\\/www.p31noticias.com.br\\\/#website\"},\"primaryImageOfPage\":{\"@id\":\"https:\\\/\\\/www.p31noticias.com.br\\\/?p=22671#primaryimage\"},\"image\":{\"@id\":\"https:\\\/\\\/www.p31noticias.com.br\\\/?p=22671#primaryimage\"},\"thumbnailUrl\":\"https:\\\/\\\/www.p31noticias.com.br\\\/wp-content\\\/uploads\\\/2020\\\/10\\\/Kyara-Lis-3.jpeg\",\"datePublished\":\"2020-10-07T13:01:13+00:00\",\"author\":{\"@id\":\"https:\\\/\\\/www.p31noticias.com.br\\\/#\\\/schema\\\/person\\\/95f2ece30e3b4132065b915150cd0f94\"},\"breadcrumb\":{\"@id\":\"https:\\\/\\\/www.p31noticias.com.br\\\/?p=22671#breadcrumb\"},\"inLanguage\":\"pt-BR\",\"potentialAction\":[{\"@type\":\"ReadAction\",\"target\":[\"https:\\\/\\\/www.p31noticias.com.br\\\/?p=22671\"]}]},{\"@type\":\"ImageObject\",\"inLanguage\":\"pt-BR\",\"@id\":\"https:\\\/\\\/www.p31noticias.com.br\\\/?p=22671#primaryimage\",\"url\":\"https:\\\/\\\/www.p31noticias.com.br\\\/wp-content\\\/uploads\\\/2020\\\/10\\\/Kyara-Lis-3.jpeg\",\"contentUrl\":\"https:\\\/\\\/www.p31noticias.com.br\\\/wp-content\\\/uploads\\\/2020\\\/10\\\/Kyara-Lis-3.jpeg\",\"width\":960,\"height\":713},{\"@type\":\"BreadcrumbList\",\"@id\":\"https:\\\/\\\/www.p31noticias.com.br\\\/?p=22671#breadcrumb\",\"itemListElement\":[{\"@type\":\"ListItem\",\"position\":1,\"name\":\"In\u00edcio\",\"item\":\"https:\\\/\\\/www.p31noticias.com.br\\\/\"},{\"@type\":\"ListItem\",\"position\":2,\"name\":\"Justi\u00e7a do DF manda Minist\u00e9rio da Sa\u00fade garantir &#8216;rem\u00e9dio mais caro do mundo&#8217; a crian\u00e7a com doen\u00e7a rara\"}]},{\"@type\":\"WebSite\",\"@id\":\"https:\\\/\\\/www.p31noticias.com.br\\\/#website\",\"url\":\"https:\\\/\\\/www.p31noticias.com.br\\\/\",\"name\":\"P31\",\"description\":\"NOT\u00cdCIAS\",\"potentialAction\":[{\"@type\":\"SearchAction\",\"target\":{\"@type\":\"EntryPoint\",\"urlTemplate\":\"https:\\\/\\\/www.p31noticias.com.br\\\/?s={search_term_string}\"},\"query-input\":{\"@type\":\"PropertyValueSpecification\",\"valueRequired\":true,\"valueName\":\"search_term_string\"}}],\"inLanguage\":\"pt-BR\"},{\"@type\":\"Person\",\"@id\":\"https:\\\/\\\/www.p31noticias.com.br\\\/#\\\/schema\\\/person\\\/95f2ece30e3b4132065b915150cd0f94\",\"name\":\"Gon\u00e7alves Junior\",\"image\":{\"@type\":\"ImageObject\",\"inLanguage\":\"pt-BR\",\"@id\":\"https:\\\/\\\/secure.gravatar.com\\\/avatar\\\/6711f350116a89762687a48d66f723c799e5438a5b7578508d4294cd7a5d0800?s=96&d=mm&r=g\",\"url\":\"https:\\\/\\\/secure.gravatar.com\\\/avatar\\\/6711f350116a89762687a48d66f723c799e5438a5b7578508d4294cd7a5d0800?s=96&d=mm&r=g\",\"contentUrl\":\"https:\\\/\\\/secure.gravatar.com\\\/avatar\\\/6711f350116a89762687a48d66f723c799e5438a5b7578508d4294cd7a5d0800?s=96&d=mm&r=g\",\"caption\":\"Gon\u00e7alves Junior\"},\"url\":\"https:\\\/\\\/www.p31noticias.com.br\\\/?author=2\"}]}<\/script>\n<!-- \/ Yoast SEO Premium plugin. -->","yoast_head_json":{"title":"Justi\u00e7a do DF manda Minist\u00e9rio da Sa\u00fade garantir 'rem\u00e9dio mais caro do mundo' a crian\u00e7a com doen\u00e7a rara - P31","robots":{"index":"index","follow":"follow","max-snippet":"max-snippet:-1","max-image-preview":"max-image-preview:large","max-video-preview":"max-video-preview:-1"},"canonical":"https:\/\/www.p31noticias.com.br\/?p=22671","og_locale":"pt_BR","og_type":"article","og_title":"Justi\u00e7a do DF manda Minist\u00e9rio da Sa\u00fade garantir 'rem\u00e9dio mais caro do mundo' a crian\u00e7a com doen\u00e7a rara","og_description":"Medicamento Zolgensma \u00e9 usado no tratamento de atrofia muscular e vendido por empresa su\u00ed\u00e7a, por cerca de R$ 12 milh\u00f5es. Produto j\u00e1 foi registrado pela Anvisa . Uma decis\u00e3o do Tribunal Regional Federal da 1\u00aa Regi\u00e3o (TRF1) determina que o\u00a0Minist\u00e9rio da Sa\u00fade\u00a0forne\u00e7a medicamento para tratar a pequena Marina Ciminelli, de um ano e nove meses, [&hellip;]","og_url":"https:\/\/www.p31noticias.com.br\/?p=22671","og_site_name":"P31","article_published_time":"2020-10-07T13:01:13+00:00","og_image":[{"width":960,"height":713,"url":"https:\/\/www.p31noticias.com.br\/wp-content\/uploads\/2020\/10\/Kyara-Lis-3.jpeg","type":"image\/jpeg"}],"author":"Gon\u00e7alves Junior","twitter_card":"summary_large_image","twitter_misc":{"Escrito por":"Gon\u00e7alves Junior","Est. tempo de leitura":"5 minutos"},"schema":{"@context":"https:\/\/schema.org","@graph":[{"@type":"Article","@id":"https:\/\/www.p31noticias.com.br\/?p=22671#article","isPartOf":{"@id":"https:\/\/www.p31noticias.com.br\/?p=22671"},"author":{"name":"Gon\u00e7alves Junior","@id":"https:\/\/www.p31noticias.com.br\/#\/schema\/person\/95f2ece30e3b4132065b915150cd0f94"},"headline":"Justi\u00e7a do DF manda Minist\u00e9rio da Sa\u00fade garantir &#8216;rem\u00e9dio mais caro do mundo&#8217; a crian\u00e7a com doen\u00e7a rara","datePublished":"2020-10-07T13:01:13+00:00","mainEntityOfPage":{"@id":"https:\/\/www.p31noticias.com.br\/?p=22671"},"wordCount":976,"commentCount":0,"image":{"@id":"https:\/\/www.p31noticias.com.br\/?p=22671#primaryimage"},"thumbnailUrl":"https:\/\/www.p31noticias.com.br\/wp-content\/uploads\/2020\/10\/Kyara-Lis-3.jpeg","articleSection":["Outros"],"inLanguage":"pt-BR","potentialAction":[{"@type":"CommentAction","name":"Comment","target":["https:\/\/www.p31noticias.com.br\/?p=22671#respond"]}],"copyrightYear":"2020","copyrightHolder":{"@id":"https:\/\/www.p31noticias.com.br\/#organization"}},{"@type":"WebPage","@id":"https:\/\/www.p31noticias.com.br\/?p=22671","url":"https:\/\/www.p31noticias.com.br\/?p=22671","name":"Justi\u00e7a do DF manda Minist\u00e9rio da Sa\u00fade garantir 'rem\u00e9dio mais caro do mundo' a crian\u00e7a com doen\u00e7a rara - P31","isPartOf":{"@id":"https:\/\/www.p31noticias.com.br\/#website"},"primaryImageOfPage":{"@id":"https:\/\/www.p31noticias.com.br\/?p=22671#primaryimage"},"image":{"@id":"https:\/\/www.p31noticias.com.br\/?p=22671#primaryimage"},"thumbnailUrl":"https:\/\/www.p31noticias.com.br\/wp-content\/uploads\/2020\/10\/Kyara-Lis-3.jpeg","datePublished":"2020-10-07T13:01:13+00:00","author":{"@id":"https:\/\/www.p31noticias.com.br\/#\/schema\/person\/95f2ece30e3b4132065b915150cd0f94"},"breadcrumb":{"@id":"https:\/\/www.p31noticias.com.br\/?p=22671#breadcrumb"},"inLanguage":"pt-BR","potentialAction":[{"@type":"ReadAction","target":["https:\/\/www.p31noticias.com.br\/?p=22671"]}]},{"@type":"ImageObject","inLanguage":"pt-BR","@id":"https:\/\/www.p31noticias.com.br\/?p=22671#primaryimage","url":"https:\/\/www.p31noticias.com.br\/wp-content\/uploads\/2020\/10\/Kyara-Lis-3.jpeg","contentUrl":"https:\/\/www.p31noticias.com.br\/wp-content\/uploads\/2020\/10\/Kyara-Lis-3.jpeg","width":960,"height":713},{"@type":"BreadcrumbList","@id":"https:\/\/www.p31noticias.com.br\/?p=22671#breadcrumb","itemListElement":[{"@type":"ListItem","position":1,"name":"In\u00edcio","item":"https:\/\/www.p31noticias.com.br\/"},{"@type":"ListItem","position":2,"name":"Justi\u00e7a do DF manda Minist\u00e9rio da Sa\u00fade garantir &#8216;rem\u00e9dio mais caro do mundo&#8217; a crian\u00e7a com doen\u00e7a rara"}]},{"@type":"WebSite","@id":"https:\/\/www.p31noticias.com.br\/#website","url":"https:\/\/www.p31noticias.com.br\/","name":"P31","description":"NOT\u00cdCIAS","potentialAction":[{"@type":"SearchAction","target":{"@type":"EntryPoint","urlTemplate":"https:\/\/www.p31noticias.com.br\/?s={search_term_string}"},"query-input":{"@type":"PropertyValueSpecification","valueRequired":true,"valueName":"search_term_string"}}],"inLanguage":"pt-BR"},{"@type":"Person","@id":"https:\/\/www.p31noticias.com.br\/#\/schema\/person\/95f2ece30e3b4132065b915150cd0f94","name":"Gon\u00e7alves Junior","image":{"@type":"ImageObject","inLanguage":"pt-BR","@id":"https:\/\/secure.gravatar.com\/avatar\/6711f350116a89762687a48d66f723c799e5438a5b7578508d4294cd7a5d0800?s=96&d=mm&r=g","url":"https:\/\/secure.gravatar.com\/avatar\/6711f350116a89762687a48d66f723c799e5438a5b7578508d4294cd7a5d0800?s=96&d=mm&r=g","contentUrl":"https:\/\/secure.gravatar.com\/avatar\/6711f350116a89762687a48d66f723c799e5438a5b7578508d4294cd7a5d0800?s=96&d=mm&r=g","caption":"Gon\u00e7alves Junior"},"url":"https:\/\/www.p31noticias.com.br\/?author=2"}]}},"amp_enabled":true,"_links":{"self":[{"href":"https:\/\/www.p31noticias.com.br\/index.php?rest_route=\/wp\/v2\/posts\/22671","targetHints":{"allow":["GET"]}}],"collection":[{"href":"https:\/\/www.p31noticias.com.br\/index.php?rest_route=\/wp\/v2\/posts"}],"about":[{"href":"https:\/\/www.p31noticias.com.br\/index.php?rest_route=\/wp\/v2\/types\/post"}],"author":[{"embeddable":true,"href":"https:\/\/www.p31noticias.com.br\/index.php?rest_route=\/wp\/v2\/users\/2"}],"replies":[{"embeddable":true,"href":"https:\/\/www.p31noticias.com.br\/index.php?rest_route=%2Fwp%2Fv2%2Fcomments&post=22671"}],"version-history":[{"count":1,"href":"https:\/\/www.p31noticias.com.br\/index.php?rest_route=\/wp\/v2\/posts\/22671\/revisions"}],"predecessor-version":[{"id":22673,"href":"https:\/\/www.p31noticias.com.br\/index.php?rest_route=\/wp\/v2\/posts\/22671\/revisions\/22673"}],"wp:featuredmedia":[{"embeddable":true,"href":"https:\/\/www.p31noticias.com.br\/index.php?rest_route=\/wp\/v2\/media\/22672"}],"wp:attachment":[{"href":"https:\/\/www.p31noticias.com.br\/index.php?rest_route=%2Fwp%2Fv2%2Fmedia&parent=22671"}],"wp:term":[{"taxonomy":"category","embeddable":true,"href":"https:\/\/www.p31noticias.com.br\/index.php?rest_route=%2Fwp%2Fv2%2Fcategories&post=22671"},{"taxonomy":"post_tag","embeddable":true,"href":"https:\/\/www.p31noticias.com.br\/index.php?rest_route=%2Fwp%2Fv2%2Ftags&post=22671"}],"curies":[{"name":"wp","href":"https:\/\/api.w.org\/{rel}","templated":true}]}}