{"id":22667,"date":"2020-09-29T02:18:43","date_gmt":"2020-09-29T02:18:43","guid":{"rendered":"https:\/\/p31noticias.com.br\/?p=22667"},"modified":"2020-09-29T02:20:07","modified_gmt":"2020-09-29T02:20:07","slug":"veja-o-que-acontece-com-o-corpo-apos-meses-em-isolamento","status":"publish","type":"post","link":"https:\/\/www.p31noticias.com.br\/?p=22667","title":{"rendered":"Veja o que acontece com o corpo ap\u00f3s meses em isolamento"},"content":{"rendered":"<h1 class=\"light\" style=\"text-align: justify;\"><strong><em>Ficar em casa por tanto tempo contorce o corpo, enfraquece o cora\u00e7\u00e3o e os pulm\u00f5es e at\u00e9 prejudica o funcionamento do c\u00e9rebro<\/em><\/strong><\/h1>\n<p>&nbsp;<\/p>\n<p>Desde que a pandemia come\u00e7ou oficialmente em mar\u00e7o, fomos informados de que ficar em casa \u00e9 a melhor maneira de evitar a <a href=\"https:\/\/www.cnnbrasil.com.br\/tudo-sobre\/coronavirus\">Covid-19<\/a>. E \u00e9 verdade. Mas a vida em confinamento pode causar doen\u00e7as f\u00edsicas por si s\u00f3.<\/p>\n<p>Ficar em casa por tanto tempo contorce o corpo, enfraquece o cora\u00e7\u00e3o e os pulm\u00f5es e at\u00e9 prejudica o funcionamento do c\u00e9rebro. Os efeitos da vida isolada podem permanecer conosco al\u00e9m do fim da pandemia (seja l\u00e1 quando isso acontecer).<\/p>\n<p>Veja o que meio ano de isolamento em casa e sedentarismo podem fazer ao seu corpo:<\/p>\n<p><em><strong>Voc\u00ea come\u00e7a a perder m\u00fasculos<\/strong><\/em><\/p>\n<p>Uma semana sem sair de casa, esteja voc\u00ea trabalhando, comendo ou dormindo, pode ser reconfortante e necess\u00e1rio. Mas toda a inatividade pode desfazer o progresso conquistado a duras penas.<\/p>\n<p>Fato: uma pessoa pode levar meses para construir m\u00fasculos e apenas uma semana para perd\u00ea-los.<\/p>\n<p>Mesmo com toda sua robustez, humanos tamb\u00e9m perdem m\u00fasculos mais rapidamente \u00e0 medida que envelhecem, como explicou Keith Baar, professor de fisiologia molecular do exerc\u00edcio na Universidade da Calif\u00f3rnia\u2013Davis.<\/p>\n<p>Quando voc\u00ea perde m\u00fasculos, n\u00e3o est\u00e1 necessariamente perdendo volume, mas sim for\u00e7a, o que Baar disse ser um dos \u201cindicadores mais fortes\u201d de quanto tempo voc\u00ea viver\u00e1.<\/p>\n<p>\u201cQuanto mais fortes ficarmos, mais f\u00e1cil ser\u00e1 para n\u00f3s manter nossa longevidade\u201d.<\/p>\n<p><em><strong>Seu cora\u00e7\u00e3o e pulm\u00f5es ficam mais fracos<\/strong><\/em><\/p>\n<p>Quem n\u00e3o se exercita n\u00e3o aumenta a frequ\u00eancia card\u00edaca. Segundo Baar, quando o cora\u00e7\u00e3o n\u00e3o bate t\u00e3o forte, fica mais fraco.<\/p>\n<p>A mesma coisa acontece com seus pulm\u00f5es quando voc\u00ea est\u00e1 inativo, segundo o doutor Panagis Galiatsatos, pneumologista do Centro M\u00e9dico Johns Hopkins Bayview.<\/p>\n<p>Ele diz que muitos de seus pacientes sentiram sua fun\u00e7\u00e3o respirat\u00f3ria piorar, porque n\u00e3o est\u00e3o mais condicionados pelos exerc\u00edcios.<\/p>\n<p>Pessoas com problemas pulmonares j\u00e1 s\u00e3o consideradas mais suscet\u00edveis ao novo coronav\u00edrus, porque portam uma doen\u00e7a respirat\u00f3ria, e, portanto, devem ficar em casa para reduzir o risco de infec\u00e7\u00e3o.<\/p>\n<p>No entanto, se essas pessoas n\u00e3o estiverem se movendo e aumentando o fluxo sangu\u00edneo para os pulm\u00f5es, a condi\u00e7\u00e3o preexistente pode prejudic\u00e1-las de qualquer maneira.<\/p>\n<p>O exerc\u00edcio \u00e9 a \u00fanica chave para melhorar a fun\u00e7\u00e3o card\u00edaca e pulmonar. \u201cN\u00e3o h\u00e1 nenhum medicamento que pode fazer isso\u201d, disse o doutor Galiatsatos.<\/p>\n<p>Se n\u00e3o for seguro sair de casa, o professor Baar recomenda dan\u00e7ar ou encontrar objetos dom\u00e9sticos que ajudem no\u00a0<a href=\"https:\/\/www.cnnbrasil.com.br\/saude\/2020\/07\/27\/como-retomar-sua-rotina-de-exercicios-faca-movimentos-que-usem-o-peso-corporal\">treinamento de for\u00e7a em casa<\/a>\u00a0\u2014 pense em fazer levantamento de peso usando sacos de arroz, por exemplo.<\/p>\n<p><em><strong>Voc\u00ea ganha gordura<\/strong><\/em><\/p>\n<p>Se voc\u00ea fica em casa o dia todo, todos os dias, provavelmente est\u00e1 a poucos metros de sua despensa. Dependendo da sua perspectiva, isso pode ser conveniente ou perigoso.<\/p>\n<p>Com acesso t\u00e3o f\u00e1cil, sua janela de \u201calimenta\u00e7\u00e3o\u201d, ou o per\u00edodo em que voc\u00ea faz a maioria das suas refei\u00e7\u00f5es, pode aumentar de 10 a 12 horas todos os dias para 15 horas por dia.\u00a0Ou seja, mais da metade do dia, o que poderia causar n\u00edveis de insulina mais altos.<\/p>\n<p>Segundo o professor Giles Duffield, a insulina incentiva o armazenamento de gordura e a convers\u00e3o de outras mol\u00e9culas de gordura em gordura.<\/p>\n<p>Duffield \u2014 que \u00e9 professor associado de anatomia e fisiologia da Universidade de Notre Dame e estuda o ritmo circadiano e o metabolismo, entre outros assuntos \u2014 lembra tamb\u00e9m que comer em excesso \u00e9 uma quest\u00e3o s\u00e9ria, porque, no in\u00edcio da pandemia, muitas pessoas estocavam alimentos n\u00e3o perec\u00edveis em caso de falta de suprimentos. E muitos s\u00e3o altamente processados e ricos em a\u00e7\u00facares e amidos.<\/p>\n<p>O ganho de peso durante os per\u00edodos de estresse intenso \u00e9 normal, e 2020 tem sido\u00a0<a href=\"https:\/\/www.cnnbrasil.com.br\/saude\/2020\/04\/04\/psicologa-da-dicas-para-lidar-com-estresse-em-meio-a-crise-da-covid-19\">extremamente estressante<\/a>.<\/p>\n<p>Por\u00e9m, ele \u00e9 perigoso quando se transforma em obesidade, pois seu corpo pode come\u00e7ar a resistir \u00e0 insulina e problemas cr\u00f4nicos de sa\u00fade, como doen\u00e7as metab\u00f3licas ou diabetes, podem se desenvolver.<\/p>\n<p><em><strong>Sua postura foi afetada<\/strong><\/em><\/p>\n<p>Todos n\u00f3s temos uma posi\u00e7\u00e3o sentada na qual subconscientemente afundamos \u2014 ca\u00eddos para frente, ombros para baixo, coluna encurvada, pesco\u00e7o dobrado e cotovelos para fora.<\/p>\n<p>Mas ficar sentado e deitado o dia todo pode afetar seriamente sua postura e for\u00e7ar suas costas, pesco\u00e7o, ombros, quadris e olhos, segundo Brandon Brown, epidemiologista e professor associado do Centro para Comunidades Saud\u00e1veis da Universidade da Calif\u00f3rnia\u2013Riverside.<\/p>\n<p>Brown sugere que se levante da cadeira uma vez a cada hora, caminhe um pouco e se alongue por um momento. Segundo ele, voc\u00ea pode at\u00e9 se deitar no ch\u00e3o e \u201cdeixar suas costas se realinharem\u201d.<\/p>\n<p><em><strong>Seu sono sofre<\/strong><\/em><\/p>\n<p>De acordo com Duffield, obter luz solar suficiente pela manh\u00e3 ajuda a sincronizar o ritmo circadiano do seu corpo. Portanto, se voc\u00ea ficar trancado a semana toda ou trabalhando no escuro, seu sono tamb\u00e9m pode ser prejudicado.<\/p>\n<p>O epidemiologista Brown disse que, desde que voc\u00ea saia para caminhadas ou se exercite, mexa no jardim ou fa\u00e7a outras atividades que o tirem um pouco de casa, n\u00e3o precisar\u00e1 se preocupar em receber luz solar suficiente.<\/p>\n<p style=\"text-align: justify;\">Duffield lembra que, se voc\u00ea n\u00e3o puder sair de casa, uma luz artificial forte pode ajudar seu corpo a se reajustar pela manh\u00e3, assim como evitar luzes azuis (das telas) \u00e0 noite.<\/p>\n<p>Fonte CNN Sa\u00fade<\/p>\n","protected":false},"excerpt":{"rendered":"<p>Ficar em casa por tanto tempo contorce o corpo, enfraquece o cora\u00e7\u00e3o e os pulm\u00f5es e at\u00e9 prejudica o funcionamento do c\u00e9rebro &nbsp; Desde que a pandemia come\u00e7ou oficialmente em mar\u00e7o, fomos informados de que ficar em casa \u00e9 a melhor maneira de evitar a Covid-19. E \u00e9 verdade. Mas a vida em confinamento pode [&hellip;]<\/p>\n","protected":false},"author":2,"featured_media":22668,"comment_status":"open","ping_status":"open","sticky":false,"template":"","format":"standard","meta":{"footnotes":""},"categories":[124],"tags":[],"class_list":{"0":"post-22667","1":"post","2":"type-post","3":"status-publish","4":"format-standard","5":"has-post-thumbnail","7":"category-saude"},"yoast_head":"<!-- This site is optimized with the Yoast SEO Premium plugin v24.5 (Yoast SEO v27.5) - https:\/\/yoast.com\/product\/yoast-seo-premium-wordpress\/ -->\n<title>Veja o que acontece com o corpo ap\u00f3s meses em isolamento - P31<\/title>\n<meta name=\"robots\" content=\"index, follow, max-snippet:-1, max-image-preview:large, max-video-preview:-1\" \/>\n<link rel=\"canonical\" href=\"https:\/\/www.p31noticias.com.br\/?p=22667\" \/>\n<meta property=\"og:locale\" content=\"pt_BR\" \/>\n<meta property=\"og:type\" content=\"article\" \/>\n<meta property=\"og:title\" content=\"Veja o que acontece com o corpo ap\u00f3s meses em isolamento\" \/>\n<meta property=\"og:description\" content=\"Ficar em casa por tanto tempo contorce o corpo, enfraquece o cora\u00e7\u00e3o e os pulm\u00f5es e at\u00e9 prejudica o funcionamento do c\u00e9rebro &nbsp; Desde que a pandemia come\u00e7ou oficialmente em mar\u00e7o, fomos informados de que ficar em casa \u00e9 a melhor maneira de evitar a Covid-19. E \u00e9 verdade. Mas a vida em confinamento pode [&hellip;]\" \/>\n<meta property=\"og:url\" content=\"https:\/\/www.p31noticias.com.br\/?p=22667\" \/>\n<meta property=\"og:site_name\" content=\"P31\" \/>\n<meta property=\"article:published_time\" content=\"2020-09-29T02:18:43+00:00\" \/>\n<meta property=\"article:modified_time\" content=\"2020-09-29T02:20:07+00:00\" \/>\n<meta property=\"og:image\" content=\"https:\/\/www.p31noticias.com.br\/wp-content\/uploads\/2020\/09\/images-2.jpg\" \/>\n\t<meta property=\"og:image:width\" content=\"359\" \/>\n\t<meta property=\"og:image:height\" content=\"140\" \/>\n\t<meta property=\"og:image:type\" content=\"image\/jpeg\" \/>\n<meta name=\"author\" content=\"Gon\u00e7alves Junior\" \/>\n<meta name=\"twitter:card\" content=\"summary_large_image\" \/>\n<meta name=\"twitter:label1\" content=\"Escrito por\" \/>\n\t<meta name=\"twitter:data1\" content=\"Gon\u00e7alves Junior\" \/>\n\t<meta name=\"twitter:label2\" content=\"Est. tempo de leitura\" \/>\n\t<meta name=\"twitter:data2\" content=\"5 minutos\" \/>\n<script type=\"application\/ld+json\" class=\"yoast-schema-graph\">{\"@context\":\"https:\\\/\\\/schema.org\",\"@graph\":[{\"@type\":\"Article\",\"@id\":\"https:\\\/\\\/www.p31noticias.com.br\\\/?p=22667#article\",\"isPartOf\":{\"@id\":\"https:\\\/\\\/www.p31noticias.com.br\\\/?p=22667\"},\"author\":{\"name\":\"Gon\u00e7alves Junior\",\"@id\":\"https:\\\/\\\/www.p31noticias.com.br\\\/#\\\/schema\\\/person\\\/95f2ece30e3b4132065b915150cd0f94\"},\"headline\":\"Veja o que acontece com o corpo ap\u00f3s meses em isolamento\",\"datePublished\":\"2020-09-29T02:18:43+00:00\",\"dateModified\":\"2020-09-29T02:20:07+00:00\",\"mainEntityOfPage\":{\"@id\":\"https:\\\/\\\/www.p31noticias.com.br\\\/?p=22667\"},\"wordCount\":947,\"commentCount\":0,\"image\":{\"@id\":\"https:\\\/\\\/www.p31noticias.com.br\\\/?p=22667#primaryimage\"},\"thumbnailUrl\":\"https:\\\/\\\/www.p31noticias.com.br\\\/wp-content\\\/uploads\\\/2020\\\/09\\\/images-2.jpg\",\"articleSection\":[\"Sa\u00fade\"],\"inLanguage\":\"pt-BR\",\"potentialAction\":[{\"@type\":\"CommentAction\",\"name\":\"Comment\",\"target\":[\"https:\\\/\\\/www.p31noticias.com.br\\\/?p=22667#respond\"]}],\"copyrightYear\":\"2020\",\"copyrightHolder\":{\"@id\":\"https:\\\/\\\/www.p31noticias.com.br\\\/#organization\"}},{\"@type\":\"WebPage\",\"@id\":\"https:\\\/\\\/www.p31noticias.com.br\\\/?p=22667\",\"url\":\"https:\\\/\\\/www.p31noticias.com.br\\\/?p=22667\",\"name\":\"Veja o que acontece com o corpo ap\u00f3s meses em isolamento - P31\",\"isPartOf\":{\"@id\":\"https:\\\/\\\/www.p31noticias.com.br\\\/#website\"},\"primaryImageOfPage\":{\"@id\":\"https:\\\/\\\/www.p31noticias.com.br\\\/?p=22667#primaryimage\"},\"image\":{\"@id\":\"https:\\\/\\\/www.p31noticias.com.br\\\/?p=22667#primaryimage\"},\"thumbnailUrl\":\"https:\\\/\\\/www.p31noticias.com.br\\\/wp-content\\\/uploads\\\/2020\\\/09\\\/images-2.jpg\",\"datePublished\":\"2020-09-29T02:18:43+00:00\",\"dateModified\":\"2020-09-29T02:20:07+00:00\",\"author\":{\"@id\":\"https:\\\/\\\/www.p31noticias.com.br\\\/#\\\/schema\\\/person\\\/95f2ece30e3b4132065b915150cd0f94\"},\"breadcrumb\":{\"@id\":\"https:\\\/\\\/www.p31noticias.com.br\\\/?p=22667#breadcrumb\"},\"inLanguage\":\"pt-BR\",\"potentialAction\":[{\"@type\":\"ReadAction\",\"target\":[\"https:\\\/\\\/www.p31noticias.com.br\\\/?p=22667\"]}]},{\"@type\":\"ImageObject\",\"inLanguage\":\"pt-BR\",\"@id\":\"https:\\\/\\\/www.p31noticias.com.br\\\/?p=22667#primaryimage\",\"url\":\"https:\\\/\\\/www.p31noticias.com.br\\\/wp-content\\\/uploads\\\/2020\\\/09\\\/images-2.jpg\",\"contentUrl\":\"https:\\\/\\\/www.p31noticias.com.br\\\/wp-content\\\/uploads\\\/2020\\\/09\\\/images-2.jpg\",\"width\":359,\"height\":140},{\"@type\":\"BreadcrumbList\",\"@id\":\"https:\\\/\\\/www.p31noticias.com.br\\\/?p=22667#breadcrumb\",\"itemListElement\":[{\"@type\":\"ListItem\",\"position\":1,\"name\":\"In\u00edcio\",\"item\":\"https:\\\/\\\/www.p31noticias.com.br\\\/\"},{\"@type\":\"ListItem\",\"position\":2,\"name\":\"Veja o que acontece com o corpo ap\u00f3s meses em isolamento\"}]},{\"@type\":\"WebSite\",\"@id\":\"https:\\\/\\\/www.p31noticias.com.br\\\/#website\",\"url\":\"https:\\\/\\\/www.p31noticias.com.br\\\/\",\"name\":\"P31\",\"description\":\"NOT\u00cdCIAS\",\"potentialAction\":[{\"@type\":\"SearchAction\",\"target\":{\"@type\":\"EntryPoint\",\"urlTemplate\":\"https:\\\/\\\/www.p31noticias.com.br\\\/?s={search_term_string}\"},\"query-input\":{\"@type\":\"PropertyValueSpecification\",\"valueRequired\":true,\"valueName\":\"search_term_string\"}}],\"inLanguage\":\"pt-BR\"},{\"@type\":\"Person\",\"@id\":\"https:\\\/\\\/www.p31noticias.com.br\\\/#\\\/schema\\\/person\\\/95f2ece30e3b4132065b915150cd0f94\",\"name\":\"Gon\u00e7alves Junior\",\"image\":{\"@type\":\"ImageObject\",\"inLanguage\":\"pt-BR\",\"@id\":\"https:\\\/\\\/secure.gravatar.com\\\/avatar\\\/6711f350116a89762687a48d66f723c799e5438a5b7578508d4294cd7a5d0800?s=96&d=mm&r=g\",\"url\":\"https:\\\/\\\/secure.gravatar.com\\\/avatar\\\/6711f350116a89762687a48d66f723c799e5438a5b7578508d4294cd7a5d0800?s=96&d=mm&r=g\",\"contentUrl\":\"https:\\\/\\\/secure.gravatar.com\\\/avatar\\\/6711f350116a89762687a48d66f723c799e5438a5b7578508d4294cd7a5d0800?s=96&d=mm&r=g\",\"caption\":\"Gon\u00e7alves Junior\"},\"url\":\"https:\\\/\\\/www.p31noticias.com.br\\\/?author=2\"}]}<\/script>\n<!-- \/ Yoast SEO Premium plugin. -->","yoast_head_json":{"title":"Veja o que acontece com o corpo ap\u00f3s meses em isolamento - P31","robots":{"index":"index","follow":"follow","max-snippet":"max-snippet:-1","max-image-preview":"max-image-preview:large","max-video-preview":"max-video-preview:-1"},"canonical":"https:\/\/www.p31noticias.com.br\/?p=22667","og_locale":"pt_BR","og_type":"article","og_title":"Veja o que acontece com o corpo ap\u00f3s meses em isolamento","og_description":"Ficar em casa por tanto tempo contorce o corpo, enfraquece o cora\u00e7\u00e3o e os pulm\u00f5es e at\u00e9 prejudica o funcionamento do c\u00e9rebro &nbsp; Desde que a pandemia come\u00e7ou oficialmente em mar\u00e7o, fomos informados de que ficar em casa \u00e9 a melhor maneira de evitar a Covid-19. E \u00e9 verdade. Mas a vida em confinamento pode [&hellip;]","og_url":"https:\/\/www.p31noticias.com.br\/?p=22667","og_site_name":"P31","article_published_time":"2020-09-29T02:18:43+00:00","article_modified_time":"2020-09-29T02:20:07+00:00","og_image":[{"width":359,"height":140,"url":"https:\/\/www.p31noticias.com.br\/wp-content\/uploads\/2020\/09\/images-2.jpg","type":"image\/jpeg"}],"author":"Gon\u00e7alves Junior","twitter_card":"summary_large_image","twitter_misc":{"Escrito por":"Gon\u00e7alves Junior","Est. tempo de leitura":"5 minutos"},"schema":{"@context":"https:\/\/schema.org","@graph":[{"@type":"Article","@id":"https:\/\/www.p31noticias.com.br\/?p=22667#article","isPartOf":{"@id":"https:\/\/www.p31noticias.com.br\/?p=22667"},"author":{"name":"Gon\u00e7alves Junior","@id":"https:\/\/www.p31noticias.com.br\/#\/schema\/person\/95f2ece30e3b4132065b915150cd0f94"},"headline":"Veja o que acontece com o corpo ap\u00f3s meses em isolamento","datePublished":"2020-09-29T02:18:43+00:00","dateModified":"2020-09-29T02:20:07+00:00","mainEntityOfPage":{"@id":"https:\/\/www.p31noticias.com.br\/?p=22667"},"wordCount":947,"commentCount":0,"image":{"@id":"https:\/\/www.p31noticias.com.br\/?p=22667#primaryimage"},"thumbnailUrl":"https:\/\/www.p31noticias.com.br\/wp-content\/uploads\/2020\/09\/images-2.jpg","articleSection":["Sa\u00fade"],"inLanguage":"pt-BR","potentialAction":[{"@type":"CommentAction","name":"Comment","target":["https:\/\/www.p31noticias.com.br\/?p=22667#respond"]}],"copyrightYear":"2020","copyrightHolder":{"@id":"https:\/\/www.p31noticias.com.br\/#organization"}},{"@type":"WebPage","@id":"https:\/\/www.p31noticias.com.br\/?p=22667","url":"https:\/\/www.p31noticias.com.br\/?p=22667","name":"Veja o que acontece com o corpo ap\u00f3s meses em isolamento - P31","isPartOf":{"@id":"https:\/\/www.p31noticias.com.br\/#website"},"primaryImageOfPage":{"@id":"https:\/\/www.p31noticias.com.br\/?p=22667#primaryimage"},"image":{"@id":"https:\/\/www.p31noticias.com.br\/?p=22667#primaryimage"},"thumbnailUrl":"https:\/\/www.p31noticias.com.br\/wp-content\/uploads\/2020\/09\/images-2.jpg","datePublished":"2020-09-29T02:18:43+00:00","dateModified":"2020-09-29T02:20:07+00:00","author":{"@id":"https:\/\/www.p31noticias.com.br\/#\/schema\/person\/95f2ece30e3b4132065b915150cd0f94"},"breadcrumb":{"@id":"https:\/\/www.p31noticias.com.br\/?p=22667#breadcrumb"},"inLanguage":"pt-BR","potentialAction":[{"@type":"ReadAction","target":["https:\/\/www.p31noticias.com.br\/?p=22667"]}]},{"@type":"ImageObject","inLanguage":"pt-BR","@id":"https:\/\/www.p31noticias.com.br\/?p=22667#primaryimage","url":"https:\/\/www.p31noticias.com.br\/wp-content\/uploads\/2020\/09\/images-2.jpg","contentUrl":"https:\/\/www.p31noticias.com.br\/wp-content\/uploads\/2020\/09\/images-2.jpg","width":359,"height":140},{"@type":"BreadcrumbList","@id":"https:\/\/www.p31noticias.com.br\/?p=22667#breadcrumb","itemListElement":[{"@type":"ListItem","position":1,"name":"In\u00edcio","item":"https:\/\/www.p31noticias.com.br\/"},{"@type":"ListItem","position":2,"name":"Veja o que acontece com o corpo ap\u00f3s meses em isolamento"}]},{"@type":"WebSite","@id":"https:\/\/www.p31noticias.com.br\/#website","url":"https:\/\/www.p31noticias.com.br\/","name":"P31","description":"NOT\u00cdCIAS","potentialAction":[{"@type":"SearchAction","target":{"@type":"EntryPoint","urlTemplate":"https:\/\/www.p31noticias.com.br\/?s={search_term_string}"},"query-input":{"@type":"PropertyValueSpecification","valueRequired":true,"valueName":"search_term_string"}}],"inLanguage":"pt-BR"},{"@type":"Person","@id":"https:\/\/www.p31noticias.com.br\/#\/schema\/person\/95f2ece30e3b4132065b915150cd0f94","name":"Gon\u00e7alves Junior","image":{"@type":"ImageObject","inLanguage":"pt-BR","@id":"https:\/\/secure.gravatar.com\/avatar\/6711f350116a89762687a48d66f723c799e5438a5b7578508d4294cd7a5d0800?s=96&d=mm&r=g","url":"https:\/\/secure.gravatar.com\/avatar\/6711f350116a89762687a48d66f723c799e5438a5b7578508d4294cd7a5d0800?s=96&d=mm&r=g","contentUrl":"https:\/\/secure.gravatar.com\/avatar\/6711f350116a89762687a48d66f723c799e5438a5b7578508d4294cd7a5d0800?s=96&d=mm&r=g","caption":"Gon\u00e7alves Junior"},"url":"https:\/\/www.p31noticias.com.br\/?author=2"}]}},"amp_enabled":true,"_links":{"self":[{"href":"https:\/\/www.p31noticias.com.br\/index.php?rest_route=\/wp\/v2\/posts\/22667","targetHints":{"allow":["GET"]}}],"collection":[{"href":"https:\/\/www.p31noticias.com.br\/index.php?rest_route=\/wp\/v2\/posts"}],"about":[{"href":"https:\/\/www.p31noticias.com.br\/index.php?rest_route=\/wp\/v2\/types\/post"}],"author":[{"embeddable":true,"href":"https:\/\/www.p31noticias.com.br\/index.php?rest_route=\/wp\/v2\/users\/2"}],"replies":[{"embeddable":true,"href":"https:\/\/www.p31noticias.com.br\/index.php?rest_route=%2Fwp%2Fv2%2Fcomments&post=22667"}],"version-history":[{"count":1,"href":"https:\/\/www.p31noticias.com.br\/index.php?rest_route=\/wp\/v2\/posts\/22667\/revisions"}],"predecessor-version":[{"id":22669,"href":"https:\/\/www.p31noticias.com.br\/index.php?rest_route=\/wp\/v2\/posts\/22667\/revisions\/22669"}],"wp:featuredmedia":[{"embeddable":true,"href":"https:\/\/www.p31noticias.com.br\/index.php?rest_route=\/wp\/v2\/media\/22668"}],"wp:attachment":[{"href":"https:\/\/www.p31noticias.com.br\/index.php?rest_route=%2Fwp%2Fv2%2Fmedia&parent=22667"}],"wp:term":[{"taxonomy":"category","embeddable":true,"href":"https:\/\/www.p31noticias.com.br\/index.php?rest_route=%2Fwp%2Fv2%2Fcategories&post=22667"},{"taxonomy":"post_tag","embeddable":true,"href":"https:\/\/www.p31noticias.com.br\/index.php?rest_route=%2Fwp%2Fv2%2Ftags&post=22667"}],"curies":[{"name":"wp","href":"https:\/\/api.w.org\/{rel}","templated":true}]}}