{"id":22661,"date":"2020-09-21T12:07:10","date_gmt":"2020-09-21T12:07:10","guid":{"rendered":"https:\/\/p31noticias.com.br\/?p=22661"},"modified":"2020-09-21T12:07:10","modified_gmt":"2020-09-21T12:07:10","slug":"vem-ai-a-universidade-do-distrito-federal","status":"publish","type":"post","link":"https:\/\/www.p31noticias.com.br\/?p=22661","title":{"rendered":"Vem a\u00ed a Universidade do Distrito Federal"},"content":{"rendered":"<p><em><strong>Proposta prev\u00ea a cria\u00e7\u00e3o de diversos cursos\u00a0 relacionados a dez \u00e1reas espec\u00edficas.<\/strong><\/em><\/p>\n<p style=\"text-align: justify;\"><em><strong>Aten\u00e7\u00e3o, estudantes!<\/strong><\/em> O Distrito Federal pode ter sua pr\u00f3pria universidade. Est\u00e3o nos planos do governo local criar a Universidade do DF (UnDF), ampliando a oferta e a qualidade do ensino superior p\u00fablico na capital.<\/p>\n<p style=\"text-align: justify;\">Em mar\u00e7o deste ano, o governador Ibaneis Rocha encaminhou \u00e0 C\u00e2mara Legislativa o Projeto de Lei Complementar n\u00ba 34\/2020, que autoriza a cria\u00e7\u00e3o da institui\u00e7\u00e3o. O tema est\u00e1 em debate entre os deputados distritais, mas assim que aprovado, consolidar\u00e1 o sonho de muitos jovens de ter mais uma alternativa de forma\u00e7\u00e3o.<\/p>\n<p style=\"text-align: justify;\">Entre os cursos de gradua\u00e7\u00e3o que poder\u00e3o ser oferecidos, h\u00e1 novidades voltadas \u00e0 capacita\u00e7\u00e3o tecnol\u00f3gica exigida pelo setor produtivo; al\u00e9m de um refor\u00e7o de atua\u00e7\u00e3o em temas voltados \u00e0 seguran\u00e7a p\u00fablica, cidadania e preserva\u00e7\u00e3o do meio ambiente.<\/p>\n<p style=\"text-align: justify;\">Em todo o DF, existem 66 institui\u00e7\u00f5es de educa\u00e7\u00e3o superior, das quais 62 s\u00e3o privadas e concentram 82% das matr\u00edculas de gradua\u00e7\u00e3o. O cen\u00e1rio apresenta ainda uma grande lacuna de acesso \u00e0 educa\u00e7\u00e3o superior para popula\u00e7\u00e3o mais carente.<\/p>\n<p style=\"text-align: justify;\">Segundo dados da \u00faltima Pesquisa Distrital por Amostra de Domic\u00edlios (Pdad), elaborada pela Companhia de Planejamento do Distrito Federal (Codeplan), enquanto 76% da popula\u00e7\u00e3o de alta renda familiar det\u00e9m ensino superior completo, menos de 10% da popula\u00e7\u00e3o de baixa renda possui o mesmo n\u00edvel de educa\u00e7\u00e3o formal.<\/p>\n<p style=\"text-align: justify;\">Nesse sentido, o projeto do Executivo local seguir\u00e1 o entendimento da pol\u00edtica de ampliar as oportunidades para os alunos da rede p\u00fablica. O ingresso na universidade distrital ser\u00e1 nos moldes da Escola Superior de Ci\u00eancias da Sa\u00fade (ESCS) e a Escola Superior de Gest\u00e3o (ESG), j\u00e1 que ambas ser\u00e3o integradas ao campus.<\/p>\n<p style=\"text-align: justify;\">Ou seja, 40% das vagas da nova universidade ser\u00e3o destinadas a alunos que conclu\u00edram a educa\u00e7\u00e3o b\u00e1sica integralmente na rede p\u00fablica. A cota racial, prevista na Lei Distrital n\u00ba 3788\/2006, tamb\u00e9m ser\u00e1 atendida.<\/p>\n<p style=\"text-align: justify;\"><strong>\u00c1reas de gradua\u00e7\u00e3o<\/strong><\/p>\n<p style=\"text-align: justify;\">Outro dado do Pdad, mostra os rumos que o governo local seguiu para propor as \u00e1reas de gradua\u00e7\u00e3o da UnDF. Dados mostram que 75% da popula\u00e7\u00e3o do DF exerce seu trabalho no setor de servi\u00e7os, sendo este um dos setores mais suscet\u00edveis a passar por processos de automa\u00e7\u00e3o e robotiza\u00e7\u00e3o nos pr\u00f3ximos anos.<\/p>\n<p style=\"text-align: justify;\">\u201cUrge a demanda de modernizar os cursos superiores e qualificar a m\u00e3o de obra para que ela se adapte e caminhe lado a lado em meio \u00e0 evolu\u00e7\u00e3o tecnol\u00f3gica\u201d, afirma o governador Ibaneis Rocha. Entusiasta da primeira universidade distrital, o chefe do executivo acredita que o novo campus vai al\u00e9m de ajudar a ampliar a oferta de ensino superior. \u201c\u00c9 um cuidado com nossos jovens, com a qualifica\u00e7\u00e3o de m\u00e3o de obra e com o desenvolvimento do Distrito Federal\u201d, sentencia.<\/p>\n<p style=\"text-align: justify;\">Conforme o projeto de lei, a nova universidade foi desenhada para atuar nos seguintes campos: Ci\u00eancias Humanas, Cidadania e Meio Ambiente; Gest\u00e3o Governamental de Pol\u00edticas P\u00fablicas e de Servi\u00e7os; Educa\u00e7\u00e3o e Magist\u00e9rio; Letras, Artes e L\u00ednguas Estrangeiras Modernas; Ci\u00eancia da Natureza e Matem\u00e1tica; Educa\u00e7\u00e3o F\u00edsica e Esportes; Seguran\u00e7a P\u00fablica e Defesa Social; Engenharia e \u00c1reas Tecnol\u00f3gicas de Setores Produtivos; Arquitetura e Urbanismo; Ci\u00eancia da Sa\u00fade.<\/p>\n<p style=\"text-align: justify;\"><strong>Gest\u00e3o<\/strong><\/p>\n<p style=\"text-align: justify;\">Apesar de o n\u00famero de novas vagas ainda n\u00e3o estar definido. O modelo de gest\u00e3o proposto para a UnDF \u00e9 de independ\u00eancia. A unidade de ensino superior ser\u00e1 aut\u00f4noma para firmar acordos e conv\u00eanios com o sistema federal, aderindo inclusive \u00e0s pol\u00edticas federais de incentivo.<\/p>\n<p style=\"text-align: justify;\">Haver\u00e1 tamb\u00e9m liberdade para que a universidade busque apoio internacional, de acordo com a conveni\u00eancia e oportunidade. \u201cEssa universidade converge com toda pol\u00edtica de inova\u00e7\u00e3o que o GDF tem apresentado dentro do seu plano de governo. Hoje, temos plenas condi\u00e7\u00f5es para iniciar a pr\u00f3xima d\u00e9cada implantando uma universidade\u201d, aponta Simone Pereira Costa Benck, diretora-executiva da Funda\u00e7\u00e3o Universidade Aberta do Distrito Federal, institui\u00e7\u00e3o mantenedora do ensino superior no DF.<\/p>\n<p style=\"text-align: justify;\">Atualmente, o Projeto de Lei Complementar n\u00ba 34\/2020, que trata da cria\u00e7\u00e3o da UnDF, \u00a0tramita na Comiss\u00e3o de Educa\u00e7\u00e3o, Sa\u00fade e Cultura (CESC) da C\u00e2mara Legislativa e tem avan\u00e7ado na discuss\u00e3o entre os parlamentares.<\/p>\n<p style=\"text-align: justify;\">O\u00a0<em>checklist<\/em>\u00a0necess\u00e1rio para a cria\u00e7\u00e3o da UnDF tem sido finalmente cumprido ponto a ponto e caminha para resolver um assunto antigo, que vinha se arrastando desde 1992 quando houve a primeira refer\u00eancia, em lei, \u00e0 cria\u00e7\u00e3o da universidade distrital.<\/p>\n<p style=\"text-align: justify;\">Caso seja aprovada ainda em 2020, a estimativa or\u00e7ament\u00e1ria para a viabiliza\u00e7\u00e3o da UnDF \u00e9 de R$ 1.519.083,49. Em 2021, o valor \u00e9 de R$ 4.557.250,53.<\/p>\n<p style=\"text-align: justify;\">Ainda nos recursos financeiros, a UnDF se torna vi\u00e1vel em muitos caminhos: com a Lei Or\u00e7ament\u00e1ria Anual (LOA); com doa\u00e7\u00f5es e financiamentos de \u00f3rg\u00e3os e institui\u00e7\u00f5es p\u00fablica e privada; com acordos de coopera\u00e7\u00e3o e emendas parlamentares; e tamb\u00e9m com aplica\u00e7\u00f5es de bens patrimoniais e opera\u00e7\u00f5es de cr\u00e9dito.<\/p>\n<p style=\"text-align: justify;\">Ela tem tamb\u00e9m o caminho para constituir seu pr\u00f3prio patrim\u00f4nio, com terrenos e instala\u00e7\u00f5es, que poder\u00e3o ser doados ou destinados \u00e0 institui\u00e7\u00e3o de ensino.<\/p>\n<p style=\"text-align: justify;\"><i>Agencia Brasilia<\/i><\/p>\n","protected":false},"excerpt":{"rendered":"<p>Proposta prev\u00ea a cria\u00e7\u00e3o de diversos cursos\u00a0 relacionados a dez \u00e1reas espec\u00edficas. Aten\u00e7\u00e3o, estudantes! O Distrito Federal pode ter sua pr\u00f3pria universidade. Est\u00e3o nos planos do governo local criar a Universidade do DF (UnDF), ampliando a oferta e a qualidade do ensino superior p\u00fablico na capital. Em mar\u00e7o deste ano, o governador Ibaneis Rocha encaminhou [&hellip;]<\/p>\n","protected":false},"author":2,"featured_media":22662,"comment_status":"open","ping_status":"open","sticky":false,"template":"","format":"standard","meta":{"footnotes":""},"categories":[1],"tags":[],"class_list":{"0":"post-22661","1":"post","2":"type-post","3":"status-publish","4":"format-standard","5":"has-post-thumbnail","7":"category-outros"},"yoast_head":"<!-- This site is optimized with the Yoast SEO Premium plugin v24.5 (Yoast SEO v27.5) - https:\/\/yoast.com\/product\/yoast-seo-premium-wordpress\/ -->\n<title>Vem a\u00ed a Universidade do Distrito Federal - P31<\/title>\n<meta name=\"robots\" content=\"index, follow, max-snippet:-1, max-image-preview:large, max-video-preview:-1\" \/>\n<link rel=\"canonical\" href=\"https:\/\/www.p31noticias.com.br\/?p=22661\" \/>\n<meta property=\"og:locale\" content=\"pt_BR\" \/>\n<meta property=\"og:type\" content=\"article\" \/>\n<meta property=\"og:title\" content=\"Vem a\u00ed a Universidade do Distrito Federal\" \/>\n<meta property=\"og:description\" content=\"Proposta prev\u00ea a cria\u00e7\u00e3o de diversos cursos\u00a0 relacionados a dez \u00e1reas espec\u00edficas. Aten\u00e7\u00e3o, estudantes! O Distrito Federal pode ter sua pr\u00f3pria universidade. Est\u00e3o nos planos do governo local criar a Universidade do DF (UnDF), ampliando a oferta e a qualidade do ensino superior p\u00fablico na capital. Em mar\u00e7o deste ano, o governador Ibaneis Rocha encaminhou [&hellip;]\" \/>\n<meta property=\"og:url\" content=\"https:\/\/www.p31noticias.com.br\/?p=22661\" \/>\n<meta property=\"og:site_name\" content=\"P31\" \/>\n<meta property=\"article:published_time\" content=\"2020-09-21T12:07:10+00:00\" \/>\n<meta property=\"og:image\" content=\"https:\/\/www.p31noticias.com.br\/wp-content\/uploads\/2020\/09\/28.2.-Avalia\u00e7\u00e3o-de-conhecimentos.-Foto-de-Lucio-Bernardo-Jr-1200x797-1.jpg\" \/>\n\t<meta property=\"og:image:width\" content=\"1200\" \/>\n\t<meta property=\"og:image:height\" content=\"797\" \/>\n\t<meta property=\"og:image:type\" content=\"image\/jpeg\" \/>\n<meta name=\"author\" content=\"Gon\u00e7alves Junior\" \/>\n<meta name=\"twitter:card\" content=\"summary_large_image\" \/>\n<meta name=\"twitter:label1\" content=\"Escrito por\" \/>\n\t<meta name=\"twitter:data1\" content=\"Gon\u00e7alves Junior\" \/>\n\t<meta name=\"twitter:label2\" content=\"Est. tempo de leitura\" \/>\n\t<meta name=\"twitter:data2\" content=\"4 minutos\" \/>\n<script type=\"application\/ld+json\" class=\"yoast-schema-graph\">{\"@context\":\"https:\\\/\\\/schema.org\",\"@graph\":[{\"@type\":\"Article\",\"@id\":\"https:\\\/\\\/www.p31noticias.com.br\\\/?p=22661#article\",\"isPartOf\":{\"@id\":\"https:\\\/\\\/www.p31noticias.com.br\\\/?p=22661\"},\"author\":{\"name\":\"Gon\u00e7alves Junior\",\"@id\":\"https:\\\/\\\/www.p31noticias.com.br\\\/#\\\/schema\\\/person\\\/95f2ece30e3b4132065b915150cd0f94\"},\"headline\":\"Vem a\u00ed a Universidade do Distrito Federal\",\"datePublished\":\"2020-09-21T12:07:10+00:00\",\"mainEntityOfPage\":{\"@id\":\"https:\\\/\\\/www.p31noticias.com.br\\\/?p=22661\"},\"wordCount\":900,\"commentCount\":0,\"image\":{\"@id\":\"https:\\\/\\\/www.p31noticias.com.br\\\/?p=22661#primaryimage\"},\"thumbnailUrl\":\"https:\\\/\\\/www.p31noticias.com.br\\\/wp-content\\\/uploads\\\/2020\\\/09\\\/28.2.-Avalia\u00e7\u00e3o-de-conhecimentos.-Foto-de-Lucio-Bernardo-Jr-1200x797-1.jpg\",\"articleSection\":[\"Outros\"],\"inLanguage\":\"pt-BR\",\"potentialAction\":[{\"@type\":\"CommentAction\",\"name\":\"Comment\",\"target\":[\"https:\\\/\\\/www.p31noticias.com.br\\\/?p=22661#respond\"]}],\"copyrightYear\":\"2020\",\"copyrightHolder\":{\"@id\":\"https:\\\/\\\/www.p31noticias.com.br\\\/#organization\"}},{\"@type\":\"WebPage\",\"@id\":\"https:\\\/\\\/www.p31noticias.com.br\\\/?p=22661\",\"url\":\"https:\\\/\\\/www.p31noticias.com.br\\\/?p=22661\",\"name\":\"Vem a\u00ed a Universidade do Distrito Federal - P31\",\"isPartOf\":{\"@id\":\"https:\\\/\\\/www.p31noticias.com.br\\\/#website\"},\"primaryImageOfPage\":{\"@id\":\"https:\\\/\\\/www.p31noticias.com.br\\\/?p=22661#primaryimage\"},\"image\":{\"@id\":\"https:\\\/\\\/www.p31noticias.com.br\\\/?p=22661#primaryimage\"},\"thumbnailUrl\":\"https:\\\/\\\/www.p31noticias.com.br\\\/wp-content\\\/uploads\\\/2020\\\/09\\\/28.2.-Avalia\u00e7\u00e3o-de-conhecimentos.-Foto-de-Lucio-Bernardo-Jr-1200x797-1.jpg\",\"datePublished\":\"2020-09-21T12:07:10+00:00\",\"author\":{\"@id\":\"https:\\\/\\\/www.p31noticias.com.br\\\/#\\\/schema\\\/person\\\/95f2ece30e3b4132065b915150cd0f94\"},\"breadcrumb\":{\"@id\":\"https:\\\/\\\/www.p31noticias.com.br\\\/?p=22661#breadcrumb\"},\"inLanguage\":\"pt-BR\",\"potentialAction\":[{\"@type\":\"ReadAction\",\"target\":[\"https:\\\/\\\/www.p31noticias.com.br\\\/?p=22661\"]}]},{\"@type\":\"ImageObject\",\"inLanguage\":\"pt-BR\",\"@id\":\"https:\\\/\\\/www.p31noticias.com.br\\\/?p=22661#primaryimage\",\"url\":\"https:\\\/\\\/www.p31noticias.com.br\\\/wp-content\\\/uploads\\\/2020\\\/09\\\/28.2.-Avalia\u00e7\u00e3o-de-conhecimentos.-Foto-de-Lucio-Bernardo-Jr-1200x797-1.jpg\",\"contentUrl\":\"https:\\\/\\\/www.p31noticias.com.br\\\/wp-content\\\/uploads\\\/2020\\\/09\\\/28.2.-Avalia\u00e7\u00e3o-de-conhecimentos.-Foto-de-Lucio-Bernardo-Jr-1200x797-1.jpg\",\"width\":1200,\"height\":797},{\"@type\":\"BreadcrumbList\",\"@id\":\"https:\\\/\\\/www.p31noticias.com.br\\\/?p=22661#breadcrumb\",\"itemListElement\":[{\"@type\":\"ListItem\",\"position\":1,\"name\":\"In\u00edcio\",\"item\":\"https:\\\/\\\/www.p31noticias.com.br\\\/\"},{\"@type\":\"ListItem\",\"position\":2,\"name\":\"Vem a\u00ed a Universidade do Distrito Federal\"}]},{\"@type\":\"WebSite\",\"@id\":\"https:\\\/\\\/www.p31noticias.com.br\\\/#website\",\"url\":\"https:\\\/\\\/www.p31noticias.com.br\\\/\",\"name\":\"P31\",\"description\":\"NOT\u00cdCIAS\",\"potentialAction\":[{\"@type\":\"SearchAction\",\"target\":{\"@type\":\"EntryPoint\",\"urlTemplate\":\"https:\\\/\\\/www.p31noticias.com.br\\\/?s={search_term_string}\"},\"query-input\":{\"@type\":\"PropertyValueSpecification\",\"valueRequired\":true,\"valueName\":\"search_term_string\"}}],\"inLanguage\":\"pt-BR\"},{\"@type\":\"Person\",\"@id\":\"https:\\\/\\\/www.p31noticias.com.br\\\/#\\\/schema\\\/person\\\/95f2ece30e3b4132065b915150cd0f94\",\"name\":\"Gon\u00e7alves Junior\",\"image\":{\"@type\":\"ImageObject\",\"inLanguage\":\"pt-BR\",\"@id\":\"https:\\\/\\\/secure.gravatar.com\\\/avatar\\\/6711f350116a89762687a48d66f723c799e5438a5b7578508d4294cd7a5d0800?s=96&d=mm&r=g\",\"url\":\"https:\\\/\\\/secure.gravatar.com\\\/avatar\\\/6711f350116a89762687a48d66f723c799e5438a5b7578508d4294cd7a5d0800?s=96&d=mm&r=g\",\"contentUrl\":\"https:\\\/\\\/secure.gravatar.com\\\/avatar\\\/6711f350116a89762687a48d66f723c799e5438a5b7578508d4294cd7a5d0800?s=96&d=mm&r=g\",\"caption\":\"Gon\u00e7alves Junior\"},\"url\":\"https:\\\/\\\/www.p31noticias.com.br\\\/?author=2\"}]}<\/script>\n<!-- \/ Yoast SEO Premium plugin. -->","yoast_head_json":{"title":"Vem a\u00ed a Universidade do Distrito Federal - P31","robots":{"index":"index","follow":"follow","max-snippet":"max-snippet:-1","max-image-preview":"max-image-preview:large","max-video-preview":"max-video-preview:-1"},"canonical":"https:\/\/www.p31noticias.com.br\/?p=22661","og_locale":"pt_BR","og_type":"article","og_title":"Vem a\u00ed a Universidade do Distrito Federal","og_description":"Proposta prev\u00ea a cria\u00e7\u00e3o de diversos cursos\u00a0 relacionados a dez \u00e1reas espec\u00edficas. Aten\u00e7\u00e3o, estudantes! O Distrito Federal pode ter sua pr\u00f3pria universidade. Est\u00e3o nos planos do governo local criar a Universidade do DF (UnDF), ampliando a oferta e a qualidade do ensino superior p\u00fablico na capital. Em mar\u00e7o deste ano, o governador Ibaneis Rocha encaminhou [&hellip;]","og_url":"https:\/\/www.p31noticias.com.br\/?p=22661","og_site_name":"P31","article_published_time":"2020-09-21T12:07:10+00:00","og_image":[{"width":1200,"height":797,"url":"https:\/\/www.p31noticias.com.br\/wp-content\/uploads\/2020\/09\/28.2.-Avalia\u00e7\u00e3o-de-conhecimentos.-Foto-de-Lucio-Bernardo-Jr-1200x797-1.jpg","type":"image\/jpeg"}],"author":"Gon\u00e7alves Junior","twitter_card":"summary_large_image","twitter_misc":{"Escrito por":"Gon\u00e7alves Junior","Est. tempo de leitura":"4 minutos"},"schema":{"@context":"https:\/\/schema.org","@graph":[{"@type":"Article","@id":"https:\/\/www.p31noticias.com.br\/?p=22661#article","isPartOf":{"@id":"https:\/\/www.p31noticias.com.br\/?p=22661"},"author":{"name":"Gon\u00e7alves Junior","@id":"https:\/\/www.p31noticias.com.br\/#\/schema\/person\/95f2ece30e3b4132065b915150cd0f94"},"headline":"Vem a\u00ed a Universidade do Distrito Federal","datePublished":"2020-09-21T12:07:10+00:00","mainEntityOfPage":{"@id":"https:\/\/www.p31noticias.com.br\/?p=22661"},"wordCount":900,"commentCount":0,"image":{"@id":"https:\/\/www.p31noticias.com.br\/?p=22661#primaryimage"},"thumbnailUrl":"https:\/\/www.p31noticias.com.br\/wp-content\/uploads\/2020\/09\/28.2.-Avalia\u00e7\u00e3o-de-conhecimentos.-Foto-de-Lucio-Bernardo-Jr-1200x797-1.jpg","articleSection":["Outros"],"inLanguage":"pt-BR","potentialAction":[{"@type":"CommentAction","name":"Comment","target":["https:\/\/www.p31noticias.com.br\/?p=22661#respond"]}],"copyrightYear":"2020","copyrightHolder":{"@id":"https:\/\/www.p31noticias.com.br\/#organization"}},{"@type":"WebPage","@id":"https:\/\/www.p31noticias.com.br\/?p=22661","url":"https:\/\/www.p31noticias.com.br\/?p=22661","name":"Vem a\u00ed a Universidade do Distrito Federal - P31","isPartOf":{"@id":"https:\/\/www.p31noticias.com.br\/#website"},"primaryImageOfPage":{"@id":"https:\/\/www.p31noticias.com.br\/?p=22661#primaryimage"},"image":{"@id":"https:\/\/www.p31noticias.com.br\/?p=22661#primaryimage"},"thumbnailUrl":"https:\/\/www.p31noticias.com.br\/wp-content\/uploads\/2020\/09\/28.2.-Avalia\u00e7\u00e3o-de-conhecimentos.-Foto-de-Lucio-Bernardo-Jr-1200x797-1.jpg","datePublished":"2020-09-21T12:07:10+00:00","author":{"@id":"https:\/\/www.p31noticias.com.br\/#\/schema\/person\/95f2ece30e3b4132065b915150cd0f94"},"breadcrumb":{"@id":"https:\/\/www.p31noticias.com.br\/?p=22661#breadcrumb"},"inLanguage":"pt-BR","potentialAction":[{"@type":"ReadAction","target":["https:\/\/www.p31noticias.com.br\/?p=22661"]}]},{"@type":"ImageObject","inLanguage":"pt-BR","@id":"https:\/\/www.p31noticias.com.br\/?p=22661#primaryimage","url":"https:\/\/www.p31noticias.com.br\/wp-content\/uploads\/2020\/09\/28.2.-Avalia\u00e7\u00e3o-de-conhecimentos.-Foto-de-Lucio-Bernardo-Jr-1200x797-1.jpg","contentUrl":"https:\/\/www.p31noticias.com.br\/wp-content\/uploads\/2020\/09\/28.2.-Avalia\u00e7\u00e3o-de-conhecimentos.-Foto-de-Lucio-Bernardo-Jr-1200x797-1.jpg","width":1200,"height":797},{"@type":"BreadcrumbList","@id":"https:\/\/www.p31noticias.com.br\/?p=22661#breadcrumb","itemListElement":[{"@type":"ListItem","position":1,"name":"In\u00edcio","item":"https:\/\/www.p31noticias.com.br\/"},{"@type":"ListItem","position":2,"name":"Vem a\u00ed a Universidade do Distrito Federal"}]},{"@type":"WebSite","@id":"https:\/\/www.p31noticias.com.br\/#website","url":"https:\/\/www.p31noticias.com.br\/","name":"P31","description":"NOT\u00cdCIAS","potentialAction":[{"@type":"SearchAction","target":{"@type":"EntryPoint","urlTemplate":"https:\/\/www.p31noticias.com.br\/?s={search_term_string}"},"query-input":{"@type":"PropertyValueSpecification","valueRequired":true,"valueName":"search_term_string"}}],"inLanguage":"pt-BR"},{"@type":"Person","@id":"https:\/\/www.p31noticias.com.br\/#\/schema\/person\/95f2ece30e3b4132065b915150cd0f94","name":"Gon\u00e7alves Junior","image":{"@type":"ImageObject","inLanguage":"pt-BR","@id":"https:\/\/secure.gravatar.com\/avatar\/6711f350116a89762687a48d66f723c799e5438a5b7578508d4294cd7a5d0800?s=96&d=mm&r=g","url":"https:\/\/secure.gravatar.com\/avatar\/6711f350116a89762687a48d66f723c799e5438a5b7578508d4294cd7a5d0800?s=96&d=mm&r=g","contentUrl":"https:\/\/secure.gravatar.com\/avatar\/6711f350116a89762687a48d66f723c799e5438a5b7578508d4294cd7a5d0800?s=96&d=mm&r=g","caption":"Gon\u00e7alves Junior"},"url":"https:\/\/www.p31noticias.com.br\/?author=2"}]}},"amp_enabled":true,"_links":{"self":[{"href":"https:\/\/www.p31noticias.com.br\/index.php?rest_route=\/wp\/v2\/posts\/22661","targetHints":{"allow":["GET"]}}],"collection":[{"href":"https:\/\/www.p31noticias.com.br\/index.php?rest_route=\/wp\/v2\/posts"}],"about":[{"href":"https:\/\/www.p31noticias.com.br\/index.php?rest_route=\/wp\/v2\/types\/post"}],"author":[{"embeddable":true,"href":"https:\/\/www.p31noticias.com.br\/index.php?rest_route=\/wp\/v2\/users\/2"}],"replies":[{"embeddable":true,"href":"https:\/\/www.p31noticias.com.br\/index.php?rest_route=%2Fwp%2Fv2%2Fcomments&post=22661"}],"version-history":[{"count":2,"href":"https:\/\/www.p31noticias.com.br\/index.php?rest_route=\/wp\/v2\/posts\/22661\/revisions"}],"predecessor-version":[{"id":22664,"href":"https:\/\/www.p31noticias.com.br\/index.php?rest_route=\/wp\/v2\/posts\/22661\/revisions\/22664"}],"wp:featuredmedia":[{"embeddable":true,"href":"https:\/\/www.p31noticias.com.br\/index.php?rest_route=\/wp\/v2\/media\/22662"}],"wp:attachment":[{"href":"https:\/\/www.p31noticias.com.br\/index.php?rest_route=%2Fwp%2Fv2%2Fmedia&parent=22661"}],"wp:term":[{"taxonomy":"category","embeddable":true,"href":"https:\/\/www.p31noticias.com.br\/index.php?rest_route=%2Fwp%2Fv2%2Fcategories&post=22661"},{"taxonomy":"post_tag","embeddable":true,"href":"https:\/\/www.p31noticias.com.br\/index.php?rest_route=%2Fwp%2Fv2%2Ftags&post=22661"}],"curies":[{"name":"wp","href":"https:\/\/api.w.org\/{rel}","templated":true}]}}