{"id":22633,"date":"2020-09-04T19:10:01","date_gmt":"2020-09-04T19:10:01","guid":{"rendered":"https:\/\/p31noticias.com.br\/?p=22633"},"modified":"2020-09-04T19:10:01","modified_gmt":"2020-09-04T19:10:01","slug":"respirador-de-baixo-custo-vai-ampliar-atendimento-a-pacientes-com-covid-19","status":"publish","type":"post","link":"https:\/\/www.p31noticias.com.br\/?p=22633","title":{"rendered":"Respirador de baixo custo vai ampliar atendimento a pacientes com Covid-19"},"content":{"rendered":"<p><em><strong>Funda\u00e7\u00e3o de Apoio \u00e0 Pesquisa do DF investe R$ 1,1 milh\u00e3o em projeto de pesquisador da UnB<\/strong><\/em><\/p>\n<p style=\"text-align: justify;\">Criar respiradores mec\u00e2nicos baratos para ampliar o acesso de pacientes com Covid-19 em leitos de UTI. Esse \u00e9 o objetivo do projeto apoiado pela Funda\u00e7\u00e3o de Apoio \u00e0 Pesquisa do Distrito Federal (FAP-DF), institui\u00e7\u00e3o vinculada \u00e0 Secretaria de Ci\u00eancia, Tecnologia e Inova\u00e7\u00e3o (Secti-DF), e coordenado pelo pesquisador Sanderson C\u00e9sar Mac\u00eado Barbalho.<\/p>\n<p style=\"text-align: justify;\">O cronograma do projeto \u00e9 de 120 dias a partir da assinatura do Termo de Outorga e Aceita\u00e7\u00e3o (TOA) junto \u00e0 FAP-DF, o que foi feito no in\u00edcio do m\u00eas de junho. Ao final deste per\u00edodo, a expectativa do pesquisador e sua equipe \u00e9 de ter 30 unidades prontas para uso.Covi<\/p>\n<p style=\"text-align: justify;\">O projeto recebeu investimento de R$ 1,1 milh\u00e3o. O valor foi repassado pela Secti\/FAP-DF no \u00e2mbito do\u00a0<strong><a href=\"http:\/\/agenciabrasilia.df.gov.br\/wp-conteudo\/uploads\/2020\/09\/Conv%C3%AAnio-03-2020-Finatec-Pandemia-Covid.pdf\" target=\"_blank\" rel=\"noopener noreferrer\">Conv\u00eanio 03\/2020<\/a><\/strong>, que conta com or\u00e7amento global de R$ 30 milh\u00f5es para apoiar projetos e a\u00e7\u00f5es de pesquisa, inova\u00e7\u00e3o e extens\u00e3o destinadas ao combate \u00e0 Covid-19.<\/p>\n<p style=\"text-align: justify;\">\u201cNosso objetivo inicial \u00e9 desenvolver um respirador de baixo custo, mas que atenda \u00e0s normas de seguran\u00e7a m\u00e9dica da Ag\u00eancia Nacional de Vigil\u00e2ncia Sanit\u00e1ria [Anvisa], validar o produto e certific\u00e1-lo de acordo com os padr\u00f5es simplificados da ag\u00eancia para a pandemia, para que possamos entregar um lote-piloto\u201d, explica o coordenador do projeto, que tamb\u00e9m \u00e9 professor adjunto do Departamento de Engenharia de Produ\u00e7\u00e3o (EPR) da Universidade de Bras\u00edlia (UnB).<\/p>\n<p style=\"text-align: justify;\">\u201cEstamos organizados em grupos divididos por \u00e1rea tecnol\u00f3gica \u2013 eletr\u00f4nica e software, mec\u00e2nica, testes m\u00e9dicos e log\u00edstica de aquisi\u00e7\u00f5es e fabrica\u00e7\u00e3o. Cada grupo se re\u00fane e planeja suas atividades semanalmente. Usamos metodologia \u00e1gil baseada em softwares de uso livre para registrar as atividades. Fazemos uma reuni\u00e3o semanal toda sexta-feira para consolidar o avan\u00e7o do projeto, e assim por diante. Ser\u00e3o 17 semanas de trabalho nesse ritmo para atingir a nossa meta\u201d, acrescenta Sanderson.<\/p>\n<p style=\"text-align: justify;\">Ele destaca ainda a import\u00e2ncia do fomento em Ci\u00eancia, Tecnologia e Inova\u00e7\u00e3o (CT&amp;I) e em Pesquisa Desenvolvimento (P&amp;D) para que projetos como esse saiam do papel e, assim, possam efetivamente ajudar a popula\u00e7\u00e3o do DF, bem como os profissionais de sa\u00fade que atuam na linha de frente no combate \u00e0 pandemia.\u00a0\u201cSem o fomento o projeto n\u00e3o aconteceria. Tivemos contato com investidores de Bras\u00edlia, os quais infelizmente n\u00e3o se prontificaram em contribuir minimamente com a proposta. E, com recursos pr\u00f3prios, conseguir\u00edamos no m\u00e1ximo fazer um prot\u00f3tipo de bancada, n\u00e3o muito diferente do que encher um bal\u00e3o de festas\u201d, arremata.<\/p>\n<p>Ag\u00eancia Bras\u00edlia<\/p>\n<p style=\"text-align: justify;\">\n","protected":false},"excerpt":{"rendered":"<p>Funda\u00e7\u00e3o de Apoio \u00e0 Pesquisa do DF investe R$ 1,1 milh\u00e3o em projeto de pesquisador da UnB Criar respiradores mec\u00e2nicos baratos para ampliar o acesso de pacientes com Covid-19 em leitos de UTI. Esse \u00e9 o objetivo do projeto apoiado pela Funda\u00e7\u00e3o de Apoio \u00e0 Pesquisa do Distrito Federal (FAP-DF), institui\u00e7\u00e3o vinculada \u00e0 Secretaria de [&hellip;]<\/p>\n","protected":false},"author":2,"featured_media":22634,"comment_status":"open","ping_status":"open","sticky":false,"template":"","format":"standard","meta":{"footnotes":""},"categories":[1],"tags":[],"class_list":{"0":"post-22633","1":"post","2":"type-post","3":"status-publish","4":"format-standard","5":"has-post-thumbnail","7":"category-outros"},"yoast_head":"<!-- This site is optimized with the Yoast SEO Premium plugin v24.5 (Yoast SEO v27.5) - https:\/\/yoast.com\/product\/yoast-seo-premium-wordpress\/ -->\n<title>Respirador de baixo custo vai ampliar atendimento a pacientes com Covid-19 - P31<\/title>\n<meta name=\"robots\" content=\"index, follow, max-snippet:-1, max-image-preview:large, max-video-preview:-1\" \/>\n<link rel=\"canonical\" href=\"https:\/\/www.p31noticias.com.br\/?p=22633\" \/>\n<meta property=\"og:locale\" content=\"pt_BR\" \/>\n<meta property=\"og:type\" content=\"article\" \/>\n<meta property=\"og:title\" content=\"Respirador de baixo custo vai ampliar atendimento a pacientes com Covid-19\" \/>\n<meta property=\"og:description\" content=\"Funda\u00e7\u00e3o de Apoio \u00e0 Pesquisa do DF investe R$ 1,1 milh\u00e3o em projeto de pesquisador da UnB Criar respiradores mec\u00e2nicos baratos para ampliar o acesso de pacientes com Covid-19 em leitos de UTI. Esse \u00e9 o objetivo do projeto apoiado pela Funda\u00e7\u00e3o de Apoio \u00e0 Pesquisa do Distrito Federal (FAP-DF), institui\u00e7\u00e3o vinculada \u00e0 Secretaria de [&hellip;]\" \/>\n<meta property=\"og:url\" content=\"https:\/\/www.p31noticias.com.br\/?p=22633\" \/>\n<meta property=\"og:site_name\" content=\"P31\" \/>\n<meta property=\"article:published_time\" content=\"2020-09-04T19:10:01+00:00\" \/>\n<meta property=\"og:image\" content=\"https:\/\/www.p31noticias.com.br\/wp-content\/uploads\/2020\/09\/respiradores-mecanicos-reprodu\u00e7\u00e3o-G1.jpeg\" \/>\n\t<meta property=\"og:image:width\" content=\"1008\" \/>\n\t<meta property=\"og:image:height\" content=\"588\" \/>\n\t<meta property=\"og:image:type\" content=\"image\/jpeg\" \/>\n<meta name=\"author\" content=\"Gon\u00e7alves Junior\" \/>\n<meta name=\"twitter:card\" content=\"summary_large_image\" \/>\n<meta name=\"twitter:label1\" content=\"Escrito por\" \/>\n\t<meta name=\"twitter:data1\" content=\"Gon\u00e7alves Junior\" \/>\n\t<meta name=\"twitter:label2\" content=\"Est. tempo de leitura\" \/>\n\t<meta name=\"twitter:data2\" content=\"2 minutos\" \/>\n<script type=\"application\/ld+json\" class=\"yoast-schema-graph\">{\"@context\":\"https:\\\/\\\/schema.org\",\"@graph\":[{\"@type\":\"Article\",\"@id\":\"https:\\\/\\\/www.p31noticias.com.br\\\/?p=22633#article\",\"isPartOf\":{\"@id\":\"https:\\\/\\\/www.p31noticias.com.br\\\/?p=22633\"},\"author\":{\"name\":\"Gon\u00e7alves Junior\",\"@id\":\"https:\\\/\\\/www.p31noticias.com.br\\\/#\\\/schema\\\/person\\\/95f2ece30e3b4132065b915150cd0f94\"},\"headline\":\"Respirador de baixo custo vai ampliar atendimento a pacientes com Covid-19\",\"datePublished\":\"2020-09-04T19:10:01+00:00\",\"mainEntityOfPage\":{\"@id\":\"https:\\\/\\\/www.p31noticias.com.br\\\/?p=22633\"},\"wordCount\":461,\"commentCount\":0,\"image\":{\"@id\":\"https:\\\/\\\/www.p31noticias.com.br\\\/?p=22633#primaryimage\"},\"thumbnailUrl\":\"https:\\\/\\\/www.p31noticias.com.br\\\/wp-content\\\/uploads\\\/2020\\\/09\\\/respiradores-mecanicos-reprodu\u00e7\u00e3o-G1.jpeg\",\"articleSection\":[\"Outros\"],\"inLanguage\":\"pt-BR\",\"potentialAction\":[{\"@type\":\"CommentAction\",\"name\":\"Comment\",\"target\":[\"https:\\\/\\\/www.p31noticias.com.br\\\/?p=22633#respond\"]}],\"copyrightYear\":\"2020\",\"copyrightHolder\":{\"@id\":\"https:\\\/\\\/www.p31noticias.com.br\\\/#organization\"}},{\"@type\":\"WebPage\",\"@id\":\"https:\\\/\\\/www.p31noticias.com.br\\\/?p=22633\",\"url\":\"https:\\\/\\\/www.p31noticias.com.br\\\/?p=22633\",\"name\":\"Respirador de baixo custo vai ampliar atendimento a pacientes com Covid-19 - P31\",\"isPartOf\":{\"@id\":\"https:\\\/\\\/www.p31noticias.com.br\\\/#website\"},\"primaryImageOfPage\":{\"@id\":\"https:\\\/\\\/www.p31noticias.com.br\\\/?p=22633#primaryimage\"},\"image\":{\"@id\":\"https:\\\/\\\/www.p31noticias.com.br\\\/?p=22633#primaryimage\"},\"thumbnailUrl\":\"https:\\\/\\\/www.p31noticias.com.br\\\/wp-content\\\/uploads\\\/2020\\\/09\\\/respiradores-mecanicos-reprodu\u00e7\u00e3o-G1.jpeg\",\"datePublished\":\"2020-09-04T19:10:01+00:00\",\"author\":{\"@id\":\"https:\\\/\\\/www.p31noticias.com.br\\\/#\\\/schema\\\/person\\\/95f2ece30e3b4132065b915150cd0f94\"},\"breadcrumb\":{\"@id\":\"https:\\\/\\\/www.p31noticias.com.br\\\/?p=22633#breadcrumb\"},\"inLanguage\":\"pt-BR\",\"potentialAction\":[{\"@type\":\"ReadAction\",\"target\":[\"https:\\\/\\\/www.p31noticias.com.br\\\/?p=22633\"]}]},{\"@type\":\"ImageObject\",\"inLanguage\":\"pt-BR\",\"@id\":\"https:\\\/\\\/www.p31noticias.com.br\\\/?p=22633#primaryimage\",\"url\":\"https:\\\/\\\/www.p31noticias.com.br\\\/wp-content\\\/uploads\\\/2020\\\/09\\\/respiradores-mecanicos-reprodu\u00e7\u00e3o-G1.jpeg\",\"contentUrl\":\"https:\\\/\\\/www.p31noticias.com.br\\\/wp-content\\\/uploads\\\/2020\\\/09\\\/respiradores-mecanicos-reprodu\u00e7\u00e3o-G1.jpeg\",\"width\":1008,\"height\":588},{\"@type\":\"BreadcrumbList\",\"@id\":\"https:\\\/\\\/www.p31noticias.com.br\\\/?p=22633#breadcrumb\",\"itemListElement\":[{\"@type\":\"ListItem\",\"position\":1,\"name\":\"In\u00edcio\",\"item\":\"https:\\\/\\\/www.p31noticias.com.br\\\/\"},{\"@type\":\"ListItem\",\"position\":2,\"name\":\"Respirador de baixo custo vai ampliar atendimento a pacientes com Covid-19\"}]},{\"@type\":\"WebSite\",\"@id\":\"https:\\\/\\\/www.p31noticias.com.br\\\/#website\",\"url\":\"https:\\\/\\\/www.p31noticias.com.br\\\/\",\"name\":\"P31\",\"description\":\"NOT\u00cdCIAS\",\"potentialAction\":[{\"@type\":\"SearchAction\",\"target\":{\"@type\":\"EntryPoint\",\"urlTemplate\":\"https:\\\/\\\/www.p31noticias.com.br\\\/?s={search_term_string}\"},\"query-input\":{\"@type\":\"PropertyValueSpecification\",\"valueRequired\":true,\"valueName\":\"search_term_string\"}}],\"inLanguage\":\"pt-BR\"},{\"@type\":\"Person\",\"@id\":\"https:\\\/\\\/www.p31noticias.com.br\\\/#\\\/schema\\\/person\\\/95f2ece30e3b4132065b915150cd0f94\",\"name\":\"Gon\u00e7alves Junior\",\"image\":{\"@type\":\"ImageObject\",\"inLanguage\":\"pt-BR\",\"@id\":\"https:\\\/\\\/secure.gravatar.com\\\/avatar\\\/6711f350116a89762687a48d66f723c799e5438a5b7578508d4294cd7a5d0800?s=96&d=mm&r=g\",\"url\":\"https:\\\/\\\/secure.gravatar.com\\\/avatar\\\/6711f350116a89762687a48d66f723c799e5438a5b7578508d4294cd7a5d0800?s=96&d=mm&r=g\",\"contentUrl\":\"https:\\\/\\\/secure.gravatar.com\\\/avatar\\\/6711f350116a89762687a48d66f723c799e5438a5b7578508d4294cd7a5d0800?s=96&d=mm&r=g\",\"caption\":\"Gon\u00e7alves Junior\"},\"url\":\"https:\\\/\\\/www.p31noticias.com.br\\\/?author=2\"}]}<\/script>\n<!-- \/ Yoast SEO Premium plugin. -->","yoast_head_json":{"title":"Respirador de baixo custo vai ampliar atendimento a pacientes com Covid-19 - P31","robots":{"index":"index","follow":"follow","max-snippet":"max-snippet:-1","max-image-preview":"max-image-preview:large","max-video-preview":"max-video-preview:-1"},"canonical":"https:\/\/www.p31noticias.com.br\/?p=22633","og_locale":"pt_BR","og_type":"article","og_title":"Respirador de baixo custo vai ampliar atendimento a pacientes com Covid-19","og_description":"Funda\u00e7\u00e3o de Apoio \u00e0 Pesquisa do DF investe R$ 1,1 milh\u00e3o em projeto de pesquisador da UnB Criar respiradores mec\u00e2nicos baratos para ampliar o acesso de pacientes com Covid-19 em leitos de UTI. Esse \u00e9 o objetivo do projeto apoiado pela Funda\u00e7\u00e3o de Apoio \u00e0 Pesquisa do Distrito Federal (FAP-DF), institui\u00e7\u00e3o vinculada \u00e0 Secretaria de [&hellip;]","og_url":"https:\/\/www.p31noticias.com.br\/?p=22633","og_site_name":"P31","article_published_time":"2020-09-04T19:10:01+00:00","og_image":[{"width":1008,"height":588,"url":"https:\/\/www.p31noticias.com.br\/wp-content\/uploads\/2020\/09\/respiradores-mecanicos-reprodu\u00e7\u00e3o-G1.jpeg","type":"image\/jpeg"}],"author":"Gon\u00e7alves Junior","twitter_card":"summary_large_image","twitter_misc":{"Escrito por":"Gon\u00e7alves Junior","Est. tempo de leitura":"2 minutos"},"schema":{"@context":"https:\/\/schema.org","@graph":[{"@type":"Article","@id":"https:\/\/www.p31noticias.com.br\/?p=22633#article","isPartOf":{"@id":"https:\/\/www.p31noticias.com.br\/?p=22633"},"author":{"name":"Gon\u00e7alves Junior","@id":"https:\/\/www.p31noticias.com.br\/#\/schema\/person\/95f2ece30e3b4132065b915150cd0f94"},"headline":"Respirador de baixo custo vai ampliar atendimento a pacientes com Covid-19","datePublished":"2020-09-04T19:10:01+00:00","mainEntityOfPage":{"@id":"https:\/\/www.p31noticias.com.br\/?p=22633"},"wordCount":461,"commentCount":0,"image":{"@id":"https:\/\/www.p31noticias.com.br\/?p=22633#primaryimage"},"thumbnailUrl":"https:\/\/www.p31noticias.com.br\/wp-content\/uploads\/2020\/09\/respiradores-mecanicos-reprodu\u00e7\u00e3o-G1.jpeg","articleSection":["Outros"],"inLanguage":"pt-BR","potentialAction":[{"@type":"CommentAction","name":"Comment","target":["https:\/\/www.p31noticias.com.br\/?p=22633#respond"]}],"copyrightYear":"2020","copyrightHolder":{"@id":"https:\/\/www.p31noticias.com.br\/#organization"}},{"@type":"WebPage","@id":"https:\/\/www.p31noticias.com.br\/?p=22633","url":"https:\/\/www.p31noticias.com.br\/?p=22633","name":"Respirador de baixo custo vai ampliar atendimento a pacientes com Covid-19 - P31","isPartOf":{"@id":"https:\/\/www.p31noticias.com.br\/#website"},"primaryImageOfPage":{"@id":"https:\/\/www.p31noticias.com.br\/?p=22633#primaryimage"},"image":{"@id":"https:\/\/www.p31noticias.com.br\/?p=22633#primaryimage"},"thumbnailUrl":"https:\/\/www.p31noticias.com.br\/wp-content\/uploads\/2020\/09\/respiradores-mecanicos-reprodu\u00e7\u00e3o-G1.jpeg","datePublished":"2020-09-04T19:10:01+00:00","author":{"@id":"https:\/\/www.p31noticias.com.br\/#\/schema\/person\/95f2ece30e3b4132065b915150cd0f94"},"breadcrumb":{"@id":"https:\/\/www.p31noticias.com.br\/?p=22633#breadcrumb"},"inLanguage":"pt-BR","potentialAction":[{"@type":"ReadAction","target":["https:\/\/www.p31noticias.com.br\/?p=22633"]}]},{"@type":"ImageObject","inLanguage":"pt-BR","@id":"https:\/\/www.p31noticias.com.br\/?p=22633#primaryimage","url":"https:\/\/www.p31noticias.com.br\/wp-content\/uploads\/2020\/09\/respiradores-mecanicos-reprodu\u00e7\u00e3o-G1.jpeg","contentUrl":"https:\/\/www.p31noticias.com.br\/wp-content\/uploads\/2020\/09\/respiradores-mecanicos-reprodu\u00e7\u00e3o-G1.jpeg","width":1008,"height":588},{"@type":"BreadcrumbList","@id":"https:\/\/www.p31noticias.com.br\/?p=22633#breadcrumb","itemListElement":[{"@type":"ListItem","position":1,"name":"In\u00edcio","item":"https:\/\/www.p31noticias.com.br\/"},{"@type":"ListItem","position":2,"name":"Respirador de baixo custo vai ampliar atendimento a pacientes com Covid-19"}]},{"@type":"WebSite","@id":"https:\/\/www.p31noticias.com.br\/#website","url":"https:\/\/www.p31noticias.com.br\/","name":"P31","description":"NOT\u00cdCIAS","potentialAction":[{"@type":"SearchAction","target":{"@type":"EntryPoint","urlTemplate":"https:\/\/www.p31noticias.com.br\/?s={search_term_string}"},"query-input":{"@type":"PropertyValueSpecification","valueRequired":true,"valueName":"search_term_string"}}],"inLanguage":"pt-BR"},{"@type":"Person","@id":"https:\/\/www.p31noticias.com.br\/#\/schema\/person\/95f2ece30e3b4132065b915150cd0f94","name":"Gon\u00e7alves Junior","image":{"@type":"ImageObject","inLanguage":"pt-BR","@id":"https:\/\/secure.gravatar.com\/avatar\/6711f350116a89762687a48d66f723c799e5438a5b7578508d4294cd7a5d0800?s=96&d=mm&r=g","url":"https:\/\/secure.gravatar.com\/avatar\/6711f350116a89762687a48d66f723c799e5438a5b7578508d4294cd7a5d0800?s=96&d=mm&r=g","contentUrl":"https:\/\/secure.gravatar.com\/avatar\/6711f350116a89762687a48d66f723c799e5438a5b7578508d4294cd7a5d0800?s=96&d=mm&r=g","caption":"Gon\u00e7alves Junior"},"url":"https:\/\/www.p31noticias.com.br\/?author=2"}]}},"amp_enabled":true,"_links":{"self":[{"href":"https:\/\/www.p31noticias.com.br\/index.php?rest_route=\/wp\/v2\/posts\/22633","targetHints":{"allow":["GET"]}}],"collection":[{"href":"https:\/\/www.p31noticias.com.br\/index.php?rest_route=\/wp\/v2\/posts"}],"about":[{"href":"https:\/\/www.p31noticias.com.br\/index.php?rest_route=\/wp\/v2\/types\/post"}],"author":[{"embeddable":true,"href":"https:\/\/www.p31noticias.com.br\/index.php?rest_route=\/wp\/v2\/users\/2"}],"replies":[{"embeddable":true,"href":"https:\/\/www.p31noticias.com.br\/index.php?rest_route=%2Fwp%2Fv2%2Fcomments&post=22633"}],"version-history":[{"count":1,"href":"https:\/\/www.p31noticias.com.br\/index.php?rest_route=\/wp\/v2\/posts\/22633\/revisions"}],"predecessor-version":[{"id":22635,"href":"https:\/\/www.p31noticias.com.br\/index.php?rest_route=\/wp\/v2\/posts\/22633\/revisions\/22635"}],"wp:featuredmedia":[{"embeddable":true,"href":"https:\/\/www.p31noticias.com.br\/index.php?rest_route=\/wp\/v2\/media\/22634"}],"wp:attachment":[{"href":"https:\/\/www.p31noticias.com.br\/index.php?rest_route=%2Fwp%2Fv2%2Fmedia&parent=22633"}],"wp:term":[{"taxonomy":"category","embeddable":true,"href":"https:\/\/www.p31noticias.com.br\/index.php?rest_route=%2Fwp%2Fv2%2Fcategories&post=22633"},{"taxonomy":"post_tag","embeddable":true,"href":"https:\/\/www.p31noticias.com.br\/index.php?rest_route=%2Fwp%2Fv2%2Ftags&post=22633"}],"curies":[{"name":"wp","href":"https:\/\/api.w.org\/{rel}","templated":true}]}}