{"id":22623,"date":"2020-08-31T19:28:57","date_gmt":"2020-08-31T19:28:57","guid":{"rendered":"https:\/\/p31noticias.com.br\/?p=22623"},"modified":"2020-08-31T19:28:57","modified_gmt":"2020-08-31T19:28:57","slug":"gdf-deve-mudar-forma-de-divulgacao-de-obitos","status":"publish","type":"post","link":"https:\/\/www.p31noticias.com.br\/?p=22623","title":{"rendered":"GDF DEVE MUDAR FORMA DE DIVULGA\u00c7\u00c3O DE \u00d3BITOS"},"content":{"rendered":"<p style=\"text-align: justify;\">O Tribunal de Justi\u00e7a do Distrito Federal concedeu uma liminar, nesta quinta-feira (27), para que a Secretaria de Sa\u00fade retome o modelo de divulga\u00e7\u00e3o original das mortes causadas pela Covid-19,na capital. Desde 19 de agosto, a Secretaria de Sa\u00fade informa somente os \u00f3bitos das \u00faltimas 24 horas. A decis\u00e3o d\u00e1 prazo de 10 dias para que o governo preste informa\u00e7\u00f5es. A decis\u00e3o de quinta foi assinada pela desembargadora Diva Lucy de Faria Pereira.<\/p>\n<p style=\"text-align: justify;\">A\u00a0 magistrada afirmou que os dados devem ser divulgados \u201cem sua integralidade\u201d, inclusive no site da Secretaria de Sa\u00fade, com todas as informa\u00e7\u00f5es e com a mesma metodologia usada at\u00e9 o dia 17 de agosto.<\/p>\n<p style=\"text-align: justify;\">No entendimento da desembargadora, a mudan\u00e7a no<br \/>\ncrit\u00e9rio com pretexto de reduzir o &#8220;desassossego da popula\u00e7\u00e3o&#8221;com os impactos causados pelas not\u00edcias dos \u00f3bitos de pessoas infectadas com coronav\u00edrus \u00e9 um engano porque \u201coculta a real situa\u00e7\u00e3o da pandemia no \u00e2mbito distrital\u201d.<\/p>\n<p style=\"text-align: justify;\">MUDAN\u00c7A DE DIVULGA\u00c7\u00c3O<br \/>\nAo anunciar a mudan\u00e7a de divulga\u00e7\u00e3o no DF, no dia 19 de<br \/>\nagosto, o ent\u00e3o secret\u00e1rio de sa\u00fade Francisco Ara\u00fajo disse<br \/>\nque o m\u00e9todo anterior, adotado na capital e seguido pelo<br \/>\nrestante do pa\u00eds e pelo mundo, \u201cn\u00e3o estava funcionando\u201d.<\/p>\n<p style=\"text-align: justify;\">\u201cN\u00f3s vamos fugir dessa metodologia que o pa\u00eds inteiro<br \/>\nest\u00e1 utilizando porque ela n\u00e3o est\u00e1 funcionando. Nem tudo<br \/>\nque o Minist\u00e9rio [da Sa\u00fade] preconiza precisa ser seguido.<br \/>\nCada estado precisa rever a sua metodologia, como n\u00f3s<br \/>\nestamos revendo a nossa aqui, para que n\u00e3o haja uma intranquilidade na popula\u00e7\u00e3o, de uma informa\u00e7\u00e3o que ela n\u00e3o \u00e9 real\u201d, afirmou .<\/p>\n<p style=\"text-align: justify;\">A decis\u00e3o do governo ocorreu na semana em que a capital<br \/>\nregistrou recorde de mortes pelo novo coronav\u00edrus em um<br \/>\ndia: foram 66, no dia 17 de agosto. Dessas, cinco ocorreram entre junho e julho e o restante, nos 16 primeiros dias de agosto.<\/p>\n<p style=\"text-align: justify;\">&#8220;N\u00e3o \u00e9 s\u00f3 voc\u00ea pegar o boletim e divulgar o montante de<br \/>\n\u00f3bitos que teve ali. Por que eu falo isso? Porque a nossa letalidade, a letalidade do Distrito Federal \u00e9 uma das menores do pa\u00eds, e a gente precisa divulgar isso. Ent\u00e3o quando jogamos para a sociedade 66 \u00f3bitos na segunda-feira, onde aconteceu s\u00f3 um, de certa forma isso \u00e9 desassossegador para a popula\u00e7\u00e3o, afirmou o Secret\u00e1rio.<\/p>\n<p>BSB Agora<\/p>\n","protected":false},"excerpt":{"rendered":"<p>O Tribunal de Justi\u00e7a do Distrito Federal concedeu uma liminar, nesta quinta-feira (27), para que a Secretaria de Sa\u00fade retome o modelo de divulga\u00e7\u00e3o original das mortes causadas pela Covid-19,na capital. Desde 19 de agosto, a Secretaria de Sa\u00fade informa somente os \u00f3bitos das \u00faltimas 24 horas. A decis\u00e3o d\u00e1 prazo de 10 dias para [&hellip;]<\/p>\n","protected":false},"author":2,"featured_media":22624,"comment_status":"open","ping_status":"open","sticky":false,"template":"","format":"standard","meta":{"footnotes":""},"categories":[1],"tags":[],"class_list":{"0":"post-22623","1":"post","2":"type-post","3":"status-publish","4":"format-standard","5":"has-post-thumbnail","7":"category-outros"},"yoast_head":"<!-- This site is optimized with the Yoast SEO Premium plugin v24.5 (Yoast SEO v27.5) - https:\/\/yoast.com\/product\/yoast-seo-premium-wordpress\/ -->\n<title>GDF DEVE MUDAR FORMA DE DIVULGA\u00c7\u00c3O DE \u00d3BITOS - P31<\/title>\n<meta name=\"robots\" content=\"index, follow, max-snippet:-1, max-image-preview:large, max-video-preview:-1\" \/>\n<link rel=\"canonical\" href=\"https:\/\/www.p31noticias.com.br\/?p=22623\" \/>\n<meta property=\"og:locale\" content=\"pt_BR\" \/>\n<meta property=\"og:type\" content=\"article\" \/>\n<meta property=\"og:title\" content=\"GDF DEVE MUDAR FORMA DE DIVULGA\u00c7\u00c3O DE \u00d3BITOS\" \/>\n<meta property=\"og:description\" content=\"O Tribunal de Justi\u00e7a do Distrito Federal concedeu uma liminar, nesta quinta-feira (27), para que a Secretaria de Sa\u00fade retome o modelo de divulga\u00e7\u00e3o original das mortes causadas pela Covid-19,na capital. Desde 19 de agosto, a Secretaria de Sa\u00fade informa somente os \u00f3bitos das \u00faltimas 24 horas. A decis\u00e3o d\u00e1 prazo de 10 dias para [&hellip;]\" \/>\n<meta property=\"og:url\" content=\"https:\/\/www.p31noticias.com.br\/?p=22623\" \/>\n<meta property=\"og:site_name\" content=\"P31\" \/>\n<meta property=\"article:published_time\" content=\"2020-08-31T19:28:57+00:00\" \/>\n<meta property=\"og:image\" content=\"https:\/\/www.p31noticias.com.br\/wp-content\/uploads\/2020\/08\/images-1.jpg\" \/>\n\t<meta property=\"og:image:width\" content=\"322\" \/>\n\t<meta property=\"og:image:height\" content=\"157\" \/>\n\t<meta property=\"og:image:type\" content=\"image\/jpeg\" \/>\n<meta name=\"author\" content=\"Gon\u00e7alves Junior\" \/>\n<meta name=\"twitter:card\" content=\"summary_large_image\" \/>\n<meta name=\"twitter:label1\" content=\"Escrito por\" \/>\n\t<meta name=\"twitter:data1\" content=\"Gon\u00e7alves Junior\" \/>\n\t<meta name=\"twitter:label2\" content=\"Est. tempo de leitura\" \/>\n\t<meta name=\"twitter:data2\" content=\"2 minutos\" \/>\n<script type=\"application\/ld+json\" class=\"yoast-schema-graph\">{\"@context\":\"https:\\\/\\\/schema.org\",\"@graph\":[{\"@type\":\"Article\",\"@id\":\"https:\\\/\\\/www.p31noticias.com.br\\\/?p=22623#article\",\"isPartOf\":{\"@id\":\"https:\\\/\\\/www.p31noticias.com.br\\\/?p=22623\"},\"author\":{\"name\":\"Gon\u00e7alves Junior\",\"@id\":\"https:\\\/\\\/www.p31noticias.com.br\\\/#\\\/schema\\\/person\\\/95f2ece30e3b4132065b915150cd0f94\"},\"headline\":\"GDF DEVE MUDAR FORMA DE DIVULGA\u00c7\u00c3O DE \u00d3BITOS\",\"datePublished\":\"2020-08-31T19:28:57+00:00\",\"mainEntityOfPage\":{\"@id\":\"https:\\\/\\\/www.p31noticias.com.br\\\/?p=22623\"},\"wordCount\":403,\"commentCount\":0,\"image\":{\"@id\":\"https:\\\/\\\/www.p31noticias.com.br\\\/?p=22623#primaryimage\"},\"thumbnailUrl\":\"https:\\\/\\\/www.p31noticias.com.br\\\/wp-content\\\/uploads\\\/2020\\\/08\\\/images-1.jpg\",\"articleSection\":[\"Outros\"],\"inLanguage\":\"pt-BR\",\"potentialAction\":[{\"@type\":\"CommentAction\",\"name\":\"Comment\",\"target\":[\"https:\\\/\\\/www.p31noticias.com.br\\\/?p=22623#respond\"]}],\"copyrightYear\":\"2020\",\"copyrightHolder\":{\"@id\":\"https:\\\/\\\/www.p31noticias.com.br\\\/#organization\"}},{\"@type\":\"WebPage\",\"@id\":\"https:\\\/\\\/www.p31noticias.com.br\\\/?p=22623\",\"url\":\"https:\\\/\\\/www.p31noticias.com.br\\\/?p=22623\",\"name\":\"GDF DEVE MUDAR FORMA DE DIVULGA\u00c7\u00c3O DE \u00d3BITOS - P31\",\"isPartOf\":{\"@id\":\"https:\\\/\\\/www.p31noticias.com.br\\\/#website\"},\"primaryImageOfPage\":{\"@id\":\"https:\\\/\\\/www.p31noticias.com.br\\\/?p=22623#primaryimage\"},\"image\":{\"@id\":\"https:\\\/\\\/www.p31noticias.com.br\\\/?p=22623#primaryimage\"},\"thumbnailUrl\":\"https:\\\/\\\/www.p31noticias.com.br\\\/wp-content\\\/uploads\\\/2020\\\/08\\\/images-1.jpg\",\"datePublished\":\"2020-08-31T19:28:57+00:00\",\"author\":{\"@id\":\"https:\\\/\\\/www.p31noticias.com.br\\\/#\\\/schema\\\/person\\\/95f2ece30e3b4132065b915150cd0f94\"},\"breadcrumb\":{\"@id\":\"https:\\\/\\\/www.p31noticias.com.br\\\/?p=22623#breadcrumb\"},\"inLanguage\":\"pt-BR\",\"potentialAction\":[{\"@type\":\"ReadAction\",\"target\":[\"https:\\\/\\\/www.p31noticias.com.br\\\/?p=22623\"]}]},{\"@type\":\"ImageObject\",\"inLanguage\":\"pt-BR\",\"@id\":\"https:\\\/\\\/www.p31noticias.com.br\\\/?p=22623#primaryimage\",\"url\":\"https:\\\/\\\/www.p31noticias.com.br\\\/wp-content\\\/uploads\\\/2020\\\/08\\\/images-1.jpg\",\"contentUrl\":\"https:\\\/\\\/www.p31noticias.com.br\\\/wp-content\\\/uploads\\\/2020\\\/08\\\/images-1.jpg\",\"width\":322,\"height\":157},{\"@type\":\"BreadcrumbList\",\"@id\":\"https:\\\/\\\/www.p31noticias.com.br\\\/?p=22623#breadcrumb\",\"itemListElement\":[{\"@type\":\"ListItem\",\"position\":1,\"name\":\"In\u00edcio\",\"item\":\"https:\\\/\\\/www.p31noticias.com.br\\\/\"},{\"@type\":\"ListItem\",\"position\":2,\"name\":\"GDF DEVE MUDAR FORMA DE DIVULGA\u00c7\u00c3O DE \u00d3BITOS\"}]},{\"@type\":\"WebSite\",\"@id\":\"https:\\\/\\\/www.p31noticias.com.br\\\/#website\",\"url\":\"https:\\\/\\\/www.p31noticias.com.br\\\/\",\"name\":\"P31\",\"description\":\"NOT\u00cdCIAS\",\"potentialAction\":[{\"@type\":\"SearchAction\",\"target\":{\"@type\":\"EntryPoint\",\"urlTemplate\":\"https:\\\/\\\/www.p31noticias.com.br\\\/?s={search_term_string}\"},\"query-input\":{\"@type\":\"PropertyValueSpecification\",\"valueRequired\":true,\"valueName\":\"search_term_string\"}}],\"inLanguage\":\"pt-BR\"},{\"@type\":\"Person\",\"@id\":\"https:\\\/\\\/www.p31noticias.com.br\\\/#\\\/schema\\\/person\\\/95f2ece30e3b4132065b915150cd0f94\",\"name\":\"Gon\u00e7alves Junior\",\"image\":{\"@type\":\"ImageObject\",\"inLanguage\":\"pt-BR\",\"@id\":\"https:\\\/\\\/secure.gravatar.com\\\/avatar\\\/6711f350116a89762687a48d66f723c799e5438a5b7578508d4294cd7a5d0800?s=96&d=mm&r=g\",\"url\":\"https:\\\/\\\/secure.gravatar.com\\\/avatar\\\/6711f350116a89762687a48d66f723c799e5438a5b7578508d4294cd7a5d0800?s=96&d=mm&r=g\",\"contentUrl\":\"https:\\\/\\\/secure.gravatar.com\\\/avatar\\\/6711f350116a89762687a48d66f723c799e5438a5b7578508d4294cd7a5d0800?s=96&d=mm&r=g\",\"caption\":\"Gon\u00e7alves Junior\"},\"url\":\"https:\\\/\\\/www.p31noticias.com.br\\\/?author=2\"}]}<\/script>\n<!-- \/ Yoast SEO Premium plugin. -->","yoast_head_json":{"title":"GDF DEVE MUDAR FORMA DE DIVULGA\u00c7\u00c3O DE \u00d3BITOS - P31","robots":{"index":"index","follow":"follow","max-snippet":"max-snippet:-1","max-image-preview":"max-image-preview:large","max-video-preview":"max-video-preview:-1"},"canonical":"https:\/\/www.p31noticias.com.br\/?p=22623","og_locale":"pt_BR","og_type":"article","og_title":"GDF DEVE MUDAR FORMA DE DIVULGA\u00c7\u00c3O DE \u00d3BITOS","og_description":"O Tribunal de Justi\u00e7a do Distrito Federal concedeu uma liminar, nesta quinta-feira (27), para que a Secretaria de Sa\u00fade retome o modelo de divulga\u00e7\u00e3o original das mortes causadas pela Covid-19,na capital. Desde 19 de agosto, a Secretaria de Sa\u00fade informa somente os \u00f3bitos das \u00faltimas 24 horas. A decis\u00e3o d\u00e1 prazo de 10 dias para [&hellip;]","og_url":"https:\/\/www.p31noticias.com.br\/?p=22623","og_site_name":"P31","article_published_time":"2020-08-31T19:28:57+00:00","og_image":[{"width":322,"height":157,"url":"https:\/\/www.p31noticias.com.br\/wp-content\/uploads\/2020\/08\/images-1.jpg","type":"image\/jpeg"}],"author":"Gon\u00e7alves Junior","twitter_card":"summary_large_image","twitter_misc":{"Escrito por":"Gon\u00e7alves Junior","Est. tempo de leitura":"2 minutos"},"schema":{"@context":"https:\/\/schema.org","@graph":[{"@type":"Article","@id":"https:\/\/www.p31noticias.com.br\/?p=22623#article","isPartOf":{"@id":"https:\/\/www.p31noticias.com.br\/?p=22623"},"author":{"name":"Gon\u00e7alves Junior","@id":"https:\/\/www.p31noticias.com.br\/#\/schema\/person\/95f2ece30e3b4132065b915150cd0f94"},"headline":"GDF DEVE MUDAR FORMA DE DIVULGA\u00c7\u00c3O DE \u00d3BITOS","datePublished":"2020-08-31T19:28:57+00:00","mainEntityOfPage":{"@id":"https:\/\/www.p31noticias.com.br\/?p=22623"},"wordCount":403,"commentCount":0,"image":{"@id":"https:\/\/www.p31noticias.com.br\/?p=22623#primaryimage"},"thumbnailUrl":"https:\/\/www.p31noticias.com.br\/wp-content\/uploads\/2020\/08\/images-1.jpg","articleSection":["Outros"],"inLanguage":"pt-BR","potentialAction":[{"@type":"CommentAction","name":"Comment","target":["https:\/\/www.p31noticias.com.br\/?p=22623#respond"]}],"copyrightYear":"2020","copyrightHolder":{"@id":"https:\/\/www.p31noticias.com.br\/#organization"}},{"@type":"WebPage","@id":"https:\/\/www.p31noticias.com.br\/?p=22623","url":"https:\/\/www.p31noticias.com.br\/?p=22623","name":"GDF DEVE MUDAR FORMA DE DIVULGA\u00c7\u00c3O DE \u00d3BITOS - P31","isPartOf":{"@id":"https:\/\/www.p31noticias.com.br\/#website"},"primaryImageOfPage":{"@id":"https:\/\/www.p31noticias.com.br\/?p=22623#primaryimage"},"image":{"@id":"https:\/\/www.p31noticias.com.br\/?p=22623#primaryimage"},"thumbnailUrl":"https:\/\/www.p31noticias.com.br\/wp-content\/uploads\/2020\/08\/images-1.jpg","datePublished":"2020-08-31T19:28:57+00:00","author":{"@id":"https:\/\/www.p31noticias.com.br\/#\/schema\/person\/95f2ece30e3b4132065b915150cd0f94"},"breadcrumb":{"@id":"https:\/\/www.p31noticias.com.br\/?p=22623#breadcrumb"},"inLanguage":"pt-BR","potentialAction":[{"@type":"ReadAction","target":["https:\/\/www.p31noticias.com.br\/?p=22623"]}]},{"@type":"ImageObject","inLanguage":"pt-BR","@id":"https:\/\/www.p31noticias.com.br\/?p=22623#primaryimage","url":"https:\/\/www.p31noticias.com.br\/wp-content\/uploads\/2020\/08\/images-1.jpg","contentUrl":"https:\/\/www.p31noticias.com.br\/wp-content\/uploads\/2020\/08\/images-1.jpg","width":322,"height":157},{"@type":"BreadcrumbList","@id":"https:\/\/www.p31noticias.com.br\/?p=22623#breadcrumb","itemListElement":[{"@type":"ListItem","position":1,"name":"In\u00edcio","item":"https:\/\/www.p31noticias.com.br\/"},{"@type":"ListItem","position":2,"name":"GDF DEVE MUDAR FORMA DE DIVULGA\u00c7\u00c3O DE \u00d3BITOS"}]},{"@type":"WebSite","@id":"https:\/\/www.p31noticias.com.br\/#website","url":"https:\/\/www.p31noticias.com.br\/","name":"P31","description":"NOT\u00cdCIAS","potentialAction":[{"@type":"SearchAction","target":{"@type":"EntryPoint","urlTemplate":"https:\/\/www.p31noticias.com.br\/?s={search_term_string}"},"query-input":{"@type":"PropertyValueSpecification","valueRequired":true,"valueName":"search_term_string"}}],"inLanguage":"pt-BR"},{"@type":"Person","@id":"https:\/\/www.p31noticias.com.br\/#\/schema\/person\/95f2ece30e3b4132065b915150cd0f94","name":"Gon\u00e7alves Junior","image":{"@type":"ImageObject","inLanguage":"pt-BR","@id":"https:\/\/secure.gravatar.com\/avatar\/6711f350116a89762687a48d66f723c799e5438a5b7578508d4294cd7a5d0800?s=96&d=mm&r=g","url":"https:\/\/secure.gravatar.com\/avatar\/6711f350116a89762687a48d66f723c799e5438a5b7578508d4294cd7a5d0800?s=96&d=mm&r=g","contentUrl":"https:\/\/secure.gravatar.com\/avatar\/6711f350116a89762687a48d66f723c799e5438a5b7578508d4294cd7a5d0800?s=96&d=mm&r=g","caption":"Gon\u00e7alves Junior"},"url":"https:\/\/www.p31noticias.com.br\/?author=2"}]}},"amp_enabled":true,"_links":{"self":[{"href":"https:\/\/www.p31noticias.com.br\/index.php?rest_route=\/wp\/v2\/posts\/22623","targetHints":{"allow":["GET"]}}],"collection":[{"href":"https:\/\/www.p31noticias.com.br\/index.php?rest_route=\/wp\/v2\/posts"}],"about":[{"href":"https:\/\/www.p31noticias.com.br\/index.php?rest_route=\/wp\/v2\/types\/post"}],"author":[{"embeddable":true,"href":"https:\/\/www.p31noticias.com.br\/index.php?rest_route=\/wp\/v2\/users\/2"}],"replies":[{"embeddable":true,"href":"https:\/\/www.p31noticias.com.br\/index.php?rest_route=%2Fwp%2Fv2%2Fcomments&post=22623"}],"version-history":[{"count":1,"href":"https:\/\/www.p31noticias.com.br\/index.php?rest_route=\/wp\/v2\/posts\/22623\/revisions"}],"predecessor-version":[{"id":22625,"href":"https:\/\/www.p31noticias.com.br\/index.php?rest_route=\/wp\/v2\/posts\/22623\/revisions\/22625"}],"wp:featuredmedia":[{"embeddable":true,"href":"https:\/\/www.p31noticias.com.br\/index.php?rest_route=\/wp\/v2\/media\/22624"}],"wp:attachment":[{"href":"https:\/\/www.p31noticias.com.br\/index.php?rest_route=%2Fwp%2Fv2%2Fmedia&parent=22623"}],"wp:term":[{"taxonomy":"category","embeddable":true,"href":"https:\/\/www.p31noticias.com.br\/index.php?rest_route=%2Fwp%2Fv2%2Fcategories&post=22623"},{"taxonomy":"post_tag","embeddable":true,"href":"https:\/\/www.p31noticias.com.br\/index.php?rest_route=%2Fwp%2Fv2%2Ftags&post=22623"}],"curies":[{"name":"wp","href":"https:\/\/api.w.org\/{rel}","templated":true}]}}