{"id":22620,"date":"2020-08-27T22:49:33","date_gmt":"2020-08-27T22:49:33","guid":{"rendered":"https:\/\/p31noticias.com.br\/?p=22620"},"modified":"2020-08-27T22:49:33","modified_gmt":"2020-08-27T22:49:33","slug":"reativacao-de-forno-da-usiminas-ajudara-na-retomada-economica","status":"publish","type":"post","link":"https:\/\/www.p31noticias.com.br\/?p=22620","title":{"rendered":"Reativa\u00e7\u00e3o de forno da Usiminas ajudar\u00e1 na retomada econ\u00f4mica"},"content":{"rendered":"<p style=\"text-align: justify;\">Foram quatro meses com o alto-forno desligado e a produ\u00e7\u00e3o interrompida. Um per\u00edodo dif\u00edcil para Usiminas, provocado pela pandemia do novo coronav\u00edrus. Sem encomendas, a dire\u00e7\u00e3o da unidade, que fica na cidade de Ipatinga, no Vale do A\u00e7o de Minas Gerais, reduziu jornadas de trabalho de seus funcion\u00e1rios e interrompeu contratos com fornecedores. Uma fase ruim que vai ficando para tr\u00e1s.<img decoding=\"async\" src=\"https:\/\/agenciabrasil.ebc.com.br\/ebc.png?id=1314836&amp;o=node\" \/><img decoding=\"async\" src=\"https:\/\/agenciabrasil.ebc.com.br\/ebc.gif?id=1314836&amp;o=node\" \/><\/p>\n<p style=\"text-align: justify;\">Hoje o alto-forno 1 voltou foi religado, em uma cerim\u00f4nia que contou com a participa\u00e7\u00e3o do presidente Jair Bolsonaro. O alto-forno 1 foi o primeiro a ser instalado na Usiminas, na d\u00e9cada de 1960 . Ele tem a capacidade para produzir 2 mil toneladas de ferro gusa por dia,\u00a0que \u00e9 a primeira etapa do processo sider\u00fargico,\u00a0e \u00e9 considerado um s\u00edmbolo da siderurgia nacional.<\/p>\n<p style=\"text-align: justify;\">O presidente Bolsonaro\u00a0disse que a empresa \u00e9 &#8220;um orgulho nacional&#8221; e lembrou que a\u00a0retomada do alto forno faz parte do processo de recupera\u00e7\u00e3o econ\u00f4mica do pa\u00eds, afetada pela pandemia de covid-19. Ele destacou que apesar da crise econ\u00f4mica mundial provocada pelo novo coronav\u00edrus, o Brasil \u00e9 um dos pa\u00edses que melhor lidou com a quest\u00e3o:\u00a0&#8220;A tend\u00eancia era de que a economia brasileira crescesse 3% este ano, mas veio o imprevisto. S\u00f3 que o governo fez a sua parte. O Brasil foi um dos pa\u00edses que melhor lidou com estas quest\u00f5es&#8221;<\/p>\n<p style=\"text-align: justify;\">Para o presidente da Usiminas, Sergio Leite, a retomada do alto-forno 1 \u00e9 tamb\u00e9m uma mensagem de otimismo e que refor\u00e7a o compromisso da companhia com o desenvolvimento do pa\u00eds. \u201cEsse religamento tem um significado especial para n\u00f3s, por marcar a confian\u00e7a da Usiminas no futuro. O ponto mais agudo da crise, vivido em abril, ficou para tr\u00e1s e diversos indicadores sinalizam para uma retomada gradual da economia ao longo do segundo semestre a do pr\u00f3ximo ano\u201d, avalia Leite.<\/p>\n<p style=\"text-align: justify;\">A Usiminas tem cerca de 6 mil funcion\u00e1rios em Ipatinga e \u00e9 fundamental para a economia da cidade e tamb\u00e9m para outros munic\u00edpios do Vale do A\u00e7o de Minas Gerais.<\/p>\n<p style=\"text-align: justify;\">Fonte : Ag\u00eancia Brasil<\/p>\n","protected":false},"excerpt":{"rendered":"<p>Foram quatro meses com o alto-forno desligado e a produ\u00e7\u00e3o interrompida. Um per\u00edodo dif\u00edcil para Usiminas, provocado pela pandemia do novo coronav\u00edrus. Sem encomendas, a dire\u00e7\u00e3o da unidade, que fica na cidade de Ipatinga, no Vale do A\u00e7o de Minas Gerais, reduziu jornadas de trabalho de seus funcion\u00e1rios e interrompeu contratos com fornecedores. Uma fase [&hellip;]<\/p>\n","protected":false},"author":2,"featured_media":22621,"comment_status":"open","ping_status":"open","sticky":false,"template":"","format":"standard","meta":{"footnotes":""},"categories":[68],"tags":[],"class_list":{"0":"post-22620","1":"post","2":"type-post","3":"status-publish","4":"format-standard","5":"has-post-thumbnail","7":"category-brasil"},"yoast_head":"<!-- This site is optimized with the Yoast SEO Premium plugin v24.5 (Yoast SEO v27.5) - https:\/\/yoast.com\/product\/yoast-seo-premium-wordpress\/ -->\n<title>Reativa\u00e7\u00e3o de forno da Usiminas ajudar\u00e1 na retomada econ\u00f4mica - P31<\/title>\n<meta name=\"robots\" content=\"index, follow, max-snippet:-1, max-image-preview:large, max-video-preview:-1\" \/>\n<link rel=\"canonical\" href=\"https:\/\/www.p31noticias.com.br\/?p=22620\" \/>\n<meta property=\"og:locale\" content=\"pt_BR\" \/>\n<meta property=\"og:type\" content=\"article\" \/>\n<meta property=\"og:title\" content=\"Reativa\u00e7\u00e3o de forno da Usiminas ajudar\u00e1 na retomada econ\u00f4mica\" \/>\n<meta property=\"og:description\" content=\"Foram quatro meses com o alto-forno desligado e a produ\u00e7\u00e3o interrompida. Um per\u00edodo dif\u00edcil para Usiminas, provocado pela pandemia do novo coronav\u00edrus. Sem encomendas, a dire\u00e7\u00e3o da unidade, que fica na cidade de Ipatinga, no Vale do A\u00e7o de Minas Gerais, reduziu jornadas de trabalho de seus funcion\u00e1rios e interrompeu contratos com fornecedores. Uma fase [&hellip;]\" \/>\n<meta property=\"og:url\" content=\"https:\/\/www.p31noticias.com.br\/?p=22620\" \/>\n<meta property=\"og:site_name\" content=\"P31\" \/>\n<meta property=\"article:published_time\" content=\"2020-08-27T22:49:33+00:00\" \/>\n<meta property=\"og:image\" content=\"https:\/\/www.p31noticias.com.br\/wp-content\/uploads\/2020\/08\/Bolsonaro-na-usiminas.jpg\" \/>\n\t<meta property=\"og:image:width\" content=\"1170\" \/>\n\t<meta property=\"og:image:height\" content=\"700\" \/>\n\t<meta property=\"og:image:type\" content=\"image\/jpeg\" \/>\n<meta name=\"author\" content=\"Gon\u00e7alves Junior\" \/>\n<meta name=\"twitter:card\" content=\"summary_large_image\" \/>\n<meta name=\"twitter:label1\" content=\"Escrito por\" \/>\n\t<meta name=\"twitter:data1\" content=\"Gon\u00e7alves Junior\" \/>\n\t<meta name=\"twitter:label2\" content=\"Est. tempo de leitura\" \/>\n\t<meta name=\"twitter:data2\" content=\"2 minutos\" \/>\n<script type=\"application\/ld+json\" class=\"yoast-schema-graph\">{\"@context\":\"https:\\\/\\\/schema.org\",\"@graph\":[{\"@type\":\"Article\",\"@id\":\"https:\\\/\\\/www.p31noticias.com.br\\\/?p=22620#article\",\"isPartOf\":{\"@id\":\"https:\\\/\\\/www.p31noticias.com.br\\\/?p=22620\"},\"author\":{\"name\":\"Gon\u00e7alves Junior\",\"@id\":\"https:\\\/\\\/www.p31noticias.com.br\\\/#\\\/schema\\\/person\\\/95f2ece30e3b4132065b915150cd0f94\"},\"headline\":\"Reativa\u00e7\u00e3o de forno da Usiminas ajudar\u00e1 na retomada econ\u00f4mica\",\"datePublished\":\"2020-08-27T22:49:33+00:00\",\"mainEntityOfPage\":{\"@id\":\"https:\\\/\\\/www.p31noticias.com.br\\\/?p=22620\"},\"wordCount\":363,\"commentCount\":0,\"image\":{\"@id\":\"https:\\\/\\\/www.p31noticias.com.br\\\/?p=22620#primaryimage\"},\"thumbnailUrl\":\"https:\\\/\\\/www.p31noticias.com.br\\\/wp-content\\\/uploads\\\/2020\\\/08\\\/Bolsonaro-na-usiminas.jpg\",\"articleSection\":[\"Brasil\"],\"inLanguage\":\"pt-BR\",\"potentialAction\":[{\"@type\":\"CommentAction\",\"name\":\"Comment\",\"target\":[\"https:\\\/\\\/www.p31noticias.com.br\\\/?p=22620#respond\"]}],\"copyrightYear\":\"2020\",\"copyrightHolder\":{\"@id\":\"https:\\\/\\\/www.p31noticias.com.br\\\/#organization\"}},{\"@type\":\"WebPage\",\"@id\":\"https:\\\/\\\/www.p31noticias.com.br\\\/?p=22620\",\"url\":\"https:\\\/\\\/www.p31noticias.com.br\\\/?p=22620\",\"name\":\"Reativa\u00e7\u00e3o de forno da Usiminas ajudar\u00e1 na retomada econ\u00f4mica - P31\",\"isPartOf\":{\"@id\":\"https:\\\/\\\/www.p31noticias.com.br\\\/#website\"},\"primaryImageOfPage\":{\"@id\":\"https:\\\/\\\/www.p31noticias.com.br\\\/?p=22620#primaryimage\"},\"image\":{\"@id\":\"https:\\\/\\\/www.p31noticias.com.br\\\/?p=22620#primaryimage\"},\"thumbnailUrl\":\"https:\\\/\\\/www.p31noticias.com.br\\\/wp-content\\\/uploads\\\/2020\\\/08\\\/Bolsonaro-na-usiminas.jpg\",\"datePublished\":\"2020-08-27T22:49:33+00:00\",\"author\":{\"@id\":\"https:\\\/\\\/www.p31noticias.com.br\\\/#\\\/schema\\\/person\\\/95f2ece30e3b4132065b915150cd0f94\"},\"breadcrumb\":{\"@id\":\"https:\\\/\\\/www.p31noticias.com.br\\\/?p=22620#breadcrumb\"},\"inLanguage\":\"pt-BR\",\"potentialAction\":[{\"@type\":\"ReadAction\",\"target\":[\"https:\\\/\\\/www.p31noticias.com.br\\\/?p=22620\"]}]},{\"@type\":\"ImageObject\",\"inLanguage\":\"pt-BR\",\"@id\":\"https:\\\/\\\/www.p31noticias.com.br\\\/?p=22620#primaryimage\",\"url\":\"https:\\\/\\\/www.p31noticias.com.br\\\/wp-content\\\/uploads\\\/2020\\\/08\\\/Bolsonaro-na-usiminas.jpg\",\"contentUrl\":\"https:\\\/\\\/www.p31noticias.com.br\\\/wp-content\\\/uploads\\\/2020\\\/08\\\/Bolsonaro-na-usiminas.jpg\",\"width\":1170,\"height\":700,\"caption\":\"(Ipatinga - MG, 26\\\/08\\\/2020) Cerim\u00f4nia de Retomada do Alto-forno 1 da Usina de Ipatinga\\\/Usiminas. Foto: Marcos Corr\u00eaa\\\/PR\"},{\"@type\":\"BreadcrumbList\",\"@id\":\"https:\\\/\\\/www.p31noticias.com.br\\\/?p=22620#breadcrumb\",\"itemListElement\":[{\"@type\":\"ListItem\",\"position\":1,\"name\":\"In\u00edcio\",\"item\":\"https:\\\/\\\/www.p31noticias.com.br\\\/\"},{\"@type\":\"ListItem\",\"position\":2,\"name\":\"Reativa\u00e7\u00e3o de forno da Usiminas ajudar\u00e1 na retomada econ\u00f4mica\"}]},{\"@type\":\"WebSite\",\"@id\":\"https:\\\/\\\/www.p31noticias.com.br\\\/#website\",\"url\":\"https:\\\/\\\/www.p31noticias.com.br\\\/\",\"name\":\"P31\",\"description\":\"NOT\u00cdCIAS\",\"potentialAction\":[{\"@type\":\"SearchAction\",\"target\":{\"@type\":\"EntryPoint\",\"urlTemplate\":\"https:\\\/\\\/www.p31noticias.com.br\\\/?s={search_term_string}\"},\"query-input\":{\"@type\":\"PropertyValueSpecification\",\"valueRequired\":true,\"valueName\":\"search_term_string\"}}],\"inLanguage\":\"pt-BR\"},{\"@type\":\"Person\",\"@id\":\"https:\\\/\\\/www.p31noticias.com.br\\\/#\\\/schema\\\/person\\\/95f2ece30e3b4132065b915150cd0f94\",\"name\":\"Gon\u00e7alves Junior\",\"image\":{\"@type\":\"ImageObject\",\"inLanguage\":\"pt-BR\",\"@id\":\"https:\\\/\\\/secure.gravatar.com\\\/avatar\\\/6711f350116a89762687a48d66f723c799e5438a5b7578508d4294cd7a5d0800?s=96&d=mm&r=g\",\"url\":\"https:\\\/\\\/secure.gravatar.com\\\/avatar\\\/6711f350116a89762687a48d66f723c799e5438a5b7578508d4294cd7a5d0800?s=96&d=mm&r=g\",\"contentUrl\":\"https:\\\/\\\/secure.gravatar.com\\\/avatar\\\/6711f350116a89762687a48d66f723c799e5438a5b7578508d4294cd7a5d0800?s=96&d=mm&r=g\",\"caption\":\"Gon\u00e7alves Junior\"},\"url\":\"https:\\\/\\\/www.p31noticias.com.br\\\/?author=2\"}]}<\/script>\n<!-- \/ Yoast SEO Premium plugin. -->","yoast_head_json":{"title":"Reativa\u00e7\u00e3o de forno da Usiminas ajudar\u00e1 na retomada econ\u00f4mica - P31","robots":{"index":"index","follow":"follow","max-snippet":"max-snippet:-1","max-image-preview":"max-image-preview:large","max-video-preview":"max-video-preview:-1"},"canonical":"https:\/\/www.p31noticias.com.br\/?p=22620","og_locale":"pt_BR","og_type":"article","og_title":"Reativa\u00e7\u00e3o de forno da Usiminas ajudar\u00e1 na retomada econ\u00f4mica","og_description":"Foram quatro meses com o alto-forno desligado e a produ\u00e7\u00e3o interrompida. Um per\u00edodo dif\u00edcil para Usiminas, provocado pela pandemia do novo coronav\u00edrus. Sem encomendas, a dire\u00e7\u00e3o da unidade, que fica na cidade de Ipatinga, no Vale do A\u00e7o de Minas Gerais, reduziu jornadas de trabalho de seus funcion\u00e1rios e interrompeu contratos com fornecedores. Uma fase [&hellip;]","og_url":"https:\/\/www.p31noticias.com.br\/?p=22620","og_site_name":"P31","article_published_time":"2020-08-27T22:49:33+00:00","og_image":[{"width":1170,"height":700,"url":"https:\/\/www.p31noticias.com.br\/wp-content\/uploads\/2020\/08\/Bolsonaro-na-usiminas.jpg","type":"image\/jpeg"}],"author":"Gon\u00e7alves Junior","twitter_card":"summary_large_image","twitter_misc":{"Escrito por":"Gon\u00e7alves Junior","Est. tempo de leitura":"2 minutos"},"schema":{"@context":"https:\/\/schema.org","@graph":[{"@type":"Article","@id":"https:\/\/www.p31noticias.com.br\/?p=22620#article","isPartOf":{"@id":"https:\/\/www.p31noticias.com.br\/?p=22620"},"author":{"name":"Gon\u00e7alves Junior","@id":"https:\/\/www.p31noticias.com.br\/#\/schema\/person\/95f2ece30e3b4132065b915150cd0f94"},"headline":"Reativa\u00e7\u00e3o de forno da Usiminas ajudar\u00e1 na retomada econ\u00f4mica","datePublished":"2020-08-27T22:49:33+00:00","mainEntityOfPage":{"@id":"https:\/\/www.p31noticias.com.br\/?p=22620"},"wordCount":363,"commentCount":0,"image":{"@id":"https:\/\/www.p31noticias.com.br\/?p=22620#primaryimage"},"thumbnailUrl":"https:\/\/www.p31noticias.com.br\/wp-content\/uploads\/2020\/08\/Bolsonaro-na-usiminas.jpg","articleSection":["Brasil"],"inLanguage":"pt-BR","potentialAction":[{"@type":"CommentAction","name":"Comment","target":["https:\/\/www.p31noticias.com.br\/?p=22620#respond"]}],"copyrightYear":"2020","copyrightHolder":{"@id":"https:\/\/www.p31noticias.com.br\/#organization"}},{"@type":"WebPage","@id":"https:\/\/www.p31noticias.com.br\/?p=22620","url":"https:\/\/www.p31noticias.com.br\/?p=22620","name":"Reativa\u00e7\u00e3o de forno da Usiminas ajudar\u00e1 na retomada econ\u00f4mica - P31","isPartOf":{"@id":"https:\/\/www.p31noticias.com.br\/#website"},"primaryImageOfPage":{"@id":"https:\/\/www.p31noticias.com.br\/?p=22620#primaryimage"},"image":{"@id":"https:\/\/www.p31noticias.com.br\/?p=22620#primaryimage"},"thumbnailUrl":"https:\/\/www.p31noticias.com.br\/wp-content\/uploads\/2020\/08\/Bolsonaro-na-usiminas.jpg","datePublished":"2020-08-27T22:49:33+00:00","author":{"@id":"https:\/\/www.p31noticias.com.br\/#\/schema\/person\/95f2ece30e3b4132065b915150cd0f94"},"breadcrumb":{"@id":"https:\/\/www.p31noticias.com.br\/?p=22620#breadcrumb"},"inLanguage":"pt-BR","potentialAction":[{"@type":"ReadAction","target":["https:\/\/www.p31noticias.com.br\/?p=22620"]}]},{"@type":"ImageObject","inLanguage":"pt-BR","@id":"https:\/\/www.p31noticias.com.br\/?p=22620#primaryimage","url":"https:\/\/www.p31noticias.com.br\/wp-content\/uploads\/2020\/08\/Bolsonaro-na-usiminas.jpg","contentUrl":"https:\/\/www.p31noticias.com.br\/wp-content\/uploads\/2020\/08\/Bolsonaro-na-usiminas.jpg","width":1170,"height":700,"caption":"(Ipatinga - MG, 26\/08\/2020) Cerim\u00f4nia de Retomada do Alto-forno 1 da Usina de Ipatinga\/Usiminas. Foto: Marcos Corr\u00eaa\/PR"},{"@type":"BreadcrumbList","@id":"https:\/\/www.p31noticias.com.br\/?p=22620#breadcrumb","itemListElement":[{"@type":"ListItem","position":1,"name":"In\u00edcio","item":"https:\/\/www.p31noticias.com.br\/"},{"@type":"ListItem","position":2,"name":"Reativa\u00e7\u00e3o de forno da Usiminas ajudar\u00e1 na retomada econ\u00f4mica"}]},{"@type":"WebSite","@id":"https:\/\/www.p31noticias.com.br\/#website","url":"https:\/\/www.p31noticias.com.br\/","name":"P31","description":"NOT\u00cdCIAS","potentialAction":[{"@type":"SearchAction","target":{"@type":"EntryPoint","urlTemplate":"https:\/\/www.p31noticias.com.br\/?s={search_term_string}"},"query-input":{"@type":"PropertyValueSpecification","valueRequired":true,"valueName":"search_term_string"}}],"inLanguage":"pt-BR"},{"@type":"Person","@id":"https:\/\/www.p31noticias.com.br\/#\/schema\/person\/95f2ece30e3b4132065b915150cd0f94","name":"Gon\u00e7alves Junior","image":{"@type":"ImageObject","inLanguage":"pt-BR","@id":"https:\/\/secure.gravatar.com\/avatar\/6711f350116a89762687a48d66f723c799e5438a5b7578508d4294cd7a5d0800?s=96&d=mm&r=g","url":"https:\/\/secure.gravatar.com\/avatar\/6711f350116a89762687a48d66f723c799e5438a5b7578508d4294cd7a5d0800?s=96&d=mm&r=g","contentUrl":"https:\/\/secure.gravatar.com\/avatar\/6711f350116a89762687a48d66f723c799e5438a5b7578508d4294cd7a5d0800?s=96&d=mm&r=g","caption":"Gon\u00e7alves Junior"},"url":"https:\/\/www.p31noticias.com.br\/?author=2"}]}},"amp_enabled":true,"_links":{"self":[{"href":"https:\/\/www.p31noticias.com.br\/index.php?rest_route=\/wp\/v2\/posts\/22620","targetHints":{"allow":["GET"]}}],"collection":[{"href":"https:\/\/www.p31noticias.com.br\/index.php?rest_route=\/wp\/v2\/posts"}],"about":[{"href":"https:\/\/www.p31noticias.com.br\/index.php?rest_route=\/wp\/v2\/types\/post"}],"author":[{"embeddable":true,"href":"https:\/\/www.p31noticias.com.br\/index.php?rest_route=\/wp\/v2\/users\/2"}],"replies":[{"embeddable":true,"href":"https:\/\/www.p31noticias.com.br\/index.php?rest_route=%2Fwp%2Fv2%2Fcomments&post=22620"}],"version-history":[{"count":1,"href":"https:\/\/www.p31noticias.com.br\/index.php?rest_route=\/wp\/v2\/posts\/22620\/revisions"}],"predecessor-version":[{"id":22622,"href":"https:\/\/www.p31noticias.com.br\/index.php?rest_route=\/wp\/v2\/posts\/22620\/revisions\/22622"}],"wp:featuredmedia":[{"embeddable":true,"href":"https:\/\/www.p31noticias.com.br\/index.php?rest_route=\/wp\/v2\/media\/22621"}],"wp:attachment":[{"href":"https:\/\/www.p31noticias.com.br\/index.php?rest_route=%2Fwp%2Fv2%2Fmedia&parent=22620"}],"wp:term":[{"taxonomy":"category","embeddable":true,"href":"https:\/\/www.p31noticias.com.br\/index.php?rest_route=%2Fwp%2Fv2%2Fcategories&post=22620"},{"taxonomy":"post_tag","embeddable":true,"href":"https:\/\/www.p31noticias.com.br\/index.php?rest_route=%2Fwp%2Fv2%2Ftags&post=22620"}],"curies":[{"name":"wp","href":"https:\/\/api.w.org\/{rel}","templated":true}]}}