{"id":22605,"date":"2020-08-27T22:16:08","date_gmt":"2020-08-27T22:16:08","guid":{"rendered":"https:\/\/p31noticias.com.br\/?p=22605"},"modified":"2020-08-27T22:20:57","modified_gmt":"2020-08-27T22:20:57","slug":"trump-fara-justica-contra-a-china-pela-covid-19-diz-mike-pompeo-em-convencao","status":"publish","type":"post","link":"https:\/\/www.p31noticias.com.br\/?p=22605","title":{"rendered":"Trump far\u00e1 &#8216;justi\u00e7a&#8217; contra a China pela Covid-19, diz Mike Pompeo em conven\u00e7\u00e3o"},"content":{"rendered":"<p style=\"text-align: justify;\">O secret\u00e1rio de Estado americano, Mike Pompeo, afirmou nesta ter\u00e7a-feira (25), no segundo dia da Conven\u00e7\u00e3o Nacional Republicana, que o presidente Donald Trump pretende, em um eventual segundo mandato, &#8220;responsabilizar a China pelo v\u00edrus chin\u00eas&#8221;, em refer\u00eancia ao novo coronav\u00edrus.&#8221;O presidente fez a China respons\u00e1vel por encobrir o v\u00edrus chin\u00eas e permitir a morte e a destrui\u00e7\u00e3o econ\u00f4mica nos Estados Unidos e ao redor do mundo. Ele n\u00e3o vai descansar at\u00e9 a justi\u00e7a ser feita&#8221;, disse Pompeo, em v\u00eddeo gravado a partir de Jerusal\u00e9m.A participa\u00e7\u00e3o de Pompeo na Conven\u00e7\u00e3o Republicana quebra precedentes. Secret\u00e1rios de Estado, que lideram a diplomacia americana, tradicionalmente n\u00e3o participam de eventos pol\u00edticos, nem tratam de assuntos internos dos EUA quando est\u00e3o fora do pa\u00eds.<\/p>\n<p>Fonte : CBN<\/p>\n<p style=\"text-align: justify;\">\n","protected":false},"excerpt":{"rendered":"<p>O secret\u00e1rio de Estado americano, Mike Pompeo, afirmou nesta ter\u00e7a-feira (25), no segundo dia da Conven\u00e7\u00e3o Nacional Republicana, que o presidente Donald Trump pretende, em um eventual segundo mandato, &#8220;responsabilizar a China pelo v\u00edrus chin\u00eas&#8221;, em refer\u00eancia ao novo coronav\u00edrus.&#8221;O presidente fez a China respons\u00e1vel por encobrir o v\u00edrus chin\u00eas e permitir a morte e [&hellip;]<\/p>\n","protected":false},"author":2,"featured_media":22606,"comment_status":"open","ping_status":"open","sticky":false,"template":"","format":"standard","meta":{"footnotes":""},"categories":[57],"tags":[],"class_list":{"0":"post-22605","1":"post","2":"type-post","3":"status-publish","4":"format-standard","5":"has-post-thumbnail","7":"category-politica"},"yoast_head":"<!-- This site is optimized with the Yoast SEO Premium plugin v24.5 (Yoast SEO v27.5) - https:\/\/yoast.com\/product\/yoast-seo-premium-wordpress\/ -->\n<title>Trump far\u00e1 &#039;justi\u00e7a&#039; contra a China pela Covid-19, diz Mike Pompeo em conven\u00e7\u00e3o - P31<\/title>\n<meta name=\"robots\" content=\"index, follow, max-snippet:-1, max-image-preview:large, max-video-preview:-1\" \/>\n<link rel=\"canonical\" href=\"https:\/\/www.p31noticias.com.br\/?p=22605\" \/>\n<meta property=\"og:locale\" content=\"pt_BR\" \/>\n<meta property=\"og:type\" content=\"article\" \/>\n<meta property=\"og:title\" content=\"Trump far\u00e1 &#039;justi\u00e7a&#039; contra a China pela Covid-19, diz Mike Pompeo em conven\u00e7\u00e3o\" \/>\n<meta property=\"og:description\" content=\"O secret\u00e1rio de Estado americano, Mike Pompeo, afirmou nesta ter\u00e7a-feira (25), no segundo dia da Conven\u00e7\u00e3o Nacional Republicana, que o presidente Donald Trump pretende, em um eventual segundo mandato, &#8220;responsabilizar a China pelo v\u00edrus chin\u00eas&#8221;, em refer\u00eancia ao novo coronav\u00edrus.&#8221;O presidente fez a China respons\u00e1vel por encobrir o v\u00edrus chin\u00eas e permitir a morte e [&hellip;]\" \/>\n<meta property=\"og:url\" content=\"https:\/\/www.p31noticias.com.br\/?p=22605\" \/>\n<meta property=\"og:site_name\" content=\"P31\" \/>\n<meta property=\"article:published_time\" content=\"2020-08-27T22:16:08+00:00\" \/>\n<meta property=\"article:modified_time\" content=\"2020-08-27T22:20:57+00:00\" \/>\n<meta property=\"og:image\" content=\"https:\/\/www.p31noticias.com.br\/wp-content\/uploads\/2020\/08\/4774.jpg\" \/>\n\t<meta property=\"og:image:width\" content=\"1200\" \/>\n\t<meta property=\"og:image:height\" content=\"1200\" \/>\n\t<meta property=\"og:image:type\" content=\"image\/jpeg\" \/>\n<meta name=\"author\" content=\"Gon\u00e7alves Junior\" \/>\n<meta name=\"twitter:card\" content=\"summary_large_image\" \/>\n<meta name=\"twitter:label1\" content=\"Escrito por\" \/>\n\t<meta name=\"twitter:data1\" content=\"Gon\u00e7alves Junior\" \/>\n\t<meta name=\"twitter:label2\" content=\"Est. tempo de leitura\" \/>\n\t<meta name=\"twitter:data2\" content=\"1 minuto\" \/>\n<script type=\"application\/ld+json\" class=\"yoast-schema-graph\">{\"@context\":\"https:\\\/\\\/schema.org\",\"@graph\":[{\"@type\":\"Article\",\"@id\":\"https:\\\/\\\/www.p31noticias.com.br\\\/?p=22605#article\",\"isPartOf\":{\"@id\":\"https:\\\/\\\/www.p31noticias.com.br\\\/?p=22605\"},\"author\":{\"name\":\"Gon\u00e7alves Junior\",\"@id\":\"https:\\\/\\\/www.p31noticias.com.br\\\/#\\\/schema\\\/person\\\/95f2ece30e3b4132065b915150cd0f94\"},\"headline\":\"Trump far\u00e1 &#8216;justi\u00e7a&#8217; contra a China pela Covid-19, diz Mike Pompeo em conven\u00e7\u00e3o\",\"datePublished\":\"2020-08-27T22:16:08+00:00\",\"dateModified\":\"2020-08-27T22:20:57+00:00\",\"mainEntityOfPage\":{\"@id\":\"https:\\\/\\\/www.p31noticias.com.br\\\/?p=22605\"},\"wordCount\":159,\"commentCount\":0,\"image\":{\"@id\":\"https:\\\/\\\/www.p31noticias.com.br\\\/?p=22605#primaryimage\"},\"thumbnailUrl\":\"https:\\\/\\\/www.p31noticias.com.br\\\/wp-content\\\/uploads\\\/2020\\\/08\\\/4774.jpg\",\"articleSection\":[\"Pol\u00edtica\"],\"inLanguage\":\"pt-BR\",\"potentialAction\":[{\"@type\":\"CommentAction\",\"name\":\"Comment\",\"target\":[\"https:\\\/\\\/www.p31noticias.com.br\\\/?p=22605#respond\"]}],\"copyrightYear\":\"2020\",\"copyrightHolder\":{\"@id\":\"https:\\\/\\\/www.p31noticias.com.br\\\/#organization\"}},{\"@type\":\"WebPage\",\"@id\":\"https:\\\/\\\/www.p31noticias.com.br\\\/?p=22605\",\"url\":\"https:\\\/\\\/www.p31noticias.com.br\\\/?p=22605\",\"name\":\"Trump far\u00e1 'justi\u00e7a' contra a China pela Covid-19, diz Mike Pompeo em conven\u00e7\u00e3o - P31\",\"isPartOf\":{\"@id\":\"https:\\\/\\\/www.p31noticias.com.br\\\/#website\"},\"primaryImageOfPage\":{\"@id\":\"https:\\\/\\\/www.p31noticias.com.br\\\/?p=22605#primaryimage\"},\"image\":{\"@id\":\"https:\\\/\\\/www.p31noticias.com.br\\\/?p=22605#primaryimage\"},\"thumbnailUrl\":\"https:\\\/\\\/www.p31noticias.com.br\\\/wp-content\\\/uploads\\\/2020\\\/08\\\/4774.jpg\",\"datePublished\":\"2020-08-27T22:16:08+00:00\",\"dateModified\":\"2020-08-27T22:20:57+00:00\",\"author\":{\"@id\":\"https:\\\/\\\/www.p31noticias.com.br\\\/#\\\/schema\\\/person\\\/95f2ece30e3b4132065b915150cd0f94\"},\"breadcrumb\":{\"@id\":\"https:\\\/\\\/www.p31noticias.com.br\\\/?p=22605#breadcrumb\"},\"inLanguage\":\"pt-BR\",\"potentialAction\":[{\"@type\":\"ReadAction\",\"target\":[\"https:\\\/\\\/www.p31noticias.com.br\\\/?p=22605\"]}]},{\"@type\":\"ImageObject\",\"inLanguage\":\"pt-BR\",\"@id\":\"https:\\\/\\\/www.p31noticias.com.br\\\/?p=22605#primaryimage\",\"url\":\"https:\\\/\\\/www.p31noticias.com.br\\\/wp-content\\\/uploads\\\/2020\\\/08\\\/4774.jpg\",\"contentUrl\":\"https:\\\/\\\/www.p31noticias.com.br\\\/wp-content\\\/uploads\\\/2020\\\/08\\\/4774.jpg\",\"width\":1200,\"height\":1200},{\"@type\":\"BreadcrumbList\",\"@id\":\"https:\\\/\\\/www.p31noticias.com.br\\\/?p=22605#breadcrumb\",\"itemListElement\":[{\"@type\":\"ListItem\",\"position\":1,\"name\":\"In\u00edcio\",\"item\":\"https:\\\/\\\/www.p31noticias.com.br\\\/\"},{\"@type\":\"ListItem\",\"position\":2,\"name\":\"Trump far\u00e1 &#8216;justi\u00e7a&#8217; contra a China pela Covid-19, diz Mike Pompeo em conven\u00e7\u00e3o\"}]},{\"@type\":\"WebSite\",\"@id\":\"https:\\\/\\\/www.p31noticias.com.br\\\/#website\",\"url\":\"https:\\\/\\\/www.p31noticias.com.br\\\/\",\"name\":\"P31\",\"description\":\"NOT\u00cdCIAS\",\"potentialAction\":[{\"@type\":\"SearchAction\",\"target\":{\"@type\":\"EntryPoint\",\"urlTemplate\":\"https:\\\/\\\/www.p31noticias.com.br\\\/?s={search_term_string}\"},\"query-input\":{\"@type\":\"PropertyValueSpecification\",\"valueRequired\":true,\"valueName\":\"search_term_string\"}}],\"inLanguage\":\"pt-BR\"},{\"@type\":\"Person\",\"@id\":\"https:\\\/\\\/www.p31noticias.com.br\\\/#\\\/schema\\\/person\\\/95f2ece30e3b4132065b915150cd0f94\",\"name\":\"Gon\u00e7alves Junior\",\"image\":{\"@type\":\"ImageObject\",\"inLanguage\":\"pt-BR\",\"@id\":\"https:\\\/\\\/secure.gravatar.com\\\/avatar\\\/6711f350116a89762687a48d66f723c799e5438a5b7578508d4294cd7a5d0800?s=96&d=mm&r=g\",\"url\":\"https:\\\/\\\/secure.gravatar.com\\\/avatar\\\/6711f350116a89762687a48d66f723c799e5438a5b7578508d4294cd7a5d0800?s=96&d=mm&r=g\",\"contentUrl\":\"https:\\\/\\\/secure.gravatar.com\\\/avatar\\\/6711f350116a89762687a48d66f723c799e5438a5b7578508d4294cd7a5d0800?s=96&d=mm&r=g\",\"caption\":\"Gon\u00e7alves Junior\"},\"url\":\"https:\\\/\\\/www.p31noticias.com.br\\\/?author=2\"}]}<\/script>\n<!-- \/ Yoast SEO Premium plugin. -->","yoast_head_json":{"title":"Trump far\u00e1 'justi\u00e7a' contra a China pela Covid-19, diz Mike Pompeo em conven\u00e7\u00e3o - P31","robots":{"index":"index","follow":"follow","max-snippet":"max-snippet:-1","max-image-preview":"max-image-preview:large","max-video-preview":"max-video-preview:-1"},"canonical":"https:\/\/www.p31noticias.com.br\/?p=22605","og_locale":"pt_BR","og_type":"article","og_title":"Trump far\u00e1 'justi\u00e7a' contra a China pela Covid-19, diz Mike Pompeo em conven\u00e7\u00e3o","og_description":"O secret\u00e1rio de Estado americano, Mike Pompeo, afirmou nesta ter\u00e7a-feira (25), no segundo dia da Conven\u00e7\u00e3o Nacional Republicana, que o presidente Donald Trump pretende, em um eventual segundo mandato, &#8220;responsabilizar a China pelo v\u00edrus chin\u00eas&#8221;, em refer\u00eancia ao novo coronav\u00edrus.&#8221;O presidente fez a China respons\u00e1vel por encobrir o v\u00edrus chin\u00eas e permitir a morte e [&hellip;]","og_url":"https:\/\/www.p31noticias.com.br\/?p=22605","og_site_name":"P31","article_published_time":"2020-08-27T22:16:08+00:00","article_modified_time":"2020-08-27T22:20:57+00:00","og_image":[{"width":1200,"height":1200,"url":"https:\/\/www.p31noticias.com.br\/wp-content\/uploads\/2020\/08\/4774.jpg","type":"image\/jpeg"}],"author":"Gon\u00e7alves Junior","twitter_card":"summary_large_image","twitter_misc":{"Escrito por":"Gon\u00e7alves Junior","Est. tempo de leitura":"1 minuto"},"schema":{"@context":"https:\/\/schema.org","@graph":[{"@type":"Article","@id":"https:\/\/www.p31noticias.com.br\/?p=22605#article","isPartOf":{"@id":"https:\/\/www.p31noticias.com.br\/?p=22605"},"author":{"name":"Gon\u00e7alves Junior","@id":"https:\/\/www.p31noticias.com.br\/#\/schema\/person\/95f2ece30e3b4132065b915150cd0f94"},"headline":"Trump far\u00e1 &#8216;justi\u00e7a&#8217; contra a China pela Covid-19, diz Mike Pompeo em conven\u00e7\u00e3o","datePublished":"2020-08-27T22:16:08+00:00","dateModified":"2020-08-27T22:20:57+00:00","mainEntityOfPage":{"@id":"https:\/\/www.p31noticias.com.br\/?p=22605"},"wordCount":159,"commentCount":0,"image":{"@id":"https:\/\/www.p31noticias.com.br\/?p=22605#primaryimage"},"thumbnailUrl":"https:\/\/www.p31noticias.com.br\/wp-content\/uploads\/2020\/08\/4774.jpg","articleSection":["Pol\u00edtica"],"inLanguage":"pt-BR","potentialAction":[{"@type":"CommentAction","name":"Comment","target":["https:\/\/www.p31noticias.com.br\/?p=22605#respond"]}],"copyrightYear":"2020","copyrightHolder":{"@id":"https:\/\/www.p31noticias.com.br\/#organization"}},{"@type":"WebPage","@id":"https:\/\/www.p31noticias.com.br\/?p=22605","url":"https:\/\/www.p31noticias.com.br\/?p=22605","name":"Trump far\u00e1 'justi\u00e7a' contra a China pela Covid-19, diz Mike Pompeo em conven\u00e7\u00e3o - P31","isPartOf":{"@id":"https:\/\/www.p31noticias.com.br\/#website"},"primaryImageOfPage":{"@id":"https:\/\/www.p31noticias.com.br\/?p=22605#primaryimage"},"image":{"@id":"https:\/\/www.p31noticias.com.br\/?p=22605#primaryimage"},"thumbnailUrl":"https:\/\/www.p31noticias.com.br\/wp-content\/uploads\/2020\/08\/4774.jpg","datePublished":"2020-08-27T22:16:08+00:00","dateModified":"2020-08-27T22:20:57+00:00","author":{"@id":"https:\/\/www.p31noticias.com.br\/#\/schema\/person\/95f2ece30e3b4132065b915150cd0f94"},"breadcrumb":{"@id":"https:\/\/www.p31noticias.com.br\/?p=22605#breadcrumb"},"inLanguage":"pt-BR","potentialAction":[{"@type":"ReadAction","target":["https:\/\/www.p31noticias.com.br\/?p=22605"]}]},{"@type":"ImageObject","inLanguage":"pt-BR","@id":"https:\/\/www.p31noticias.com.br\/?p=22605#primaryimage","url":"https:\/\/www.p31noticias.com.br\/wp-content\/uploads\/2020\/08\/4774.jpg","contentUrl":"https:\/\/www.p31noticias.com.br\/wp-content\/uploads\/2020\/08\/4774.jpg","width":1200,"height":1200},{"@type":"BreadcrumbList","@id":"https:\/\/www.p31noticias.com.br\/?p=22605#breadcrumb","itemListElement":[{"@type":"ListItem","position":1,"name":"In\u00edcio","item":"https:\/\/www.p31noticias.com.br\/"},{"@type":"ListItem","position":2,"name":"Trump far\u00e1 &#8216;justi\u00e7a&#8217; contra a China pela Covid-19, diz Mike Pompeo em conven\u00e7\u00e3o"}]},{"@type":"WebSite","@id":"https:\/\/www.p31noticias.com.br\/#website","url":"https:\/\/www.p31noticias.com.br\/","name":"P31","description":"NOT\u00cdCIAS","potentialAction":[{"@type":"SearchAction","target":{"@type":"EntryPoint","urlTemplate":"https:\/\/www.p31noticias.com.br\/?s={search_term_string}"},"query-input":{"@type":"PropertyValueSpecification","valueRequired":true,"valueName":"search_term_string"}}],"inLanguage":"pt-BR"},{"@type":"Person","@id":"https:\/\/www.p31noticias.com.br\/#\/schema\/person\/95f2ece30e3b4132065b915150cd0f94","name":"Gon\u00e7alves Junior","image":{"@type":"ImageObject","inLanguage":"pt-BR","@id":"https:\/\/secure.gravatar.com\/avatar\/6711f350116a89762687a48d66f723c799e5438a5b7578508d4294cd7a5d0800?s=96&d=mm&r=g","url":"https:\/\/secure.gravatar.com\/avatar\/6711f350116a89762687a48d66f723c799e5438a5b7578508d4294cd7a5d0800?s=96&d=mm&r=g","contentUrl":"https:\/\/secure.gravatar.com\/avatar\/6711f350116a89762687a48d66f723c799e5438a5b7578508d4294cd7a5d0800?s=96&d=mm&r=g","caption":"Gon\u00e7alves Junior"},"url":"https:\/\/www.p31noticias.com.br\/?author=2"}]}},"amp_enabled":true,"_links":{"self":[{"href":"https:\/\/www.p31noticias.com.br\/index.php?rest_route=\/wp\/v2\/posts\/22605","targetHints":{"allow":["GET"]}}],"collection":[{"href":"https:\/\/www.p31noticias.com.br\/index.php?rest_route=\/wp\/v2\/posts"}],"about":[{"href":"https:\/\/www.p31noticias.com.br\/index.php?rest_route=\/wp\/v2\/types\/post"}],"author":[{"embeddable":true,"href":"https:\/\/www.p31noticias.com.br\/index.php?rest_route=\/wp\/v2\/users\/2"}],"replies":[{"embeddable":true,"href":"https:\/\/www.p31noticias.com.br\/index.php?rest_route=%2Fwp%2Fv2%2Fcomments&post=22605"}],"version-history":[{"count":9,"href":"https:\/\/www.p31noticias.com.br\/index.php?rest_route=\/wp\/v2\/posts\/22605\/revisions"}],"predecessor-version":[{"id":22615,"href":"https:\/\/www.p31noticias.com.br\/index.php?rest_route=\/wp\/v2\/posts\/22605\/revisions\/22615"}],"wp:featuredmedia":[{"embeddable":true,"href":"https:\/\/www.p31noticias.com.br\/index.php?rest_route=\/wp\/v2\/media\/22606"}],"wp:attachment":[{"href":"https:\/\/www.p31noticias.com.br\/index.php?rest_route=%2Fwp%2Fv2%2Fmedia&parent=22605"}],"wp:term":[{"taxonomy":"category","embeddable":true,"href":"https:\/\/www.p31noticias.com.br\/index.php?rest_route=%2Fwp%2Fv2%2Fcategories&post=22605"},{"taxonomy":"post_tag","embeddable":true,"href":"https:\/\/www.p31noticias.com.br\/index.php?rest_route=%2Fwp%2Fv2%2Ftags&post=22605"}],"curies":[{"name":"wp","href":"https:\/\/api.w.org\/{rel}","templated":true}]}}