{"id":22550,"date":"2020-08-06T20:47:43","date_gmt":"2020-08-06T20:47:43","guid":{"rendered":"https:\/\/p31noticias.com.br\/?p=22550"},"modified":"2020-08-07T01:32:49","modified_gmt":"2020-08-07T01:32:49","slug":"copom-reduz-juros-basicos-da-economia-para-2-ao-ano","status":"publish","type":"post","link":"https:\/\/www.p31noticias.com.br\/?p=22550","title":{"rendered":"Copom reduz juros b\u00e1sicos da economia para 2% ao ano ."},"content":{"rendered":"<blockquote>\n<p class=\"col-10 offset-1 animated fadeInDown dealy-900 display-8 display-md-8 alt-font font-italic my-1 text-center\"><em><strong>Selic est\u00e1 no menor n\u00edvel da hist\u00f3ria depois de nove cortes seguidos<\/strong><\/em><\/p>\n<\/blockquote>\n<p>Em meio \u00e0 crise econ\u00f4mica decorrente da pandemia do novo coronav\u00edrus, o Banco Central (BC) diminuiu os juros b\u00e1sicos da economia pela nona vez seguida. Por unanimidade, o Comit\u00ea de Pol\u00edtica Monet\u00e1ria (Copom) reduziu a taxa Selic para 2% ao ano, com corte de 0,25 ponto percentual. A decis\u00e3o era\u00a0<a href=\"https:\/\/agenciabrasil.ebc.com.br\/economia\/noticia\/2020-08\/mercado-financeiro-preve-reducao-da-selic-para-2-ao-ano-nesta-semana\" target=\"_blank\" rel=\"noopener noreferrer\">esperada pelos analistas financeiros<\/a>.<img decoding=\"async\" class=\"tie-appear\" src=\"https:\/\/agenciabrasil.ebc.com.br\/ebc.png?id=1313065&amp;o=node\" \/><img decoding=\"async\" class=\"tie-appear\" src=\"https:\/\/agenciabrasil.ebc.com.br\/ebc.gif?id=1313065&amp;o=node\" \/><\/p>\n<p>Em nota, o Copom informou n\u00e3o descartar futuros ajustes nos juros b\u00e1sicos, mas ressaltou que as pr\u00f3ximas mudan\u00e7as, caso ocorram, ser\u00e3o graduais depender\u00e3o da situa\u00e7\u00e3o das contas p\u00fablicas.\u00a0\u201cO Copom entende que a conjuntura econ\u00f4mica continua a prescrever est\u00edmulo monet\u00e1rio extraordinariamente elevado [juros excepcionalmente baixos], mas reconhece que, devido a quest\u00f5es prudenciais e de estabilidade financeira, o espa\u00e7o remanescente para utiliza\u00e7\u00e3o da pol\u00edtica monet\u00e1ria, se houver, deve ser pequeno\u201d, destacou o comunicado.<\/p>\n<p>\u201cConsequentemente, eventuais ajustes futuros no atual grau de est\u00edmulo ocorreriam com gradualismo adicional e depender\u00e3o da percep\u00e7\u00e3o sobre a trajet\u00f3ria fiscal, assim como de novas informa\u00e7\u00f5es que alterem a atual avalia\u00e7\u00e3o do Copom sobre a infla\u00e7\u00e3o prospectiva [expectativa de infla\u00e7\u00e3o para os pr\u00f3ximos meses]\u201d, acrescentou o texto.<\/p>\n<p>Com a decis\u00e3o desta quarta-feira (5), a Selic est\u00e1 no menor n\u00edvel desde o in\u00edcio da s\u00e9rie hist\u00f3rica do Banco Central, em 1986. De outubro de 2012 a abril de 2013, a taxa foi mantida em 7,25% ao ano e passou a ser reajustada gradualmente at\u00e9 alcan\u00e7ar 14,25% ao ano em julho de 2015. Em outubro de 2016, o Copom voltou a reduzir os juros b\u00e1sicos da economia at\u00e9 que a taxa chegasse a 6,5% ao ano em mar\u00e7o de 2018, s\u00f3 voltando a ser reduzida em julho de 2019.<\/p>\n<h2>Infla\u00e7\u00e3o<\/h2>\n<p>A Selic \u00e9 o principal instrumento do Banco Central para manter sob controle a infla\u00e7\u00e3o oficial, medida pelo \u00cdndice Nacional de Pre\u00e7os ao Consumidor Amplo (IPCA). Nos 12 meses terminados em junho, o\u00a0<a href=\"https:\/\/agenciabrasil.ebc.com.br\/economia\/noticia\/2020-07\/inflacao-oficial-sobe-para-026-em-junho\" target=\"_blank\" rel=\"noopener noreferrer\">indicador fechou em 2,13%<\/a>.<\/p>\n<p>Essa foi a primeira acelera\u00e7\u00e3o no \u00edndice desde o in\u00edcio da pandemia do novo coronav\u00edrus. Mesmo assim, o IPCA continua abaixo do n\u00edvel m\u00ednimo da meta estabelecida pelo Conselho Monet\u00e1rio Nacional (CMN).<\/p>\n<p>Para 2020, o CMN fixou meta de infla\u00e7\u00e3o de 4%, com margem de toler\u00e2ncia de 1,5 ponto percentual. O IPCA, portanto, n\u00e3o poder\u00e1 superar 5,5% neste ano nem ficar abaixo de 2,5%. A meta para 2021 foi fixada em 3,75%, tamb\u00e9m com intervalo de toler\u00e2ncia de 1,5 ponto percentual.<\/p>\n<p>No\u00a0<em>Relat\u00f3rio de Infla\u00e7\u00e3o<\/em>\u00a0divulgado no fim de junho pelo Banco Central, a autoridade monet\u00e1ria estimava que o IPCA fecharia o ano\u00a0<a href=\"https:\/\/agenciabrasil.ebc.com.br\/economia\/noticia\/2020-06\/bc-preve-queda-de-64-na-economia-este-ano\" target=\"_blank\" rel=\"noopener noreferrer\">em 2,4% no cen\u00e1rio base<\/a>. Esse cen\u00e1rio considera as estimativas de mercado.<\/p>\n<p>A proje\u00e7\u00e3o, no entanto, ficou defasada diante da pandemia de covid-19. De acordo com o boletim\u00a0<em>Focus<\/em>, pesquisa semanal com institui\u00e7\u00f5es financeiras divulgada pelo BC, a infla\u00e7\u00e3o oficial dever\u00e1\u00a0<a href=\"https:\/\/agenciabrasil.ebc.com.br\/economia\/noticia\/2020-08\/mercado-financeiro-preve-reducao-da-selic-para-2-ao-ano-nesta-semana\" target=\"_blank\" rel=\"noopener noreferrer\">fechar o ano em 1,63%<\/a>.<\/p>\n<h2>Cr\u00e9dito mais barato<\/h2>\n<p>A redu\u00e7\u00e3o da taxa Selic estimula a economia porque juros menores barateiam o cr\u00e9dito e incentivam a produ\u00e7\u00e3o e o consumo em um cen\u00e1rio de baixa atividade econ\u00f4mica. No \u00faltimo\u00a0<em>Relat\u00f3rio de Infla\u00e7\u00e3o<\/em>, o Banco Central projetava\u00a0<a href=\"https:\/\/agenciabrasil.ebc.com.br\/economia\/noticia\/2020-06\/bc-preve-queda-de-64-na-economia-este-ano\" target=\"_blank\" rel=\"noopener noreferrer\">encolhimento de 6,4%<\/a>\u00a0para a economia neste ano. Essa foi a primeira proje\u00e7\u00e3o oficial do BC revisada ap\u00f3s o agravamento da crise provocada pelo novo coronav\u00edrus.<\/p>\n<p>O mercado projeta contra\u00e7\u00e3o um pouco menor. Segundo a \u00faltima edi\u00e7\u00e3o do boletim\u00a0<em>Focus<\/em>, os analistas econ\u00f4micos preveem\u00a0<a href=\"https:\/\/agenciabrasil.ebc.com.br\/economia\/noticia\/2020-08\/mercado-financeiro-preve-reducao-da-selic-para-2-ao-ano-nesta-semana\" target=\"_blank\" rel=\"noopener noreferrer\">contra\u00e7\u00e3o de 5,66%<\/a>\u00a0do Produto Interno Bruto (PIB, soma dos bens e servi\u00e7os produzidos pelo pa\u00eds) em 2020.<\/p>\n<p>A taxa b\u00e1sica de juros \u00e9 usada nas negocia\u00e7\u00f5es de t\u00edtulos p\u00fablicos no Sistema Especial de Liquida\u00e7\u00e3o e Cust\u00f3dia (Selic) e serve de refer\u00eancia para as demais taxas de juros da economia. Ao reajust\u00e1-la para cima, o Banco Central segura o excesso de demanda que pressiona os pre\u00e7os, porque juros mais altos encarecem o cr\u00e9dito e estimulam a poupan\u00e7a.<\/p>\n<p>Ao reduzir os juros b\u00e1sicos, o Copom barateia o cr\u00e9dito e incentiva a produ\u00e7\u00e3o e o consumo, mas enfraquece o controle da infla\u00e7\u00e3o. Para cortar a Selic, a autoridade monet\u00e1ria precisa estar segura de que os pre\u00e7os est\u00e3o sob controle e n\u00e3o correm risco de subir.<\/p>\n<p>BSB AGORA<\/p>\n","protected":false},"excerpt":{"rendered":"<p>Selic est\u00e1 no menor n\u00edvel da hist\u00f3ria depois de nove cortes seguidos Em meio \u00e0 crise econ\u00f4mica decorrente da pandemia do novo coronav\u00edrus, o Banco Central (BC) diminuiu os juros b\u00e1sicos da economia pela nona vez seguida. Por unanimidade, o Comit\u00ea de Pol\u00edtica Monet\u00e1ria (Copom) reduziu a taxa Selic para 2% ao ano, com corte [&hellip;]<\/p>\n","protected":false},"author":2,"featured_media":22551,"comment_status":"open","ping_status":"open","sticky":false,"template":"","format":"standard","meta":{"footnotes":""},"categories":[637],"tags":[],"class_list":{"0":"post-22550","1":"post","2":"type-post","3":"status-publish","4":"format-standard","5":"has-post-thumbnail","7":"category-economia"},"yoast_head":"<!-- This site is optimized with the Yoast SEO Premium plugin v24.5 (Yoast SEO v27.5) - https:\/\/yoast.com\/product\/yoast-seo-premium-wordpress\/ -->\n<title>Copom reduz juros b\u00e1sicos da economia para 2% ao ano . - P31<\/title>\n<meta name=\"robots\" content=\"index, follow, max-snippet:-1, max-image-preview:large, max-video-preview:-1\" \/>\n<link rel=\"canonical\" href=\"https:\/\/www.p31noticias.com.br\/?p=22550\" \/>\n<meta property=\"og:locale\" content=\"pt_BR\" \/>\n<meta property=\"og:type\" content=\"article\" \/>\n<meta property=\"og:title\" content=\"Copom reduz juros b\u00e1sicos da economia para 2% ao ano .\" \/>\n<meta property=\"og:description\" content=\"Selic est\u00e1 no menor n\u00edvel da hist\u00f3ria depois de nove cortes seguidos Em meio \u00e0 crise econ\u00f4mica decorrente da pandemia do novo coronav\u00edrus, o Banco Central (BC) diminuiu os juros b\u00e1sicos da economia pela nona vez seguida. Por unanimidade, o Comit\u00ea de Pol\u00edtica Monet\u00e1ria (Copom) reduziu a taxa Selic para 2% ao ano, com corte [&hellip;]\" \/>\n<meta property=\"og:url\" content=\"https:\/\/www.p31noticias.com.br\/?p=22550\" \/>\n<meta property=\"og:site_name\" content=\"P31\" \/>\n<meta property=\"article:published_time\" content=\"2020-08-06T20:47:43+00:00\" \/>\n<meta property=\"article:modified_time\" content=\"2020-08-07T01:32:49+00:00\" \/>\n<meta property=\"og:image\" content=\"https:\/\/www.p31noticias.com.br\/wp-content\/uploads\/2020\/08\/download-1.jpg\" \/>\n\t<meta property=\"og:image:width\" content=\"225\" \/>\n\t<meta property=\"og:image:height\" content=\"225\" \/>\n\t<meta property=\"og:image:type\" content=\"image\/jpeg\" \/>\n<meta name=\"author\" content=\"Gon\u00e7alves Junior\" \/>\n<meta name=\"twitter:card\" content=\"summary_large_image\" \/>\n<meta name=\"twitter:label1\" content=\"Escrito por\" \/>\n\t<meta name=\"twitter:data1\" content=\"Gon\u00e7alves Junior\" \/>\n\t<meta name=\"twitter:label2\" content=\"Est. tempo de leitura\" \/>\n\t<meta name=\"twitter:data2\" content=\"4 minutos\" \/>\n<script type=\"application\/ld+json\" class=\"yoast-schema-graph\">{\"@context\":\"https:\\\/\\\/schema.org\",\"@graph\":[{\"@type\":\"Article\",\"@id\":\"https:\\\/\\\/www.p31noticias.com.br\\\/?p=22550#article\",\"isPartOf\":{\"@id\":\"https:\\\/\\\/www.p31noticias.com.br\\\/?p=22550\"},\"author\":{\"name\":\"Gon\u00e7alves Junior\",\"@id\":\"https:\\\/\\\/www.p31noticias.com.br\\\/#\\\/schema\\\/person\\\/95f2ece30e3b4132065b915150cd0f94\"},\"headline\":\"Copom reduz juros b\u00e1sicos da economia para 2% ao ano .\",\"datePublished\":\"2020-08-06T20:47:43+00:00\",\"dateModified\":\"2020-08-07T01:32:49+00:00\",\"mainEntityOfPage\":{\"@id\":\"https:\\\/\\\/www.p31noticias.com.br\\\/?p=22550\"},\"wordCount\":749,\"commentCount\":0,\"image\":{\"@id\":\"https:\\\/\\\/www.p31noticias.com.br\\\/?p=22550#primaryimage\"},\"thumbnailUrl\":\"https:\\\/\\\/www.p31noticias.com.br\\\/wp-content\\\/uploads\\\/2020\\\/08\\\/download-1.jpg\",\"articleSection\":[\"Economia\"],\"inLanguage\":\"pt-BR\",\"potentialAction\":[{\"@type\":\"CommentAction\",\"name\":\"Comment\",\"target\":[\"https:\\\/\\\/www.p31noticias.com.br\\\/?p=22550#respond\"]}],\"copyrightYear\":\"2020\",\"copyrightHolder\":{\"@id\":\"https:\\\/\\\/www.p31noticias.com.br\\\/#organization\"}},{\"@type\":\"WebPage\",\"@id\":\"https:\\\/\\\/www.p31noticias.com.br\\\/?p=22550\",\"url\":\"https:\\\/\\\/www.p31noticias.com.br\\\/?p=22550\",\"name\":\"Copom reduz juros b\u00e1sicos da economia para 2% ao ano . - P31\",\"isPartOf\":{\"@id\":\"https:\\\/\\\/www.p31noticias.com.br\\\/#website\"},\"primaryImageOfPage\":{\"@id\":\"https:\\\/\\\/www.p31noticias.com.br\\\/?p=22550#primaryimage\"},\"image\":{\"@id\":\"https:\\\/\\\/www.p31noticias.com.br\\\/?p=22550#primaryimage\"},\"thumbnailUrl\":\"https:\\\/\\\/www.p31noticias.com.br\\\/wp-content\\\/uploads\\\/2020\\\/08\\\/download-1.jpg\",\"datePublished\":\"2020-08-06T20:47:43+00:00\",\"dateModified\":\"2020-08-07T01:32:49+00:00\",\"author\":{\"@id\":\"https:\\\/\\\/www.p31noticias.com.br\\\/#\\\/schema\\\/person\\\/95f2ece30e3b4132065b915150cd0f94\"},\"breadcrumb\":{\"@id\":\"https:\\\/\\\/www.p31noticias.com.br\\\/?p=22550#breadcrumb\"},\"inLanguage\":\"pt-BR\",\"potentialAction\":[{\"@type\":\"ReadAction\",\"target\":[\"https:\\\/\\\/www.p31noticias.com.br\\\/?p=22550\"]}]},{\"@type\":\"ImageObject\",\"inLanguage\":\"pt-BR\",\"@id\":\"https:\\\/\\\/www.p31noticias.com.br\\\/?p=22550#primaryimage\",\"url\":\"https:\\\/\\\/www.p31noticias.com.br\\\/wp-content\\\/uploads\\\/2020\\\/08\\\/download-1.jpg\",\"contentUrl\":\"https:\\\/\\\/www.p31noticias.com.br\\\/wp-content\\\/uploads\\\/2020\\\/08\\\/download-1.jpg\",\"width\":225,\"height\":225},{\"@type\":\"BreadcrumbList\",\"@id\":\"https:\\\/\\\/www.p31noticias.com.br\\\/?p=22550#breadcrumb\",\"itemListElement\":[{\"@type\":\"ListItem\",\"position\":1,\"name\":\"In\u00edcio\",\"item\":\"https:\\\/\\\/www.p31noticias.com.br\\\/\"},{\"@type\":\"ListItem\",\"position\":2,\"name\":\"Copom reduz juros b\u00e1sicos da economia para 2% ao ano .\"}]},{\"@type\":\"WebSite\",\"@id\":\"https:\\\/\\\/www.p31noticias.com.br\\\/#website\",\"url\":\"https:\\\/\\\/www.p31noticias.com.br\\\/\",\"name\":\"P31\",\"description\":\"NOT\u00cdCIAS\",\"potentialAction\":[{\"@type\":\"SearchAction\",\"target\":{\"@type\":\"EntryPoint\",\"urlTemplate\":\"https:\\\/\\\/www.p31noticias.com.br\\\/?s={search_term_string}\"},\"query-input\":{\"@type\":\"PropertyValueSpecification\",\"valueRequired\":true,\"valueName\":\"search_term_string\"}}],\"inLanguage\":\"pt-BR\"},{\"@type\":\"Person\",\"@id\":\"https:\\\/\\\/www.p31noticias.com.br\\\/#\\\/schema\\\/person\\\/95f2ece30e3b4132065b915150cd0f94\",\"name\":\"Gon\u00e7alves Junior\",\"image\":{\"@type\":\"ImageObject\",\"inLanguage\":\"pt-BR\",\"@id\":\"https:\\\/\\\/secure.gravatar.com\\\/avatar\\\/6711f350116a89762687a48d66f723c799e5438a5b7578508d4294cd7a5d0800?s=96&d=mm&r=g\",\"url\":\"https:\\\/\\\/secure.gravatar.com\\\/avatar\\\/6711f350116a89762687a48d66f723c799e5438a5b7578508d4294cd7a5d0800?s=96&d=mm&r=g\",\"contentUrl\":\"https:\\\/\\\/secure.gravatar.com\\\/avatar\\\/6711f350116a89762687a48d66f723c799e5438a5b7578508d4294cd7a5d0800?s=96&d=mm&r=g\",\"caption\":\"Gon\u00e7alves Junior\"},\"url\":\"https:\\\/\\\/www.p31noticias.com.br\\\/?author=2\"}]}<\/script>\n<!-- \/ Yoast SEO Premium plugin. -->","yoast_head_json":{"title":"Copom reduz juros b\u00e1sicos da economia para 2% ao ano . - P31","robots":{"index":"index","follow":"follow","max-snippet":"max-snippet:-1","max-image-preview":"max-image-preview:large","max-video-preview":"max-video-preview:-1"},"canonical":"https:\/\/www.p31noticias.com.br\/?p=22550","og_locale":"pt_BR","og_type":"article","og_title":"Copom reduz juros b\u00e1sicos da economia para 2% ao ano .","og_description":"Selic est\u00e1 no menor n\u00edvel da hist\u00f3ria depois de nove cortes seguidos Em meio \u00e0 crise econ\u00f4mica decorrente da pandemia do novo coronav\u00edrus, o Banco Central (BC) diminuiu os juros b\u00e1sicos da economia pela nona vez seguida. Por unanimidade, o Comit\u00ea de Pol\u00edtica Monet\u00e1ria (Copom) reduziu a taxa Selic para 2% ao ano, com corte [&hellip;]","og_url":"https:\/\/www.p31noticias.com.br\/?p=22550","og_site_name":"P31","article_published_time":"2020-08-06T20:47:43+00:00","article_modified_time":"2020-08-07T01:32:49+00:00","og_image":[{"width":225,"height":225,"url":"https:\/\/www.p31noticias.com.br\/wp-content\/uploads\/2020\/08\/download-1.jpg","type":"image\/jpeg"}],"author":"Gon\u00e7alves Junior","twitter_card":"summary_large_image","twitter_misc":{"Escrito por":"Gon\u00e7alves Junior","Est. tempo de leitura":"4 minutos"},"schema":{"@context":"https:\/\/schema.org","@graph":[{"@type":"Article","@id":"https:\/\/www.p31noticias.com.br\/?p=22550#article","isPartOf":{"@id":"https:\/\/www.p31noticias.com.br\/?p=22550"},"author":{"name":"Gon\u00e7alves Junior","@id":"https:\/\/www.p31noticias.com.br\/#\/schema\/person\/95f2ece30e3b4132065b915150cd0f94"},"headline":"Copom reduz juros b\u00e1sicos da economia para 2% ao ano .","datePublished":"2020-08-06T20:47:43+00:00","dateModified":"2020-08-07T01:32:49+00:00","mainEntityOfPage":{"@id":"https:\/\/www.p31noticias.com.br\/?p=22550"},"wordCount":749,"commentCount":0,"image":{"@id":"https:\/\/www.p31noticias.com.br\/?p=22550#primaryimage"},"thumbnailUrl":"https:\/\/www.p31noticias.com.br\/wp-content\/uploads\/2020\/08\/download-1.jpg","articleSection":["Economia"],"inLanguage":"pt-BR","potentialAction":[{"@type":"CommentAction","name":"Comment","target":["https:\/\/www.p31noticias.com.br\/?p=22550#respond"]}],"copyrightYear":"2020","copyrightHolder":{"@id":"https:\/\/www.p31noticias.com.br\/#organization"}},{"@type":"WebPage","@id":"https:\/\/www.p31noticias.com.br\/?p=22550","url":"https:\/\/www.p31noticias.com.br\/?p=22550","name":"Copom reduz juros b\u00e1sicos da economia para 2% ao ano . - P31","isPartOf":{"@id":"https:\/\/www.p31noticias.com.br\/#website"},"primaryImageOfPage":{"@id":"https:\/\/www.p31noticias.com.br\/?p=22550#primaryimage"},"image":{"@id":"https:\/\/www.p31noticias.com.br\/?p=22550#primaryimage"},"thumbnailUrl":"https:\/\/www.p31noticias.com.br\/wp-content\/uploads\/2020\/08\/download-1.jpg","datePublished":"2020-08-06T20:47:43+00:00","dateModified":"2020-08-07T01:32:49+00:00","author":{"@id":"https:\/\/www.p31noticias.com.br\/#\/schema\/person\/95f2ece30e3b4132065b915150cd0f94"},"breadcrumb":{"@id":"https:\/\/www.p31noticias.com.br\/?p=22550#breadcrumb"},"inLanguage":"pt-BR","potentialAction":[{"@type":"ReadAction","target":["https:\/\/www.p31noticias.com.br\/?p=22550"]}]},{"@type":"ImageObject","inLanguage":"pt-BR","@id":"https:\/\/www.p31noticias.com.br\/?p=22550#primaryimage","url":"https:\/\/www.p31noticias.com.br\/wp-content\/uploads\/2020\/08\/download-1.jpg","contentUrl":"https:\/\/www.p31noticias.com.br\/wp-content\/uploads\/2020\/08\/download-1.jpg","width":225,"height":225},{"@type":"BreadcrumbList","@id":"https:\/\/www.p31noticias.com.br\/?p=22550#breadcrumb","itemListElement":[{"@type":"ListItem","position":1,"name":"In\u00edcio","item":"https:\/\/www.p31noticias.com.br\/"},{"@type":"ListItem","position":2,"name":"Copom reduz juros b\u00e1sicos da economia para 2% ao ano ."}]},{"@type":"WebSite","@id":"https:\/\/www.p31noticias.com.br\/#website","url":"https:\/\/www.p31noticias.com.br\/","name":"P31","description":"NOT\u00cdCIAS","potentialAction":[{"@type":"SearchAction","target":{"@type":"EntryPoint","urlTemplate":"https:\/\/www.p31noticias.com.br\/?s={search_term_string}"},"query-input":{"@type":"PropertyValueSpecification","valueRequired":true,"valueName":"search_term_string"}}],"inLanguage":"pt-BR"},{"@type":"Person","@id":"https:\/\/www.p31noticias.com.br\/#\/schema\/person\/95f2ece30e3b4132065b915150cd0f94","name":"Gon\u00e7alves Junior","image":{"@type":"ImageObject","inLanguage":"pt-BR","@id":"https:\/\/secure.gravatar.com\/avatar\/6711f350116a89762687a48d66f723c799e5438a5b7578508d4294cd7a5d0800?s=96&d=mm&r=g","url":"https:\/\/secure.gravatar.com\/avatar\/6711f350116a89762687a48d66f723c799e5438a5b7578508d4294cd7a5d0800?s=96&d=mm&r=g","contentUrl":"https:\/\/secure.gravatar.com\/avatar\/6711f350116a89762687a48d66f723c799e5438a5b7578508d4294cd7a5d0800?s=96&d=mm&r=g","caption":"Gon\u00e7alves Junior"},"url":"https:\/\/www.p31noticias.com.br\/?author=2"}]}},"amp_enabled":true,"_links":{"self":[{"href":"https:\/\/www.p31noticias.com.br\/index.php?rest_route=\/wp\/v2\/posts\/22550","targetHints":{"allow":["GET"]}}],"collection":[{"href":"https:\/\/www.p31noticias.com.br\/index.php?rest_route=\/wp\/v2\/posts"}],"about":[{"href":"https:\/\/www.p31noticias.com.br\/index.php?rest_route=\/wp\/v2\/types\/post"}],"author":[{"embeddable":true,"href":"https:\/\/www.p31noticias.com.br\/index.php?rest_route=\/wp\/v2\/users\/2"}],"replies":[{"embeddable":true,"href":"https:\/\/www.p31noticias.com.br\/index.php?rest_route=%2Fwp%2Fv2%2Fcomments&post=22550"}],"version-history":[{"count":1,"href":"https:\/\/www.p31noticias.com.br\/index.php?rest_route=\/wp\/v2\/posts\/22550\/revisions"}],"predecessor-version":[{"id":22552,"href":"https:\/\/www.p31noticias.com.br\/index.php?rest_route=\/wp\/v2\/posts\/22550\/revisions\/22552"}],"wp:featuredmedia":[{"embeddable":true,"href":"https:\/\/www.p31noticias.com.br\/index.php?rest_route=\/wp\/v2\/media\/22551"}],"wp:attachment":[{"href":"https:\/\/www.p31noticias.com.br\/index.php?rest_route=%2Fwp%2Fv2%2Fmedia&parent=22550"}],"wp:term":[{"taxonomy":"category","embeddable":true,"href":"https:\/\/www.p31noticias.com.br\/index.php?rest_route=%2Fwp%2Fv2%2Fcategories&post=22550"},{"taxonomy":"post_tag","embeddable":true,"href":"https:\/\/www.p31noticias.com.br\/index.php?rest_route=%2Fwp%2Fv2%2Ftags&post=22550"}],"curies":[{"name":"wp","href":"https:\/\/api.w.org\/{rel}","templated":true}]}}