{"id":22539,"date":"2020-08-06T13:52:23","date_gmt":"2020-08-06T13:52:23","guid":{"rendered":"https:\/\/p31noticias.com.br\/?p=22539"},"modified":"2020-08-06T14:00:54","modified_gmt":"2020-08-06T14:00:54","slug":"camara-legislativa-aprova-redacao-final-da-ldo-2021","status":"publish","type":"post","link":"https:\/\/www.p31noticias.com.br\/?p=22539","title":{"rendered":"C\u00e2mara Legislativa aprova reda\u00e7\u00e3o final da LDO 2021"},"content":{"rendered":"<p><strong><em>LDO foi aprovada em sess\u00e3o semi-presencial no dia 30\/06, e sua reda\u00e7\u00e3o final foi adiada para que a Casa n\u00e3o entrasse em recesso.<\/em><\/strong><\/p>\n<p style=\"text-align: justify;\">A C\u00e2mara Legislativa aprovou, durante sess\u00e3o realizada por videoconfer\u00eancia, nesta ter\u00e7a-feira (4), a reda\u00e7\u00e3o final do projeto de lei n\u00ba 1.194\/2020, de autoria do Poder Executivo, que trata das diretrizes or\u00e7ament\u00e1rias para exerc\u00edcio financeiro de 2021 \u2013 a LDO.\u00a0<a href=\"http:\/\/www.cl.df.gov.br\/web\/guest\/ultimas-noticias\/-\/asset_publisher\/IT0h\/content\/distritais-aprovam-ldo-para-2021-com-receita-estimada-em-42-62-bilhoes?redirect=http%3A%2F%2Fwww.cl.df.gov.br%2Fweb%2Fguest%2Fultimas-noticias%3Fp_p_id%3D101_INSTANCE_IT0h%26p_p_lifecycle%3D0%26p_p_state%3Dnormal%26p_p_mode%3Dview%26p_p_col_id%3Dcolumn-2%26p_p_col_count%3D1%26_101_INSTANCE_IT0h_delta%3D20%26_101_INSTANCE_IT0h_keywords%3D%26_101_INSTANCE_IT0h_advancedSearch%3Dfalse%26_101_INSTANCE_IT0h_andOperator%3Dtrue%26cur%3D2\">A mat\u00e9ria havia sido votada, em primeiro e segundo turnos, no dia 30 de junho passado<\/a>, mas, para evitar que tivesse in\u00edcio o recesso parlamentar conforme o Regimento Interno da CLDF, foi adiada a aprecia\u00e7\u00e3o da reda\u00e7\u00e3o final. Agora, o texto ser\u00e1 enviado para a san\u00e7\u00e3o do governador.<\/p>\n<p style=\"text-align: justify;\">A Lei de Diretrizes Or\u00e7ament\u00e1rias (LDO) estabelece as metas e prioridades que ser\u00e3o observadas durante a elabora\u00e7\u00e3o do Or\u00e7amento do pr\u00f3ximo ano, que tem estimativa de receita de R$ 42,62 bilh\u00f5es. O projeto do governo foi aprovado com 178 emendas parlamentares.<\/p>\n<p style=\"text-align: justify;\">BSB AGORA<\/p>\n","protected":false},"excerpt":{"rendered":"<p>LDO foi aprovada em sess\u00e3o semi-presencial no dia 30\/06, e sua reda\u00e7\u00e3o final foi adiada para que a Casa n\u00e3o entrasse em recesso. A C\u00e2mara Legislativa aprovou, durante sess\u00e3o realizada por videoconfer\u00eancia, nesta ter\u00e7a-feira (4), a reda\u00e7\u00e3o final do projeto de lei n\u00ba 1.194\/2020, de autoria do Poder Executivo, que trata das diretrizes or\u00e7ament\u00e1rias para [&hellip;]<\/p>\n","protected":false},"author":2,"featured_media":22540,"comment_status":"open","ping_status":"open","sticky":false,"template":"","format":"standard","meta":{"footnotes":""},"categories":[21],"tags":[],"class_list":{"0":"post-22539","1":"post","2":"type-post","3":"status-publish","4":"format-standard","5":"has-post-thumbnail","7":"category-brasilia"},"yoast_head":"<!-- This site is optimized with the Yoast SEO Premium plugin v24.5 (Yoast SEO v27.5) - https:\/\/yoast.com\/product\/yoast-seo-premium-wordpress\/ -->\n<title>C\u00e2mara Legislativa aprova reda\u00e7\u00e3o final da LDO 2021 - P31<\/title>\n<meta name=\"robots\" content=\"index, follow, max-snippet:-1, max-image-preview:large, max-video-preview:-1\" \/>\n<link rel=\"canonical\" href=\"https:\/\/www.p31noticias.com.br\/?p=22539\" \/>\n<meta property=\"og:locale\" content=\"pt_BR\" \/>\n<meta property=\"og:type\" content=\"article\" \/>\n<meta property=\"og:title\" content=\"C\u00e2mara Legislativa aprova reda\u00e7\u00e3o final da LDO 2021\" \/>\n<meta property=\"og:description\" content=\"LDO foi aprovada em sess\u00e3o semi-presencial no dia 30\/06, e sua reda\u00e7\u00e3o final foi adiada para que a Casa n\u00e3o entrasse em recesso. A C\u00e2mara Legislativa aprovou, durante sess\u00e3o realizada por videoconfer\u00eancia, nesta ter\u00e7a-feira (4), a reda\u00e7\u00e3o final do projeto de lei n\u00ba 1.194\/2020, de autoria do Poder Executivo, que trata das diretrizes or\u00e7ament\u00e1rias para [&hellip;]\" \/>\n<meta property=\"og:url\" content=\"https:\/\/www.p31noticias.com.br\/?p=22539\" \/>\n<meta property=\"og:site_name\" content=\"P31\" \/>\n<meta property=\"article:published_time\" content=\"2020-08-06T13:52:23+00:00\" \/>\n<meta property=\"article:modified_time\" content=\"2020-08-06T14:00:54+00:00\" \/>\n<meta property=\"og:image\" content=\"https:\/\/www.p31noticias.com.br\/wp-content\/uploads\/2020\/08\/CLDF.png\" \/>\n\t<meta property=\"og:image:width\" content=\"450\" \/>\n\t<meta property=\"og:image:height\" content=\"270\" \/>\n\t<meta property=\"og:image:type\" content=\"image\/png\" \/>\n<meta name=\"author\" content=\"Gon\u00e7alves Junior\" \/>\n<meta name=\"twitter:card\" content=\"summary_large_image\" \/>\n<meta name=\"twitter:label1\" content=\"Escrito por\" \/>\n\t<meta name=\"twitter:data1\" content=\"Gon\u00e7alves Junior\" \/>\n\t<meta name=\"twitter:label2\" content=\"Est. tempo de leitura\" \/>\n\t<meta name=\"twitter:data2\" content=\"1 minuto\" \/>\n<script type=\"application\/ld+json\" class=\"yoast-schema-graph\">{\"@context\":\"https:\\\/\\\/schema.org\",\"@graph\":[{\"@type\":\"Article\",\"@id\":\"https:\\\/\\\/www.p31noticias.com.br\\\/?p=22539#article\",\"isPartOf\":{\"@id\":\"https:\\\/\\\/www.p31noticias.com.br\\\/?p=22539\"},\"author\":{\"name\":\"Gon\u00e7alves Junior\",\"@id\":\"https:\\\/\\\/www.p31noticias.com.br\\\/#\\\/schema\\\/person\\\/95f2ece30e3b4132065b915150cd0f94\"},\"headline\":\"C\u00e2mara Legislativa aprova reda\u00e7\u00e3o final da LDO 2021\",\"datePublished\":\"2020-08-06T13:52:23+00:00\",\"dateModified\":\"2020-08-06T14:00:54+00:00\",\"mainEntityOfPage\":{\"@id\":\"https:\\\/\\\/www.p31noticias.com.br\\\/?p=22539\"},\"wordCount\":177,\"commentCount\":0,\"image\":{\"@id\":\"https:\\\/\\\/www.p31noticias.com.br\\\/?p=22539#primaryimage\"},\"thumbnailUrl\":\"https:\\\/\\\/www.p31noticias.com.br\\\/wp-content\\\/uploads\\\/2020\\\/08\\\/CLDF.png\",\"articleSection\":[\"Bras\u00edlia\"],\"inLanguage\":\"pt-BR\",\"potentialAction\":[{\"@type\":\"CommentAction\",\"name\":\"Comment\",\"target\":[\"https:\\\/\\\/www.p31noticias.com.br\\\/?p=22539#respond\"]}],\"copyrightYear\":\"2020\",\"copyrightHolder\":{\"@id\":\"https:\\\/\\\/www.p31noticias.com.br\\\/#organization\"}},{\"@type\":\"WebPage\",\"@id\":\"https:\\\/\\\/www.p31noticias.com.br\\\/?p=22539\",\"url\":\"https:\\\/\\\/www.p31noticias.com.br\\\/?p=22539\",\"name\":\"C\u00e2mara Legislativa aprova reda\u00e7\u00e3o final da LDO 2021 - P31\",\"isPartOf\":{\"@id\":\"https:\\\/\\\/www.p31noticias.com.br\\\/#website\"},\"primaryImageOfPage\":{\"@id\":\"https:\\\/\\\/www.p31noticias.com.br\\\/?p=22539#primaryimage\"},\"image\":{\"@id\":\"https:\\\/\\\/www.p31noticias.com.br\\\/?p=22539#primaryimage\"},\"thumbnailUrl\":\"https:\\\/\\\/www.p31noticias.com.br\\\/wp-content\\\/uploads\\\/2020\\\/08\\\/CLDF.png\",\"datePublished\":\"2020-08-06T13:52:23+00:00\",\"dateModified\":\"2020-08-06T14:00:54+00:00\",\"author\":{\"@id\":\"https:\\\/\\\/www.p31noticias.com.br\\\/#\\\/schema\\\/person\\\/95f2ece30e3b4132065b915150cd0f94\"},\"breadcrumb\":{\"@id\":\"https:\\\/\\\/www.p31noticias.com.br\\\/?p=22539#breadcrumb\"},\"inLanguage\":\"pt-BR\",\"potentialAction\":[{\"@type\":\"ReadAction\",\"target\":[\"https:\\\/\\\/www.p31noticias.com.br\\\/?p=22539\"]}]},{\"@type\":\"ImageObject\",\"inLanguage\":\"pt-BR\",\"@id\":\"https:\\\/\\\/www.p31noticias.com.br\\\/?p=22539#primaryimage\",\"url\":\"https:\\\/\\\/www.p31noticias.com.br\\\/wp-content\\\/uploads\\\/2020\\\/08\\\/CLDF.png\",\"contentUrl\":\"https:\\\/\\\/www.p31noticias.com.br\\\/wp-content\\\/uploads\\\/2020\\\/08\\\/CLDF.png\",\"width\":450,\"height\":270},{\"@type\":\"BreadcrumbList\",\"@id\":\"https:\\\/\\\/www.p31noticias.com.br\\\/?p=22539#breadcrumb\",\"itemListElement\":[{\"@type\":\"ListItem\",\"position\":1,\"name\":\"In\u00edcio\",\"item\":\"https:\\\/\\\/www.p31noticias.com.br\\\/\"},{\"@type\":\"ListItem\",\"position\":2,\"name\":\"C\u00e2mara Legislativa aprova reda\u00e7\u00e3o final da LDO 2021\"}]},{\"@type\":\"WebSite\",\"@id\":\"https:\\\/\\\/www.p31noticias.com.br\\\/#website\",\"url\":\"https:\\\/\\\/www.p31noticias.com.br\\\/\",\"name\":\"P31\",\"description\":\"NOT\u00cdCIAS\",\"potentialAction\":[{\"@type\":\"SearchAction\",\"target\":{\"@type\":\"EntryPoint\",\"urlTemplate\":\"https:\\\/\\\/www.p31noticias.com.br\\\/?s={search_term_string}\"},\"query-input\":{\"@type\":\"PropertyValueSpecification\",\"valueRequired\":true,\"valueName\":\"search_term_string\"}}],\"inLanguage\":\"pt-BR\"},{\"@type\":\"Person\",\"@id\":\"https:\\\/\\\/www.p31noticias.com.br\\\/#\\\/schema\\\/person\\\/95f2ece30e3b4132065b915150cd0f94\",\"name\":\"Gon\u00e7alves Junior\",\"image\":{\"@type\":\"ImageObject\",\"inLanguage\":\"pt-BR\",\"@id\":\"https:\\\/\\\/secure.gravatar.com\\\/avatar\\\/6711f350116a89762687a48d66f723c799e5438a5b7578508d4294cd7a5d0800?s=96&d=mm&r=g\",\"url\":\"https:\\\/\\\/secure.gravatar.com\\\/avatar\\\/6711f350116a89762687a48d66f723c799e5438a5b7578508d4294cd7a5d0800?s=96&d=mm&r=g\",\"contentUrl\":\"https:\\\/\\\/secure.gravatar.com\\\/avatar\\\/6711f350116a89762687a48d66f723c799e5438a5b7578508d4294cd7a5d0800?s=96&d=mm&r=g\",\"caption\":\"Gon\u00e7alves Junior\"},\"url\":\"https:\\\/\\\/www.p31noticias.com.br\\\/?author=2\"}]}<\/script>\n<!-- \/ Yoast SEO Premium plugin. -->","yoast_head_json":{"title":"C\u00e2mara Legislativa aprova reda\u00e7\u00e3o final da LDO 2021 - P31","robots":{"index":"index","follow":"follow","max-snippet":"max-snippet:-1","max-image-preview":"max-image-preview:large","max-video-preview":"max-video-preview:-1"},"canonical":"https:\/\/www.p31noticias.com.br\/?p=22539","og_locale":"pt_BR","og_type":"article","og_title":"C\u00e2mara Legislativa aprova reda\u00e7\u00e3o final da LDO 2021","og_description":"LDO foi aprovada em sess\u00e3o semi-presencial no dia 30\/06, e sua reda\u00e7\u00e3o final foi adiada para que a Casa n\u00e3o entrasse em recesso. A C\u00e2mara Legislativa aprovou, durante sess\u00e3o realizada por videoconfer\u00eancia, nesta ter\u00e7a-feira (4), a reda\u00e7\u00e3o final do projeto de lei n\u00ba 1.194\/2020, de autoria do Poder Executivo, que trata das diretrizes or\u00e7ament\u00e1rias para [&hellip;]","og_url":"https:\/\/www.p31noticias.com.br\/?p=22539","og_site_name":"P31","article_published_time":"2020-08-06T13:52:23+00:00","article_modified_time":"2020-08-06T14:00:54+00:00","og_image":[{"width":450,"height":270,"url":"https:\/\/www.p31noticias.com.br\/wp-content\/uploads\/2020\/08\/CLDF.png","type":"image\/png"}],"author":"Gon\u00e7alves Junior","twitter_card":"summary_large_image","twitter_misc":{"Escrito por":"Gon\u00e7alves Junior","Est. tempo de leitura":"1 minuto"},"schema":{"@context":"https:\/\/schema.org","@graph":[{"@type":"Article","@id":"https:\/\/www.p31noticias.com.br\/?p=22539#article","isPartOf":{"@id":"https:\/\/www.p31noticias.com.br\/?p=22539"},"author":{"name":"Gon\u00e7alves Junior","@id":"https:\/\/www.p31noticias.com.br\/#\/schema\/person\/95f2ece30e3b4132065b915150cd0f94"},"headline":"C\u00e2mara Legislativa aprova reda\u00e7\u00e3o final da LDO 2021","datePublished":"2020-08-06T13:52:23+00:00","dateModified":"2020-08-06T14:00:54+00:00","mainEntityOfPage":{"@id":"https:\/\/www.p31noticias.com.br\/?p=22539"},"wordCount":177,"commentCount":0,"image":{"@id":"https:\/\/www.p31noticias.com.br\/?p=22539#primaryimage"},"thumbnailUrl":"https:\/\/www.p31noticias.com.br\/wp-content\/uploads\/2020\/08\/CLDF.png","articleSection":["Bras\u00edlia"],"inLanguage":"pt-BR","potentialAction":[{"@type":"CommentAction","name":"Comment","target":["https:\/\/www.p31noticias.com.br\/?p=22539#respond"]}],"copyrightYear":"2020","copyrightHolder":{"@id":"https:\/\/www.p31noticias.com.br\/#organization"}},{"@type":"WebPage","@id":"https:\/\/www.p31noticias.com.br\/?p=22539","url":"https:\/\/www.p31noticias.com.br\/?p=22539","name":"C\u00e2mara Legislativa aprova reda\u00e7\u00e3o final da LDO 2021 - P31","isPartOf":{"@id":"https:\/\/www.p31noticias.com.br\/#website"},"primaryImageOfPage":{"@id":"https:\/\/www.p31noticias.com.br\/?p=22539#primaryimage"},"image":{"@id":"https:\/\/www.p31noticias.com.br\/?p=22539#primaryimage"},"thumbnailUrl":"https:\/\/www.p31noticias.com.br\/wp-content\/uploads\/2020\/08\/CLDF.png","datePublished":"2020-08-06T13:52:23+00:00","dateModified":"2020-08-06T14:00:54+00:00","author":{"@id":"https:\/\/www.p31noticias.com.br\/#\/schema\/person\/95f2ece30e3b4132065b915150cd0f94"},"breadcrumb":{"@id":"https:\/\/www.p31noticias.com.br\/?p=22539#breadcrumb"},"inLanguage":"pt-BR","potentialAction":[{"@type":"ReadAction","target":["https:\/\/www.p31noticias.com.br\/?p=22539"]}]},{"@type":"ImageObject","inLanguage":"pt-BR","@id":"https:\/\/www.p31noticias.com.br\/?p=22539#primaryimage","url":"https:\/\/www.p31noticias.com.br\/wp-content\/uploads\/2020\/08\/CLDF.png","contentUrl":"https:\/\/www.p31noticias.com.br\/wp-content\/uploads\/2020\/08\/CLDF.png","width":450,"height":270},{"@type":"BreadcrumbList","@id":"https:\/\/www.p31noticias.com.br\/?p=22539#breadcrumb","itemListElement":[{"@type":"ListItem","position":1,"name":"In\u00edcio","item":"https:\/\/www.p31noticias.com.br\/"},{"@type":"ListItem","position":2,"name":"C\u00e2mara Legislativa aprova reda\u00e7\u00e3o final da LDO 2021"}]},{"@type":"WebSite","@id":"https:\/\/www.p31noticias.com.br\/#website","url":"https:\/\/www.p31noticias.com.br\/","name":"P31","description":"NOT\u00cdCIAS","potentialAction":[{"@type":"SearchAction","target":{"@type":"EntryPoint","urlTemplate":"https:\/\/www.p31noticias.com.br\/?s={search_term_string}"},"query-input":{"@type":"PropertyValueSpecification","valueRequired":true,"valueName":"search_term_string"}}],"inLanguage":"pt-BR"},{"@type":"Person","@id":"https:\/\/www.p31noticias.com.br\/#\/schema\/person\/95f2ece30e3b4132065b915150cd0f94","name":"Gon\u00e7alves Junior","image":{"@type":"ImageObject","inLanguage":"pt-BR","@id":"https:\/\/secure.gravatar.com\/avatar\/6711f350116a89762687a48d66f723c799e5438a5b7578508d4294cd7a5d0800?s=96&d=mm&r=g","url":"https:\/\/secure.gravatar.com\/avatar\/6711f350116a89762687a48d66f723c799e5438a5b7578508d4294cd7a5d0800?s=96&d=mm&r=g","contentUrl":"https:\/\/secure.gravatar.com\/avatar\/6711f350116a89762687a48d66f723c799e5438a5b7578508d4294cd7a5d0800?s=96&d=mm&r=g","caption":"Gon\u00e7alves Junior"},"url":"https:\/\/www.p31noticias.com.br\/?author=2"}]}},"amp_enabled":true,"_links":{"self":[{"href":"https:\/\/www.p31noticias.com.br\/index.php?rest_route=\/wp\/v2\/posts\/22539","targetHints":{"allow":["GET"]}}],"collection":[{"href":"https:\/\/www.p31noticias.com.br\/index.php?rest_route=\/wp\/v2\/posts"}],"about":[{"href":"https:\/\/www.p31noticias.com.br\/index.php?rest_route=\/wp\/v2\/types\/post"}],"author":[{"embeddable":true,"href":"https:\/\/www.p31noticias.com.br\/index.php?rest_route=\/wp\/v2\/users\/2"}],"replies":[{"embeddable":true,"href":"https:\/\/www.p31noticias.com.br\/index.php?rest_route=%2Fwp%2Fv2%2Fcomments&post=22539"}],"version-history":[{"count":5,"href":"https:\/\/www.p31noticias.com.br\/index.php?rest_route=\/wp\/v2\/posts\/22539\/revisions"}],"predecessor-version":[{"id":22543,"href":"https:\/\/www.p31noticias.com.br\/index.php?rest_route=\/wp\/v2\/posts\/22539\/revisions\/22543"}],"wp:featuredmedia":[{"embeddable":true,"href":"https:\/\/www.p31noticias.com.br\/index.php?rest_route=\/wp\/v2\/media\/22540"}],"wp:attachment":[{"href":"https:\/\/www.p31noticias.com.br\/index.php?rest_route=%2Fwp%2Fv2%2Fmedia&parent=22539"}],"wp:term":[{"taxonomy":"category","embeddable":true,"href":"https:\/\/www.p31noticias.com.br\/index.php?rest_route=%2Fwp%2Fv2%2Fcategories&post=22539"},{"taxonomy":"post_tag","embeddable":true,"href":"https:\/\/www.p31noticias.com.br\/index.php?rest_route=%2Fwp%2Fv2%2Ftags&post=22539"}],"curies":[{"name":"wp","href":"https:\/\/api.w.org\/{rel}","templated":true}]}}