{"id":22442,"date":"2020-06-22T09:21:20","date_gmt":"2020-06-22T12:21:20","guid":{"rendered":"https:\/\/jornaldoplanalto.com.br\/web\/?p=22264"},"modified":"2020-06-22T09:21:20","modified_gmt":"2020-06-22T12:21:20","slug":"cuidar-da-boca-e-dos-dentes-e-essencial-para-a-saude","status":"publish","type":"post","link":"https:\/\/www.p31noticias.com.br\/?p=22442","title":{"rendered":"Cuidar da boca e dos dentes \u00e9 essencial para a sa\u00fade"},"content":{"rendered":"<p style=\"font-weight: 400;\"><strong><em>Compartilhar talher, copo e beijar pode disseminar o coronav\u00edrus<\/em><\/strong><\/p>\n<p style=\"font-weight: 400;\">O cuidado com a sa\u00fade bucal \u00e9 primordial, inclusive com as doen\u00e7as que podem ser compartilhadas quando se usam talheres, copos e outros itens, sem a devida higiene.<\/p>\n<p style=\"font-weight: 400;\">O risco \u00e9 de se adquirir doen\u00e7as que s\u00e3o transmitidas pela saliva, como o novo Coronav\u00edrus, al\u00e9m de: mononucleose, caxumba, herpes simples, hepatite, catapora, gripe e algumas Doen\u00e7as Sexualmente Transmiss\u00edveis.<\/p>\n<p style=\"font-weight: 400;\">A cirurgi\u00e3-dentista Ianara Pinho esclarece que o atendimento no consult\u00f3rio passou por ajustes, com desinfec\u00e7\u00e3o intensificada, tanto nos ambientes e roupas de prote\u00e7\u00e3o, com a inclus\u00e3o de m\u00e1scara N95\/PFF2, avental descart\u00e1vel e imperme\u00e1vel e protetor facial, al\u00e9m dos demais itens de biosseguran\u00e7a j\u00e1 utilizados habitualmente. \u201cA saliva muitas vezes serve como meio de transporte para v\u00edrus, bact\u00e9rias e outros microorganismos.\u00a0 \u00c9 preciso redobrar a aten\u00e7\u00e3o, lavando bem as m\u00e3os com \u00e1gua e sab\u00e3o ou higienizando-as com \u00e1lcool 70%, quando n\u00e3o for poss\u00edvel lav\u00e1-las. O uso de m\u00e1scara cobrindo o nariz e a boca \u00e9 outra a\u00e7\u00e3o importante no combate ao v\u00edrus. Essas atitudes diminuem a prolifera\u00e7\u00e3o do novo Coronav\u00edrus e outros microorganismos que circulam invis\u00edveis\u201d, destaca.<\/p>\n<p style=\"font-weight: 400;\">Os cuidados com a sa\u00fade bucal contribuem para a melhora da imunidade do indiv\u00edduo.<\/p>\n<p style=\"font-weight: 400;\">Escova\u00e7\u00e3o adequada, uso de fio dental e alimenta\u00e7\u00e3o balanceada tamb\u00e9m favorecem a imunidade. Mesmo que haja contamina\u00e7\u00e3o por algum v\u00edrus, os danos \u00e0 sa\u00fade s\u00e3o, em geral, minimizados. \u201cDessa forma \u00e9 prov\u00e1vel que tenhamos menos complica\u00e7\u00f5es\u201d, acrescenta a especialista.<\/p>\n<p style=\"font-weight: 400;\">No dia a dia, at\u00e9 mesmo nossas escovas dentais devem ser higienizadas frequentemente.<\/p>\n<p style=\"font-weight: 400;\">Ianara Pinho explica que, borrifar Gluconato de Clorexidina a 0,12%, comercializado em farm\u00e1cias, ajuda no controle dos microorganismos que se depositam nas escovas de dentes.<strong>\u00a0<\/strong><\/p>\n<p style=\"font-weight: 400;\"><strong>Doen\u00e7as transmitidas pela boca<\/strong><\/p>\n<p style=\"font-weight: 400;\">A mononucleose conhecida como \u201cdoen\u00e7a do beijo\u201d n\u00e3o demonstra sinais ou apenas sintomas facilmente confund\u00edveis com um quadro gripal, \u00e9 transmitida pelo v\u00edrus Epstein-Barr.<\/p>\n<p style=\"font-weight: 400;\">A caxumba pode causar incha\u00e7o no pesco\u00e7o e na lateral do rosto. H\u00e1 casos em que provoca dores no corpo, febre e dor ao mastigar e engolir.<\/p>\n<p style=\"font-weight: 400;\">A candid\u00edase, tamb\u00e9m conhecido como sapinho, \u00e9 uma infec\u00e7\u00e3o causada por um fungo e sua transmiss\u00e3o se d\u00e1 atrav\u00e9s do beijo ou rela\u00e7\u00e3o sexual.<\/p>\n<p style=\"font-weight: 400;\">A herpes simples \u00e9 causada pelo v\u00edrus HSV-1 e se caracteriza por les\u00f5es normalmente no canto da boca. \u00c9 considerada uma doen\u00e7a cujo tratamento paliativo se d\u00e1 por meio de antivirais.<\/p>\n<p style=\"font-weight: 400;\">O v\u00edrus Varicella-Zoster, causa a popularmente conhecida, catapora. Ela pode ser transmitida por meio da saliva e \u00e9 caracterizada por diversas manchas vermelhas ou \u00falceras no corpo. O mesmo v\u00edrus da varicela pode causar uma outra doen\u00e7a mais grave, a Hespes-zoster.<\/p>\n<p style=\"font-weight: 400;\">A gripe tamb\u00e9m \u00e9 bastante comum, principalmente em virtude das varia\u00e7\u00f5es de temperatura, comuns no Distrito Federal. Pode causar febre, dor de cabe\u00e7a, coriza e fadiga. O tratamento \u00e9 apenas sintom\u00e1tico e se d\u00e1 com antit\u00e9rmicos, alimenta\u00e7\u00e3o leve, hidrata\u00e7\u00e3o e repouso.<\/p>\n<p style=\"font-weight: 400;\"><strong>Corpo Cl\u00ednico<\/strong><\/p>\n<p style=\"font-weight: 400;\">Ianara Pinho \u00e9 Cirurgi\u00e3 Dentista formada pela Universidade de Bras\u00edlia \u2013 UnB. P\u00f3s-Gradua\u00e7\u00e3o Latu Sensu em Odontopediatria pela Associa\u00e7\u00e3o Brasileira de Odontologia &#8211; ABO-DF.<\/p>\n<p style=\"font-weight: 400;\"><strong>Servi\u00e7o:<\/strong><\/p>\n<p style=\"font-weight: 400;\">Ianara Pinho Odontologia<\/p>\n<p style=\"font-weight: 400;\">Rua 07 Norte, Lotes 3, 5 e 7, Loja 21 \u2013 Max Mall \u2013 \u00c1guas Claras<\/p>\n<p style=\"font-weight: 400;\"><a href=\"http:\/\/www.ianarapinho.odo.br\/\" data-saferedirecturl=\"https:\/\/www.google.com\/url?q=http:\/\/www.ianarapinho.odo.br&amp;source=gmail&amp;ust=1592914329691000&amp;usg=AFQjCNHela7CmhOSygV-mvKaSfX0f4pthw\">www.ianarapinho.odo.br<\/a><\/p>\n","protected":false},"excerpt":{"rendered":"<p>Compartilhar talher, copo e beijar pode disseminar o coronav\u00edrus O cuidado com a sa\u00fade bucal \u00e9 primordial, inclusive com as doen\u00e7as que podem ser compartilhadas quando se usam talheres, copos e outros itens, sem a devida higiene. O risco \u00e9 de se adquirir doen\u00e7as que s\u00e3o transmitidas pela saliva, como o novo Coronav\u00edrus, al\u00e9m de: [&hellip;]<\/p>\n","protected":false},"author":18,"featured_media":22265,"comment_status":"open","ping_status":"open","sticky":false,"template":"","format":"standard","meta":{"footnotes":""},"categories":[124],"tags":[],"class_list":{"0":"post-22442","1":"post","2":"type-post","3":"status-publish","4":"format-standard","5":"has-post-thumbnail","7":"category-saude"},"yoast_head":"<!-- This site is optimized with the Yoast SEO Premium plugin v24.5 (Yoast SEO v27.5) - https:\/\/yoast.com\/product\/yoast-seo-premium-wordpress\/ -->\n<title>Cuidar da boca e dos dentes \u00e9 essencial para a sa\u00fade - P31<\/title>\n<meta name=\"robots\" content=\"index, follow, max-snippet:-1, max-image-preview:large, max-video-preview:-1\" \/>\n<link rel=\"canonical\" href=\"https:\/\/www.p31noticias.com.br\/?p=22442\" \/>\n<meta property=\"og:locale\" content=\"pt_BR\" \/>\n<meta property=\"og:type\" content=\"article\" \/>\n<meta property=\"og:title\" content=\"Cuidar da boca e dos dentes \u00e9 essencial para a sa\u00fade\" \/>\n<meta property=\"og:description\" content=\"Compartilhar talher, copo e beijar pode disseminar o coronav\u00edrus O cuidado com a sa\u00fade bucal \u00e9 primordial, inclusive com as doen\u00e7as que podem ser compartilhadas quando se usam talheres, copos e outros itens, sem a devida higiene. O risco \u00e9 de se adquirir doen\u00e7as que s\u00e3o transmitidas pela saliva, como o novo Coronav\u00edrus, al\u00e9m de: [&hellip;]\" \/>\n<meta property=\"og:url\" content=\"https:\/\/www.p31noticias.com.br\/?p=22442\" \/>\n<meta property=\"og:site_name\" content=\"P31\" \/>\n<meta property=\"article:published_time\" content=\"2020-06-22T12:21:20+00:00\" \/>\n<meta property=\"og:image\" content=\"https:\/\/www.p31noticias.com.br\/wp-content\/uploads\/2020\/06\/Rodrigo-Maia-v\u00edrus.jpg\" \/>\n\t<meta property=\"og:image:width\" content=\"571\" \/>\n\t<meta property=\"og:image:height\" content=\"310\" \/>\n\t<meta property=\"og:image:type\" content=\"image\/jpeg\" \/>\n<meta name=\"author\" content=\"Reda\u00e7\u00e3o JBN\" \/>\n<meta name=\"twitter:card\" content=\"summary_large_image\" \/>\n<meta name=\"twitter:label1\" content=\"Escrito por\" \/>\n\t<meta name=\"twitter:data1\" content=\"Reda\u00e7\u00e3o JBN\" \/>\n\t<meta name=\"twitter:label2\" content=\"Est. tempo de leitura\" \/>\n\t<meta name=\"twitter:data2\" content=\"3 minutos\" \/>\n<script type=\"application\/ld+json\" class=\"yoast-schema-graph\">{\"@context\":\"https:\\\/\\\/schema.org\",\"@graph\":[{\"@type\":\"Article\",\"@id\":\"https:\\\/\\\/www.p31noticias.com.br\\\/?p=22442#article\",\"isPartOf\":{\"@id\":\"https:\\\/\\\/www.p31noticias.com.br\\\/?p=22442\"},\"author\":{\"name\":\"Reda\u00e7\u00e3o JBN\",\"@id\":\"https:\\\/\\\/www.p31noticias.com.br\\\/#\\\/schema\\\/person\\\/77d6b186c710ac38937c6ec204fdd387\"},\"headline\":\"Cuidar da boca e dos dentes \u00e9 essencial para a sa\u00fade\",\"datePublished\":\"2020-06-22T12:21:20+00:00\",\"mainEntityOfPage\":{\"@id\":\"https:\\\/\\\/www.p31noticias.com.br\\\/?p=22442\"},\"wordCount\":581,\"commentCount\":0,\"image\":{\"@id\":\"https:\\\/\\\/www.p31noticias.com.br\\\/?p=22442#primaryimage\"},\"thumbnailUrl\":\"https:\\\/\\\/www.p31noticias.com.br\\\/wp-content\\\/uploads\\\/2020\\\/06\\\/Rodrigo-Maia-v\u00edrus.jpg\",\"articleSection\":[\"Sa\u00fade\"],\"inLanguage\":\"pt-BR\",\"potentialAction\":[{\"@type\":\"CommentAction\",\"name\":\"Comment\",\"target\":[\"https:\\\/\\\/www.p31noticias.com.br\\\/?p=22442#respond\"]}],\"copyrightYear\":\"2020\",\"copyrightHolder\":{\"@id\":\"https:\\\/\\\/www.p31noticias.com.br\\\/#organization\"}},{\"@type\":\"WebPage\",\"@id\":\"https:\\\/\\\/www.p31noticias.com.br\\\/?p=22442\",\"url\":\"https:\\\/\\\/www.p31noticias.com.br\\\/?p=22442\",\"name\":\"Cuidar da boca e dos dentes \u00e9 essencial para a sa\u00fade - P31\",\"isPartOf\":{\"@id\":\"https:\\\/\\\/www.p31noticias.com.br\\\/#website\"},\"primaryImageOfPage\":{\"@id\":\"https:\\\/\\\/www.p31noticias.com.br\\\/?p=22442#primaryimage\"},\"image\":{\"@id\":\"https:\\\/\\\/www.p31noticias.com.br\\\/?p=22442#primaryimage\"},\"thumbnailUrl\":\"https:\\\/\\\/www.p31noticias.com.br\\\/wp-content\\\/uploads\\\/2020\\\/06\\\/Rodrigo-Maia-v\u00edrus.jpg\",\"datePublished\":\"2020-06-22T12:21:20+00:00\",\"author\":{\"@id\":\"https:\\\/\\\/www.p31noticias.com.br\\\/#\\\/schema\\\/person\\\/77d6b186c710ac38937c6ec204fdd387\"},\"breadcrumb\":{\"@id\":\"https:\\\/\\\/www.p31noticias.com.br\\\/?p=22442#breadcrumb\"},\"inLanguage\":\"pt-BR\",\"potentialAction\":[{\"@type\":\"ReadAction\",\"target\":[\"https:\\\/\\\/www.p31noticias.com.br\\\/?p=22442\"]}]},{\"@type\":\"ImageObject\",\"inLanguage\":\"pt-BR\",\"@id\":\"https:\\\/\\\/www.p31noticias.com.br\\\/?p=22442#primaryimage\",\"url\":\"https:\\\/\\\/www.p31noticias.com.br\\\/wp-content\\\/uploads\\\/2020\\\/06\\\/Rodrigo-Maia-v\u00edrus.jpg\",\"contentUrl\":\"https:\\\/\\\/www.p31noticias.com.br\\\/wp-content\\\/uploads\\\/2020\\\/06\\\/Rodrigo-Maia-v\u00edrus.jpg\",\"width\":571,\"height\":310},{\"@type\":\"BreadcrumbList\",\"@id\":\"https:\\\/\\\/www.p31noticias.com.br\\\/?p=22442#breadcrumb\",\"itemListElement\":[{\"@type\":\"ListItem\",\"position\":1,\"name\":\"In\u00edcio\",\"item\":\"https:\\\/\\\/www.p31noticias.com.br\\\/\"},{\"@type\":\"ListItem\",\"position\":2,\"name\":\"Cuidar da boca e dos dentes \u00e9 essencial para a sa\u00fade\"}]},{\"@type\":\"WebSite\",\"@id\":\"https:\\\/\\\/www.p31noticias.com.br\\\/#website\",\"url\":\"https:\\\/\\\/www.p31noticias.com.br\\\/\",\"name\":\"P31\",\"description\":\"NOT\u00cdCIAS\",\"potentialAction\":[{\"@type\":\"SearchAction\",\"target\":{\"@type\":\"EntryPoint\",\"urlTemplate\":\"https:\\\/\\\/www.p31noticias.com.br\\\/?s={search_term_string}\"},\"query-input\":{\"@type\":\"PropertyValueSpecification\",\"valueRequired\":true,\"valueName\":\"search_term_string\"}}],\"inLanguage\":\"pt-BR\"},{\"@type\":\"Person\",\"@id\":\"https:\\\/\\\/www.p31noticias.com.br\\\/#\\\/schema\\\/person\\\/77d6b186c710ac38937c6ec204fdd387\",\"name\":\"Reda\u00e7\u00e3o JBN\",\"image\":{\"@type\":\"ImageObject\",\"inLanguage\":\"pt-BR\",\"@id\":\"https:\\\/\\\/secure.gravatar.com\\\/avatar\\\/10fcdb93211f98cce3d64c0795b0915a9a4a21dc0f279238995a3dbfafcad090?s=96&d=mm&r=g\",\"url\":\"https:\\\/\\\/secure.gravatar.com\\\/avatar\\\/10fcdb93211f98cce3d64c0795b0915a9a4a21dc0f279238995a3dbfafcad090?s=96&d=mm&r=g\",\"contentUrl\":\"https:\\\/\\\/secure.gravatar.com\\\/avatar\\\/10fcdb93211f98cce3d64c0795b0915a9a4a21dc0f279238995a3dbfafcad090?s=96&d=mm&r=g\",\"caption\":\"Reda\u00e7\u00e3o JBN\"},\"sameAs\":[\"https:\\\/\\\/p31noticias.com.br\"],\"url\":\"https:\\\/\\\/www.p31noticias.com.br\\\/?author=18\"}]}<\/script>\n<!-- \/ Yoast SEO Premium plugin. -->","yoast_head_json":{"title":"Cuidar da boca e dos dentes \u00e9 essencial para a sa\u00fade - P31","robots":{"index":"index","follow":"follow","max-snippet":"max-snippet:-1","max-image-preview":"max-image-preview:large","max-video-preview":"max-video-preview:-1"},"canonical":"https:\/\/www.p31noticias.com.br\/?p=22442","og_locale":"pt_BR","og_type":"article","og_title":"Cuidar da boca e dos dentes \u00e9 essencial para a sa\u00fade","og_description":"Compartilhar talher, copo e beijar pode disseminar o coronav\u00edrus O cuidado com a sa\u00fade bucal \u00e9 primordial, inclusive com as doen\u00e7as que podem ser compartilhadas quando se usam talheres, copos e outros itens, sem a devida higiene. O risco \u00e9 de se adquirir doen\u00e7as que s\u00e3o transmitidas pela saliva, como o novo Coronav\u00edrus, al\u00e9m de: [&hellip;]","og_url":"https:\/\/www.p31noticias.com.br\/?p=22442","og_site_name":"P31","article_published_time":"2020-06-22T12:21:20+00:00","og_image":[{"width":571,"height":310,"url":"https:\/\/www.p31noticias.com.br\/wp-content\/uploads\/2020\/06\/Rodrigo-Maia-v\u00edrus.jpg","type":"image\/jpeg"}],"author":"Reda\u00e7\u00e3o JBN","twitter_card":"summary_large_image","twitter_misc":{"Escrito por":"Reda\u00e7\u00e3o JBN","Est. tempo de leitura":"3 minutos"},"schema":{"@context":"https:\/\/schema.org","@graph":[{"@type":"Article","@id":"https:\/\/www.p31noticias.com.br\/?p=22442#article","isPartOf":{"@id":"https:\/\/www.p31noticias.com.br\/?p=22442"},"author":{"name":"Reda\u00e7\u00e3o JBN","@id":"https:\/\/www.p31noticias.com.br\/#\/schema\/person\/77d6b186c710ac38937c6ec204fdd387"},"headline":"Cuidar da boca e dos dentes \u00e9 essencial para a sa\u00fade","datePublished":"2020-06-22T12:21:20+00:00","mainEntityOfPage":{"@id":"https:\/\/www.p31noticias.com.br\/?p=22442"},"wordCount":581,"commentCount":0,"image":{"@id":"https:\/\/www.p31noticias.com.br\/?p=22442#primaryimage"},"thumbnailUrl":"https:\/\/www.p31noticias.com.br\/wp-content\/uploads\/2020\/06\/Rodrigo-Maia-v\u00edrus.jpg","articleSection":["Sa\u00fade"],"inLanguage":"pt-BR","potentialAction":[{"@type":"CommentAction","name":"Comment","target":["https:\/\/www.p31noticias.com.br\/?p=22442#respond"]}],"copyrightYear":"2020","copyrightHolder":{"@id":"https:\/\/www.p31noticias.com.br\/#organization"}},{"@type":"WebPage","@id":"https:\/\/www.p31noticias.com.br\/?p=22442","url":"https:\/\/www.p31noticias.com.br\/?p=22442","name":"Cuidar da boca e dos dentes \u00e9 essencial para a sa\u00fade - P31","isPartOf":{"@id":"https:\/\/www.p31noticias.com.br\/#website"},"primaryImageOfPage":{"@id":"https:\/\/www.p31noticias.com.br\/?p=22442#primaryimage"},"image":{"@id":"https:\/\/www.p31noticias.com.br\/?p=22442#primaryimage"},"thumbnailUrl":"https:\/\/www.p31noticias.com.br\/wp-content\/uploads\/2020\/06\/Rodrigo-Maia-v\u00edrus.jpg","datePublished":"2020-06-22T12:21:20+00:00","author":{"@id":"https:\/\/www.p31noticias.com.br\/#\/schema\/person\/77d6b186c710ac38937c6ec204fdd387"},"breadcrumb":{"@id":"https:\/\/www.p31noticias.com.br\/?p=22442#breadcrumb"},"inLanguage":"pt-BR","potentialAction":[{"@type":"ReadAction","target":["https:\/\/www.p31noticias.com.br\/?p=22442"]}]},{"@type":"ImageObject","inLanguage":"pt-BR","@id":"https:\/\/www.p31noticias.com.br\/?p=22442#primaryimage","url":"https:\/\/www.p31noticias.com.br\/wp-content\/uploads\/2020\/06\/Rodrigo-Maia-v\u00edrus.jpg","contentUrl":"https:\/\/www.p31noticias.com.br\/wp-content\/uploads\/2020\/06\/Rodrigo-Maia-v\u00edrus.jpg","width":571,"height":310},{"@type":"BreadcrumbList","@id":"https:\/\/www.p31noticias.com.br\/?p=22442#breadcrumb","itemListElement":[{"@type":"ListItem","position":1,"name":"In\u00edcio","item":"https:\/\/www.p31noticias.com.br\/"},{"@type":"ListItem","position":2,"name":"Cuidar da boca e dos dentes \u00e9 essencial para a sa\u00fade"}]},{"@type":"WebSite","@id":"https:\/\/www.p31noticias.com.br\/#website","url":"https:\/\/www.p31noticias.com.br\/","name":"P31","description":"NOT\u00cdCIAS","potentialAction":[{"@type":"SearchAction","target":{"@type":"EntryPoint","urlTemplate":"https:\/\/www.p31noticias.com.br\/?s={search_term_string}"},"query-input":{"@type":"PropertyValueSpecification","valueRequired":true,"valueName":"search_term_string"}}],"inLanguage":"pt-BR"},{"@type":"Person","@id":"https:\/\/www.p31noticias.com.br\/#\/schema\/person\/77d6b186c710ac38937c6ec204fdd387","name":"Reda\u00e7\u00e3o JBN","image":{"@type":"ImageObject","inLanguage":"pt-BR","@id":"https:\/\/secure.gravatar.com\/avatar\/10fcdb93211f98cce3d64c0795b0915a9a4a21dc0f279238995a3dbfafcad090?s=96&d=mm&r=g","url":"https:\/\/secure.gravatar.com\/avatar\/10fcdb93211f98cce3d64c0795b0915a9a4a21dc0f279238995a3dbfafcad090?s=96&d=mm&r=g","contentUrl":"https:\/\/secure.gravatar.com\/avatar\/10fcdb93211f98cce3d64c0795b0915a9a4a21dc0f279238995a3dbfafcad090?s=96&d=mm&r=g","caption":"Reda\u00e7\u00e3o JBN"},"sameAs":["https:\/\/p31noticias.com.br"],"url":"https:\/\/www.p31noticias.com.br\/?author=18"}]}},"amp_enabled":true,"_links":{"self":[{"href":"https:\/\/www.p31noticias.com.br\/index.php?rest_route=\/wp\/v2\/posts\/22442","targetHints":{"allow":["GET"]}}],"collection":[{"href":"https:\/\/www.p31noticias.com.br\/index.php?rest_route=\/wp\/v2\/posts"}],"about":[{"href":"https:\/\/www.p31noticias.com.br\/index.php?rest_route=\/wp\/v2\/types\/post"}],"author":[{"embeddable":true,"href":"https:\/\/www.p31noticias.com.br\/index.php?rest_route=\/wp\/v2\/users\/18"}],"replies":[{"embeddable":true,"href":"https:\/\/www.p31noticias.com.br\/index.php?rest_route=%2Fwp%2Fv2%2Fcomments&post=22442"}],"version-history":[{"count":0,"href":"https:\/\/www.p31noticias.com.br\/index.php?rest_route=\/wp\/v2\/posts\/22442\/revisions"}],"wp:featuredmedia":[{"embeddable":true,"href":"https:\/\/www.p31noticias.com.br\/index.php?rest_route=\/wp\/v2\/media\/22265"}],"wp:attachment":[{"href":"https:\/\/www.p31noticias.com.br\/index.php?rest_route=%2Fwp%2Fv2%2Fmedia&parent=22442"}],"wp:term":[{"taxonomy":"category","embeddable":true,"href":"https:\/\/www.p31noticias.com.br\/index.php?rest_route=%2Fwp%2Fv2%2Fcategories&post=22442"},{"taxonomy":"post_tag","embeddable":true,"href":"https:\/\/www.p31noticias.com.br\/index.php?rest_route=%2Fwp%2Fv2%2Ftags&post=22442"}],"curies":[{"name":"wp","href":"https:\/\/api.w.org\/{rel}","templated":true}]}}