{"id":22440,"date":"2020-06-20T15:30:24","date_gmt":"2020-06-20T18:30:24","guid":{"rendered":"https:\/\/jornaldoplanalto.com.br\/web\/?p=22313"},"modified":"2020-06-20T15:30:24","modified_gmt":"2020-06-20T18:30:24","slug":"idoso-que-esperou-cinco-anos-por-cirurgia-na-rede-publica-de-saude-sera-ressarcido","status":"publish","type":"post","link":"https:\/\/www.p31noticias.com.br\/?p=22440","title":{"rendered":"Idoso que esperou cinco anos por cirurgia na rede p\u00fablica de sa\u00fade ser\u00e1 ressarcido"},"content":{"rendered":"<p>O juiz do 3\u00ba Juizado Especial da Fazenda P\u00fablica do DF determinou ao Distrito Federal que restitua \u00e0 paciente idoso do Sistema \u00danico de Sa\u00fade &#8211; SUS valor relativo \u00e0 cirurgia oftalmol\u00f3gica realizada em unidade hospitalar da rede privada de sa\u00fade. O autor da a\u00e7\u00e3o esperou cinco anos para fazer o procedimento de urg\u00eancia em hospital p\u00fablico, sem \u00eaxito.<\/p>\n<p>O paciente contou que foi diagnosticado com catarata, em 2015, quando recebeu indica\u00e7\u00e3o de cirurgia de urg\u00eancia. Disse que, em uma das tentativas de realizar a interven\u00e7\u00e3o na rede p\u00fablica, chegou a ser levado \u00e0 sala de cirurgia, mas foi informado, naquele momento, de que o procedimento seria cancelado. Sob risco de perder a vis\u00e3o, \u201cviu-se obrigado a custear a cirurgia em hospital da rede privada de sa\u00fade\u201d.<\/p>\n<p>Em sua defesa, o governo distrital alegou \u201cn\u00e3o haver prova de que o autor sequer tenha solicitado a cirurgia junto \u00e0 rede p\u00fablica distrital de sa\u00fade. Pelo contr\u00e1rio, o paciente preferiu procurar atendimento em hospital particular\u201d.<\/p>\n<p>O juiz, ap\u00f3s analisar documentos apresentados, afirmou que n\u00e3o h\u00e1 d\u00favidas de que a realiza\u00e7\u00e3o do tratamento \u00e0s expensas do autor n\u00e3o aconteceu por op\u00e7\u00e3o, mas por omiss\u00e3o do Estado em realizar a cirurgia pelo SUS. \u201cPor essa raz\u00e3o, imp\u00f5e-se ao r\u00e9u, nos limites de sua responsabiliza\u00e7\u00e3o objetiva, o dever de ressarcir o valor custeado pelo paciente\u201d, declarou o magistrado.<\/p>\n<p>Assim, a a\u00e7\u00e3o foi julgada procedente para condenar o DF a ressarcir \u00e0 parte autora o valor de R$ 4.961,02, equivalente ao custo do tratamento m\u00e9dico em hospital da rede privada de sa\u00fade. Cabe recurso da senten\u00e7a. <a href=\"https:\/\/pje.tjdft.jus.br\/consultapublica\/ConsultaPublica\/listView.seam\">PJe<\/a>: 0758267-40.2019.8.07.0016 (Fonte: TJDFT)<\/p>\n<p>&#8212;&#8212;&#8212;&#8212;&#8212;&#8212;&#8212;&#8212;&#8212;&#8212;&#8212;&#8212;&#8212;&#8212;&#8212;&#8212;&#8212;&#8212;&#8212;&#8212;&#8212;&#8212;&#8212;&#8212;&#8212;&#8212;&#8212;&#8212;&#8212;&#8212;&#8212;&#8212;&#8212;&#8212;&#8212;<\/p>\n<p><strong>Banco \u00e9 respons\u00e1vel pelo pagamento de tributos de ve\u00edculo financiado com documento falso<\/strong><\/p>\n<p>O financiamento de ve\u00edculo aprovado com a apresenta\u00e7\u00e3o de documentos falsos n\u00e3o afasta a responsabilidade do banco credor de arcar com o pagamento do IPVA, do licenciamento e do seguro DPVAT, vinculados ao bem. O entendimento \u00e9 da 8\u00aa Turma C\u00edvel do TJDFT ao analisar recurso do\u00a0Distrito Federal e do Detran-DF.<\/p>\n<p>Consta nos autos que a v\u00edtima da fraude teve a carteira de habilita\u00e7\u00e3o &#8211; CNH clonada e transferida para o estado de Goi\u00e1s. Os estelionat\u00e1rios usaram o documento falso para comprar um carro mediante contrato de aliena\u00e7\u00e3o fiduci\u00e1ria junto \u00e0\u00a0Aymor\u00e9\u00a0Cr\u00e9dito, Financiamento e Investimento S\/A. A aquisi\u00e7\u00e3o fraudulenta do ve\u00edculo por terceiro originou d\u00e9bitos tribut\u00e1rios, como o IPVA, e multas cadastradas no nome da v\u00edtima.<\/p>\n<p>Em primeira inst\u00e2ncia, o ju\u00edzo da 1\u00aa Vara da Fazenda P\u00fablica do DF declarou nulo os cr\u00e9ditos tribut\u00e1rios, as multas, os cr\u00e9ditos de licenciamento, DPVAT e os pontos lan\u00e7ados na CNH, que constavam no nome da autora em rela\u00e7\u00e3o ao ve\u00edculo junto ao Detran-DF. O julgador condenou ainda o Detran-GO e a financeira a indenizar a v\u00edtima pelos danos morais suportados. O Detran-DF e o Distrito Federal recorreram da decis\u00e3o.<\/p>\n<p>No recurso, os dois r\u00e9us alegaram que deve ser imputado \u00e0 institui\u00e7\u00e3o financeira a responsabilidade pelos d\u00e9bitos tribut\u00e1rios e n\u00e3o tribut\u00e1rios do ve\u00edculo, uma vez que \u00e9 a credora fiduci\u00e1ria do bem. Logo, pedem para que seja reformada a senten\u00e7a para que seja imputada \u00e0 financeira os d\u00e9bitos do ve\u00edculo.<\/p>\n<p>Ao analisar o recurso, o desembargador relator destacou que a institui\u00e7\u00e3o financeira tem responsabilidade pelos d\u00e9bitos gerados a partir de fraude. No caso dos autos, foi concedido financiamento a pessoa f\u00edsica que portava documento falso.\u00a0&#8220;Trata-se de hip\u00f3tese de fortuito interno, que n\u00e3o exclui o nexo causal e, portanto, mant\u00e9m o \u00f4nus do credor fiduci\u00e1rio sobre as d\u00edvidas contra\u00eddas pelo devedor estelionat\u00e1rio\u201d, destacou.<\/p>\n<p>No entendimento do magistrado, esse \u00f4nus inclui tamb\u00e9m os referentes a tributos. Isso porque, segundo o julgador,\u00a0o \u201cestelionato, por si s\u00f3, n\u00e3o afasta a responsabilidade do contribuinte tribut\u00e1rio, sobretudo quando o legislador distrital, ao estabelecer a n\u00e3o incid\u00eancia de IPVA em caso de roubo, furto ou sinistro, nada disp\u00f4s sobre a hip\u00f3tese de fraude.\u00a0Dessa forma, entendo que os d\u00e9bitos referentes ao IPVA, \u00e0s taxas de licenciamento e ao seguro DPVAT devem ser assumidos integralmente pela r\u00e9\u201d.<\/p>\n<p>Dessa forma, o colegiado, por unanimidade, deu parcial provimento ao recurso para determinar o \u00f4nus da\u00a0Aymor\u00e9\u00a0Cr\u00e9dito, Financiamento e Investimento S\/A sobre o pagamento dos d\u00e9bitos de IPVA, licenciamento e DPVAT, associados ao ve\u00edculo objeto da a\u00e7\u00e3o.\u00a0\u00a0<a href=\"https:\/\/pje2i.tjdft.jus.br\/pje\/ConsultaPublica\/listView.seam\">PJe2<\/a>:\u00a00701767-45.2019.8.07.0018\u00a0(Fonte: TJDFT).<\/p>\n<p>&nbsp;<\/p>\n<p>&nbsp;<\/p>\n","protected":false},"excerpt":{"rendered":"<p>O juiz do 3\u00ba Juizado Especial da Fazenda P\u00fablica do DF determinou ao Distrito Federal que restitua \u00e0 paciente idoso do Sistema \u00danico de Sa\u00fade &#8211; SUS valor relativo \u00e0 cirurgia oftalmol\u00f3gica realizada em unidade hospitalar da rede privada de sa\u00fade. O autor da a\u00e7\u00e3o esperou cinco anos para fazer o procedimento de urg\u00eancia em [&hellip;]<\/p>\n","protected":false},"author":18,"featured_media":0,"comment_status":"open","ping_status":"open","sticky":false,"template":"","format":"standard","meta":{"footnotes":""},"categories":[1],"tags":[],"class_list":{"0":"post-22440","1":"post","2":"type-post","3":"status-publish","4":"format-standard","6":"category-outros"},"yoast_head":"<!-- This site is optimized with the Yoast SEO Premium plugin v24.5 (Yoast SEO v27.5) - https:\/\/yoast.com\/product\/yoast-seo-premium-wordpress\/ -->\n<title>Idoso que esperou cinco anos por cirurgia na rede p\u00fablica de sa\u00fade ser\u00e1 ressarcido - P31<\/title>\n<meta name=\"robots\" content=\"index, follow, max-snippet:-1, max-image-preview:large, max-video-preview:-1\" \/>\n<link rel=\"canonical\" href=\"https:\/\/www.p31noticias.com.br\/?p=22440\" \/>\n<meta property=\"og:locale\" content=\"pt_BR\" \/>\n<meta property=\"og:type\" content=\"article\" \/>\n<meta property=\"og:title\" content=\"Idoso que esperou cinco anos por cirurgia na rede p\u00fablica de sa\u00fade ser\u00e1 ressarcido\" \/>\n<meta property=\"og:description\" content=\"O juiz do 3\u00ba Juizado Especial da Fazenda P\u00fablica do DF determinou ao Distrito Federal que restitua \u00e0 paciente idoso do Sistema \u00danico de Sa\u00fade &#8211; SUS valor relativo \u00e0 cirurgia oftalmol\u00f3gica realizada em unidade hospitalar da rede privada de sa\u00fade. O autor da a\u00e7\u00e3o esperou cinco anos para fazer o procedimento de urg\u00eancia em [&hellip;]\" \/>\n<meta property=\"og:url\" content=\"https:\/\/www.p31noticias.com.br\/?p=22440\" \/>\n<meta property=\"og:site_name\" content=\"P31\" \/>\n<meta property=\"article:published_time\" content=\"2020-06-20T18:30:24+00:00\" \/>\n<meta name=\"author\" content=\"Reda\u00e7\u00e3o JBN\" \/>\n<meta name=\"twitter:card\" content=\"summary_large_image\" \/>\n<meta name=\"twitter:label1\" content=\"Escrito por\" \/>\n\t<meta name=\"twitter:data1\" content=\"Reda\u00e7\u00e3o JBN\" \/>\n\t<meta name=\"twitter:label2\" content=\"Est. tempo de leitura\" \/>\n\t<meta name=\"twitter:data2\" content=\"4 minutos\" \/>\n<script type=\"application\/ld+json\" class=\"yoast-schema-graph\">{\"@context\":\"https:\\\/\\\/schema.org\",\"@graph\":[{\"@type\":\"Article\",\"@id\":\"https:\\\/\\\/www.p31noticias.com.br\\\/?p=22440#article\",\"isPartOf\":{\"@id\":\"https:\\\/\\\/www.p31noticias.com.br\\\/?p=22440\"},\"author\":{\"name\":\"Reda\u00e7\u00e3o JBN\",\"@id\":\"https:\\\/\\\/www.p31noticias.com.br\\\/#\\\/schema\\\/person\\\/77d6b186c710ac38937c6ec204fdd387\"},\"headline\":\"Idoso que esperou cinco anos por cirurgia na rede p\u00fablica de sa\u00fade ser\u00e1 ressarcido\",\"datePublished\":\"2020-06-20T18:30:24+00:00\",\"mainEntityOfPage\":{\"@id\":\"https:\\\/\\\/www.p31noticias.com.br\\\/?p=22440\"},\"wordCount\":797,\"commentCount\":0,\"articleSection\":[\"Outros\"],\"inLanguage\":\"pt-BR\",\"potentialAction\":[{\"@type\":\"CommentAction\",\"name\":\"Comment\",\"target\":[\"https:\\\/\\\/www.p31noticias.com.br\\\/?p=22440#respond\"]}],\"copyrightYear\":\"2020\",\"copyrightHolder\":{\"@id\":\"https:\\\/\\\/www.p31noticias.com.br\\\/#organization\"}},{\"@type\":\"WebPage\",\"@id\":\"https:\\\/\\\/www.p31noticias.com.br\\\/?p=22440\",\"url\":\"https:\\\/\\\/www.p31noticias.com.br\\\/?p=22440\",\"name\":\"Idoso que esperou cinco anos por cirurgia na rede p\u00fablica de sa\u00fade ser\u00e1 ressarcido - P31\",\"isPartOf\":{\"@id\":\"https:\\\/\\\/www.p31noticias.com.br\\\/#website\"},\"datePublished\":\"2020-06-20T18:30:24+00:00\",\"author\":{\"@id\":\"https:\\\/\\\/www.p31noticias.com.br\\\/#\\\/schema\\\/person\\\/77d6b186c710ac38937c6ec204fdd387\"},\"breadcrumb\":{\"@id\":\"https:\\\/\\\/www.p31noticias.com.br\\\/?p=22440#breadcrumb\"},\"inLanguage\":\"pt-BR\",\"potentialAction\":[{\"@type\":\"ReadAction\",\"target\":[\"https:\\\/\\\/www.p31noticias.com.br\\\/?p=22440\"]}]},{\"@type\":\"BreadcrumbList\",\"@id\":\"https:\\\/\\\/www.p31noticias.com.br\\\/?p=22440#breadcrumb\",\"itemListElement\":[{\"@type\":\"ListItem\",\"position\":1,\"name\":\"In\u00edcio\",\"item\":\"https:\\\/\\\/www.p31noticias.com.br\\\/\"},{\"@type\":\"ListItem\",\"position\":2,\"name\":\"Idoso que esperou cinco anos por cirurgia na rede p\u00fablica de sa\u00fade ser\u00e1 ressarcido\"}]},{\"@type\":\"WebSite\",\"@id\":\"https:\\\/\\\/www.p31noticias.com.br\\\/#website\",\"url\":\"https:\\\/\\\/www.p31noticias.com.br\\\/\",\"name\":\"P31\",\"description\":\"NOT\u00cdCIAS\",\"potentialAction\":[{\"@type\":\"SearchAction\",\"target\":{\"@type\":\"EntryPoint\",\"urlTemplate\":\"https:\\\/\\\/www.p31noticias.com.br\\\/?s={search_term_string}\"},\"query-input\":{\"@type\":\"PropertyValueSpecification\",\"valueRequired\":true,\"valueName\":\"search_term_string\"}}],\"inLanguage\":\"pt-BR\"},{\"@type\":\"Person\",\"@id\":\"https:\\\/\\\/www.p31noticias.com.br\\\/#\\\/schema\\\/person\\\/77d6b186c710ac38937c6ec204fdd387\",\"name\":\"Reda\u00e7\u00e3o JBN\",\"image\":{\"@type\":\"ImageObject\",\"inLanguage\":\"pt-BR\",\"@id\":\"https:\\\/\\\/secure.gravatar.com\\\/avatar\\\/10fcdb93211f98cce3d64c0795b0915a9a4a21dc0f279238995a3dbfafcad090?s=96&d=mm&r=g\",\"url\":\"https:\\\/\\\/secure.gravatar.com\\\/avatar\\\/10fcdb93211f98cce3d64c0795b0915a9a4a21dc0f279238995a3dbfafcad090?s=96&d=mm&r=g\",\"contentUrl\":\"https:\\\/\\\/secure.gravatar.com\\\/avatar\\\/10fcdb93211f98cce3d64c0795b0915a9a4a21dc0f279238995a3dbfafcad090?s=96&d=mm&r=g\",\"caption\":\"Reda\u00e7\u00e3o JBN\"},\"sameAs\":[\"https:\\\/\\\/p31noticias.com.br\"],\"url\":\"https:\\\/\\\/www.p31noticias.com.br\\\/?author=18\"}]}<\/script>\n<!-- \/ Yoast SEO Premium plugin. -->","yoast_head_json":{"title":"Idoso que esperou cinco anos por cirurgia na rede p\u00fablica de sa\u00fade ser\u00e1 ressarcido - P31","robots":{"index":"index","follow":"follow","max-snippet":"max-snippet:-1","max-image-preview":"max-image-preview:large","max-video-preview":"max-video-preview:-1"},"canonical":"https:\/\/www.p31noticias.com.br\/?p=22440","og_locale":"pt_BR","og_type":"article","og_title":"Idoso que esperou cinco anos por cirurgia na rede p\u00fablica de sa\u00fade ser\u00e1 ressarcido","og_description":"O juiz do 3\u00ba Juizado Especial da Fazenda P\u00fablica do DF determinou ao Distrito Federal que restitua \u00e0 paciente idoso do Sistema \u00danico de Sa\u00fade &#8211; SUS valor relativo \u00e0 cirurgia oftalmol\u00f3gica realizada em unidade hospitalar da rede privada de sa\u00fade. O autor da a\u00e7\u00e3o esperou cinco anos para fazer o procedimento de urg\u00eancia em [&hellip;]","og_url":"https:\/\/www.p31noticias.com.br\/?p=22440","og_site_name":"P31","article_published_time":"2020-06-20T18:30:24+00:00","author":"Reda\u00e7\u00e3o JBN","twitter_card":"summary_large_image","twitter_misc":{"Escrito por":"Reda\u00e7\u00e3o JBN","Est. tempo de leitura":"4 minutos"},"schema":{"@context":"https:\/\/schema.org","@graph":[{"@type":"Article","@id":"https:\/\/www.p31noticias.com.br\/?p=22440#article","isPartOf":{"@id":"https:\/\/www.p31noticias.com.br\/?p=22440"},"author":{"name":"Reda\u00e7\u00e3o JBN","@id":"https:\/\/www.p31noticias.com.br\/#\/schema\/person\/77d6b186c710ac38937c6ec204fdd387"},"headline":"Idoso que esperou cinco anos por cirurgia na rede p\u00fablica de sa\u00fade ser\u00e1 ressarcido","datePublished":"2020-06-20T18:30:24+00:00","mainEntityOfPage":{"@id":"https:\/\/www.p31noticias.com.br\/?p=22440"},"wordCount":797,"commentCount":0,"articleSection":["Outros"],"inLanguage":"pt-BR","potentialAction":[{"@type":"CommentAction","name":"Comment","target":["https:\/\/www.p31noticias.com.br\/?p=22440#respond"]}],"copyrightYear":"2020","copyrightHolder":{"@id":"https:\/\/www.p31noticias.com.br\/#organization"}},{"@type":"WebPage","@id":"https:\/\/www.p31noticias.com.br\/?p=22440","url":"https:\/\/www.p31noticias.com.br\/?p=22440","name":"Idoso que esperou cinco anos por cirurgia na rede p\u00fablica de sa\u00fade ser\u00e1 ressarcido - P31","isPartOf":{"@id":"https:\/\/www.p31noticias.com.br\/#website"},"datePublished":"2020-06-20T18:30:24+00:00","author":{"@id":"https:\/\/www.p31noticias.com.br\/#\/schema\/person\/77d6b186c710ac38937c6ec204fdd387"},"breadcrumb":{"@id":"https:\/\/www.p31noticias.com.br\/?p=22440#breadcrumb"},"inLanguage":"pt-BR","potentialAction":[{"@type":"ReadAction","target":["https:\/\/www.p31noticias.com.br\/?p=22440"]}]},{"@type":"BreadcrumbList","@id":"https:\/\/www.p31noticias.com.br\/?p=22440#breadcrumb","itemListElement":[{"@type":"ListItem","position":1,"name":"In\u00edcio","item":"https:\/\/www.p31noticias.com.br\/"},{"@type":"ListItem","position":2,"name":"Idoso que esperou cinco anos por cirurgia na rede p\u00fablica de sa\u00fade ser\u00e1 ressarcido"}]},{"@type":"WebSite","@id":"https:\/\/www.p31noticias.com.br\/#website","url":"https:\/\/www.p31noticias.com.br\/","name":"P31","description":"NOT\u00cdCIAS","potentialAction":[{"@type":"SearchAction","target":{"@type":"EntryPoint","urlTemplate":"https:\/\/www.p31noticias.com.br\/?s={search_term_string}"},"query-input":{"@type":"PropertyValueSpecification","valueRequired":true,"valueName":"search_term_string"}}],"inLanguage":"pt-BR"},{"@type":"Person","@id":"https:\/\/www.p31noticias.com.br\/#\/schema\/person\/77d6b186c710ac38937c6ec204fdd387","name":"Reda\u00e7\u00e3o JBN","image":{"@type":"ImageObject","inLanguage":"pt-BR","@id":"https:\/\/secure.gravatar.com\/avatar\/10fcdb93211f98cce3d64c0795b0915a9a4a21dc0f279238995a3dbfafcad090?s=96&d=mm&r=g","url":"https:\/\/secure.gravatar.com\/avatar\/10fcdb93211f98cce3d64c0795b0915a9a4a21dc0f279238995a3dbfafcad090?s=96&d=mm&r=g","contentUrl":"https:\/\/secure.gravatar.com\/avatar\/10fcdb93211f98cce3d64c0795b0915a9a4a21dc0f279238995a3dbfafcad090?s=96&d=mm&r=g","caption":"Reda\u00e7\u00e3o JBN"},"sameAs":["https:\/\/p31noticias.com.br"],"url":"https:\/\/www.p31noticias.com.br\/?author=18"}]}},"amp_enabled":true,"_links":{"self":[{"href":"https:\/\/www.p31noticias.com.br\/index.php?rest_route=\/wp\/v2\/posts\/22440","targetHints":{"allow":["GET"]}}],"collection":[{"href":"https:\/\/www.p31noticias.com.br\/index.php?rest_route=\/wp\/v2\/posts"}],"about":[{"href":"https:\/\/www.p31noticias.com.br\/index.php?rest_route=\/wp\/v2\/types\/post"}],"author":[{"embeddable":true,"href":"https:\/\/www.p31noticias.com.br\/index.php?rest_route=\/wp\/v2\/users\/18"}],"replies":[{"embeddable":true,"href":"https:\/\/www.p31noticias.com.br\/index.php?rest_route=%2Fwp%2Fv2%2Fcomments&post=22440"}],"version-history":[{"count":0,"href":"https:\/\/www.p31noticias.com.br\/index.php?rest_route=\/wp\/v2\/posts\/22440\/revisions"}],"wp:attachment":[{"href":"https:\/\/www.p31noticias.com.br\/index.php?rest_route=%2Fwp%2Fv2%2Fmedia&parent=22440"}],"wp:term":[{"taxonomy":"category","embeddable":true,"href":"https:\/\/www.p31noticias.com.br\/index.php?rest_route=%2Fwp%2Fv2%2Fcategories&post=22440"},{"taxonomy":"post_tag","embeddable":true,"href":"https:\/\/www.p31noticias.com.br\/index.php?rest_route=%2Fwp%2Fv2%2Ftags&post=22440"}],"curies":[{"name":"wp","href":"https:\/\/api.w.org\/{rel}","templated":true}]}}