{"id":22405,"date":"2020-07-02T11:35:42","date_gmt":"2020-07-02T14:35:42","guid":{"rendered":"https:\/\/jornaldoplanalto.com.br\/web\/?p=22405"},"modified":"2020-07-02T11:35:42","modified_gmt":"2020-07-02T14:35:42","slug":"bioetica-e-covid-19-desenvolvimento-da-cura-questoes-eticas-de-novos-farmacos-e-vacinas","status":"publish","type":"post","link":"https:\/\/www.p31noticias.com.br\/?p=22405","title":{"rendered":"Bio\u00e9tica e Covid-19: Desenvolvimento da cura- quest\u00f5es \u00e9ticas de novos f\u00e1rmacos e vacinas"},"content":{"rendered":"<p><strong><em>Especialista em direito m\u00e9dico, Paula Moura destaca estudos e implica\u00e7\u00f5es morais levantados pelas pesquisas cient\u00edficas em busca da cura do novo coronavirus<\/em><\/strong><\/p>\n<div>Frente \u00e0 pandemia da Covid-19, a bio\u00e9tica tem se destacado como um espa\u00e7o de discuss\u00e3o diante dos desafios que a biotecnologia tem encontrado em busca da cura do novo Coronavirus. Muitas s\u00e3o as tentativas numa corrida contra o tempo para encontrar novos medicamentos e vacinas que amenize esse cen\u00e1rio catastr\u00f3fico de mortes em \u00e2mbito mundial. Esse s\u00e3o chamados de ensaios cl\u00ednicos que s\u00e3o, segundo a Organiza\u00e7\u00e3o Mundial da Sa\u00fade (OMS), estudo de pesquisa que designe prospectivamente participantes humanos ou grupos de seres humanos a uma ou mais interven\u00e7\u00f5es relacionadas \u00e0 sa\u00fade para avaliar os efeitos nos resultados da sa\u00fade.<\/p>\n<p>Um ensaio cl\u00ednico que trouxe bastante repercuss\u00e3o e expectativa, foi a autoriza\u00e7\u00e3o da Anvisa, no in\u00edcio de junho, para realiza\u00e7\u00e3o de um estudo cl\u00ednico no Brasil para testar uma potencial vacina desenvolvida pela Universidade de Oxford, no Reino Unido, para prevenir a Covid-19. O pedido de autoriza\u00e7\u00e3o foi feito pela empresa Astrazeneca do Brasil Ltda., que submeteu os dados e as informa\u00e7\u00f5es sobre a vacina para avalia\u00e7\u00e3o da Ag\u00eancia. Trata-se de um estudo controlado randomizado de fase III para determinar a seguran\u00e7a, a efic\u00e1cia e a imunogenicidade da vacina ChAdOx1 nCoV-19 n\u00e3o replicante.<\/p>\n<p>Segundo a especialista em direito m\u00e9dico, Paula Moura, apesar da urg\u00eancia na busca de uma cura imediata, para a realiza\u00e7\u00e3o de qualquer pesquisa cl\u00ednica envolvendo seres humanos, \u00e9 obrigat\u00f3ria a aprova\u00e7\u00e3o dos Comit\u00eas de \u00c9tica em Pesquisa (CEPs) e\/ou da Comiss\u00e3o Nacional de \u00c9tica em Pesquisa (Conep), e em alguns casos com interven\u00e7\u00e3o da ANVISA.<\/p>\n<p>Um outro ponto levantado pela especialista, nesse cen\u00e1rio, s\u00e3o os chamados medicamentos off label, que se diferem dos ensaios cl\u00ednicos. O uso off label ocorre quando o tratamento indicado para a cura ou o controle eficaz de uma doen\u00e7a n\u00e3o se achem resguardados em prescri\u00e7\u00f5es ou protocolos m\u00e9dicos e os meios convencionais dispon\u00edveis em procedimentos, terap\u00eauticos e os medicamentos j\u00e1 existentes silenciam a resposta de \u00eaxito adequada. O tratamento experimental com uso de medicamentos off label desafia atualmente a medicina, precisamente nos planos bio\u00e9tico e jur\u00eddico.<\/p>\n<p>Para Dra. Paula, alguns princ\u00edpios s\u00e3o essenciais para nortear a pesquisa cl\u00ednica como o da autonomia, da benefic\u00eancia, da n\u00e3o malefic\u00eancia, da justi\u00e7a, da precau\u00e7\u00e3o, da solidariedade, da preval\u00eancia do interesse individual do participante sobre os interesses da ci\u00eancia e da sociedade e da responsabilidade. Isso porque, os ensaios cl\u00ednicos envolvem riscos e est\u00e3o cercados por diversos questionamentos \u00e9ticos e jur\u00eddicos, que v\u00e3o desde sua admissibilidade, a forma como ocorre a pesquisa, sua regula\u00e7\u00e3o at\u00e9 \u00e0s hip\u00f3teses de responsabiliza\u00e7\u00e3o e repara\u00e7\u00e3o pelos danos que os participantes de pesquisas podem sofrer.<br \/>\nConsiderar essas diretrizes durante esse processo de busca de novos tratamentos e novos protocolos m\u00e9dicos para o fim dessa pandemia resguarda juridicamente todos os esfor\u00e7os empenhados para esse fim.<\/p>\n<p>Servi\u00e7o: Bio\u00e9tica e Covid-19: Desenvolvimento da cura- quest\u00f5es \u00e9ticas de novos f\u00e1rmacos e vacinas<\/p><\/div>\n","protected":false},"excerpt":{"rendered":"<p>Especialista em direito m\u00e9dico, Paula Moura destaca estudos e implica\u00e7\u00f5es morais levantados pelas pesquisas cient\u00edficas em busca da cura do novo coronavirus Frente \u00e0 pandemia da Covid-19, a bio\u00e9tica tem se destacado como um espa\u00e7o de discuss\u00e3o diante dos desafios que a biotecnologia tem encontrado em busca da cura do novo Coronavirus. Muitas s\u00e3o as [&hellip;]<\/p>\n","protected":false},"author":18,"featured_media":22406,"comment_status":"open","ping_status":"open","sticky":false,"template":"","format":"standard","meta":{"footnotes":""},"categories":[124],"tags":[],"class_list":{"0":"post-22405","1":"post","2":"type-post","3":"status-publish","4":"format-standard","5":"has-post-thumbnail","7":"category-saude"},"yoast_head":"<!-- This site is optimized with the Yoast SEO Premium plugin v24.5 (Yoast SEO v27.5) - https:\/\/yoast.com\/product\/yoast-seo-premium-wordpress\/ -->\n<title>Bio\u00e9tica e Covid-19: Desenvolvimento da cura- quest\u00f5es \u00e9ticas de novos f\u00e1rmacos e vacinas - P31<\/title>\n<meta name=\"robots\" content=\"index, follow, max-snippet:-1, max-image-preview:large, max-video-preview:-1\" \/>\n<link rel=\"canonical\" href=\"https:\/\/www.p31noticias.com.br\/?p=22405\" \/>\n<meta property=\"og:locale\" content=\"pt_BR\" \/>\n<meta property=\"og:type\" content=\"article\" \/>\n<meta property=\"og:title\" content=\"Bio\u00e9tica e Covid-19: Desenvolvimento da cura- quest\u00f5es \u00e9ticas de novos f\u00e1rmacos e vacinas\" \/>\n<meta property=\"og:description\" content=\"Especialista em direito m\u00e9dico, Paula Moura destaca estudos e implica\u00e7\u00f5es morais levantados pelas pesquisas cient\u00edficas em busca da cura do novo coronavirus Frente \u00e0 pandemia da Covid-19, a bio\u00e9tica tem se destacado como um espa\u00e7o de discuss\u00e3o diante dos desafios que a biotecnologia tem encontrado em busca da cura do novo Coronavirus. Muitas s\u00e3o as [&hellip;]\" \/>\n<meta property=\"og:url\" content=\"https:\/\/www.p31noticias.com.br\/?p=22405\" \/>\n<meta property=\"og:site_name\" content=\"P31\" \/>\n<meta property=\"article:published_time\" content=\"2020-07-02T14:35:42+00:00\" \/>\n<meta property=\"og:image\" content=\"https:\/\/www.p31noticias.com.br\/wp-content\/uploads\/2020\/07\/vacina-covid.jpg\" \/>\n\t<meta property=\"og:image:width\" content=\"1920\" \/>\n\t<meta property=\"og:image:height\" content=\"1080\" \/>\n\t<meta property=\"og:image:type\" content=\"image\/jpeg\" \/>\n<meta name=\"author\" content=\"Reda\u00e7\u00e3o JBN\" \/>\n<meta name=\"twitter:card\" content=\"summary_large_image\" \/>\n<meta name=\"twitter:label1\" content=\"Escrito por\" \/>\n\t<meta name=\"twitter:data1\" content=\"Reda\u00e7\u00e3o JBN\" \/>\n\t<meta name=\"twitter:label2\" content=\"Est. tempo de leitura\" \/>\n\t<meta name=\"twitter:data2\" content=\"3 minutos\" \/>\n<script type=\"application\/ld+json\" class=\"yoast-schema-graph\">{\"@context\":\"https:\\\/\\\/schema.org\",\"@graph\":[{\"@type\":\"Article\",\"@id\":\"https:\\\/\\\/www.p31noticias.com.br\\\/?p=22405#article\",\"isPartOf\":{\"@id\":\"https:\\\/\\\/www.p31noticias.com.br\\\/?p=22405\"},\"author\":{\"name\":\"Reda\u00e7\u00e3o JBN\",\"@id\":\"https:\\\/\\\/www.p31noticias.com.br\\\/#\\\/schema\\\/person\\\/77d6b186c710ac38937c6ec204fdd387\"},\"headline\":\"Bio\u00e9tica e Covid-19: Desenvolvimento da cura- quest\u00f5es \u00e9ticas de novos f\u00e1rmacos e vacinas\",\"datePublished\":\"2020-07-02T14:35:42+00:00\",\"mainEntityOfPage\":{\"@id\":\"https:\\\/\\\/www.p31noticias.com.br\\\/?p=22405\"},\"wordCount\":576,\"commentCount\":0,\"image\":{\"@id\":\"https:\\\/\\\/www.p31noticias.com.br\\\/?p=22405#primaryimage\"},\"thumbnailUrl\":\"https:\\\/\\\/www.p31noticias.com.br\\\/wp-content\\\/uploads\\\/2020\\\/07\\\/vacina-covid.jpg\",\"articleSection\":[\"Sa\u00fade\"],\"inLanguage\":\"pt-BR\",\"potentialAction\":[{\"@type\":\"CommentAction\",\"name\":\"Comment\",\"target\":[\"https:\\\/\\\/www.p31noticias.com.br\\\/?p=22405#respond\"]}],\"copyrightYear\":\"2020\",\"copyrightHolder\":{\"@id\":\"https:\\\/\\\/www.p31noticias.com.br\\\/#organization\"}},{\"@type\":\"WebPage\",\"@id\":\"https:\\\/\\\/www.p31noticias.com.br\\\/?p=22405\",\"url\":\"https:\\\/\\\/www.p31noticias.com.br\\\/?p=22405\",\"name\":\"Bio\u00e9tica e Covid-19: Desenvolvimento da cura- quest\u00f5es \u00e9ticas de novos f\u00e1rmacos e vacinas - P31\",\"isPartOf\":{\"@id\":\"https:\\\/\\\/www.p31noticias.com.br\\\/#website\"},\"primaryImageOfPage\":{\"@id\":\"https:\\\/\\\/www.p31noticias.com.br\\\/?p=22405#primaryimage\"},\"image\":{\"@id\":\"https:\\\/\\\/www.p31noticias.com.br\\\/?p=22405#primaryimage\"},\"thumbnailUrl\":\"https:\\\/\\\/www.p31noticias.com.br\\\/wp-content\\\/uploads\\\/2020\\\/07\\\/vacina-covid.jpg\",\"datePublished\":\"2020-07-02T14:35:42+00:00\",\"author\":{\"@id\":\"https:\\\/\\\/www.p31noticias.com.br\\\/#\\\/schema\\\/person\\\/77d6b186c710ac38937c6ec204fdd387\"},\"breadcrumb\":{\"@id\":\"https:\\\/\\\/www.p31noticias.com.br\\\/?p=22405#breadcrumb\"},\"inLanguage\":\"pt-BR\",\"potentialAction\":[{\"@type\":\"ReadAction\",\"target\":[\"https:\\\/\\\/www.p31noticias.com.br\\\/?p=22405\"]}]},{\"@type\":\"ImageObject\",\"inLanguage\":\"pt-BR\",\"@id\":\"https:\\\/\\\/www.p31noticias.com.br\\\/?p=22405#primaryimage\",\"url\":\"https:\\\/\\\/www.p31noticias.com.br\\\/wp-content\\\/uploads\\\/2020\\\/07\\\/vacina-covid.jpg\",\"contentUrl\":\"https:\\\/\\\/www.p31noticias.com.br\\\/wp-content\\\/uploads\\\/2020\\\/07\\\/vacina-covid.jpg\",\"width\":1920,\"height\":1080},{\"@type\":\"BreadcrumbList\",\"@id\":\"https:\\\/\\\/www.p31noticias.com.br\\\/?p=22405#breadcrumb\",\"itemListElement\":[{\"@type\":\"ListItem\",\"position\":1,\"name\":\"In\u00edcio\",\"item\":\"https:\\\/\\\/www.p31noticias.com.br\\\/\"},{\"@type\":\"ListItem\",\"position\":2,\"name\":\"Bio\u00e9tica e Covid-19: Desenvolvimento da cura- quest\u00f5es \u00e9ticas de novos f\u00e1rmacos e vacinas\"}]},{\"@type\":\"WebSite\",\"@id\":\"https:\\\/\\\/www.p31noticias.com.br\\\/#website\",\"url\":\"https:\\\/\\\/www.p31noticias.com.br\\\/\",\"name\":\"P31\",\"description\":\"NOT\u00cdCIAS\",\"potentialAction\":[{\"@type\":\"SearchAction\",\"target\":{\"@type\":\"EntryPoint\",\"urlTemplate\":\"https:\\\/\\\/www.p31noticias.com.br\\\/?s={search_term_string}\"},\"query-input\":{\"@type\":\"PropertyValueSpecification\",\"valueRequired\":true,\"valueName\":\"search_term_string\"}}],\"inLanguage\":\"pt-BR\"},{\"@type\":\"Person\",\"@id\":\"https:\\\/\\\/www.p31noticias.com.br\\\/#\\\/schema\\\/person\\\/77d6b186c710ac38937c6ec204fdd387\",\"name\":\"Reda\u00e7\u00e3o JBN\",\"image\":{\"@type\":\"ImageObject\",\"inLanguage\":\"pt-BR\",\"@id\":\"https:\\\/\\\/secure.gravatar.com\\\/avatar\\\/10fcdb93211f98cce3d64c0795b0915a9a4a21dc0f279238995a3dbfafcad090?s=96&d=mm&r=g\",\"url\":\"https:\\\/\\\/secure.gravatar.com\\\/avatar\\\/10fcdb93211f98cce3d64c0795b0915a9a4a21dc0f279238995a3dbfafcad090?s=96&d=mm&r=g\",\"contentUrl\":\"https:\\\/\\\/secure.gravatar.com\\\/avatar\\\/10fcdb93211f98cce3d64c0795b0915a9a4a21dc0f279238995a3dbfafcad090?s=96&d=mm&r=g\",\"caption\":\"Reda\u00e7\u00e3o JBN\"},\"sameAs\":[\"https:\\\/\\\/p31noticias.com.br\"],\"url\":\"https:\\\/\\\/www.p31noticias.com.br\\\/?author=18\"}]}<\/script>\n<!-- \/ Yoast SEO Premium plugin. -->","yoast_head_json":{"title":"Bio\u00e9tica e Covid-19: Desenvolvimento da cura- quest\u00f5es \u00e9ticas de novos f\u00e1rmacos e vacinas - P31","robots":{"index":"index","follow":"follow","max-snippet":"max-snippet:-1","max-image-preview":"max-image-preview:large","max-video-preview":"max-video-preview:-1"},"canonical":"https:\/\/www.p31noticias.com.br\/?p=22405","og_locale":"pt_BR","og_type":"article","og_title":"Bio\u00e9tica e Covid-19: Desenvolvimento da cura- quest\u00f5es \u00e9ticas de novos f\u00e1rmacos e vacinas","og_description":"Especialista em direito m\u00e9dico, Paula Moura destaca estudos e implica\u00e7\u00f5es morais levantados pelas pesquisas cient\u00edficas em busca da cura do novo coronavirus Frente \u00e0 pandemia da Covid-19, a bio\u00e9tica tem se destacado como um espa\u00e7o de discuss\u00e3o diante dos desafios que a biotecnologia tem encontrado em busca da cura do novo Coronavirus. Muitas s\u00e3o as [&hellip;]","og_url":"https:\/\/www.p31noticias.com.br\/?p=22405","og_site_name":"P31","article_published_time":"2020-07-02T14:35:42+00:00","og_image":[{"width":1920,"height":1080,"url":"https:\/\/www.p31noticias.com.br\/wp-content\/uploads\/2020\/07\/vacina-covid.jpg","type":"image\/jpeg"}],"author":"Reda\u00e7\u00e3o JBN","twitter_card":"summary_large_image","twitter_misc":{"Escrito por":"Reda\u00e7\u00e3o JBN","Est. tempo de leitura":"3 minutos"},"schema":{"@context":"https:\/\/schema.org","@graph":[{"@type":"Article","@id":"https:\/\/www.p31noticias.com.br\/?p=22405#article","isPartOf":{"@id":"https:\/\/www.p31noticias.com.br\/?p=22405"},"author":{"name":"Reda\u00e7\u00e3o JBN","@id":"https:\/\/www.p31noticias.com.br\/#\/schema\/person\/77d6b186c710ac38937c6ec204fdd387"},"headline":"Bio\u00e9tica e Covid-19: Desenvolvimento da cura- quest\u00f5es \u00e9ticas de novos f\u00e1rmacos e vacinas","datePublished":"2020-07-02T14:35:42+00:00","mainEntityOfPage":{"@id":"https:\/\/www.p31noticias.com.br\/?p=22405"},"wordCount":576,"commentCount":0,"image":{"@id":"https:\/\/www.p31noticias.com.br\/?p=22405#primaryimage"},"thumbnailUrl":"https:\/\/www.p31noticias.com.br\/wp-content\/uploads\/2020\/07\/vacina-covid.jpg","articleSection":["Sa\u00fade"],"inLanguage":"pt-BR","potentialAction":[{"@type":"CommentAction","name":"Comment","target":["https:\/\/www.p31noticias.com.br\/?p=22405#respond"]}],"copyrightYear":"2020","copyrightHolder":{"@id":"https:\/\/www.p31noticias.com.br\/#organization"}},{"@type":"WebPage","@id":"https:\/\/www.p31noticias.com.br\/?p=22405","url":"https:\/\/www.p31noticias.com.br\/?p=22405","name":"Bio\u00e9tica e Covid-19: Desenvolvimento da cura- quest\u00f5es \u00e9ticas de novos f\u00e1rmacos e vacinas - P31","isPartOf":{"@id":"https:\/\/www.p31noticias.com.br\/#website"},"primaryImageOfPage":{"@id":"https:\/\/www.p31noticias.com.br\/?p=22405#primaryimage"},"image":{"@id":"https:\/\/www.p31noticias.com.br\/?p=22405#primaryimage"},"thumbnailUrl":"https:\/\/www.p31noticias.com.br\/wp-content\/uploads\/2020\/07\/vacina-covid.jpg","datePublished":"2020-07-02T14:35:42+00:00","author":{"@id":"https:\/\/www.p31noticias.com.br\/#\/schema\/person\/77d6b186c710ac38937c6ec204fdd387"},"breadcrumb":{"@id":"https:\/\/www.p31noticias.com.br\/?p=22405#breadcrumb"},"inLanguage":"pt-BR","potentialAction":[{"@type":"ReadAction","target":["https:\/\/www.p31noticias.com.br\/?p=22405"]}]},{"@type":"ImageObject","inLanguage":"pt-BR","@id":"https:\/\/www.p31noticias.com.br\/?p=22405#primaryimage","url":"https:\/\/www.p31noticias.com.br\/wp-content\/uploads\/2020\/07\/vacina-covid.jpg","contentUrl":"https:\/\/www.p31noticias.com.br\/wp-content\/uploads\/2020\/07\/vacina-covid.jpg","width":1920,"height":1080},{"@type":"BreadcrumbList","@id":"https:\/\/www.p31noticias.com.br\/?p=22405#breadcrumb","itemListElement":[{"@type":"ListItem","position":1,"name":"In\u00edcio","item":"https:\/\/www.p31noticias.com.br\/"},{"@type":"ListItem","position":2,"name":"Bio\u00e9tica e Covid-19: Desenvolvimento da cura- quest\u00f5es \u00e9ticas de novos f\u00e1rmacos e vacinas"}]},{"@type":"WebSite","@id":"https:\/\/www.p31noticias.com.br\/#website","url":"https:\/\/www.p31noticias.com.br\/","name":"P31","description":"NOT\u00cdCIAS","potentialAction":[{"@type":"SearchAction","target":{"@type":"EntryPoint","urlTemplate":"https:\/\/www.p31noticias.com.br\/?s={search_term_string}"},"query-input":{"@type":"PropertyValueSpecification","valueRequired":true,"valueName":"search_term_string"}}],"inLanguage":"pt-BR"},{"@type":"Person","@id":"https:\/\/www.p31noticias.com.br\/#\/schema\/person\/77d6b186c710ac38937c6ec204fdd387","name":"Reda\u00e7\u00e3o JBN","image":{"@type":"ImageObject","inLanguage":"pt-BR","@id":"https:\/\/secure.gravatar.com\/avatar\/10fcdb93211f98cce3d64c0795b0915a9a4a21dc0f279238995a3dbfafcad090?s=96&d=mm&r=g","url":"https:\/\/secure.gravatar.com\/avatar\/10fcdb93211f98cce3d64c0795b0915a9a4a21dc0f279238995a3dbfafcad090?s=96&d=mm&r=g","contentUrl":"https:\/\/secure.gravatar.com\/avatar\/10fcdb93211f98cce3d64c0795b0915a9a4a21dc0f279238995a3dbfafcad090?s=96&d=mm&r=g","caption":"Reda\u00e7\u00e3o JBN"},"sameAs":["https:\/\/p31noticias.com.br"],"url":"https:\/\/www.p31noticias.com.br\/?author=18"}]}},"amp_enabled":true,"_links":{"self":[{"href":"https:\/\/www.p31noticias.com.br\/index.php?rest_route=\/wp\/v2\/posts\/22405","targetHints":{"allow":["GET"]}}],"collection":[{"href":"https:\/\/www.p31noticias.com.br\/index.php?rest_route=\/wp\/v2\/posts"}],"about":[{"href":"https:\/\/www.p31noticias.com.br\/index.php?rest_route=\/wp\/v2\/types\/post"}],"author":[{"embeddable":true,"href":"https:\/\/www.p31noticias.com.br\/index.php?rest_route=\/wp\/v2\/users\/18"}],"replies":[{"embeddable":true,"href":"https:\/\/www.p31noticias.com.br\/index.php?rest_route=%2Fwp%2Fv2%2Fcomments&post=22405"}],"version-history":[{"count":0,"href":"https:\/\/www.p31noticias.com.br\/index.php?rest_route=\/wp\/v2\/posts\/22405\/revisions"}],"wp:featuredmedia":[{"embeddable":true,"href":"https:\/\/www.p31noticias.com.br\/index.php?rest_route=\/wp\/v2\/media\/22406"}],"wp:attachment":[{"href":"https:\/\/www.p31noticias.com.br\/index.php?rest_route=%2Fwp%2Fv2%2Fmedia&parent=22405"}],"wp:term":[{"taxonomy":"category","embeddable":true,"href":"https:\/\/www.p31noticias.com.br\/index.php?rest_route=%2Fwp%2Fv2%2Fcategories&post=22405"},{"taxonomy":"post_tag","embeddable":true,"href":"https:\/\/www.p31noticias.com.br\/index.php?rest_route=%2Fwp%2Fv2%2Ftags&post=22405"}],"curies":[{"name":"wp","href":"https:\/\/api.w.org\/{rel}","templated":true}]}}