{"id":22394,"date":"2020-06-29T09:48:00","date_gmt":"2020-06-29T12:48:00","guid":{"rendered":"https:\/\/jornaldoplanalto.com.br\/web\/?p=22394"},"modified":"2020-06-29T09:48:00","modified_gmt":"2020-06-29T12:48:00","slug":"brasil-faz-parceria-para-vacina-contra-covid-19","status":"publish","type":"post","link":"https:\/\/www.p31noticias.com.br\/?p=22394","title":{"rendered":"Brasil faz parceria para vacina contra covid-19"},"content":{"rendered":"<p>O Brasil fechou acordo para disponibiliza\u00e7\u00e3o no futuro de doses de uma vacina que est\u00e1 sendo testada para o tratamento da covid-19. O medicamento est\u00e1 sendo desenvolvido em uma iniciativa conjunta da Universidade de Oxford e de um laborat\u00f3rio no Reino Unido e\u00a0j\u00e1 est\u00e1 sendo testado no pa\u00eds.<img loading=\"lazy\" decoding=\"async\" src=\"https:\/\/i0.wp.com\/agenciabrasil.ebc.com.br\/ebc.png?ssl=1\" width=\"1\" height=\"1\" \/><\/p>\n<p>O acordo prev\u00ea a produ\u00e7\u00e3o de cem milh\u00f5es de doses de vacina por meio da aquisi\u00e7\u00e3o de insumos e transfer\u00eancia de tecnologia para produ\u00e7\u00e3o no pa\u00eds.<\/p>\n<p>Caso seja comprovada a efic\u00e1cia deste tratamento, dois lotes, de 15,2 milh\u00f5es de unidades cada, ser\u00e3o disponibilizados em dezembro de 2020 e janeiro de 2021, ao custo de US$ 127 milh\u00f5es. Os primeiros lotes ser\u00e3o destinados aos grupos de risco, como idosos e pessoas com comorbidades, al\u00e9m de profissionais de sa\u00fade e trabalhadores da seguran\u00e7a p\u00fablica.<\/p>\n<p>O\u00a0Brasil poder\u00e1 ainda contar com\u00a0mais 70 milh\u00f5es de doses, por cerca de US$ 160 milh\u00f5es.<\/p>\n<p>Em entrevista coletiva em Bras\u00edlia, o secret\u00e1rio executivo do Minist\u00e9rio da Sa\u00fade, \u00c9lcio Franco, justificou a op\u00e7\u00e3o por assumir o risco da pesquisa, mesmo sem a comprova\u00e7\u00e3o da efic\u00e1cia do medicamento. \u201cO risco \u00e9 necess\u00e1rio devido \u00e0 urg\u00eancia de busca de solu\u00e7\u00e3o efetiva para as demandas de sa\u00fade p\u00fablica. Consideramos um\u00a0avan\u00e7o para a tecnologia nacional e uma amostra do esfor\u00e7o do governo de encontrar solu\u00e7\u00f5es para a popula\u00e7\u00e3o brasileira.\u201d<\/p>\n<p>O secret\u00e1rio de Vigil\u00e2ncia em Sa\u00fade, Arnaldo de Medeiros, destacou a situa\u00e7\u00e3o promissora deste tratamento. \u201cA vacina j\u00e1 est\u00e1 na fase 3, em fase cl\u00ednica. O Brasil \u00e9 representante do conjunto de na\u00e7\u00f5es que est\u00e3o testando a vacina. A gente tem uma oportunidade de produzirmos e avan\u00e7armos com a oferta desta parceria e encomenda tecnol\u00f3gica. \u00c9 \u00f3bvio que toda e qualquer entrega \u00e0 popula\u00e7\u00e3o ser\u00e1 feita com respeito aos crit\u00e9rios farmacol\u00f3gicos e cl\u00ednicos e da seguran\u00e7a \u00e0 popula\u00e7\u00e3o\u201d, declarou.<\/p>\n<p>Caso n\u00e3o seja comprovada a efic\u00e1cia, o secret\u00e1rio de Vigil\u00e2ncia em Sa\u00fade informou que n\u00e3o haver\u00e1 aplica\u00e7\u00e3o da vacina, mas que permanece a transfer\u00eancia de tecnologia prevista no acordo para continuar avaliando solu\u00e7\u00f5es de tratamento.<\/p>\n<p>De acordo com o Minist\u00e9rio da Sa\u00fade, h\u00e1 460 projetos de pesquisa aprovados sobre diferentes aspectos relacionados \u00e0 covid-19, de tratamentos ao entendimento da doen\u00e7a. H\u00e1 tamb\u00e9m 114 ensaios cl\u00ednicos e 44.262 participantes dessas iniciativas.<\/p>\n<h2>Teste<\/h2>\n<p>Os testes da vacina ChAdOx1 nCoV-19 no Brasil foram anunciados no in\u00edcio do m\u00eas e dever\u00e3o contar, de acordo com a Universidade Federal de S\u00e3o Paulo (Unifesp), com dois mil volunt\u00e1rios em S\u00e3o Paulo e com mil no Rio de Janeiro, onde ser\u00e3o realizados pela Rede D\u2019Or.<\/p>\n<p><em>(Foto: Reuters &#8211; 26.05.2020)<\/em><\/p>\n","protected":false},"excerpt":{"rendered":"<p>O Brasil fechou acordo para disponibiliza\u00e7\u00e3o no futuro de doses de uma vacina que est\u00e1 sendo testada para o tratamento da covid-19. O medicamento est\u00e1 sendo desenvolvido em uma iniciativa conjunta da Universidade de Oxford e de um laborat\u00f3rio no Reino Unido e\u00a0j\u00e1 est\u00e1 sendo testado no pa\u00eds. O acordo prev\u00ea a produ\u00e7\u00e3o de cem [&hellip;]<\/p>\n","protected":false},"author":18,"featured_media":22395,"comment_status":"open","ping_status":"open","sticky":false,"template":"","format":"standard","meta":{"footnotes":""},"categories":[68,124],"tags":[],"class_list":{"0":"post-22394","1":"post","2":"type-post","3":"status-publish","4":"format-standard","5":"has-post-thumbnail","7":"category-brasil","8":"category-saude"},"yoast_head":"<!-- This site is optimized with the Yoast SEO Premium plugin v24.5 (Yoast SEO v27.5) - https:\/\/yoast.com\/product\/yoast-seo-premium-wordpress\/ -->\n<title>Brasil faz parceria para vacina contra covid-19 - P31<\/title>\n<meta name=\"robots\" content=\"index, follow, max-snippet:-1, max-image-preview:large, max-video-preview:-1\" \/>\n<link rel=\"canonical\" href=\"https:\/\/www.p31noticias.com.br\/?p=22394\" \/>\n<meta property=\"og:locale\" content=\"pt_BR\" \/>\n<meta property=\"og:type\" content=\"article\" \/>\n<meta property=\"og:title\" content=\"Brasil faz parceria para vacina contra covid-19\" \/>\n<meta property=\"og:description\" content=\"O Brasil fechou acordo para disponibiliza\u00e7\u00e3o no futuro de doses de uma vacina que est\u00e1 sendo testada para o tratamento da covid-19. O medicamento est\u00e1 sendo desenvolvido em uma iniciativa conjunta da Universidade de Oxford e de um laborat\u00f3rio no Reino Unido e\u00a0j\u00e1 est\u00e1 sendo testado no pa\u00eds. O acordo prev\u00ea a produ\u00e7\u00e3o de cem [&hellip;]\" \/>\n<meta property=\"og:url\" content=\"https:\/\/www.p31noticias.com.br\/?p=22394\" \/>\n<meta property=\"og:site_name\" content=\"P31\" \/>\n<meta property=\"article:published_time\" content=\"2020-06-29T12:48:00+00:00\" \/>\n<meta name=\"author\" content=\"Reda\u00e7\u00e3o JBN\" \/>\n<meta name=\"twitter:card\" content=\"summary_large_image\" \/>\n<meta name=\"twitter:label1\" content=\"Escrito por\" \/>\n\t<meta name=\"twitter:data1\" content=\"Reda\u00e7\u00e3o JBN\" \/>\n\t<meta name=\"twitter:label2\" content=\"Est. tempo de leitura\" \/>\n\t<meta name=\"twitter:data2\" content=\"2 minutos\" \/>\n<script type=\"application\/ld+json\" class=\"yoast-schema-graph\">{\"@context\":\"https:\\\/\\\/schema.org\",\"@graph\":[{\"@type\":\"Article\",\"@id\":\"https:\\\/\\\/www.p31noticias.com.br\\\/?p=22394#article\",\"isPartOf\":{\"@id\":\"https:\\\/\\\/www.p31noticias.com.br\\\/?p=22394\"},\"author\":{\"name\":\"Reda\u00e7\u00e3o JBN\",\"@id\":\"https:\\\/\\\/www.p31noticias.com.br\\\/#\\\/schema\\\/person\\\/77d6b186c710ac38937c6ec204fdd387\"},\"headline\":\"Brasil faz parceria para vacina contra covid-19\",\"datePublished\":\"2020-06-29T12:48:00+00:00\",\"mainEntityOfPage\":{\"@id\":\"https:\\\/\\\/www.p31noticias.com.br\\\/?p=22394\"},\"wordCount\":481,\"commentCount\":0,\"image\":{\"@id\":\"https:\\\/\\\/www.p31noticias.com.br\\\/?p=22394#primaryimage\"},\"thumbnailUrl\":\"\",\"articleSection\":[\"Brasil\",\"Sa\u00fade\"],\"inLanguage\":\"pt-BR\",\"potentialAction\":[{\"@type\":\"CommentAction\",\"name\":\"Comment\",\"target\":[\"https:\\\/\\\/www.p31noticias.com.br\\\/?p=22394#respond\"]}],\"copyrightYear\":\"2020\",\"copyrightHolder\":{\"@id\":\"https:\\\/\\\/www.p31noticias.com.br\\\/#organization\"}},{\"@type\":\"WebPage\",\"@id\":\"https:\\\/\\\/www.p31noticias.com.br\\\/?p=22394\",\"url\":\"https:\\\/\\\/www.p31noticias.com.br\\\/?p=22394\",\"name\":\"Brasil faz parceria para vacina contra covid-19 - P31\",\"isPartOf\":{\"@id\":\"https:\\\/\\\/www.p31noticias.com.br\\\/#website\"},\"primaryImageOfPage\":{\"@id\":\"https:\\\/\\\/www.p31noticias.com.br\\\/?p=22394#primaryimage\"},\"image\":{\"@id\":\"https:\\\/\\\/www.p31noticias.com.br\\\/?p=22394#primaryimage\"},\"thumbnailUrl\":\"\",\"datePublished\":\"2020-06-29T12:48:00+00:00\",\"author\":{\"@id\":\"https:\\\/\\\/www.p31noticias.com.br\\\/#\\\/schema\\\/person\\\/77d6b186c710ac38937c6ec204fdd387\"},\"breadcrumb\":{\"@id\":\"https:\\\/\\\/www.p31noticias.com.br\\\/?p=22394#breadcrumb\"},\"inLanguage\":\"pt-BR\",\"potentialAction\":[{\"@type\":\"ReadAction\",\"target\":[\"https:\\\/\\\/www.p31noticias.com.br\\\/?p=22394\"]}]},{\"@type\":\"ImageObject\",\"inLanguage\":\"pt-BR\",\"@id\":\"https:\\\/\\\/www.p31noticias.com.br\\\/?p=22394#primaryimage\",\"url\":\"\",\"contentUrl\":\"\"},{\"@type\":\"BreadcrumbList\",\"@id\":\"https:\\\/\\\/www.p31noticias.com.br\\\/?p=22394#breadcrumb\",\"itemListElement\":[{\"@type\":\"ListItem\",\"position\":1,\"name\":\"In\u00edcio\",\"item\":\"https:\\\/\\\/www.p31noticias.com.br\\\/\"},{\"@type\":\"ListItem\",\"position\":2,\"name\":\"Brasil faz parceria para vacina contra covid-19\"}]},{\"@type\":\"WebSite\",\"@id\":\"https:\\\/\\\/www.p31noticias.com.br\\\/#website\",\"url\":\"https:\\\/\\\/www.p31noticias.com.br\\\/\",\"name\":\"P31\",\"description\":\"NOT\u00cdCIAS\",\"potentialAction\":[{\"@type\":\"SearchAction\",\"target\":{\"@type\":\"EntryPoint\",\"urlTemplate\":\"https:\\\/\\\/www.p31noticias.com.br\\\/?s={search_term_string}\"},\"query-input\":{\"@type\":\"PropertyValueSpecification\",\"valueRequired\":true,\"valueName\":\"search_term_string\"}}],\"inLanguage\":\"pt-BR\"},{\"@type\":\"Person\",\"@id\":\"https:\\\/\\\/www.p31noticias.com.br\\\/#\\\/schema\\\/person\\\/77d6b186c710ac38937c6ec204fdd387\",\"name\":\"Reda\u00e7\u00e3o JBN\",\"image\":{\"@type\":\"ImageObject\",\"inLanguage\":\"pt-BR\",\"@id\":\"https:\\\/\\\/secure.gravatar.com\\\/avatar\\\/10fcdb93211f98cce3d64c0795b0915a9a4a21dc0f279238995a3dbfafcad090?s=96&d=mm&r=g\",\"url\":\"https:\\\/\\\/secure.gravatar.com\\\/avatar\\\/10fcdb93211f98cce3d64c0795b0915a9a4a21dc0f279238995a3dbfafcad090?s=96&d=mm&r=g\",\"contentUrl\":\"https:\\\/\\\/secure.gravatar.com\\\/avatar\\\/10fcdb93211f98cce3d64c0795b0915a9a4a21dc0f279238995a3dbfafcad090?s=96&d=mm&r=g\",\"caption\":\"Reda\u00e7\u00e3o JBN\"},\"sameAs\":[\"https:\\\/\\\/p31noticias.com.br\"],\"url\":\"https:\\\/\\\/www.p31noticias.com.br\\\/?author=18\"}]}<\/script>\n<!-- \/ Yoast SEO Premium plugin. -->","yoast_head_json":{"title":"Brasil faz parceria para vacina contra covid-19 - P31","robots":{"index":"index","follow":"follow","max-snippet":"max-snippet:-1","max-image-preview":"max-image-preview:large","max-video-preview":"max-video-preview:-1"},"canonical":"https:\/\/www.p31noticias.com.br\/?p=22394","og_locale":"pt_BR","og_type":"article","og_title":"Brasil faz parceria para vacina contra covid-19","og_description":"O Brasil fechou acordo para disponibiliza\u00e7\u00e3o no futuro de doses de uma vacina que est\u00e1 sendo testada para o tratamento da covid-19. O medicamento est\u00e1 sendo desenvolvido em uma iniciativa conjunta da Universidade de Oxford e de um laborat\u00f3rio no Reino Unido e\u00a0j\u00e1 est\u00e1 sendo testado no pa\u00eds. O acordo prev\u00ea a produ\u00e7\u00e3o de cem [&hellip;]","og_url":"https:\/\/www.p31noticias.com.br\/?p=22394","og_site_name":"P31","article_published_time":"2020-06-29T12:48:00+00:00","author":"Reda\u00e7\u00e3o JBN","twitter_card":"summary_large_image","twitter_misc":{"Escrito por":"Reda\u00e7\u00e3o JBN","Est. tempo de leitura":"2 minutos"},"schema":{"@context":"https:\/\/schema.org","@graph":[{"@type":"Article","@id":"https:\/\/www.p31noticias.com.br\/?p=22394#article","isPartOf":{"@id":"https:\/\/www.p31noticias.com.br\/?p=22394"},"author":{"name":"Reda\u00e7\u00e3o JBN","@id":"https:\/\/www.p31noticias.com.br\/#\/schema\/person\/77d6b186c710ac38937c6ec204fdd387"},"headline":"Brasil faz parceria para vacina contra covid-19","datePublished":"2020-06-29T12:48:00+00:00","mainEntityOfPage":{"@id":"https:\/\/www.p31noticias.com.br\/?p=22394"},"wordCount":481,"commentCount":0,"image":{"@id":"https:\/\/www.p31noticias.com.br\/?p=22394#primaryimage"},"thumbnailUrl":"","articleSection":["Brasil","Sa\u00fade"],"inLanguage":"pt-BR","potentialAction":[{"@type":"CommentAction","name":"Comment","target":["https:\/\/www.p31noticias.com.br\/?p=22394#respond"]}],"copyrightYear":"2020","copyrightHolder":{"@id":"https:\/\/www.p31noticias.com.br\/#organization"}},{"@type":"WebPage","@id":"https:\/\/www.p31noticias.com.br\/?p=22394","url":"https:\/\/www.p31noticias.com.br\/?p=22394","name":"Brasil faz parceria para vacina contra covid-19 - P31","isPartOf":{"@id":"https:\/\/www.p31noticias.com.br\/#website"},"primaryImageOfPage":{"@id":"https:\/\/www.p31noticias.com.br\/?p=22394#primaryimage"},"image":{"@id":"https:\/\/www.p31noticias.com.br\/?p=22394#primaryimage"},"thumbnailUrl":"","datePublished":"2020-06-29T12:48:00+00:00","author":{"@id":"https:\/\/www.p31noticias.com.br\/#\/schema\/person\/77d6b186c710ac38937c6ec204fdd387"},"breadcrumb":{"@id":"https:\/\/www.p31noticias.com.br\/?p=22394#breadcrumb"},"inLanguage":"pt-BR","potentialAction":[{"@type":"ReadAction","target":["https:\/\/www.p31noticias.com.br\/?p=22394"]}]},{"@type":"ImageObject","inLanguage":"pt-BR","@id":"https:\/\/www.p31noticias.com.br\/?p=22394#primaryimage","url":"","contentUrl":""},{"@type":"BreadcrumbList","@id":"https:\/\/www.p31noticias.com.br\/?p=22394#breadcrumb","itemListElement":[{"@type":"ListItem","position":1,"name":"In\u00edcio","item":"https:\/\/www.p31noticias.com.br\/"},{"@type":"ListItem","position":2,"name":"Brasil faz parceria para vacina contra covid-19"}]},{"@type":"WebSite","@id":"https:\/\/www.p31noticias.com.br\/#website","url":"https:\/\/www.p31noticias.com.br\/","name":"P31","description":"NOT\u00cdCIAS","potentialAction":[{"@type":"SearchAction","target":{"@type":"EntryPoint","urlTemplate":"https:\/\/www.p31noticias.com.br\/?s={search_term_string}"},"query-input":{"@type":"PropertyValueSpecification","valueRequired":true,"valueName":"search_term_string"}}],"inLanguage":"pt-BR"},{"@type":"Person","@id":"https:\/\/www.p31noticias.com.br\/#\/schema\/person\/77d6b186c710ac38937c6ec204fdd387","name":"Reda\u00e7\u00e3o JBN","image":{"@type":"ImageObject","inLanguage":"pt-BR","@id":"https:\/\/secure.gravatar.com\/avatar\/10fcdb93211f98cce3d64c0795b0915a9a4a21dc0f279238995a3dbfafcad090?s=96&d=mm&r=g","url":"https:\/\/secure.gravatar.com\/avatar\/10fcdb93211f98cce3d64c0795b0915a9a4a21dc0f279238995a3dbfafcad090?s=96&d=mm&r=g","contentUrl":"https:\/\/secure.gravatar.com\/avatar\/10fcdb93211f98cce3d64c0795b0915a9a4a21dc0f279238995a3dbfafcad090?s=96&d=mm&r=g","caption":"Reda\u00e7\u00e3o JBN"},"sameAs":["https:\/\/p31noticias.com.br"],"url":"https:\/\/www.p31noticias.com.br\/?author=18"}]}},"amp_enabled":true,"_links":{"self":[{"href":"https:\/\/www.p31noticias.com.br\/index.php?rest_route=\/wp\/v2\/posts\/22394","targetHints":{"allow":["GET"]}}],"collection":[{"href":"https:\/\/www.p31noticias.com.br\/index.php?rest_route=\/wp\/v2\/posts"}],"about":[{"href":"https:\/\/www.p31noticias.com.br\/index.php?rest_route=\/wp\/v2\/types\/post"}],"author":[{"embeddable":true,"href":"https:\/\/www.p31noticias.com.br\/index.php?rest_route=\/wp\/v2\/users\/18"}],"replies":[{"embeddable":true,"href":"https:\/\/www.p31noticias.com.br\/index.php?rest_route=%2Fwp%2Fv2%2Fcomments&post=22394"}],"version-history":[{"count":0,"href":"https:\/\/www.p31noticias.com.br\/index.php?rest_route=\/wp\/v2\/posts\/22394\/revisions"}],"wp:featuredmedia":[{"embeddable":true,"href":"https:\/\/www.p31noticias.com.br\/index.php?rest_route=\/"}],"wp:attachment":[{"href":"https:\/\/www.p31noticias.com.br\/index.php?rest_route=%2Fwp%2Fv2%2Fmedia&parent=22394"}],"wp:term":[{"taxonomy":"category","embeddable":true,"href":"https:\/\/www.p31noticias.com.br\/index.php?rest_route=%2Fwp%2Fv2%2Fcategories&post=22394"},{"taxonomy":"post_tag","embeddable":true,"href":"https:\/\/www.p31noticias.com.br\/index.php?rest_route=%2Fwp%2Fv2%2Ftags&post=22394"}],"curies":[{"name":"wp","href":"https:\/\/api.w.org\/{rel}","templated":true}]}}