{"id":22384,"date":"2020-06-27T15:02:50","date_gmt":"2020-06-27T18:02:50","guid":{"rendered":"https:\/\/jornaldoplanalto.com.br\/web\/?p=22384"},"modified":"2020-06-27T15:02:50","modified_gmt":"2020-06-27T18:02:50","slug":"amigos-da-saude-contra-o-coronavirus","status":"publish","type":"post","link":"https:\/\/www.p31noticias.com.br\/?p=22384","title":{"rendered":"Amigos da Sa\u00fade contra o Coronav\u00edrus"},"content":{"rendered":"<p><em><strong>Hospitais e cl\u00ednicas unem-se para prevenir a COVID-19 em atendimento<\/strong><\/em><\/p>\n<p>\u00c9 normal que, em meio a maior pandemia do s\u00e9culo 21, o medo tenha se transformado em um sentimento corriqueiro. Com isso, cuidar da sa\u00fade tornou-se um dilema. Afinal, como driblar o p\u00e2nico de ser contaminado e ir a consultas ou exames? Como n\u00e3o negligenciar a sa\u00fade em tempos de COVID-19? Foi pensando nessas ang\u00fastias da popula\u00e7\u00e3o que o Hospital Urol\u00f3gico de Bras\u00edlia, a Perfecta Diagn\u00f3stico por Imagem, a Otorrino DF e o Vis\u00e3o Hospital de Olhos criaram o Amigos da Sa\u00fade.<\/p>\n<p>A parceria entre as quatro empresas pretende levar sa\u00fade de qualidade aliada a protocolos de seguran\u00e7a, para que pacientes possam seguir tratamentos de rotina sem se preocuparem com a contamina\u00e7\u00e3o pelo coronav\u00edrus. \u201cNosso projeto tem como objetivo focar no atendimento em cl\u00ednicas. Queremos que a pessoa se sinta segura nesses ambientes\u201d, explica o Dr. Tarciso Schirmbeck, oftalmologista do Vis\u00e3o Hospital de Olhos. De acordo com o Dr. Geovani de Assis Pinheiro, m\u00e9dico urologista e diretor t\u00e9cnico do Hospital Urol\u00f3gico de Bras\u00edlia, frequentar esses locais t\u00eam mais vantagens que uma emerg\u00eancia, por exemplo. \u201cAqui o paciente n\u00e3o tem contato com outros tipos de patologias, com outros problemas\u201d.<\/p>\n<p>A fim de garantir prote\u00e7\u00e3o, efici\u00eancia e conforto, os Amigos da Sa\u00fade tomaram as medidas recomendadas pelo Minist\u00e9rio da Sa\u00fade. Buscamos minimizar as falhas nos atendimentos e todos os profissionais est\u00e3o paramentados com EPI\u2019s (equipamentos de prote\u00e7\u00e3o individual). Ou seja, s\u00e3o lugares confi\u00e1veis que seguem com rigor os protocolos de seguran\u00e7a, evitando filas ou qualquer tipo de aglomera\u00e7\u00e3o. \u201cAs consultas est\u00e3o sendo agendadas de 30 em 30 minutos e o in\u00edcio, de cada uma, est\u00e1 sendo alternado entre os m\u00e9dicos, para que os pacientes n\u00e3o cheguem juntos. Tamb\u00e9m sinalizamos as cadeiras para que seja respeitado o distanciamento\u201d, esclarece o Dr. Jos\u00e9 Stenio Ponte Dias Filho, otorrinolaringologista respons\u00e1vel t\u00e9cnico da Otorrino DF.<\/p>\n<p>Para ir aos exames e consultas \u00e9 indispens\u00e1vel o uso de m\u00e1scara, evitar tocar o rosto, manter-se a uma dist\u00e2ncia de dois metros do outro e respeitar as marca\u00e7\u00f5es no ch\u00e3o dos hospitais. Al\u00e9m disso, todas as cl\u00ednicas est\u00e3o equipadas com \u00e1lcool 70% e em gel, e acompanhantes, se poss\u00edvel, devem ser evitados. Segundo o Dr. Philipe Cavalcanti, da Perfecta Diagn\u00f3stico por Imagem, al\u00e9m de todas as medidas de prote\u00e7\u00e3o adotadas, a cl\u00ednica ainda conta com ambiente sanitizado, periodicamente, e entrega de exames online para m\u00e9dico solicitante e pacientes, evitando deslocamentos e refor\u00e7ando a viabiliza\u00e7\u00e3o da telemedicina. \u201cEstamos aqui para demonstrar credibilidade e compromisso com a sa\u00fade e a seguran\u00e7a dos brasilienses\u201d.<\/p>\n","protected":false},"excerpt":{"rendered":"<p>Hospitais e cl\u00ednicas unem-se para prevenir a COVID-19 em atendimento \u00c9 normal que, em meio a maior pandemia do s\u00e9culo 21, o medo tenha se transformado em um sentimento corriqueiro. Com isso, cuidar da sa\u00fade tornou-se um dilema. Afinal, como driblar o p\u00e2nico de ser contaminado e ir a consultas ou exames? Como n\u00e3o negligenciar [&hellip;]<\/p>\n","protected":false},"author":18,"featured_media":22385,"comment_status":"open","ping_status":"open","sticky":false,"template":"","format":"standard","meta":{"footnotes":""},"categories":[124],"tags":[],"class_list":{"0":"post-22384","1":"post","2":"type-post","3":"status-publish","4":"format-standard","5":"has-post-thumbnail","7":"category-saude"},"yoast_head":"<!-- This site is optimized with the Yoast SEO Premium plugin v24.5 (Yoast SEO v27.5) - https:\/\/yoast.com\/product\/yoast-seo-premium-wordpress\/ -->\n<title>Amigos da Sa\u00fade contra o Coronav\u00edrus - P31<\/title>\n<meta name=\"robots\" content=\"index, follow, max-snippet:-1, max-image-preview:large, max-video-preview:-1\" \/>\n<link rel=\"canonical\" href=\"https:\/\/www.p31noticias.com.br\/?p=22384\" \/>\n<meta property=\"og:locale\" content=\"pt_BR\" \/>\n<meta property=\"og:type\" content=\"article\" \/>\n<meta property=\"og:title\" content=\"Amigos da Sa\u00fade contra o Coronav\u00edrus\" \/>\n<meta property=\"og:description\" content=\"Hospitais e cl\u00ednicas unem-se para prevenir a COVID-19 em atendimento \u00c9 normal que, em meio a maior pandemia do s\u00e9culo 21, o medo tenha se transformado em um sentimento corriqueiro. Com isso, cuidar da sa\u00fade tornou-se um dilema. Afinal, como driblar o p\u00e2nico de ser contaminado e ir a consultas ou exames? Como n\u00e3o negligenciar [&hellip;]\" \/>\n<meta property=\"og:url\" content=\"https:\/\/www.p31noticias.com.br\/?p=22384\" \/>\n<meta property=\"og:site_name\" content=\"P31\" \/>\n<meta property=\"article:published_time\" content=\"2020-06-27T18:02:50+00:00\" \/>\n<meta name=\"author\" content=\"Reda\u00e7\u00e3o JBN\" \/>\n<meta name=\"twitter:card\" content=\"summary_large_image\" \/>\n<meta name=\"twitter:label1\" content=\"Escrito por\" \/>\n\t<meta name=\"twitter:data1\" content=\"Reda\u00e7\u00e3o JBN\" \/>\n\t<meta name=\"twitter:label2\" content=\"Est. tempo de leitura\" \/>\n\t<meta name=\"twitter:data2\" content=\"2 minutos\" \/>\n<script type=\"application\/ld+json\" class=\"yoast-schema-graph\">{\"@context\":\"https:\\\/\\\/schema.org\",\"@graph\":[{\"@type\":\"Article\",\"@id\":\"https:\\\/\\\/www.p31noticias.com.br\\\/?p=22384#article\",\"isPartOf\":{\"@id\":\"https:\\\/\\\/www.p31noticias.com.br\\\/?p=22384\"},\"author\":{\"name\":\"Reda\u00e7\u00e3o JBN\",\"@id\":\"https:\\\/\\\/www.p31noticias.com.br\\\/#\\\/schema\\\/person\\\/77d6b186c710ac38937c6ec204fdd387\"},\"headline\":\"Amigos da Sa\u00fade contra o Coronav\u00edrus\",\"datePublished\":\"2020-06-27T18:02:50+00:00\",\"mainEntityOfPage\":{\"@id\":\"https:\\\/\\\/www.p31noticias.com.br\\\/?p=22384\"},\"wordCount\":486,\"commentCount\":0,\"image\":{\"@id\":\"https:\\\/\\\/www.p31noticias.com.br\\\/?p=22384#primaryimage\"},\"thumbnailUrl\":\"\",\"articleSection\":[\"Sa\u00fade\"],\"inLanguage\":\"pt-BR\",\"potentialAction\":[{\"@type\":\"CommentAction\",\"name\":\"Comment\",\"target\":[\"https:\\\/\\\/www.p31noticias.com.br\\\/?p=22384#respond\"]}],\"copyrightYear\":\"2020\",\"copyrightHolder\":{\"@id\":\"https:\\\/\\\/www.p31noticias.com.br\\\/#organization\"}},{\"@type\":\"WebPage\",\"@id\":\"https:\\\/\\\/www.p31noticias.com.br\\\/?p=22384\",\"url\":\"https:\\\/\\\/www.p31noticias.com.br\\\/?p=22384\",\"name\":\"Amigos da Sa\u00fade contra o Coronav\u00edrus - P31\",\"isPartOf\":{\"@id\":\"https:\\\/\\\/www.p31noticias.com.br\\\/#website\"},\"primaryImageOfPage\":{\"@id\":\"https:\\\/\\\/www.p31noticias.com.br\\\/?p=22384#primaryimage\"},\"image\":{\"@id\":\"https:\\\/\\\/www.p31noticias.com.br\\\/?p=22384#primaryimage\"},\"thumbnailUrl\":\"\",\"datePublished\":\"2020-06-27T18:02:50+00:00\",\"author\":{\"@id\":\"https:\\\/\\\/www.p31noticias.com.br\\\/#\\\/schema\\\/person\\\/77d6b186c710ac38937c6ec204fdd387\"},\"breadcrumb\":{\"@id\":\"https:\\\/\\\/www.p31noticias.com.br\\\/?p=22384#breadcrumb\"},\"inLanguage\":\"pt-BR\",\"potentialAction\":[{\"@type\":\"ReadAction\",\"target\":[\"https:\\\/\\\/www.p31noticias.com.br\\\/?p=22384\"]}]},{\"@type\":\"ImageObject\",\"inLanguage\":\"pt-BR\",\"@id\":\"https:\\\/\\\/www.p31noticias.com.br\\\/?p=22384#primaryimage\",\"url\":\"\",\"contentUrl\":\"\"},{\"@type\":\"BreadcrumbList\",\"@id\":\"https:\\\/\\\/www.p31noticias.com.br\\\/?p=22384#breadcrumb\",\"itemListElement\":[{\"@type\":\"ListItem\",\"position\":1,\"name\":\"In\u00edcio\",\"item\":\"https:\\\/\\\/www.p31noticias.com.br\\\/\"},{\"@type\":\"ListItem\",\"position\":2,\"name\":\"Amigos da Sa\u00fade contra o Coronav\u00edrus\"}]},{\"@type\":\"WebSite\",\"@id\":\"https:\\\/\\\/www.p31noticias.com.br\\\/#website\",\"url\":\"https:\\\/\\\/www.p31noticias.com.br\\\/\",\"name\":\"P31\",\"description\":\"NOT\u00cdCIAS\",\"potentialAction\":[{\"@type\":\"SearchAction\",\"target\":{\"@type\":\"EntryPoint\",\"urlTemplate\":\"https:\\\/\\\/www.p31noticias.com.br\\\/?s={search_term_string}\"},\"query-input\":{\"@type\":\"PropertyValueSpecification\",\"valueRequired\":true,\"valueName\":\"search_term_string\"}}],\"inLanguage\":\"pt-BR\"},{\"@type\":\"Person\",\"@id\":\"https:\\\/\\\/www.p31noticias.com.br\\\/#\\\/schema\\\/person\\\/77d6b186c710ac38937c6ec204fdd387\",\"name\":\"Reda\u00e7\u00e3o JBN\",\"image\":{\"@type\":\"ImageObject\",\"inLanguage\":\"pt-BR\",\"@id\":\"https:\\\/\\\/secure.gravatar.com\\\/avatar\\\/10fcdb93211f98cce3d64c0795b0915a9a4a21dc0f279238995a3dbfafcad090?s=96&d=mm&r=g\",\"url\":\"https:\\\/\\\/secure.gravatar.com\\\/avatar\\\/10fcdb93211f98cce3d64c0795b0915a9a4a21dc0f279238995a3dbfafcad090?s=96&d=mm&r=g\",\"contentUrl\":\"https:\\\/\\\/secure.gravatar.com\\\/avatar\\\/10fcdb93211f98cce3d64c0795b0915a9a4a21dc0f279238995a3dbfafcad090?s=96&d=mm&r=g\",\"caption\":\"Reda\u00e7\u00e3o JBN\"},\"sameAs\":[\"https:\\\/\\\/p31noticias.com.br\"],\"url\":\"https:\\\/\\\/www.p31noticias.com.br\\\/?author=18\"}]}<\/script>\n<!-- \/ Yoast SEO Premium plugin. -->","yoast_head_json":{"title":"Amigos da Sa\u00fade contra o Coronav\u00edrus - P31","robots":{"index":"index","follow":"follow","max-snippet":"max-snippet:-1","max-image-preview":"max-image-preview:large","max-video-preview":"max-video-preview:-1"},"canonical":"https:\/\/www.p31noticias.com.br\/?p=22384","og_locale":"pt_BR","og_type":"article","og_title":"Amigos da Sa\u00fade contra o Coronav\u00edrus","og_description":"Hospitais e cl\u00ednicas unem-se para prevenir a COVID-19 em atendimento \u00c9 normal que, em meio a maior pandemia do s\u00e9culo 21, o medo tenha se transformado em um sentimento corriqueiro. Com isso, cuidar da sa\u00fade tornou-se um dilema. Afinal, como driblar o p\u00e2nico de ser contaminado e ir a consultas ou exames? Como n\u00e3o negligenciar [&hellip;]","og_url":"https:\/\/www.p31noticias.com.br\/?p=22384","og_site_name":"P31","article_published_time":"2020-06-27T18:02:50+00:00","author":"Reda\u00e7\u00e3o JBN","twitter_card":"summary_large_image","twitter_misc":{"Escrito por":"Reda\u00e7\u00e3o JBN","Est. tempo de leitura":"2 minutos"},"schema":{"@context":"https:\/\/schema.org","@graph":[{"@type":"Article","@id":"https:\/\/www.p31noticias.com.br\/?p=22384#article","isPartOf":{"@id":"https:\/\/www.p31noticias.com.br\/?p=22384"},"author":{"name":"Reda\u00e7\u00e3o JBN","@id":"https:\/\/www.p31noticias.com.br\/#\/schema\/person\/77d6b186c710ac38937c6ec204fdd387"},"headline":"Amigos da Sa\u00fade contra o Coronav\u00edrus","datePublished":"2020-06-27T18:02:50+00:00","mainEntityOfPage":{"@id":"https:\/\/www.p31noticias.com.br\/?p=22384"},"wordCount":486,"commentCount":0,"image":{"@id":"https:\/\/www.p31noticias.com.br\/?p=22384#primaryimage"},"thumbnailUrl":"","articleSection":["Sa\u00fade"],"inLanguage":"pt-BR","potentialAction":[{"@type":"CommentAction","name":"Comment","target":["https:\/\/www.p31noticias.com.br\/?p=22384#respond"]}],"copyrightYear":"2020","copyrightHolder":{"@id":"https:\/\/www.p31noticias.com.br\/#organization"}},{"@type":"WebPage","@id":"https:\/\/www.p31noticias.com.br\/?p=22384","url":"https:\/\/www.p31noticias.com.br\/?p=22384","name":"Amigos da Sa\u00fade contra o Coronav\u00edrus - P31","isPartOf":{"@id":"https:\/\/www.p31noticias.com.br\/#website"},"primaryImageOfPage":{"@id":"https:\/\/www.p31noticias.com.br\/?p=22384#primaryimage"},"image":{"@id":"https:\/\/www.p31noticias.com.br\/?p=22384#primaryimage"},"thumbnailUrl":"","datePublished":"2020-06-27T18:02:50+00:00","author":{"@id":"https:\/\/www.p31noticias.com.br\/#\/schema\/person\/77d6b186c710ac38937c6ec204fdd387"},"breadcrumb":{"@id":"https:\/\/www.p31noticias.com.br\/?p=22384#breadcrumb"},"inLanguage":"pt-BR","potentialAction":[{"@type":"ReadAction","target":["https:\/\/www.p31noticias.com.br\/?p=22384"]}]},{"@type":"ImageObject","inLanguage":"pt-BR","@id":"https:\/\/www.p31noticias.com.br\/?p=22384#primaryimage","url":"","contentUrl":""},{"@type":"BreadcrumbList","@id":"https:\/\/www.p31noticias.com.br\/?p=22384#breadcrumb","itemListElement":[{"@type":"ListItem","position":1,"name":"In\u00edcio","item":"https:\/\/www.p31noticias.com.br\/"},{"@type":"ListItem","position":2,"name":"Amigos da Sa\u00fade contra o Coronav\u00edrus"}]},{"@type":"WebSite","@id":"https:\/\/www.p31noticias.com.br\/#website","url":"https:\/\/www.p31noticias.com.br\/","name":"P31","description":"NOT\u00cdCIAS","potentialAction":[{"@type":"SearchAction","target":{"@type":"EntryPoint","urlTemplate":"https:\/\/www.p31noticias.com.br\/?s={search_term_string}"},"query-input":{"@type":"PropertyValueSpecification","valueRequired":true,"valueName":"search_term_string"}}],"inLanguage":"pt-BR"},{"@type":"Person","@id":"https:\/\/www.p31noticias.com.br\/#\/schema\/person\/77d6b186c710ac38937c6ec204fdd387","name":"Reda\u00e7\u00e3o JBN","image":{"@type":"ImageObject","inLanguage":"pt-BR","@id":"https:\/\/secure.gravatar.com\/avatar\/10fcdb93211f98cce3d64c0795b0915a9a4a21dc0f279238995a3dbfafcad090?s=96&d=mm&r=g","url":"https:\/\/secure.gravatar.com\/avatar\/10fcdb93211f98cce3d64c0795b0915a9a4a21dc0f279238995a3dbfafcad090?s=96&d=mm&r=g","contentUrl":"https:\/\/secure.gravatar.com\/avatar\/10fcdb93211f98cce3d64c0795b0915a9a4a21dc0f279238995a3dbfafcad090?s=96&d=mm&r=g","caption":"Reda\u00e7\u00e3o JBN"},"sameAs":["https:\/\/p31noticias.com.br"],"url":"https:\/\/www.p31noticias.com.br\/?author=18"}]}},"amp_enabled":true,"_links":{"self":[{"href":"https:\/\/www.p31noticias.com.br\/index.php?rest_route=\/wp\/v2\/posts\/22384","targetHints":{"allow":["GET"]}}],"collection":[{"href":"https:\/\/www.p31noticias.com.br\/index.php?rest_route=\/wp\/v2\/posts"}],"about":[{"href":"https:\/\/www.p31noticias.com.br\/index.php?rest_route=\/wp\/v2\/types\/post"}],"author":[{"embeddable":true,"href":"https:\/\/www.p31noticias.com.br\/index.php?rest_route=\/wp\/v2\/users\/18"}],"replies":[{"embeddable":true,"href":"https:\/\/www.p31noticias.com.br\/index.php?rest_route=%2Fwp%2Fv2%2Fcomments&post=22384"}],"version-history":[{"count":0,"href":"https:\/\/www.p31noticias.com.br\/index.php?rest_route=\/wp\/v2\/posts\/22384\/revisions"}],"wp:featuredmedia":[{"embeddable":true,"href":"https:\/\/www.p31noticias.com.br\/index.php?rest_route=\/"}],"wp:attachment":[{"href":"https:\/\/www.p31noticias.com.br\/index.php?rest_route=%2Fwp%2Fv2%2Fmedia&parent=22384"}],"wp:term":[{"taxonomy":"category","embeddable":true,"href":"https:\/\/www.p31noticias.com.br\/index.php?rest_route=%2Fwp%2Fv2%2Fcategories&post=22384"},{"taxonomy":"post_tag","embeddable":true,"href":"https:\/\/www.p31noticias.com.br\/index.php?rest_route=%2Fwp%2Fv2%2Ftags&post=22384"}],"curies":[{"name":"wp","href":"https:\/\/api.w.org\/{rel}","templated":true}]}}