{"id":22313,"date":"2020-07-01T13:24:57","date_gmt":"2020-07-01T16:24:57","guid":{"rendered":"https:\/\/www.delioandrade.com.br\/?p=22286"},"modified":"2020-07-01T17:33:08","modified_gmt":"2020-07-01T17:33:08","slug":"bia-kicis-ministerio-da-educacao-donny-silva","status":"publish","type":"post","link":"https:\/\/www.p31noticias.com.br\/?p=22313","title":{"rendered":"Bia Kicis \u00e9 a melhor indicada para o Minist\u00e9rio da Educa\u00e7\u00e3o"},"content":{"rendered":"<div class=\"o9v6fnle cxmmr5t8 oygrvhab hcukyx3x c1et5uql ii04i59q\">\n<h2 dir=\"auto\">O presidente Jair Bolsonaro tem uma pessoa bem pr\u00f3xima que pode ser a solu\u00e7\u00e3o para ocupar o comando do Minist\u00e9rio da Educa\u00e7\u00e3o.<\/h2>\n<p style=\"text-align: right;\">Direto do blog do <a href=\"https:\/\/donnysilva.com.br\/bia-kicis-e-o-melhor-nome-para-o-ministerio-da-educacao\/\">Donny Silva<\/a><\/p>\n<div dir=\"auto\"><\/div>\n<div dir=\"auto\">A deputada federal Bia Kicis \u00e9 o melhor nome para a pasta. \u00c9 firme, alinhada \u00e0s pautas conservadoras, tem pleno conhecimento jur\u00eddico (o que importa para destravar o MEC), h\u00e1 anos \u00e9 professora da UNB, tem a simpatia de militares e de olavistas. Ou seja, traria paz para o presidente, neste sentido.<\/div>\n<\/div>\n<div dir=\"auto\"><\/div>\n<div dir=\"auto\">E a suplente de Bia \u00e9 a jornalista Elisa Robson, competente, bolsonarista e crist\u00e3.<\/div>\n","protected":false},"excerpt":{"rendered":"<p>O presidente Jair Bolsonaro tem uma pessoa bem pr\u00f3xima que pode ser a solu\u00e7\u00e3o para ocupar o comando do Minist\u00e9rio da Educa\u00e7\u00e3o. Direto do blog do Donny Silva A deputada federal Bia Kicis \u00e9 o melhor nome para a pasta. \u00c9 firme, alinhada \u00e0s pautas conservadoras, tem pleno conhecimento jur\u00eddico (o que importa para destravar [&hellip;]<\/p>\n","protected":false},"author":18,"featured_media":22320,"comment_status":"open","ping_status":"open","sticky":false,"template":"","format":"standard","meta":{"footnotes":""},"categories":[68,21,57],"tags":[624,625],"class_list":{"0":"post-22313","1":"post","2":"type-post","3":"status-publish","4":"format-standard","5":"has-post-thumbnail","7":"category-brasil","8":"category-brasilia","9":"category-politica","10":"tag-bia-kicis","11":"tag-ministerio-da-educacao"},"yoast_head":"<!-- This site is optimized with the Yoast SEO Premium plugin v24.5 (Yoast SEO v27.5) - https:\/\/yoast.com\/product\/yoast-seo-premium-wordpress\/ -->\n<title>Bia Kicis \u00e9 a melhor indicada para o Minist\u00e9rio da Educa\u00e7\u00e3o - P31<\/title>\n<meta name=\"description\" content=\"Donny Silva: O presidente Jair Bolsonaro tem uma pessoa bem pr\u00f3xima que pode ser a solu\u00e7\u00e3o para ocupar o comando do Minist\u00e9rio da Educa\u00e7\u00e3o.\" \/>\n<meta name=\"robots\" content=\"index, follow, max-snippet:-1, max-image-preview:large, max-video-preview:-1\" \/>\n<link rel=\"canonical\" href=\"https:\/\/www.p31noticias.com.br\/?p=22313\" \/>\n<meta property=\"og:locale\" content=\"pt_BR\" \/>\n<meta property=\"og:type\" content=\"article\" \/>\n<meta property=\"og:title\" content=\"Bia Kicis \u00e9 a melhor indicada para o Minist\u00e9rio da Educa\u00e7\u00e3o\" \/>\n<meta property=\"og:description\" content=\"Donny Silva: O presidente Jair Bolsonaro tem uma pessoa bem pr\u00f3xima que pode ser a solu\u00e7\u00e3o para ocupar o comando do Minist\u00e9rio da Educa\u00e7\u00e3o.\" \/>\n<meta property=\"og:url\" content=\"https:\/\/www.p31noticias.com.br\/?p=22313\" \/>\n<meta property=\"og:site_name\" content=\"P31\" \/>\n<meta property=\"article:published_time\" content=\"2020-07-01T16:24:57+00:00\" \/>\n<meta property=\"article:modified_time\" content=\"2020-07-01T17:33:08+00:00\" \/>\n<meta property=\"og:image\" content=\"https:\/\/www.p31noticias.com.br\/wp-content\/uploads\/2020\/07\/biakicis_73456007_391011201790206_2336088715481285526_n-e1571405367880-1024x598-1.jpg\" \/>\n\t<meta property=\"og:image:width\" content=\"1024\" \/>\n\t<meta property=\"og:image:height\" content=\"598\" \/>\n\t<meta property=\"og:image:type\" content=\"image\/jpeg\" \/>\n<meta name=\"author\" content=\"Reda\u00e7\u00e3o JBN\" \/>\n<meta name=\"twitter:card\" content=\"summary_large_image\" \/>\n<meta name=\"twitter:label1\" content=\"Escrito por\" \/>\n\t<meta name=\"twitter:data1\" content=\"Reda\u00e7\u00e3o JBN\" \/>\n<script type=\"application\/ld+json\" class=\"yoast-schema-graph\">{\"@context\":\"https:\\\/\\\/schema.org\",\"@graph\":[{\"@type\":\"Article\",\"@id\":\"https:\\\/\\\/www.p31noticias.com.br\\\/?p=22313#article\",\"isPartOf\":{\"@id\":\"https:\\\/\\\/www.p31noticias.com.br\\\/?p=22313\"},\"author\":{\"name\":\"Reda\u00e7\u00e3o JBN\",\"@id\":\"https:\\\/\\\/www.p31noticias.com.br\\\/#\\\/schema\\\/person\\\/77d6b186c710ac38937c6ec204fdd387\"},\"headline\":\"Bia Kicis \u00e9 a melhor indicada para o Minist\u00e9rio da Educa\u00e7\u00e3o\",\"datePublished\":\"2020-07-01T16:24:57+00:00\",\"dateModified\":\"2020-07-01T17:33:08+00:00\",\"mainEntityOfPage\":{\"@id\":\"https:\\\/\\\/www.p31noticias.com.br\\\/?p=22313\"},\"wordCount\":107,\"commentCount\":0,\"image\":{\"@id\":\"https:\\\/\\\/www.p31noticias.com.br\\\/?p=22313#primaryimage\"},\"thumbnailUrl\":\"https:\\\/\\\/www.p31noticias.com.br\\\/wp-content\\\/uploads\\\/2020\\\/07\\\/biakicis_73456007_391011201790206_2336088715481285526_n-e1571405367880-1024x598-1.jpg\",\"keywords\":[\"Bia Kicis\",\"Minist\u00e9rio da Educa\u00e7\u00e3o\"],\"articleSection\":[\"Brasil\",\"Bras\u00edlia\",\"Pol\u00edtica\"],\"inLanguage\":\"pt-BR\",\"potentialAction\":[{\"@type\":\"CommentAction\",\"name\":\"Comment\",\"target\":[\"https:\\\/\\\/www.p31noticias.com.br\\\/?p=22313#respond\"]}],\"copyrightYear\":\"2020\",\"copyrightHolder\":{\"@id\":\"https:\\\/\\\/www.p31noticias.com.br\\\/#organization\"}},{\"@type\":\"WebPage\",\"@id\":\"https:\\\/\\\/www.p31noticias.com.br\\\/?p=22313\",\"url\":\"https:\\\/\\\/www.p31noticias.com.br\\\/?p=22313\",\"name\":\"Bia Kicis \u00e9 a melhor indicada para o Minist\u00e9rio da Educa\u00e7\u00e3o - P31\",\"isPartOf\":{\"@id\":\"https:\\\/\\\/www.p31noticias.com.br\\\/#website\"},\"primaryImageOfPage\":{\"@id\":\"https:\\\/\\\/www.p31noticias.com.br\\\/?p=22313#primaryimage\"},\"image\":{\"@id\":\"https:\\\/\\\/www.p31noticias.com.br\\\/?p=22313#primaryimage\"},\"thumbnailUrl\":\"https:\\\/\\\/www.p31noticias.com.br\\\/wp-content\\\/uploads\\\/2020\\\/07\\\/biakicis_73456007_391011201790206_2336088715481285526_n-e1571405367880-1024x598-1.jpg\",\"datePublished\":\"2020-07-01T16:24:57+00:00\",\"dateModified\":\"2020-07-01T17:33:08+00:00\",\"author\":{\"@id\":\"https:\\\/\\\/www.p31noticias.com.br\\\/#\\\/schema\\\/person\\\/77d6b186c710ac38937c6ec204fdd387\"},\"description\":\"Donny Silva: O presidente Jair Bolsonaro tem uma pessoa bem pr\u00f3xima que pode ser a solu\u00e7\u00e3o para ocupar o comando do Minist\u00e9rio da Educa\u00e7\u00e3o.\",\"breadcrumb\":{\"@id\":\"https:\\\/\\\/www.p31noticias.com.br\\\/?p=22313#breadcrumb\"},\"inLanguage\":\"pt-BR\",\"potentialAction\":[{\"@type\":\"ReadAction\",\"target\":[\"https:\\\/\\\/www.p31noticias.com.br\\\/?p=22313\"]}]},{\"@type\":\"ImageObject\",\"inLanguage\":\"pt-BR\",\"@id\":\"https:\\\/\\\/www.p31noticias.com.br\\\/?p=22313#primaryimage\",\"url\":\"https:\\\/\\\/www.p31noticias.com.br\\\/wp-content\\\/uploads\\\/2020\\\/07\\\/biakicis_73456007_391011201790206_2336088715481285526_n-e1571405367880-1024x598-1.jpg\",\"contentUrl\":\"https:\\\/\\\/www.p31noticias.com.br\\\/wp-content\\\/uploads\\\/2020\\\/07\\\/biakicis_73456007_391011201790206_2336088715481285526_n-e1571405367880-1024x598-1.jpg\",\"width\":1024,\"height\":598},{\"@type\":\"BreadcrumbList\",\"@id\":\"https:\\\/\\\/www.p31noticias.com.br\\\/?p=22313#breadcrumb\",\"itemListElement\":[{\"@type\":\"ListItem\",\"position\":1,\"name\":\"In\u00edcio\",\"item\":\"https:\\\/\\\/www.p31noticias.com.br\\\/\"},{\"@type\":\"ListItem\",\"position\":2,\"name\":\"Bia Kicis \u00e9 a melhor indicada para o Minist\u00e9rio da Educa\u00e7\u00e3o\"}]},{\"@type\":\"WebSite\",\"@id\":\"https:\\\/\\\/www.p31noticias.com.br\\\/#website\",\"url\":\"https:\\\/\\\/www.p31noticias.com.br\\\/\",\"name\":\"P31\",\"description\":\"NOT\u00cdCIAS\",\"potentialAction\":[{\"@type\":\"SearchAction\",\"target\":{\"@type\":\"EntryPoint\",\"urlTemplate\":\"https:\\\/\\\/www.p31noticias.com.br\\\/?s={search_term_string}\"},\"query-input\":{\"@type\":\"PropertyValueSpecification\",\"valueRequired\":true,\"valueName\":\"search_term_string\"}}],\"inLanguage\":\"pt-BR\"},{\"@type\":\"Person\",\"@id\":\"https:\\\/\\\/www.p31noticias.com.br\\\/#\\\/schema\\\/person\\\/77d6b186c710ac38937c6ec204fdd387\",\"name\":\"Reda\u00e7\u00e3o JBN\",\"image\":{\"@type\":\"ImageObject\",\"inLanguage\":\"pt-BR\",\"@id\":\"https:\\\/\\\/secure.gravatar.com\\\/avatar\\\/10fcdb93211f98cce3d64c0795b0915a9a4a21dc0f279238995a3dbfafcad090?s=96&d=mm&r=g\",\"url\":\"https:\\\/\\\/secure.gravatar.com\\\/avatar\\\/10fcdb93211f98cce3d64c0795b0915a9a4a21dc0f279238995a3dbfafcad090?s=96&d=mm&r=g\",\"contentUrl\":\"https:\\\/\\\/secure.gravatar.com\\\/avatar\\\/10fcdb93211f98cce3d64c0795b0915a9a4a21dc0f279238995a3dbfafcad090?s=96&d=mm&r=g\",\"caption\":\"Reda\u00e7\u00e3o JBN\"},\"sameAs\":[\"https:\\\/\\\/p31noticias.com.br\"],\"url\":\"https:\\\/\\\/www.p31noticias.com.br\\\/?author=18\"}]}<\/script>\n<!-- \/ Yoast SEO Premium plugin. -->","yoast_head_json":{"title":"Bia Kicis \u00e9 a melhor indicada para o Minist\u00e9rio da Educa\u00e7\u00e3o - P31","description":"Donny Silva: O presidente Jair Bolsonaro tem uma pessoa bem pr\u00f3xima que pode ser a solu\u00e7\u00e3o para ocupar o comando do Minist\u00e9rio da Educa\u00e7\u00e3o.","robots":{"index":"index","follow":"follow","max-snippet":"max-snippet:-1","max-image-preview":"max-image-preview:large","max-video-preview":"max-video-preview:-1"},"canonical":"https:\/\/www.p31noticias.com.br\/?p=22313","og_locale":"pt_BR","og_type":"article","og_title":"Bia Kicis \u00e9 a melhor indicada para o Minist\u00e9rio da Educa\u00e7\u00e3o","og_description":"Donny Silva: O presidente Jair Bolsonaro tem uma pessoa bem pr\u00f3xima que pode ser a solu\u00e7\u00e3o para ocupar o comando do Minist\u00e9rio da Educa\u00e7\u00e3o.","og_url":"https:\/\/www.p31noticias.com.br\/?p=22313","og_site_name":"P31","article_published_time":"2020-07-01T16:24:57+00:00","article_modified_time":"2020-07-01T17:33:08+00:00","og_image":[{"width":1024,"height":598,"url":"https:\/\/www.p31noticias.com.br\/wp-content\/uploads\/2020\/07\/biakicis_73456007_391011201790206_2336088715481285526_n-e1571405367880-1024x598-1.jpg","type":"image\/jpeg"}],"author":"Reda\u00e7\u00e3o JBN","twitter_card":"summary_large_image","twitter_misc":{"Escrito por":"Reda\u00e7\u00e3o JBN"},"schema":{"@context":"https:\/\/schema.org","@graph":[{"@type":"Article","@id":"https:\/\/www.p31noticias.com.br\/?p=22313#article","isPartOf":{"@id":"https:\/\/www.p31noticias.com.br\/?p=22313"},"author":{"name":"Reda\u00e7\u00e3o JBN","@id":"https:\/\/www.p31noticias.com.br\/#\/schema\/person\/77d6b186c710ac38937c6ec204fdd387"},"headline":"Bia Kicis \u00e9 a melhor indicada para o Minist\u00e9rio da Educa\u00e7\u00e3o","datePublished":"2020-07-01T16:24:57+00:00","dateModified":"2020-07-01T17:33:08+00:00","mainEntityOfPage":{"@id":"https:\/\/www.p31noticias.com.br\/?p=22313"},"wordCount":107,"commentCount":0,"image":{"@id":"https:\/\/www.p31noticias.com.br\/?p=22313#primaryimage"},"thumbnailUrl":"https:\/\/www.p31noticias.com.br\/wp-content\/uploads\/2020\/07\/biakicis_73456007_391011201790206_2336088715481285526_n-e1571405367880-1024x598-1.jpg","keywords":["Bia Kicis","Minist\u00e9rio da Educa\u00e7\u00e3o"],"articleSection":["Brasil","Bras\u00edlia","Pol\u00edtica"],"inLanguage":"pt-BR","potentialAction":[{"@type":"CommentAction","name":"Comment","target":["https:\/\/www.p31noticias.com.br\/?p=22313#respond"]}],"copyrightYear":"2020","copyrightHolder":{"@id":"https:\/\/www.p31noticias.com.br\/#organization"}},{"@type":"WebPage","@id":"https:\/\/www.p31noticias.com.br\/?p=22313","url":"https:\/\/www.p31noticias.com.br\/?p=22313","name":"Bia Kicis \u00e9 a melhor indicada para o Minist\u00e9rio da Educa\u00e7\u00e3o - P31","isPartOf":{"@id":"https:\/\/www.p31noticias.com.br\/#website"},"primaryImageOfPage":{"@id":"https:\/\/www.p31noticias.com.br\/?p=22313#primaryimage"},"image":{"@id":"https:\/\/www.p31noticias.com.br\/?p=22313#primaryimage"},"thumbnailUrl":"https:\/\/www.p31noticias.com.br\/wp-content\/uploads\/2020\/07\/biakicis_73456007_391011201790206_2336088715481285526_n-e1571405367880-1024x598-1.jpg","datePublished":"2020-07-01T16:24:57+00:00","dateModified":"2020-07-01T17:33:08+00:00","author":{"@id":"https:\/\/www.p31noticias.com.br\/#\/schema\/person\/77d6b186c710ac38937c6ec204fdd387"},"description":"Donny Silva: O presidente Jair Bolsonaro tem uma pessoa bem pr\u00f3xima que pode ser a solu\u00e7\u00e3o para ocupar o comando do Minist\u00e9rio da Educa\u00e7\u00e3o.","breadcrumb":{"@id":"https:\/\/www.p31noticias.com.br\/?p=22313#breadcrumb"},"inLanguage":"pt-BR","potentialAction":[{"@type":"ReadAction","target":["https:\/\/www.p31noticias.com.br\/?p=22313"]}]},{"@type":"ImageObject","inLanguage":"pt-BR","@id":"https:\/\/www.p31noticias.com.br\/?p=22313#primaryimage","url":"https:\/\/www.p31noticias.com.br\/wp-content\/uploads\/2020\/07\/biakicis_73456007_391011201790206_2336088715481285526_n-e1571405367880-1024x598-1.jpg","contentUrl":"https:\/\/www.p31noticias.com.br\/wp-content\/uploads\/2020\/07\/biakicis_73456007_391011201790206_2336088715481285526_n-e1571405367880-1024x598-1.jpg","width":1024,"height":598},{"@type":"BreadcrumbList","@id":"https:\/\/www.p31noticias.com.br\/?p=22313#breadcrumb","itemListElement":[{"@type":"ListItem","position":1,"name":"In\u00edcio","item":"https:\/\/www.p31noticias.com.br\/"},{"@type":"ListItem","position":2,"name":"Bia Kicis \u00e9 a melhor indicada para o Minist\u00e9rio da Educa\u00e7\u00e3o"}]},{"@type":"WebSite","@id":"https:\/\/www.p31noticias.com.br\/#website","url":"https:\/\/www.p31noticias.com.br\/","name":"P31","description":"NOT\u00cdCIAS","potentialAction":[{"@type":"SearchAction","target":{"@type":"EntryPoint","urlTemplate":"https:\/\/www.p31noticias.com.br\/?s={search_term_string}"},"query-input":{"@type":"PropertyValueSpecification","valueRequired":true,"valueName":"search_term_string"}}],"inLanguage":"pt-BR"},{"@type":"Person","@id":"https:\/\/www.p31noticias.com.br\/#\/schema\/person\/77d6b186c710ac38937c6ec204fdd387","name":"Reda\u00e7\u00e3o JBN","image":{"@type":"ImageObject","inLanguage":"pt-BR","@id":"https:\/\/secure.gravatar.com\/avatar\/10fcdb93211f98cce3d64c0795b0915a9a4a21dc0f279238995a3dbfafcad090?s=96&d=mm&r=g","url":"https:\/\/secure.gravatar.com\/avatar\/10fcdb93211f98cce3d64c0795b0915a9a4a21dc0f279238995a3dbfafcad090?s=96&d=mm&r=g","contentUrl":"https:\/\/secure.gravatar.com\/avatar\/10fcdb93211f98cce3d64c0795b0915a9a4a21dc0f279238995a3dbfafcad090?s=96&d=mm&r=g","caption":"Reda\u00e7\u00e3o JBN"},"sameAs":["https:\/\/p31noticias.com.br"],"url":"https:\/\/www.p31noticias.com.br\/?author=18"}]}},"amp_enabled":true,"_links":{"self":[{"href":"https:\/\/www.p31noticias.com.br\/index.php?rest_route=\/wp\/v2\/posts\/22313","targetHints":{"allow":["GET"]}}],"collection":[{"href":"https:\/\/www.p31noticias.com.br\/index.php?rest_route=\/wp\/v2\/posts"}],"about":[{"href":"https:\/\/www.p31noticias.com.br\/index.php?rest_route=\/wp\/v2\/types\/post"}],"author":[{"embeddable":true,"href":"https:\/\/www.p31noticias.com.br\/index.php?rest_route=\/wp\/v2\/users\/18"}],"replies":[{"embeddable":true,"href":"https:\/\/www.p31noticias.com.br\/index.php?rest_route=%2Fwp%2Fv2%2Fcomments&post=22313"}],"version-history":[{"count":1,"href":"https:\/\/www.p31noticias.com.br\/index.php?rest_route=\/wp\/v2\/posts\/22313\/revisions"}],"predecessor-version":[{"id":22324,"href":"https:\/\/www.p31noticias.com.br\/index.php?rest_route=\/wp\/v2\/posts\/22313\/revisions\/22324"}],"wp:featuredmedia":[{"embeddable":true,"href":"https:\/\/www.p31noticias.com.br\/index.php?rest_route=\/wp\/v2\/media\/22320"}],"wp:attachment":[{"href":"https:\/\/www.p31noticias.com.br\/index.php?rest_route=%2Fwp%2Fv2%2Fmedia&parent=22313"}],"wp:term":[{"taxonomy":"category","embeddable":true,"href":"https:\/\/www.p31noticias.com.br\/index.php?rest_route=%2Fwp%2Fv2%2Fcategories&post=22313"},{"taxonomy":"post_tag","embeddable":true,"href":"https:\/\/www.p31noticias.com.br\/index.php?rest_route=%2Fwp%2Fv2%2Ftags&post=22313"}],"curies":[{"name":"wp","href":"https:\/\/api.w.org\/{rel}","templated":true}]}}