{"id":22312,"date":"2020-07-01T13:18:32","date_gmt":"2020-07-01T16:18:32","guid":{"rendered":"https:\/\/www.delioandrade.com.br\/?p=22282"},"modified":"2020-07-10T04:41:26","modified_gmt":"2020-07-10T04:41:26","slug":"maia-pede-sair-donny-silva","status":"publish","type":"post","link":"https:\/\/www.p31noticias.com.br\/?p=22312","title":{"rendered":"Maia, Pede pra sair, pede pra sair\u2026"},"content":{"rendered":"<p>Direto do blog pol\u00edtico do <a href=\"https:\/\/donnysilva.com.br\/pede-pra-sair-maia-pede-pra-sair\/\">Donny Silva:\u00a0<\/a><\/p>\n<h2>O governador do Distrito Federal, Ibaneis Rocha (MDB), jamais pediu para que eu retirasse algum post do blog. Jamais fez qualquer tipo de censura.<\/h2>\n<p>Ele entende que, o \u00a0fato do blog ter patroc\u00ednio do GDF n\u00e3o significa ter o direito de censurar alguma not\u00edcia que envolva algum integrante de sua equipe que esteja\u00a0<em>derrapando\u00a0<\/em>no cargo<i>.\u00a0<\/i><strong>Registro aqui minha\u00a0admira\u00e7\u00e3o e respeito pela postura do prudente e sensato governador.<\/strong><\/p>\n<p>Em 2019, avisei aqui sobre as incurs\u00f5es nada republicanas de Fabr\u00edcio Moura, que acabou sendo exonerado da Dire\u00e7\u00e3o-Geral do Detran-DF. Na sequ\u00eancia, tamb\u00e9m alertei o GDF sobre as trapalhadas do ex-distrital Al\u00edrio Neto, que tamb\u00e9m deixou o comando do \u00f3rg\u00e3o ap\u00f3s uma gest\u00e3o p\u00edfia e confusa.<\/p>\n<p>E agora, tenho alertado aqui sobre o advogado e procurador Z\u00e9lio Maia que, desde \u00a0que assumiu o cargo de DG no Detran-DF, tem se envolvido em den\u00fancias de <strong>arrog\u00e2ncia e improbidade administrativa<\/strong>, \u00a0al\u00e9m de irritar o cidad\u00e3o que precisa dos servi\u00e7os do \u00f3rg\u00e3o mas que tem enfrentado dificuldades absurdas.<\/p>\n<p>Z\u00e9lio nada entende de tr\u00e2nsito, mas de contratos entende bem. E talvez, por esse pecado caia nas pr\u00f3ximas horas. E n\u00e3o adianta pedir ajuda para parte da imprensa no intuito de se manter no cargo. Segundo fontes do Detran, as digitais s\u00e3o vis\u00edveis e at\u00e9 aud\u00edveis. O ex-diretor-geral Fabr\u00edcio Moura duvidou, xingou este jornalista, pagou pra ver e, no fim das contas foi parar na Globo, com \u00e1udio e tudo. O vexame foi grande e virou at\u00e9 caso de pol\u00edcia.<\/p>\n<p>Se de fato fosse s\u00e9rio, Z\u00e9lio pediria para sair hoje ainda. Seria menos doloroso e mais honroso, at\u00e9 porque um novo fato bomb\u00e1stico ser\u00e1 revelado nas pr\u00f3ximas horas.<\/p>\n<p>E volto a repetir: No Detran-DF existem servidores capacitados para assumirem o comando do \u00f3rg\u00e3o.\u00a0Colocar delegado, professor ou advogado, s\u00f3 tem piorado a crise l\u00e1, que acaba atingindo ruas e avenidas do DF, porque simplesmente n\u00e3o existe intelig\u00eancia nem engenharia de tr\u00e2nsito eficiente como havia no passado.<\/p>\n<p>O Detran-DF merece respeito. Portanto, pede\u00a0<em>pra sair, DG.<\/em><\/p>\n","protected":false},"excerpt":{"rendered":"<p>Direto do blog pol\u00edtico do Donny Silva:\u00a0 O governador do Distrito Federal, Ibaneis Rocha (MDB), jamais pediu para que eu retirasse algum post do blog. Jamais fez qualquer tipo de censura. Ele entende que, o \u00a0fato do blog ter patroc\u00ednio do GDF n\u00e3o significa ter o direito de censurar alguma not\u00edcia que envolva algum integrante [&hellip;]<\/p>\n","protected":false},"author":18,"featured_media":22322,"comment_status":"open","ping_status":"open","sticky":false,"template":"","format":"standard","meta":{"footnotes":""},"categories":[21,57],"tags":[50,622,621,609],"class_list":{"0":"post-22312","1":"post","2":"type-post","3":"status-publish","4":"format-standard","5":"has-post-thumbnail","7":"category-brasilia","8":"category-politica","9":"tag-detran","10":"tag-detran-df","11":"tag-donny-silva","12":"tag-zelio-maia"},"yoast_head":"<!-- This site is optimized with the Yoast SEO Premium plugin v24.5 (Yoast SEO v27.5) - https:\/\/yoast.com\/product\/yoast-seo-premium-wordpress\/ -->\n<title>Maia, Pede pra sair, pede pra sair\u2026 - P31<\/title>\n<meta name=\"description\" content=\"Do blog do Donny Silva: Z\u00e9lio Maia desde que assumiu o cargo de DG no Detran-DF tem se envolvido em den\u00fancias de improbidade administrativa.\" \/>\n<meta name=\"robots\" content=\"index, follow, max-snippet:-1, max-image-preview:large, max-video-preview:-1\" \/>\n<link rel=\"canonical\" href=\"https:\/\/www.p31noticias.com.br\/?p=22312\" \/>\n<meta property=\"og:locale\" content=\"pt_BR\" \/>\n<meta property=\"og:type\" content=\"article\" \/>\n<meta property=\"og:title\" content=\"Maia, Pede pra sair, pede pra sair\u2026\" \/>\n<meta property=\"og:description\" content=\"Do blog do Donny Silva: Z\u00e9lio Maia desde que assumiu o cargo de DG no Detran-DF tem se envolvido em den\u00fancias de improbidade administrativa.\" \/>\n<meta property=\"og:url\" content=\"https:\/\/www.p31noticias.com.br\/?p=22312\" \/>\n<meta property=\"og:site_name\" content=\"P31\" \/>\n<meta property=\"article:published_time\" content=\"2020-07-01T16:18:32+00:00\" \/>\n<meta property=\"article:modified_time\" content=\"2020-07-10T04:41:26+00:00\" \/>\n<meta property=\"og:image\" content=\"https:\/\/www.p31noticias.com.br\/wp-content\/uploads\/2020\/07\/zeliom-1024x576-2.jpg\" \/>\n\t<meta property=\"og:image:width\" content=\"1024\" \/>\n\t<meta property=\"og:image:height\" content=\"576\" \/>\n\t<meta property=\"og:image:type\" content=\"image\/jpeg\" \/>\n<meta name=\"author\" content=\"Reda\u00e7\u00e3o JBN\" \/>\n<meta name=\"twitter:card\" content=\"summary_large_image\" \/>\n<meta name=\"twitter:label1\" content=\"Escrito por\" \/>\n\t<meta name=\"twitter:data1\" content=\"Reda\u00e7\u00e3o JBN\" \/>\n\t<meta name=\"twitter:label2\" content=\"Est. tempo de leitura\" \/>\n\t<meta name=\"twitter:data2\" content=\"2 minutos\" \/>\n<script type=\"application\/ld+json\" class=\"yoast-schema-graph\">{\"@context\":\"https:\\\/\\\/schema.org\",\"@graph\":[{\"@type\":\"Article\",\"@id\":\"https:\\\/\\\/www.p31noticias.com.br\\\/?p=22312#article\",\"isPartOf\":{\"@id\":\"https:\\\/\\\/www.p31noticias.com.br\\\/?p=22312\"},\"author\":{\"name\":\"Reda\u00e7\u00e3o JBN\",\"@id\":\"https:\\\/\\\/www.p31noticias.com.br\\\/#\\\/schema\\\/person\\\/77d6b186c710ac38937c6ec204fdd387\"},\"headline\":\"Maia, Pede pra sair, pede pra sair\u2026\",\"datePublished\":\"2020-07-01T16:18:32+00:00\",\"dateModified\":\"2020-07-10T04:41:26+00:00\",\"mainEntityOfPage\":{\"@id\":\"https:\\\/\\\/www.p31noticias.com.br\\\/?p=22312\"},\"wordCount\":382,\"commentCount\":0,\"image\":{\"@id\":\"https:\\\/\\\/www.p31noticias.com.br\\\/?p=22312#primaryimage\"},\"thumbnailUrl\":\"https:\\\/\\\/www.p31noticias.com.br\\\/wp-content\\\/uploads\\\/2020\\\/07\\\/zeliom-1024x576-2.jpg\",\"keywords\":[\"Detran\",\"Detran DF\",\"Donny Silva\",\"Z\u00e9lio Maia\"],\"articleSection\":[\"Bras\u00edlia\",\"Pol\u00edtica\"],\"inLanguage\":\"pt-BR\",\"potentialAction\":[{\"@type\":\"CommentAction\",\"name\":\"Comment\",\"target\":[\"https:\\\/\\\/www.p31noticias.com.br\\\/?p=22312#respond\"]}],\"copyrightYear\":\"2020\",\"copyrightHolder\":{\"@id\":\"https:\\\/\\\/www.p31noticias.com.br\\\/#organization\"}},{\"@type\":\"WebPage\",\"@id\":\"https:\\\/\\\/www.p31noticias.com.br\\\/?p=22312\",\"url\":\"https:\\\/\\\/www.p31noticias.com.br\\\/?p=22312\",\"name\":\"Maia, Pede pra sair, pede pra sair\u2026 - P31\",\"isPartOf\":{\"@id\":\"https:\\\/\\\/www.p31noticias.com.br\\\/#website\"},\"primaryImageOfPage\":{\"@id\":\"https:\\\/\\\/www.p31noticias.com.br\\\/?p=22312#primaryimage\"},\"image\":{\"@id\":\"https:\\\/\\\/www.p31noticias.com.br\\\/?p=22312#primaryimage\"},\"thumbnailUrl\":\"https:\\\/\\\/www.p31noticias.com.br\\\/wp-content\\\/uploads\\\/2020\\\/07\\\/zeliom-1024x576-2.jpg\",\"datePublished\":\"2020-07-01T16:18:32+00:00\",\"dateModified\":\"2020-07-10T04:41:26+00:00\",\"author\":{\"@id\":\"https:\\\/\\\/www.p31noticias.com.br\\\/#\\\/schema\\\/person\\\/77d6b186c710ac38937c6ec204fdd387\"},\"description\":\"Do blog do Donny Silva: Z\u00e9lio Maia desde que assumiu o cargo de DG no Detran-DF tem se envolvido em den\u00fancias de improbidade administrativa.\",\"breadcrumb\":{\"@id\":\"https:\\\/\\\/www.p31noticias.com.br\\\/?p=22312#breadcrumb\"},\"inLanguage\":\"pt-BR\",\"potentialAction\":[{\"@type\":\"ReadAction\",\"target\":[\"https:\\\/\\\/www.p31noticias.com.br\\\/?p=22312\"]}]},{\"@type\":\"ImageObject\",\"inLanguage\":\"pt-BR\",\"@id\":\"https:\\\/\\\/www.p31noticias.com.br\\\/?p=22312#primaryimage\",\"url\":\"https:\\\/\\\/www.p31noticias.com.br\\\/wp-content\\\/uploads\\\/2020\\\/07\\\/zeliom-1024x576-2.jpg\",\"contentUrl\":\"https:\\\/\\\/www.p31noticias.com.br\\\/wp-content\\\/uploads\\\/2020\\\/07\\\/zeliom-1024x576-2.jpg\",\"width\":1024,\"height\":576},{\"@type\":\"BreadcrumbList\",\"@id\":\"https:\\\/\\\/www.p31noticias.com.br\\\/?p=22312#breadcrumb\",\"itemListElement\":[{\"@type\":\"ListItem\",\"position\":1,\"name\":\"In\u00edcio\",\"item\":\"https:\\\/\\\/www.p31noticias.com.br\\\/\"},{\"@type\":\"ListItem\",\"position\":2,\"name\":\"Maia, Pede pra sair, pede pra sair\u2026\"}]},{\"@type\":\"WebSite\",\"@id\":\"https:\\\/\\\/www.p31noticias.com.br\\\/#website\",\"url\":\"https:\\\/\\\/www.p31noticias.com.br\\\/\",\"name\":\"P31\",\"description\":\"NOT\u00cdCIAS\",\"potentialAction\":[{\"@type\":\"SearchAction\",\"target\":{\"@type\":\"EntryPoint\",\"urlTemplate\":\"https:\\\/\\\/www.p31noticias.com.br\\\/?s={search_term_string}\"},\"query-input\":{\"@type\":\"PropertyValueSpecification\",\"valueRequired\":true,\"valueName\":\"search_term_string\"}}],\"inLanguage\":\"pt-BR\"},{\"@type\":\"Person\",\"@id\":\"https:\\\/\\\/www.p31noticias.com.br\\\/#\\\/schema\\\/person\\\/77d6b186c710ac38937c6ec204fdd387\",\"name\":\"Reda\u00e7\u00e3o JBN\",\"image\":{\"@type\":\"ImageObject\",\"inLanguage\":\"pt-BR\",\"@id\":\"https:\\\/\\\/secure.gravatar.com\\\/avatar\\\/10fcdb93211f98cce3d64c0795b0915a9a4a21dc0f279238995a3dbfafcad090?s=96&d=mm&r=g\",\"url\":\"https:\\\/\\\/secure.gravatar.com\\\/avatar\\\/10fcdb93211f98cce3d64c0795b0915a9a4a21dc0f279238995a3dbfafcad090?s=96&d=mm&r=g\",\"contentUrl\":\"https:\\\/\\\/secure.gravatar.com\\\/avatar\\\/10fcdb93211f98cce3d64c0795b0915a9a4a21dc0f279238995a3dbfafcad090?s=96&d=mm&r=g\",\"caption\":\"Reda\u00e7\u00e3o JBN\"},\"sameAs\":[\"https:\\\/\\\/p31noticias.com.br\"],\"url\":\"https:\\\/\\\/www.p31noticias.com.br\\\/?author=18\"}]}<\/script>\n<!-- \/ Yoast SEO Premium plugin. -->","yoast_head_json":{"title":"Maia, Pede pra sair, pede pra sair\u2026 - P31","description":"Do blog do Donny Silva: Z\u00e9lio Maia desde que assumiu o cargo de DG no Detran-DF tem se envolvido em den\u00fancias de improbidade administrativa.","robots":{"index":"index","follow":"follow","max-snippet":"max-snippet:-1","max-image-preview":"max-image-preview:large","max-video-preview":"max-video-preview:-1"},"canonical":"https:\/\/www.p31noticias.com.br\/?p=22312","og_locale":"pt_BR","og_type":"article","og_title":"Maia, Pede pra sair, pede pra sair\u2026","og_description":"Do blog do Donny Silva: Z\u00e9lio Maia desde que assumiu o cargo de DG no Detran-DF tem se envolvido em den\u00fancias de improbidade administrativa.","og_url":"https:\/\/www.p31noticias.com.br\/?p=22312","og_site_name":"P31","article_published_time":"2020-07-01T16:18:32+00:00","article_modified_time":"2020-07-10T04:41:26+00:00","og_image":[{"width":1024,"height":576,"url":"https:\/\/www.p31noticias.com.br\/wp-content\/uploads\/2020\/07\/zeliom-1024x576-2.jpg","type":"image\/jpeg"}],"author":"Reda\u00e7\u00e3o JBN","twitter_card":"summary_large_image","twitter_misc":{"Escrito por":"Reda\u00e7\u00e3o JBN","Est. tempo de leitura":"2 minutos"},"schema":{"@context":"https:\/\/schema.org","@graph":[{"@type":"Article","@id":"https:\/\/www.p31noticias.com.br\/?p=22312#article","isPartOf":{"@id":"https:\/\/www.p31noticias.com.br\/?p=22312"},"author":{"name":"Reda\u00e7\u00e3o JBN","@id":"https:\/\/www.p31noticias.com.br\/#\/schema\/person\/77d6b186c710ac38937c6ec204fdd387"},"headline":"Maia, Pede pra sair, pede pra sair\u2026","datePublished":"2020-07-01T16:18:32+00:00","dateModified":"2020-07-10T04:41:26+00:00","mainEntityOfPage":{"@id":"https:\/\/www.p31noticias.com.br\/?p=22312"},"wordCount":382,"commentCount":0,"image":{"@id":"https:\/\/www.p31noticias.com.br\/?p=22312#primaryimage"},"thumbnailUrl":"https:\/\/www.p31noticias.com.br\/wp-content\/uploads\/2020\/07\/zeliom-1024x576-2.jpg","keywords":["Detran","Detran DF","Donny Silva","Z\u00e9lio Maia"],"articleSection":["Bras\u00edlia","Pol\u00edtica"],"inLanguage":"pt-BR","potentialAction":[{"@type":"CommentAction","name":"Comment","target":["https:\/\/www.p31noticias.com.br\/?p=22312#respond"]}],"copyrightYear":"2020","copyrightHolder":{"@id":"https:\/\/www.p31noticias.com.br\/#organization"}},{"@type":"WebPage","@id":"https:\/\/www.p31noticias.com.br\/?p=22312","url":"https:\/\/www.p31noticias.com.br\/?p=22312","name":"Maia, Pede pra sair, pede pra sair\u2026 - P31","isPartOf":{"@id":"https:\/\/www.p31noticias.com.br\/#website"},"primaryImageOfPage":{"@id":"https:\/\/www.p31noticias.com.br\/?p=22312#primaryimage"},"image":{"@id":"https:\/\/www.p31noticias.com.br\/?p=22312#primaryimage"},"thumbnailUrl":"https:\/\/www.p31noticias.com.br\/wp-content\/uploads\/2020\/07\/zeliom-1024x576-2.jpg","datePublished":"2020-07-01T16:18:32+00:00","dateModified":"2020-07-10T04:41:26+00:00","author":{"@id":"https:\/\/www.p31noticias.com.br\/#\/schema\/person\/77d6b186c710ac38937c6ec204fdd387"},"description":"Do blog do Donny Silva: Z\u00e9lio Maia desde que assumiu o cargo de DG no Detran-DF tem se envolvido em den\u00fancias de improbidade administrativa.","breadcrumb":{"@id":"https:\/\/www.p31noticias.com.br\/?p=22312#breadcrumb"},"inLanguage":"pt-BR","potentialAction":[{"@type":"ReadAction","target":["https:\/\/www.p31noticias.com.br\/?p=22312"]}]},{"@type":"ImageObject","inLanguage":"pt-BR","@id":"https:\/\/www.p31noticias.com.br\/?p=22312#primaryimage","url":"https:\/\/www.p31noticias.com.br\/wp-content\/uploads\/2020\/07\/zeliom-1024x576-2.jpg","contentUrl":"https:\/\/www.p31noticias.com.br\/wp-content\/uploads\/2020\/07\/zeliom-1024x576-2.jpg","width":1024,"height":576},{"@type":"BreadcrumbList","@id":"https:\/\/www.p31noticias.com.br\/?p=22312#breadcrumb","itemListElement":[{"@type":"ListItem","position":1,"name":"In\u00edcio","item":"https:\/\/www.p31noticias.com.br\/"},{"@type":"ListItem","position":2,"name":"Maia, Pede pra sair, pede pra sair\u2026"}]},{"@type":"WebSite","@id":"https:\/\/www.p31noticias.com.br\/#website","url":"https:\/\/www.p31noticias.com.br\/","name":"P31","description":"NOT\u00cdCIAS","potentialAction":[{"@type":"SearchAction","target":{"@type":"EntryPoint","urlTemplate":"https:\/\/www.p31noticias.com.br\/?s={search_term_string}"},"query-input":{"@type":"PropertyValueSpecification","valueRequired":true,"valueName":"search_term_string"}}],"inLanguage":"pt-BR"},{"@type":"Person","@id":"https:\/\/www.p31noticias.com.br\/#\/schema\/person\/77d6b186c710ac38937c6ec204fdd387","name":"Reda\u00e7\u00e3o JBN","image":{"@type":"ImageObject","inLanguage":"pt-BR","@id":"https:\/\/secure.gravatar.com\/avatar\/10fcdb93211f98cce3d64c0795b0915a9a4a21dc0f279238995a3dbfafcad090?s=96&d=mm&r=g","url":"https:\/\/secure.gravatar.com\/avatar\/10fcdb93211f98cce3d64c0795b0915a9a4a21dc0f279238995a3dbfafcad090?s=96&d=mm&r=g","contentUrl":"https:\/\/secure.gravatar.com\/avatar\/10fcdb93211f98cce3d64c0795b0915a9a4a21dc0f279238995a3dbfafcad090?s=96&d=mm&r=g","caption":"Reda\u00e7\u00e3o JBN"},"sameAs":["https:\/\/p31noticias.com.br"],"url":"https:\/\/www.p31noticias.com.br\/?author=18"}]}},"amp_enabled":true,"_links":{"self":[{"href":"https:\/\/www.p31noticias.com.br\/index.php?rest_route=\/wp\/v2\/posts\/22312","targetHints":{"allow":["GET"]}}],"collection":[{"href":"https:\/\/www.p31noticias.com.br\/index.php?rest_route=\/wp\/v2\/posts"}],"about":[{"href":"https:\/\/www.p31noticias.com.br\/index.php?rest_route=\/wp\/v2\/types\/post"}],"author":[{"embeddable":true,"href":"https:\/\/www.p31noticias.com.br\/index.php?rest_route=\/wp\/v2\/users\/18"}],"replies":[{"embeddable":true,"href":"https:\/\/www.p31noticias.com.br\/index.php?rest_route=%2Fwp%2Fv2%2Fcomments&post=22312"}],"version-history":[{"count":2,"href":"https:\/\/www.p31noticias.com.br\/index.php?rest_route=\/wp\/v2\/posts\/22312\/revisions"}],"predecessor-version":[{"id":22463,"href":"https:\/\/www.p31noticias.com.br\/index.php?rest_route=\/wp\/v2\/posts\/22312\/revisions\/22463"}],"wp:featuredmedia":[{"embeddable":true,"href":"https:\/\/www.p31noticias.com.br\/index.php?rest_route=\/wp\/v2\/media\/22322"}],"wp:attachment":[{"href":"https:\/\/www.p31noticias.com.br\/index.php?rest_route=%2Fwp%2Fv2%2Fmedia&parent=22312"}],"wp:term":[{"taxonomy":"category","embeddable":true,"href":"https:\/\/www.p31noticias.com.br\/index.php?rest_route=%2Fwp%2Fv2%2Fcategories&post=22312"},{"taxonomy":"post_tag","embeddable":true,"href":"https:\/\/www.p31noticias.com.br\/index.php?rest_route=%2Fwp%2Fv2%2Ftags&post=22312"}],"curies":[{"name":"wp","href":"https:\/\/api.w.org\/{rel}","templated":true}]}}