{"id":22311,"date":"2020-07-01T13:08:23","date_gmt":"2020-07-01T16:08:23","guid":{"rendered":"https:\/\/www.delioandrade.com.br\/?p=22276"},"modified":"2020-07-01T17:30:00","modified_gmt":"2020-07-01T17:30:00","slug":"distritais-base-donny-silva","status":"publish","type":"post","link":"https:\/\/www.p31noticias.com.br\/?p=22311","title":{"rendered":"Distritais da base querem b\u00f4nus mas n\u00e3o o \u00f4nus"},"content":{"rendered":"<p>Alerta importante do blog do<a href=\"https:\/\/donnysilva.com.br\/distritais-da-base-querem-bonus-mas-nao-querem-o-onus\/\"> Donny Silva:<\/a><\/p>\n<h2>Na vota\u00e7\u00e3o do Projeto de Lei da reforma da previd\u00eancia dos servidores p\u00fablicos do Distrito Federal, ocorrida nesta ter\u00e7a-feira (30\/6), chamou aten\u00e7\u00e3o do Pal\u00e1cio do Buriti dois deputados distritais que tem cargos no GDF mas que inacreditavelmente votaram CONTRA o projeto do Executivo: Reginaldo Sardinha e Jo\u00e3o Cardoso.<\/h2>\n<p><a href=\"https:\/\/p31noticias.com.br\/wp-content\/uploads\/2020\/07\/joaocardoso-300x164-1.jpg\"><img loading=\"lazy\" decoding=\"async\" class=\"alignnone size-full wp-image-22278\" src=\"https:\/\/p31noticias.com.br\/wp-content\/uploads\/2020\/07\/joaocardoso-300x164-1.jpg\" alt=\"\" width=\"300\" height=\"164\" \/><\/a> <a href=\"https:\/\/p31noticias.com.br\/wp-content\/uploads\/2020\/07\/reginaldosardinha.png\"><img loading=\"lazy\" decoding=\"async\" class=\"alignnone size-presso_thumbnail_large wp-image-22280\" src=\"https:\/\/p31noticias.com.br\/wp-content\/uploads\/2020\/07\/reginaldosardinha.png\" alt=\"\" width=\"557\" height=\"309\" srcset=\"https:\/\/www.p31noticias.com.br\/wp-content\/uploads\/2020\/07\/reginaldosardinha.png 557w, https:\/\/www.p31noticias.com.br\/wp-content\/uploads\/2020\/07\/reginaldosardinha-300x166.png 300w\" sizes=\"auto, (max-width: 557px) 100vw, 557px\" \/><\/a><\/p>\n","protected":false},"excerpt":{"rendered":"<p>Alerta importante do blog do Donny Silva: Na vota\u00e7\u00e3o do Projeto de Lei da reforma da previd\u00eancia dos servidores p\u00fablicos do Distrito Federal, ocorrida nesta ter\u00e7a-feira (30\/6), chamou aten\u00e7\u00e3o do Pal\u00e1cio do Buriti dois deputados distritais que tem cargos no GDF mas que inacreditavelmente votaram CONTRA o projeto do Executivo: Reginaldo Sardinha e Jo\u00e3o Cardoso.<\/p>\n","protected":false},"author":18,"featured_media":22280,"comment_status":"open","ping_status":"open","sticky":false,"template":"","format":"standard","meta":{"footnotes":""},"categories":[21,57],"tags":[80,620,619],"class_list":{"0":"post-22311","1":"post","2":"type-post","3":"status-publish","4":"format-standard","5":"has-post-thumbnail","7":"category-brasilia","8":"category-politica","9":"tag-cldf","10":"tag-joao-cardoso","11":"tag-reginaldo-sardinha"},"yoast_head":"<!-- This site is optimized with the Yoast SEO Premium plugin v24.5 (Yoast SEO v27.5) - https:\/\/yoast.com\/product\/yoast-seo-premium-wordpress\/ -->\n<title>Distritais da base querem b\u00f4nus mas n\u00e3o o \u00f4nus - P31<\/title>\n<meta name=\"description\" content=\"dois deputados distritais que tem cargos no GDF mas que inacreditavelmente votaram CONTRA o projeto do Executivo\" \/>\n<meta name=\"robots\" content=\"index, follow, max-snippet:-1, max-image-preview:large, max-video-preview:-1\" \/>\n<link rel=\"canonical\" href=\"https:\/\/www.p31noticias.com.br\/?p=22311\" \/>\n<meta property=\"og:locale\" content=\"pt_BR\" \/>\n<meta property=\"og:type\" content=\"article\" \/>\n<meta property=\"og:title\" content=\"Distritais da base querem b\u00f4nus mas n\u00e3o o \u00f4nus\" \/>\n<meta property=\"og:description\" content=\"dois deputados distritais que tem cargos no GDF mas que inacreditavelmente votaram CONTRA o projeto do Executivo\" \/>\n<meta property=\"og:url\" content=\"https:\/\/www.p31noticias.com.br\/?p=22311\" \/>\n<meta property=\"og:site_name\" content=\"P31\" \/>\n<meta property=\"article:published_time\" content=\"2020-07-01T16:08:23+00:00\" \/>\n<meta property=\"article:modified_time\" content=\"2020-07-01T17:30:00+00:00\" \/>\n<meta property=\"og:image\" content=\"https:\/\/www.p31noticias.com.br\/wp-content\/uploads\/2020\/07\/reginaldosardinha.png\" \/>\n\t<meta property=\"og:image:width\" content=\"557\" \/>\n\t<meta property=\"og:image:height\" content=\"309\" \/>\n\t<meta property=\"og:image:type\" content=\"image\/png\" \/>\n<meta name=\"author\" content=\"Reda\u00e7\u00e3o JBN\" \/>\n<meta name=\"twitter:card\" content=\"summary_large_image\" \/>\n<meta name=\"twitter:label1\" content=\"Escrito por\" \/>\n\t<meta name=\"twitter:data1\" content=\"Reda\u00e7\u00e3o JBN\" \/>\n<script type=\"application\/ld+json\" class=\"yoast-schema-graph\">{\"@context\":\"https:\\\/\\\/schema.org\",\"@graph\":[{\"@type\":\"Article\",\"@id\":\"https:\\\/\\\/www.p31noticias.com.br\\\/?p=22311#article\",\"isPartOf\":{\"@id\":\"https:\\\/\\\/www.p31noticias.com.br\\\/?p=22311\"},\"author\":{\"name\":\"Reda\u00e7\u00e3o JBN\",\"@id\":\"https:\\\/\\\/www.p31noticias.com.br\\\/#\\\/schema\\\/person\\\/77d6b186c710ac38937c6ec204fdd387\"},\"headline\":\"Distritais da base querem b\u00f4nus mas n\u00e3o o \u00f4nus\",\"datePublished\":\"2020-07-01T16:08:23+00:00\",\"dateModified\":\"2020-07-01T17:30:00+00:00\",\"mainEntityOfPage\":{\"@id\":\"https:\\\/\\\/www.p31noticias.com.br\\\/?p=22311\"},\"wordCount\":72,\"commentCount\":0,\"image\":{\"@id\":\"https:\\\/\\\/www.p31noticias.com.br\\\/?p=22311#primaryimage\"},\"thumbnailUrl\":\"https:\\\/\\\/www.p31noticias.com.br\\\/wp-content\\\/uploads\\\/2020\\\/07\\\/reginaldosardinha.png\",\"keywords\":[\"CLDF\",\"Jo\u00e3o Cardoso\",\"Reginaldo Sardinha\"],\"articleSection\":[\"Bras\u00edlia\",\"Pol\u00edtica\"],\"inLanguage\":\"pt-BR\",\"potentialAction\":[{\"@type\":\"CommentAction\",\"name\":\"Comment\",\"target\":[\"https:\\\/\\\/www.p31noticias.com.br\\\/?p=22311#respond\"]}],\"copyrightYear\":\"2020\",\"copyrightHolder\":{\"@id\":\"https:\\\/\\\/www.p31noticias.com.br\\\/#organization\"}},{\"@type\":\"WebPage\",\"@id\":\"https:\\\/\\\/www.p31noticias.com.br\\\/?p=22311\",\"url\":\"https:\\\/\\\/www.p31noticias.com.br\\\/?p=22311\",\"name\":\"Distritais da base querem b\u00f4nus mas n\u00e3o o \u00f4nus - P31\",\"isPartOf\":{\"@id\":\"https:\\\/\\\/www.p31noticias.com.br\\\/#website\"},\"primaryImageOfPage\":{\"@id\":\"https:\\\/\\\/www.p31noticias.com.br\\\/?p=22311#primaryimage\"},\"image\":{\"@id\":\"https:\\\/\\\/www.p31noticias.com.br\\\/?p=22311#primaryimage\"},\"thumbnailUrl\":\"https:\\\/\\\/www.p31noticias.com.br\\\/wp-content\\\/uploads\\\/2020\\\/07\\\/reginaldosardinha.png\",\"datePublished\":\"2020-07-01T16:08:23+00:00\",\"dateModified\":\"2020-07-01T17:30:00+00:00\",\"author\":{\"@id\":\"https:\\\/\\\/www.p31noticias.com.br\\\/#\\\/schema\\\/person\\\/77d6b186c710ac38937c6ec204fdd387\"},\"description\":\"dois deputados distritais que tem cargos no GDF mas que inacreditavelmente votaram CONTRA o projeto do Executivo\",\"breadcrumb\":{\"@id\":\"https:\\\/\\\/www.p31noticias.com.br\\\/?p=22311#breadcrumb\"},\"inLanguage\":\"pt-BR\",\"potentialAction\":[{\"@type\":\"ReadAction\",\"target\":[\"https:\\\/\\\/www.p31noticias.com.br\\\/?p=22311\"]}]},{\"@type\":\"ImageObject\",\"inLanguage\":\"pt-BR\",\"@id\":\"https:\\\/\\\/www.p31noticias.com.br\\\/?p=22311#primaryimage\",\"url\":\"https:\\\/\\\/www.p31noticias.com.br\\\/wp-content\\\/uploads\\\/2020\\\/07\\\/reginaldosardinha.png\",\"contentUrl\":\"https:\\\/\\\/www.p31noticias.com.br\\\/wp-content\\\/uploads\\\/2020\\\/07\\\/reginaldosardinha.png\",\"width\":557,\"height\":309},{\"@type\":\"BreadcrumbList\",\"@id\":\"https:\\\/\\\/www.p31noticias.com.br\\\/?p=22311#breadcrumb\",\"itemListElement\":[{\"@type\":\"ListItem\",\"position\":1,\"name\":\"In\u00edcio\",\"item\":\"https:\\\/\\\/www.p31noticias.com.br\\\/\"},{\"@type\":\"ListItem\",\"position\":2,\"name\":\"Distritais da base querem b\u00f4nus mas n\u00e3o o \u00f4nus\"}]},{\"@type\":\"WebSite\",\"@id\":\"https:\\\/\\\/www.p31noticias.com.br\\\/#website\",\"url\":\"https:\\\/\\\/www.p31noticias.com.br\\\/\",\"name\":\"P31\",\"description\":\"NOT\u00cdCIAS\",\"potentialAction\":[{\"@type\":\"SearchAction\",\"target\":{\"@type\":\"EntryPoint\",\"urlTemplate\":\"https:\\\/\\\/www.p31noticias.com.br\\\/?s={search_term_string}\"},\"query-input\":{\"@type\":\"PropertyValueSpecification\",\"valueRequired\":true,\"valueName\":\"search_term_string\"}}],\"inLanguage\":\"pt-BR\"},{\"@type\":\"Person\",\"@id\":\"https:\\\/\\\/www.p31noticias.com.br\\\/#\\\/schema\\\/person\\\/77d6b186c710ac38937c6ec204fdd387\",\"name\":\"Reda\u00e7\u00e3o JBN\",\"image\":{\"@type\":\"ImageObject\",\"inLanguage\":\"pt-BR\",\"@id\":\"https:\\\/\\\/secure.gravatar.com\\\/avatar\\\/10fcdb93211f98cce3d64c0795b0915a9a4a21dc0f279238995a3dbfafcad090?s=96&d=mm&r=g\",\"url\":\"https:\\\/\\\/secure.gravatar.com\\\/avatar\\\/10fcdb93211f98cce3d64c0795b0915a9a4a21dc0f279238995a3dbfafcad090?s=96&d=mm&r=g\",\"contentUrl\":\"https:\\\/\\\/secure.gravatar.com\\\/avatar\\\/10fcdb93211f98cce3d64c0795b0915a9a4a21dc0f279238995a3dbfafcad090?s=96&d=mm&r=g\",\"caption\":\"Reda\u00e7\u00e3o JBN\"},\"sameAs\":[\"https:\\\/\\\/p31noticias.com.br\"],\"url\":\"https:\\\/\\\/www.p31noticias.com.br\\\/?author=18\"}]}<\/script>\n<!-- \/ Yoast SEO Premium plugin. -->","yoast_head_json":{"title":"Distritais da base querem b\u00f4nus mas n\u00e3o o \u00f4nus - P31","description":"dois deputados distritais que tem cargos no GDF mas que inacreditavelmente votaram CONTRA o projeto do Executivo","robots":{"index":"index","follow":"follow","max-snippet":"max-snippet:-1","max-image-preview":"max-image-preview:large","max-video-preview":"max-video-preview:-1"},"canonical":"https:\/\/www.p31noticias.com.br\/?p=22311","og_locale":"pt_BR","og_type":"article","og_title":"Distritais da base querem b\u00f4nus mas n\u00e3o o \u00f4nus","og_description":"dois deputados distritais que tem cargos no GDF mas que inacreditavelmente votaram CONTRA o projeto do Executivo","og_url":"https:\/\/www.p31noticias.com.br\/?p=22311","og_site_name":"P31","article_published_time":"2020-07-01T16:08:23+00:00","article_modified_time":"2020-07-01T17:30:00+00:00","og_image":[{"width":557,"height":309,"url":"https:\/\/www.p31noticias.com.br\/wp-content\/uploads\/2020\/07\/reginaldosardinha.png","type":"image\/png"}],"author":"Reda\u00e7\u00e3o JBN","twitter_card":"summary_large_image","twitter_misc":{"Escrito por":"Reda\u00e7\u00e3o JBN"},"schema":{"@context":"https:\/\/schema.org","@graph":[{"@type":"Article","@id":"https:\/\/www.p31noticias.com.br\/?p=22311#article","isPartOf":{"@id":"https:\/\/www.p31noticias.com.br\/?p=22311"},"author":{"name":"Reda\u00e7\u00e3o JBN","@id":"https:\/\/www.p31noticias.com.br\/#\/schema\/person\/77d6b186c710ac38937c6ec204fdd387"},"headline":"Distritais da base querem b\u00f4nus mas n\u00e3o o \u00f4nus","datePublished":"2020-07-01T16:08:23+00:00","dateModified":"2020-07-01T17:30:00+00:00","mainEntityOfPage":{"@id":"https:\/\/www.p31noticias.com.br\/?p=22311"},"wordCount":72,"commentCount":0,"image":{"@id":"https:\/\/www.p31noticias.com.br\/?p=22311#primaryimage"},"thumbnailUrl":"https:\/\/www.p31noticias.com.br\/wp-content\/uploads\/2020\/07\/reginaldosardinha.png","keywords":["CLDF","Jo\u00e3o Cardoso","Reginaldo Sardinha"],"articleSection":["Bras\u00edlia","Pol\u00edtica"],"inLanguage":"pt-BR","potentialAction":[{"@type":"CommentAction","name":"Comment","target":["https:\/\/www.p31noticias.com.br\/?p=22311#respond"]}],"copyrightYear":"2020","copyrightHolder":{"@id":"https:\/\/www.p31noticias.com.br\/#organization"}},{"@type":"WebPage","@id":"https:\/\/www.p31noticias.com.br\/?p=22311","url":"https:\/\/www.p31noticias.com.br\/?p=22311","name":"Distritais da base querem b\u00f4nus mas n\u00e3o o \u00f4nus - P31","isPartOf":{"@id":"https:\/\/www.p31noticias.com.br\/#website"},"primaryImageOfPage":{"@id":"https:\/\/www.p31noticias.com.br\/?p=22311#primaryimage"},"image":{"@id":"https:\/\/www.p31noticias.com.br\/?p=22311#primaryimage"},"thumbnailUrl":"https:\/\/www.p31noticias.com.br\/wp-content\/uploads\/2020\/07\/reginaldosardinha.png","datePublished":"2020-07-01T16:08:23+00:00","dateModified":"2020-07-01T17:30:00+00:00","author":{"@id":"https:\/\/www.p31noticias.com.br\/#\/schema\/person\/77d6b186c710ac38937c6ec204fdd387"},"description":"dois deputados distritais que tem cargos no GDF mas que inacreditavelmente votaram CONTRA o projeto do Executivo","breadcrumb":{"@id":"https:\/\/www.p31noticias.com.br\/?p=22311#breadcrumb"},"inLanguage":"pt-BR","potentialAction":[{"@type":"ReadAction","target":["https:\/\/www.p31noticias.com.br\/?p=22311"]}]},{"@type":"ImageObject","inLanguage":"pt-BR","@id":"https:\/\/www.p31noticias.com.br\/?p=22311#primaryimage","url":"https:\/\/www.p31noticias.com.br\/wp-content\/uploads\/2020\/07\/reginaldosardinha.png","contentUrl":"https:\/\/www.p31noticias.com.br\/wp-content\/uploads\/2020\/07\/reginaldosardinha.png","width":557,"height":309},{"@type":"BreadcrumbList","@id":"https:\/\/www.p31noticias.com.br\/?p=22311#breadcrumb","itemListElement":[{"@type":"ListItem","position":1,"name":"In\u00edcio","item":"https:\/\/www.p31noticias.com.br\/"},{"@type":"ListItem","position":2,"name":"Distritais da base querem b\u00f4nus mas n\u00e3o o \u00f4nus"}]},{"@type":"WebSite","@id":"https:\/\/www.p31noticias.com.br\/#website","url":"https:\/\/www.p31noticias.com.br\/","name":"P31","description":"NOT\u00cdCIAS","potentialAction":[{"@type":"SearchAction","target":{"@type":"EntryPoint","urlTemplate":"https:\/\/www.p31noticias.com.br\/?s={search_term_string}"},"query-input":{"@type":"PropertyValueSpecification","valueRequired":true,"valueName":"search_term_string"}}],"inLanguage":"pt-BR"},{"@type":"Person","@id":"https:\/\/www.p31noticias.com.br\/#\/schema\/person\/77d6b186c710ac38937c6ec204fdd387","name":"Reda\u00e7\u00e3o JBN","image":{"@type":"ImageObject","inLanguage":"pt-BR","@id":"https:\/\/secure.gravatar.com\/avatar\/10fcdb93211f98cce3d64c0795b0915a9a4a21dc0f279238995a3dbfafcad090?s=96&d=mm&r=g","url":"https:\/\/secure.gravatar.com\/avatar\/10fcdb93211f98cce3d64c0795b0915a9a4a21dc0f279238995a3dbfafcad090?s=96&d=mm&r=g","contentUrl":"https:\/\/secure.gravatar.com\/avatar\/10fcdb93211f98cce3d64c0795b0915a9a4a21dc0f279238995a3dbfafcad090?s=96&d=mm&r=g","caption":"Reda\u00e7\u00e3o JBN"},"sameAs":["https:\/\/p31noticias.com.br"],"url":"https:\/\/www.p31noticias.com.br\/?author=18"}]}},"amp_enabled":true,"_links":{"self":[{"href":"https:\/\/www.p31noticias.com.br\/index.php?rest_route=\/wp\/v2\/posts\/22311","targetHints":{"allow":["GET"]}}],"collection":[{"href":"https:\/\/www.p31noticias.com.br\/index.php?rest_route=\/wp\/v2\/posts"}],"about":[{"href":"https:\/\/www.p31noticias.com.br\/index.php?rest_route=\/wp\/v2\/types\/post"}],"author":[{"embeddable":true,"href":"https:\/\/www.p31noticias.com.br\/index.php?rest_route=\/wp\/v2\/users\/18"}],"replies":[{"embeddable":true,"href":"https:\/\/www.p31noticias.com.br\/index.php?rest_route=%2Fwp%2Fv2%2Fcomments&post=22311"}],"version-history":[{"count":1,"href":"https:\/\/www.p31noticias.com.br\/index.php?rest_route=\/wp\/v2\/posts\/22311\/revisions"}],"predecessor-version":[{"id":22321,"href":"https:\/\/www.p31noticias.com.br\/index.php?rest_route=\/wp\/v2\/posts\/22311\/revisions\/22321"}],"wp:featuredmedia":[{"embeddable":true,"href":"https:\/\/www.p31noticias.com.br\/index.php?rest_route=\/wp\/v2\/media\/22280"}],"wp:attachment":[{"href":"https:\/\/www.p31noticias.com.br\/index.php?rest_route=%2Fwp%2Fv2%2Fmedia&parent=22311"}],"wp:term":[{"taxonomy":"category","embeddable":true,"href":"https:\/\/www.p31noticias.com.br\/index.php?rest_route=%2Fwp%2Fv2%2Fcategories&post=22311"},{"taxonomy":"post_tag","embeddable":true,"href":"https:\/\/www.p31noticias.com.br\/index.php?rest_route=%2Fwp%2Fv2%2Ftags&post=22311"}],"curies":[{"name":"wp","href":"https:\/\/api.w.org\/{rel}","templated":true}]}}