{"id":22253,"date":"2020-06-16T15:49:56","date_gmt":"2020-06-16T18:49:56","guid":{"rendered":"https:\/\/jornaldoplanalto.com.br\/web\/?p=22249"},"modified":"2020-06-17T19:46:53","modified_gmt":"2020-06-17T19:46:53","slug":"feiras-do-sia-recebem-acao-de-desinfeccao-para-reabertura-nesta-quarta","status":"publish","type":"post","link":"https:\/\/www.p31noticias.com.br\/?p=22253","title":{"rendered":"Feiras do SIA recebem a\u00e7\u00e3o de desinfec\u00e7\u00e3o para reabertura nesta quarta"},"content":{"rendered":"<p><strong><em>O objetivo \u00e9 higienizar o local contra a Covid-19 para a reabertura das Feiras<\/em><\/strong><\/p>\n<p>Nesta ter\u00e7a-feira (16), a Feira dos Importados de Bras\u00edlia (FIB) e Feira da Cultura, Arte e Beleza do SIA (Fecab) receberam a sanitiza\u00e7\u00e3o promovida pela Vigil\u00e2ncia Ambiental, por meio do programa Sanear-DF. A a\u00e7\u00e3o higieniza espa\u00e7os p\u00fablicos contra a Covid-19. A equipe da Administra\u00e7\u00e3o Regional do Setor de Ind\u00fastria e Abastecimento (SIA) tamb\u00e9m auxiliou na limpeza do local. A reabertura das Feiras ser\u00e1 nesta quarta-feira (17), autorizada por meio do\u00a0Decreto 40.882\/2020.<\/p>\n<p>Agentes de sa\u00fade com m\u00e1quinas costais espalharam hipoclorito de s\u00f3dio, semelhante a \u00e1gua sanit\u00e1ria, em cadeiras, paredes, bancadas, janelas e portas. Ve\u00edculos com m\u00e1quinas de pulveriza\u00e7\u00e3o fizeram a sanitiza\u00e7\u00e3o nas Feiras.<\/p>\n<p>A administradora do SIA, Luana Machado, esteve hoje de manh\u00e3 acompanhando a limpeza das Feiras. \u201cA nossa preocupa\u00e7\u00e3o maior, agora, \u00e9 com a sa\u00fade dos trabalhadores e consumidores. Essa a\u00e7\u00e3o \u00e9 essencial para garantir a seguran\u00e7a da popula\u00e7\u00e3o. Estamos tomando todos os cuidado necess\u00e1rios\u201d, disse.<\/p>\n<p>Segundo o presidente da Cooperativa da Feira dos Importados (Cooperfim), Bebeto Soares, o local est\u00e1 tomando todos os cuidados para a reabertura amanh\u00e3. \u201cA expectativa \u00e9 receber 50% do p\u00fablico da Feira. Todas as bancas disponibilizar\u00e3o \u00e1lcool em gel para os clientes, o uso de m\u00e1scara ser\u00e1 obrigat\u00f3rio, temos um t\u00fanel de desinfec\u00e7\u00e3o e duas pessoas fazendo a medi\u00e7\u00e3o da temperatura na entrada\u201d, explicou.<\/p>\n<p>De acordo com o presidente da Fecab, Isaac de Oliveira, disse que a expectativa \u00e9 grande para a reabertura. &#8220;Estamos prontos para a volta das atividades, com todas as medidas de seguran\u00e7a. Agrade\u00e7o \u00e0 Administra\u00e7\u00e3o do SIA pelo suporte\u201d, afirmou.<\/p>\n<p>As a\u00e7\u00f5es fazem parte do programa Sanear-DF. Proposto pela Secretaria Executiva das Cidades (Secid) e pela Diretoria de Vigil\u00e2ncia Ambiental (Dival) em fun\u00e7\u00e3o do Decreto n\u00ba 40.550, de 23 de mar\u00e7o, a iniciativa disp\u00f5e sobre as medidas para enfrentamento da emerg\u00eancia de sa\u00fade p\u00fablica decorrentes do novo coronav\u00edrus.<\/p>\n<p>Participam desse projeto as administra\u00e7\u00f5es regionais do DF, as secretarias de Comunica\u00e7\u00e3o, Transporte e Mobilidade, Seguran\u00e7a P\u00fablica, Pol\u00edticas P\u00fablicas, Educa\u00e7\u00e3o, DF Legal, o Servi\u00e7o de Limpeza Urbana (SLU), o Departamento de Tr\u00e2nsito do DF (Detran-DF), o Departamento de Estradas de Rodagem do DF (DER\/DF) e a Companhia de Saneamento Ambiental do DF (Caesb).<\/p>\n","protected":false},"excerpt":{"rendered":"<p>O objetivo \u00e9 higienizar o local contra a Covid-19 para a reabertura das Feiras Nesta ter\u00e7a-feira (16), a Feira dos Importados de Bras\u00edlia (FIB) e Feira da Cultura, Arte e Beleza do SIA (Fecab) receberam a sanitiza\u00e7\u00e3o promovida pela Vigil\u00e2ncia Ambiental, por meio do programa Sanear-DF. A a\u00e7\u00e3o higieniza espa\u00e7os p\u00fablicos contra a Covid-19. A [&hellip;]<\/p>\n","protected":false},"author":18,"featured_media":22278,"comment_status":"open","ping_status":"open","sticky":false,"template":"","format":"standard","meta":{"footnotes":""},"categories":[1],"tags":[],"class_list":{"0":"post-22253","1":"post","2":"type-post","3":"status-publish","4":"format-standard","5":"has-post-thumbnail","7":"category-outros"},"yoast_head":"<!-- This site is optimized with the Yoast SEO Premium plugin v24.5 (Yoast SEO v27.5) - https:\/\/yoast.com\/product\/yoast-seo-premium-wordpress\/ -->\n<title>Feiras do SIA recebem a\u00e7\u00e3o de desinfec\u00e7\u00e3o para reabertura nesta quarta - P31<\/title>\n<meta name=\"robots\" content=\"index, follow, max-snippet:-1, max-image-preview:large, max-video-preview:-1\" \/>\n<link rel=\"canonical\" href=\"https:\/\/www.p31noticias.com.br\/?p=22253\" \/>\n<meta property=\"og:locale\" content=\"pt_BR\" \/>\n<meta property=\"og:type\" content=\"article\" \/>\n<meta property=\"og:title\" content=\"Feiras do SIA recebem a\u00e7\u00e3o de desinfec\u00e7\u00e3o para reabertura nesta quarta\" \/>\n<meta property=\"og:description\" content=\"O objetivo \u00e9 higienizar o local contra a Covid-19 para a reabertura das Feiras Nesta ter\u00e7a-feira (16), a Feira dos Importados de Bras\u00edlia (FIB) e Feira da Cultura, Arte e Beleza do SIA (Fecab) receberam a sanitiza\u00e7\u00e3o promovida pela Vigil\u00e2ncia Ambiental, por meio do programa Sanear-DF. A a\u00e7\u00e3o higieniza espa\u00e7os p\u00fablicos contra a Covid-19. A [&hellip;]\" \/>\n<meta property=\"og:url\" content=\"https:\/\/www.p31noticias.com.br\/?p=22253\" \/>\n<meta property=\"og:site_name\" content=\"P31\" \/>\n<meta property=\"article:published_time\" content=\"2020-06-16T18:49:56+00:00\" \/>\n<meta property=\"article:modified_time\" content=\"2020-06-17T19:46:53+00:00\" \/>\n<meta property=\"og:image\" content=\"https:\/\/www.p31noticias.com.br\/wp-content\/uploads\/2020\/06\/Administra\u00e7\u00e3o-SIA.jpeg\" \/>\n\t<meta property=\"og:image:width\" content=\"1032\" \/>\n\t<meta property=\"og:image:height\" content=\"774\" \/>\n\t<meta property=\"og:image:type\" content=\"image\/jpeg\" \/>\n<meta name=\"author\" content=\"Reda\u00e7\u00e3o JBN\" \/>\n<meta name=\"twitter:card\" content=\"summary_large_image\" \/>\n<meta name=\"twitter:label1\" content=\"Escrito por\" \/>\n\t<meta name=\"twitter:data1\" content=\"Reda\u00e7\u00e3o JBN\" \/>\n\t<meta name=\"twitter:label2\" content=\"Est. tempo de leitura\" \/>\n\t<meta name=\"twitter:data2\" content=\"2 minutos\" \/>\n<script type=\"application\/ld+json\" class=\"yoast-schema-graph\">{\"@context\":\"https:\\\/\\\/schema.org\",\"@graph\":[{\"@type\":\"Article\",\"@id\":\"https:\\\/\\\/www.p31noticias.com.br\\\/?p=22253#article\",\"isPartOf\":{\"@id\":\"https:\\\/\\\/www.p31noticias.com.br\\\/?p=22253\"},\"author\":{\"name\":\"Reda\u00e7\u00e3o JBN\",\"@id\":\"https:\\\/\\\/www.p31noticias.com.br\\\/#\\\/schema\\\/person\\\/77d6b186c710ac38937c6ec204fdd387\"},\"headline\":\"Feiras do SIA recebem a\u00e7\u00e3o de desinfec\u00e7\u00e3o para reabertura nesta quarta\",\"datePublished\":\"2020-06-16T18:49:56+00:00\",\"dateModified\":\"2020-06-17T19:46:53+00:00\",\"mainEntityOfPage\":{\"@id\":\"https:\\\/\\\/www.p31noticias.com.br\\\/?p=22253\"},\"wordCount\":421,\"commentCount\":0,\"image\":{\"@id\":\"https:\\\/\\\/www.p31noticias.com.br\\\/?p=22253#primaryimage\"},\"thumbnailUrl\":\"https:\\\/\\\/www.p31noticias.com.br\\\/wp-content\\\/uploads\\\/2020\\\/06\\\/Administra\u00e7\u00e3o-SIA.jpeg\",\"articleSection\":[\"Outros\"],\"inLanguage\":\"pt-BR\",\"potentialAction\":[{\"@type\":\"CommentAction\",\"name\":\"Comment\",\"target\":[\"https:\\\/\\\/www.p31noticias.com.br\\\/?p=22253#respond\"]}],\"copyrightYear\":\"2020\",\"copyrightHolder\":{\"@id\":\"https:\\\/\\\/www.p31noticias.com.br\\\/#organization\"}},{\"@type\":\"WebPage\",\"@id\":\"https:\\\/\\\/www.p31noticias.com.br\\\/?p=22253\",\"url\":\"https:\\\/\\\/www.p31noticias.com.br\\\/?p=22253\",\"name\":\"Feiras do SIA recebem a\u00e7\u00e3o de desinfec\u00e7\u00e3o para reabertura nesta quarta - P31\",\"isPartOf\":{\"@id\":\"https:\\\/\\\/www.p31noticias.com.br\\\/#website\"},\"primaryImageOfPage\":{\"@id\":\"https:\\\/\\\/www.p31noticias.com.br\\\/?p=22253#primaryimage\"},\"image\":{\"@id\":\"https:\\\/\\\/www.p31noticias.com.br\\\/?p=22253#primaryimage\"},\"thumbnailUrl\":\"https:\\\/\\\/www.p31noticias.com.br\\\/wp-content\\\/uploads\\\/2020\\\/06\\\/Administra\u00e7\u00e3o-SIA.jpeg\",\"datePublished\":\"2020-06-16T18:49:56+00:00\",\"dateModified\":\"2020-06-17T19:46:53+00:00\",\"author\":{\"@id\":\"https:\\\/\\\/www.p31noticias.com.br\\\/#\\\/schema\\\/person\\\/77d6b186c710ac38937c6ec204fdd387\"},\"breadcrumb\":{\"@id\":\"https:\\\/\\\/www.p31noticias.com.br\\\/?p=22253#breadcrumb\"},\"inLanguage\":\"pt-BR\",\"potentialAction\":[{\"@type\":\"ReadAction\",\"target\":[\"https:\\\/\\\/www.p31noticias.com.br\\\/?p=22253\"]}]},{\"@type\":\"ImageObject\",\"inLanguage\":\"pt-BR\",\"@id\":\"https:\\\/\\\/www.p31noticias.com.br\\\/?p=22253#primaryimage\",\"url\":\"https:\\\/\\\/www.p31noticias.com.br\\\/wp-content\\\/uploads\\\/2020\\\/06\\\/Administra\u00e7\u00e3o-SIA.jpeg\",\"contentUrl\":\"https:\\\/\\\/www.p31noticias.com.br\\\/wp-content\\\/uploads\\\/2020\\\/06\\\/Administra\u00e7\u00e3o-SIA.jpeg\",\"width\":1032,\"height\":774},{\"@type\":\"BreadcrumbList\",\"@id\":\"https:\\\/\\\/www.p31noticias.com.br\\\/?p=22253#breadcrumb\",\"itemListElement\":[{\"@type\":\"ListItem\",\"position\":1,\"name\":\"In\u00edcio\",\"item\":\"https:\\\/\\\/www.p31noticias.com.br\\\/\"},{\"@type\":\"ListItem\",\"position\":2,\"name\":\"Feiras do SIA recebem a\u00e7\u00e3o de desinfec\u00e7\u00e3o para reabertura nesta quarta\"}]},{\"@type\":\"WebSite\",\"@id\":\"https:\\\/\\\/www.p31noticias.com.br\\\/#website\",\"url\":\"https:\\\/\\\/www.p31noticias.com.br\\\/\",\"name\":\"P31\",\"description\":\"NOT\u00cdCIAS\",\"potentialAction\":[{\"@type\":\"SearchAction\",\"target\":{\"@type\":\"EntryPoint\",\"urlTemplate\":\"https:\\\/\\\/www.p31noticias.com.br\\\/?s={search_term_string}\"},\"query-input\":{\"@type\":\"PropertyValueSpecification\",\"valueRequired\":true,\"valueName\":\"search_term_string\"}}],\"inLanguage\":\"pt-BR\"},{\"@type\":\"Person\",\"@id\":\"https:\\\/\\\/www.p31noticias.com.br\\\/#\\\/schema\\\/person\\\/77d6b186c710ac38937c6ec204fdd387\",\"name\":\"Reda\u00e7\u00e3o JBN\",\"image\":{\"@type\":\"ImageObject\",\"inLanguage\":\"pt-BR\",\"@id\":\"https:\\\/\\\/secure.gravatar.com\\\/avatar\\\/10fcdb93211f98cce3d64c0795b0915a9a4a21dc0f279238995a3dbfafcad090?s=96&d=mm&r=g\",\"url\":\"https:\\\/\\\/secure.gravatar.com\\\/avatar\\\/10fcdb93211f98cce3d64c0795b0915a9a4a21dc0f279238995a3dbfafcad090?s=96&d=mm&r=g\",\"contentUrl\":\"https:\\\/\\\/secure.gravatar.com\\\/avatar\\\/10fcdb93211f98cce3d64c0795b0915a9a4a21dc0f279238995a3dbfafcad090?s=96&d=mm&r=g\",\"caption\":\"Reda\u00e7\u00e3o JBN\"},\"sameAs\":[\"https:\\\/\\\/p31noticias.com.br\"],\"url\":\"https:\\\/\\\/www.p31noticias.com.br\\\/?author=18\"}]}<\/script>\n<!-- \/ Yoast SEO Premium plugin. -->","yoast_head_json":{"title":"Feiras do SIA recebem a\u00e7\u00e3o de desinfec\u00e7\u00e3o para reabertura nesta quarta - P31","robots":{"index":"index","follow":"follow","max-snippet":"max-snippet:-1","max-image-preview":"max-image-preview:large","max-video-preview":"max-video-preview:-1"},"canonical":"https:\/\/www.p31noticias.com.br\/?p=22253","og_locale":"pt_BR","og_type":"article","og_title":"Feiras do SIA recebem a\u00e7\u00e3o de desinfec\u00e7\u00e3o para reabertura nesta quarta","og_description":"O objetivo \u00e9 higienizar o local contra a Covid-19 para a reabertura das Feiras Nesta ter\u00e7a-feira (16), a Feira dos Importados de Bras\u00edlia (FIB) e Feira da Cultura, Arte e Beleza do SIA (Fecab) receberam a sanitiza\u00e7\u00e3o promovida pela Vigil\u00e2ncia Ambiental, por meio do programa Sanear-DF. A a\u00e7\u00e3o higieniza espa\u00e7os p\u00fablicos contra a Covid-19. A [&hellip;]","og_url":"https:\/\/www.p31noticias.com.br\/?p=22253","og_site_name":"P31","article_published_time":"2020-06-16T18:49:56+00:00","article_modified_time":"2020-06-17T19:46:53+00:00","og_image":[{"width":1032,"height":774,"url":"https:\/\/www.p31noticias.com.br\/wp-content\/uploads\/2020\/06\/Administra\u00e7\u00e3o-SIA.jpeg","type":"image\/jpeg"}],"author":"Reda\u00e7\u00e3o JBN","twitter_card":"summary_large_image","twitter_misc":{"Escrito por":"Reda\u00e7\u00e3o JBN","Est. tempo de leitura":"2 minutos"},"schema":{"@context":"https:\/\/schema.org","@graph":[{"@type":"Article","@id":"https:\/\/www.p31noticias.com.br\/?p=22253#article","isPartOf":{"@id":"https:\/\/www.p31noticias.com.br\/?p=22253"},"author":{"name":"Reda\u00e7\u00e3o JBN","@id":"https:\/\/www.p31noticias.com.br\/#\/schema\/person\/77d6b186c710ac38937c6ec204fdd387"},"headline":"Feiras do SIA recebem a\u00e7\u00e3o de desinfec\u00e7\u00e3o para reabertura nesta quarta","datePublished":"2020-06-16T18:49:56+00:00","dateModified":"2020-06-17T19:46:53+00:00","mainEntityOfPage":{"@id":"https:\/\/www.p31noticias.com.br\/?p=22253"},"wordCount":421,"commentCount":0,"image":{"@id":"https:\/\/www.p31noticias.com.br\/?p=22253#primaryimage"},"thumbnailUrl":"https:\/\/www.p31noticias.com.br\/wp-content\/uploads\/2020\/06\/Administra\u00e7\u00e3o-SIA.jpeg","articleSection":["Outros"],"inLanguage":"pt-BR","potentialAction":[{"@type":"CommentAction","name":"Comment","target":["https:\/\/www.p31noticias.com.br\/?p=22253#respond"]}],"copyrightYear":"2020","copyrightHolder":{"@id":"https:\/\/www.p31noticias.com.br\/#organization"}},{"@type":"WebPage","@id":"https:\/\/www.p31noticias.com.br\/?p=22253","url":"https:\/\/www.p31noticias.com.br\/?p=22253","name":"Feiras do SIA recebem a\u00e7\u00e3o de desinfec\u00e7\u00e3o para reabertura nesta quarta - P31","isPartOf":{"@id":"https:\/\/www.p31noticias.com.br\/#website"},"primaryImageOfPage":{"@id":"https:\/\/www.p31noticias.com.br\/?p=22253#primaryimage"},"image":{"@id":"https:\/\/www.p31noticias.com.br\/?p=22253#primaryimage"},"thumbnailUrl":"https:\/\/www.p31noticias.com.br\/wp-content\/uploads\/2020\/06\/Administra\u00e7\u00e3o-SIA.jpeg","datePublished":"2020-06-16T18:49:56+00:00","dateModified":"2020-06-17T19:46:53+00:00","author":{"@id":"https:\/\/www.p31noticias.com.br\/#\/schema\/person\/77d6b186c710ac38937c6ec204fdd387"},"breadcrumb":{"@id":"https:\/\/www.p31noticias.com.br\/?p=22253#breadcrumb"},"inLanguage":"pt-BR","potentialAction":[{"@type":"ReadAction","target":["https:\/\/www.p31noticias.com.br\/?p=22253"]}]},{"@type":"ImageObject","inLanguage":"pt-BR","@id":"https:\/\/www.p31noticias.com.br\/?p=22253#primaryimage","url":"https:\/\/www.p31noticias.com.br\/wp-content\/uploads\/2020\/06\/Administra\u00e7\u00e3o-SIA.jpeg","contentUrl":"https:\/\/www.p31noticias.com.br\/wp-content\/uploads\/2020\/06\/Administra\u00e7\u00e3o-SIA.jpeg","width":1032,"height":774},{"@type":"BreadcrumbList","@id":"https:\/\/www.p31noticias.com.br\/?p=22253#breadcrumb","itemListElement":[{"@type":"ListItem","position":1,"name":"In\u00edcio","item":"https:\/\/www.p31noticias.com.br\/"},{"@type":"ListItem","position":2,"name":"Feiras do SIA recebem a\u00e7\u00e3o de desinfec\u00e7\u00e3o para reabertura nesta quarta"}]},{"@type":"WebSite","@id":"https:\/\/www.p31noticias.com.br\/#website","url":"https:\/\/www.p31noticias.com.br\/","name":"P31","description":"NOT\u00cdCIAS","potentialAction":[{"@type":"SearchAction","target":{"@type":"EntryPoint","urlTemplate":"https:\/\/www.p31noticias.com.br\/?s={search_term_string}"},"query-input":{"@type":"PropertyValueSpecification","valueRequired":true,"valueName":"search_term_string"}}],"inLanguage":"pt-BR"},{"@type":"Person","@id":"https:\/\/www.p31noticias.com.br\/#\/schema\/person\/77d6b186c710ac38937c6ec204fdd387","name":"Reda\u00e7\u00e3o JBN","image":{"@type":"ImageObject","inLanguage":"pt-BR","@id":"https:\/\/secure.gravatar.com\/avatar\/10fcdb93211f98cce3d64c0795b0915a9a4a21dc0f279238995a3dbfafcad090?s=96&d=mm&r=g","url":"https:\/\/secure.gravatar.com\/avatar\/10fcdb93211f98cce3d64c0795b0915a9a4a21dc0f279238995a3dbfafcad090?s=96&d=mm&r=g","contentUrl":"https:\/\/secure.gravatar.com\/avatar\/10fcdb93211f98cce3d64c0795b0915a9a4a21dc0f279238995a3dbfafcad090?s=96&d=mm&r=g","caption":"Reda\u00e7\u00e3o JBN"},"sameAs":["https:\/\/p31noticias.com.br"],"url":"https:\/\/www.p31noticias.com.br\/?author=18"}]}},"amp_enabled":true,"_links":{"self":[{"href":"https:\/\/www.p31noticias.com.br\/index.php?rest_route=\/wp\/v2\/posts\/22253","targetHints":{"allow":["GET"]}}],"collection":[{"href":"https:\/\/www.p31noticias.com.br\/index.php?rest_route=\/wp\/v2\/posts"}],"about":[{"href":"https:\/\/www.p31noticias.com.br\/index.php?rest_route=\/wp\/v2\/types\/post"}],"author":[{"embeddable":true,"href":"https:\/\/www.p31noticias.com.br\/index.php?rest_route=\/wp\/v2\/users\/18"}],"replies":[{"embeddable":true,"href":"https:\/\/www.p31noticias.com.br\/index.php?rest_route=%2Fwp%2Fv2%2Fcomments&post=22253"}],"version-history":[{"count":1,"href":"https:\/\/www.p31noticias.com.br\/index.php?rest_route=\/wp\/v2\/posts\/22253\/revisions"}],"predecessor-version":[{"id":22283,"href":"https:\/\/www.p31noticias.com.br\/index.php?rest_route=\/wp\/v2\/posts\/22253\/revisions\/22283"}],"wp:featuredmedia":[{"embeddable":true,"href":"https:\/\/www.p31noticias.com.br\/index.php?rest_route=\/wp\/v2\/media\/22278"}],"wp:attachment":[{"href":"https:\/\/www.p31noticias.com.br\/index.php?rest_route=%2Fwp%2Fv2%2Fmedia&parent=22253"}],"wp:term":[{"taxonomy":"category","embeddable":true,"href":"https:\/\/www.p31noticias.com.br\/index.php?rest_route=%2Fwp%2Fv2%2Fcategories&post=22253"},{"taxonomy":"post_tag","embeddable":true,"href":"https:\/\/www.p31noticias.com.br\/index.php?rest_route=%2Fwp%2Fv2%2Ftags&post=22253"}],"curies":[{"name":"wp","href":"https:\/\/api.w.org\/{rel}","templated":true}]}}