{"id":22250,"date":"2020-06-15T11:15:13","date_gmt":"2020-06-15T14:15:13","guid":{"rendered":"https:\/\/jornaldoplanalto.com.br\/web\/?p=22237"},"modified":"2020-06-15T11:15:13","modified_gmt":"2020-06-15T14:15:13","slug":"mais-feiras-voltam-a-funcionar-no-distrito-federal","status":"publish","type":"post","link":"https:\/\/www.p31noticias.com.br\/?p=22250","title":{"rendered":"Mais feiras voltam a funcionar no Distrito Federal"},"content":{"rendered":"<header class=\"single__topo \">\n<div class=\"single__topo--titulo\">\n<div class=\"single__topo--titulo--sutia\">\n<p><strong><em>Feiras Permanentes, Feiras Livres, Feiras Populares e afins est\u00e3o permitidas para funcionar no Distrito Federal a partir de 17 de junho, das 9h \u00e0s 17h<\/em><\/strong><\/p>\n<\/div>\n<\/div>\n<\/header>\n<div class=\"single__conteudo noticia\">\n<p>Feiras Permanentes, Feiras Livres, Feiras Populares e afins est\u00e3o permitidas para funcionar no Distrito Federal a partir de quarta-feira (17), das 9h \u00e0s 17h. A retomada destas atividades foi autorizada por meio de Decreto N\u00ba 40.882\/2020, publicado em edi\u00e7\u00e3o extra do Di\u00e1rio Oficial neste domingo (14).<\/p>\n<p>O funcionamento das pra\u00e7as de alimenta\u00e7\u00e3o e qualquer tipo de consumo nestes locais permanece proibido. Estandes que n\u00e3o s\u00e3o de g\u00eaneros aliment\u00edcios est\u00e3o liberados para funcionar.<\/p>\n<p>Ao longo das \u00faltimas semanas, o Governo do Distrito Federal (GDF) tem feito a reabertura gradual do com\u00e9rcio. A libera\u00e7\u00e3o das atividades obedece normas t\u00e9cnicas e de sa\u00fade, respeitando a seguran\u00e7a da popula\u00e7\u00e3o e os n\u00fameros do novo coronav\u00edrus no Distrito Federal.<\/p>\n<p>A fiscaliza\u00e7\u00e3o das Feiras Populares, Permanentes, Livres e afins ser\u00e1 feita por \u00f3rg\u00e3os oficiais do GDF e tamb\u00e9m por associa\u00e7\u00f5es legalmente constitu\u00eddas, que devem comunicar \u00e0s autoridades locais eventuais casos de irregularidades e descumprimentos.<\/p>\n<p>(Ian Ferraz, da Ag\u00eancia Bras\u00edlia)<\/p>\n<\/div>\n","protected":false},"excerpt":{"rendered":"<p>Feiras Permanentes, Feiras Livres, Feiras Populares e afins est\u00e3o permitidas para funcionar no Distrito Federal a partir de 17 de junho, das 9h \u00e0s 17h Feiras Permanentes, Feiras Livres, Feiras Populares e afins est\u00e3o permitidas para funcionar no Distrito Federal a partir de quarta-feira (17), das 9h \u00e0s 17h. A retomada destas atividades foi autorizada [&hellip;]<\/p>\n","protected":false},"author":18,"featured_media":22238,"comment_status":"open","ping_status":"open","sticky":false,"template":"","format":"standard","meta":{"footnotes":""},"categories":[1],"tags":[],"class_list":{"0":"post-22250","1":"post","2":"type-post","3":"status-publish","4":"format-standard","5":"has-post-thumbnail","7":"category-outros"},"yoast_head":"<!-- This site is optimized with the Yoast SEO Premium plugin v24.5 (Yoast SEO v27.5) - https:\/\/yoast.com\/product\/yoast-seo-premium-wordpress\/ -->\n<title>Mais feiras voltam a funcionar no Distrito Federal - P31<\/title>\n<meta name=\"robots\" content=\"index, follow, max-snippet:-1, max-image-preview:large, max-video-preview:-1\" \/>\n<link rel=\"canonical\" href=\"https:\/\/www.p31noticias.com.br\/?p=22250\" \/>\n<meta property=\"og:locale\" content=\"pt_BR\" \/>\n<meta property=\"og:type\" content=\"article\" \/>\n<meta property=\"og:title\" content=\"Mais feiras voltam a funcionar no Distrito Federal\" \/>\n<meta property=\"og:description\" content=\"Feiras Permanentes, Feiras Livres, Feiras Populares e afins est\u00e3o permitidas para funcionar no Distrito Federal a partir de 17 de junho, das 9h \u00e0s 17h Feiras Permanentes, Feiras Livres, Feiras Populares e afins est\u00e3o permitidas para funcionar no Distrito Federal a partir de quarta-feira (17), das 9h \u00e0s 17h. A retomada destas atividades foi autorizada [&hellip;]\" \/>\n<meta property=\"og:url\" content=\"https:\/\/www.p31noticias.com.br\/?p=22250\" \/>\n<meta property=\"og:site_name\" content=\"P31\" \/>\n<meta property=\"article:published_time\" content=\"2020-06-15T14:15:13+00:00\" \/>\n<meta name=\"author\" content=\"Reda\u00e7\u00e3o JBN\" \/>\n<meta name=\"twitter:card\" content=\"summary_large_image\" \/>\n<meta name=\"twitter:label1\" content=\"Escrito por\" \/>\n\t<meta name=\"twitter:data1\" content=\"Reda\u00e7\u00e3o JBN\" \/>\n\t<meta name=\"twitter:label2\" content=\"Est. tempo de leitura\" \/>\n\t<meta name=\"twitter:data2\" content=\"1 minuto\" \/>\n<script type=\"application\/ld+json\" class=\"yoast-schema-graph\">{\"@context\":\"https:\\\/\\\/schema.org\",\"@graph\":[{\"@type\":\"Article\",\"@id\":\"https:\\\/\\\/www.p31noticias.com.br\\\/?p=22250#article\",\"isPartOf\":{\"@id\":\"https:\\\/\\\/www.p31noticias.com.br\\\/?p=22250\"},\"author\":{\"name\":\"Reda\u00e7\u00e3o JBN\",\"@id\":\"https:\\\/\\\/www.p31noticias.com.br\\\/#\\\/schema\\\/person\\\/77d6b186c710ac38937c6ec204fdd387\"},\"headline\":\"Mais feiras voltam a funcionar no Distrito Federal\",\"datePublished\":\"2020-06-15T14:15:13+00:00\",\"mainEntityOfPage\":{\"@id\":\"https:\\\/\\\/www.p31noticias.com.br\\\/?p=22250\"},\"wordCount\":208,\"commentCount\":0,\"image\":{\"@id\":\"https:\\\/\\\/www.p31noticias.com.br\\\/?p=22250#primaryimage\"},\"thumbnailUrl\":\"\",\"articleSection\":[\"Outros\"],\"inLanguage\":\"pt-BR\",\"potentialAction\":[{\"@type\":\"CommentAction\",\"name\":\"Comment\",\"target\":[\"https:\\\/\\\/www.p31noticias.com.br\\\/?p=22250#respond\"]}],\"copyrightYear\":\"2020\",\"copyrightHolder\":{\"@id\":\"https:\\\/\\\/www.p31noticias.com.br\\\/#organization\"}},{\"@type\":\"WebPage\",\"@id\":\"https:\\\/\\\/www.p31noticias.com.br\\\/?p=22250\",\"url\":\"https:\\\/\\\/www.p31noticias.com.br\\\/?p=22250\",\"name\":\"Mais feiras voltam a funcionar no Distrito Federal - P31\",\"isPartOf\":{\"@id\":\"https:\\\/\\\/www.p31noticias.com.br\\\/#website\"},\"primaryImageOfPage\":{\"@id\":\"https:\\\/\\\/www.p31noticias.com.br\\\/?p=22250#primaryimage\"},\"image\":{\"@id\":\"https:\\\/\\\/www.p31noticias.com.br\\\/?p=22250#primaryimage\"},\"thumbnailUrl\":\"\",\"datePublished\":\"2020-06-15T14:15:13+00:00\",\"author\":{\"@id\":\"https:\\\/\\\/www.p31noticias.com.br\\\/#\\\/schema\\\/person\\\/77d6b186c710ac38937c6ec204fdd387\"},\"breadcrumb\":{\"@id\":\"https:\\\/\\\/www.p31noticias.com.br\\\/?p=22250#breadcrumb\"},\"inLanguage\":\"pt-BR\",\"potentialAction\":[{\"@type\":\"ReadAction\",\"target\":[\"https:\\\/\\\/www.p31noticias.com.br\\\/?p=22250\"]}]},{\"@type\":\"ImageObject\",\"inLanguage\":\"pt-BR\",\"@id\":\"https:\\\/\\\/www.p31noticias.com.br\\\/?p=22250#primaryimage\",\"url\":\"\",\"contentUrl\":\"\"},{\"@type\":\"BreadcrumbList\",\"@id\":\"https:\\\/\\\/www.p31noticias.com.br\\\/?p=22250#breadcrumb\",\"itemListElement\":[{\"@type\":\"ListItem\",\"position\":1,\"name\":\"In\u00edcio\",\"item\":\"https:\\\/\\\/www.p31noticias.com.br\\\/\"},{\"@type\":\"ListItem\",\"position\":2,\"name\":\"Mais feiras voltam a funcionar no Distrito Federal\"}]},{\"@type\":\"WebSite\",\"@id\":\"https:\\\/\\\/www.p31noticias.com.br\\\/#website\",\"url\":\"https:\\\/\\\/www.p31noticias.com.br\\\/\",\"name\":\"P31\",\"description\":\"NOT\u00cdCIAS\",\"potentialAction\":[{\"@type\":\"SearchAction\",\"target\":{\"@type\":\"EntryPoint\",\"urlTemplate\":\"https:\\\/\\\/www.p31noticias.com.br\\\/?s={search_term_string}\"},\"query-input\":{\"@type\":\"PropertyValueSpecification\",\"valueRequired\":true,\"valueName\":\"search_term_string\"}}],\"inLanguage\":\"pt-BR\"},{\"@type\":\"Person\",\"@id\":\"https:\\\/\\\/www.p31noticias.com.br\\\/#\\\/schema\\\/person\\\/77d6b186c710ac38937c6ec204fdd387\",\"name\":\"Reda\u00e7\u00e3o JBN\",\"image\":{\"@type\":\"ImageObject\",\"inLanguage\":\"pt-BR\",\"@id\":\"https:\\\/\\\/secure.gravatar.com\\\/avatar\\\/10fcdb93211f98cce3d64c0795b0915a9a4a21dc0f279238995a3dbfafcad090?s=96&d=mm&r=g\",\"url\":\"https:\\\/\\\/secure.gravatar.com\\\/avatar\\\/10fcdb93211f98cce3d64c0795b0915a9a4a21dc0f279238995a3dbfafcad090?s=96&d=mm&r=g\",\"contentUrl\":\"https:\\\/\\\/secure.gravatar.com\\\/avatar\\\/10fcdb93211f98cce3d64c0795b0915a9a4a21dc0f279238995a3dbfafcad090?s=96&d=mm&r=g\",\"caption\":\"Reda\u00e7\u00e3o JBN\"},\"sameAs\":[\"https:\\\/\\\/p31noticias.com.br\"],\"url\":\"https:\\\/\\\/www.p31noticias.com.br\\\/?author=18\"}]}<\/script>\n<!-- \/ Yoast SEO Premium plugin. -->","yoast_head_json":{"title":"Mais feiras voltam a funcionar no Distrito Federal - P31","robots":{"index":"index","follow":"follow","max-snippet":"max-snippet:-1","max-image-preview":"max-image-preview:large","max-video-preview":"max-video-preview:-1"},"canonical":"https:\/\/www.p31noticias.com.br\/?p=22250","og_locale":"pt_BR","og_type":"article","og_title":"Mais feiras voltam a funcionar no Distrito Federal","og_description":"Feiras Permanentes, Feiras Livres, Feiras Populares e afins est\u00e3o permitidas para funcionar no Distrito Federal a partir de 17 de junho, das 9h \u00e0s 17h Feiras Permanentes, Feiras Livres, Feiras Populares e afins est\u00e3o permitidas para funcionar no Distrito Federal a partir de quarta-feira (17), das 9h \u00e0s 17h. A retomada destas atividades foi autorizada [&hellip;]","og_url":"https:\/\/www.p31noticias.com.br\/?p=22250","og_site_name":"P31","article_published_time":"2020-06-15T14:15:13+00:00","author":"Reda\u00e7\u00e3o JBN","twitter_card":"summary_large_image","twitter_misc":{"Escrito por":"Reda\u00e7\u00e3o JBN","Est. tempo de leitura":"1 minuto"},"schema":{"@context":"https:\/\/schema.org","@graph":[{"@type":"Article","@id":"https:\/\/www.p31noticias.com.br\/?p=22250#article","isPartOf":{"@id":"https:\/\/www.p31noticias.com.br\/?p=22250"},"author":{"name":"Reda\u00e7\u00e3o JBN","@id":"https:\/\/www.p31noticias.com.br\/#\/schema\/person\/77d6b186c710ac38937c6ec204fdd387"},"headline":"Mais feiras voltam a funcionar no Distrito Federal","datePublished":"2020-06-15T14:15:13+00:00","mainEntityOfPage":{"@id":"https:\/\/www.p31noticias.com.br\/?p=22250"},"wordCount":208,"commentCount":0,"image":{"@id":"https:\/\/www.p31noticias.com.br\/?p=22250#primaryimage"},"thumbnailUrl":"","articleSection":["Outros"],"inLanguage":"pt-BR","potentialAction":[{"@type":"CommentAction","name":"Comment","target":["https:\/\/www.p31noticias.com.br\/?p=22250#respond"]}],"copyrightYear":"2020","copyrightHolder":{"@id":"https:\/\/www.p31noticias.com.br\/#organization"}},{"@type":"WebPage","@id":"https:\/\/www.p31noticias.com.br\/?p=22250","url":"https:\/\/www.p31noticias.com.br\/?p=22250","name":"Mais feiras voltam a funcionar no Distrito Federal - P31","isPartOf":{"@id":"https:\/\/www.p31noticias.com.br\/#website"},"primaryImageOfPage":{"@id":"https:\/\/www.p31noticias.com.br\/?p=22250#primaryimage"},"image":{"@id":"https:\/\/www.p31noticias.com.br\/?p=22250#primaryimage"},"thumbnailUrl":"","datePublished":"2020-06-15T14:15:13+00:00","author":{"@id":"https:\/\/www.p31noticias.com.br\/#\/schema\/person\/77d6b186c710ac38937c6ec204fdd387"},"breadcrumb":{"@id":"https:\/\/www.p31noticias.com.br\/?p=22250#breadcrumb"},"inLanguage":"pt-BR","potentialAction":[{"@type":"ReadAction","target":["https:\/\/www.p31noticias.com.br\/?p=22250"]}]},{"@type":"ImageObject","inLanguage":"pt-BR","@id":"https:\/\/www.p31noticias.com.br\/?p=22250#primaryimage","url":"","contentUrl":""},{"@type":"BreadcrumbList","@id":"https:\/\/www.p31noticias.com.br\/?p=22250#breadcrumb","itemListElement":[{"@type":"ListItem","position":1,"name":"In\u00edcio","item":"https:\/\/www.p31noticias.com.br\/"},{"@type":"ListItem","position":2,"name":"Mais feiras voltam a funcionar no Distrito Federal"}]},{"@type":"WebSite","@id":"https:\/\/www.p31noticias.com.br\/#website","url":"https:\/\/www.p31noticias.com.br\/","name":"P31","description":"NOT\u00cdCIAS","potentialAction":[{"@type":"SearchAction","target":{"@type":"EntryPoint","urlTemplate":"https:\/\/www.p31noticias.com.br\/?s={search_term_string}"},"query-input":{"@type":"PropertyValueSpecification","valueRequired":true,"valueName":"search_term_string"}}],"inLanguage":"pt-BR"},{"@type":"Person","@id":"https:\/\/www.p31noticias.com.br\/#\/schema\/person\/77d6b186c710ac38937c6ec204fdd387","name":"Reda\u00e7\u00e3o JBN","image":{"@type":"ImageObject","inLanguage":"pt-BR","@id":"https:\/\/secure.gravatar.com\/avatar\/10fcdb93211f98cce3d64c0795b0915a9a4a21dc0f279238995a3dbfafcad090?s=96&d=mm&r=g","url":"https:\/\/secure.gravatar.com\/avatar\/10fcdb93211f98cce3d64c0795b0915a9a4a21dc0f279238995a3dbfafcad090?s=96&d=mm&r=g","contentUrl":"https:\/\/secure.gravatar.com\/avatar\/10fcdb93211f98cce3d64c0795b0915a9a4a21dc0f279238995a3dbfafcad090?s=96&d=mm&r=g","caption":"Reda\u00e7\u00e3o JBN"},"sameAs":["https:\/\/p31noticias.com.br"],"url":"https:\/\/www.p31noticias.com.br\/?author=18"}]}},"amp_enabled":true,"_links":{"self":[{"href":"https:\/\/www.p31noticias.com.br\/index.php?rest_route=\/wp\/v2\/posts\/22250","targetHints":{"allow":["GET"]}}],"collection":[{"href":"https:\/\/www.p31noticias.com.br\/index.php?rest_route=\/wp\/v2\/posts"}],"about":[{"href":"https:\/\/www.p31noticias.com.br\/index.php?rest_route=\/wp\/v2\/types\/post"}],"author":[{"embeddable":true,"href":"https:\/\/www.p31noticias.com.br\/index.php?rest_route=\/wp\/v2\/users\/18"}],"replies":[{"embeddable":true,"href":"https:\/\/www.p31noticias.com.br\/index.php?rest_route=%2Fwp%2Fv2%2Fcomments&post=22250"}],"version-history":[{"count":0,"href":"https:\/\/www.p31noticias.com.br\/index.php?rest_route=\/wp\/v2\/posts\/22250\/revisions"}],"wp:featuredmedia":[{"embeddable":true,"href":"https:\/\/www.p31noticias.com.br\/index.php?rest_route=\/wp\/v2\/posts\/22238"}],"wp:attachment":[{"href":"https:\/\/www.p31noticias.com.br\/index.php?rest_route=%2Fwp%2Fv2%2Fmedia&parent=22250"}],"wp:term":[{"taxonomy":"category","embeddable":true,"href":"https:\/\/www.p31noticias.com.br\/index.php?rest_route=%2Fwp%2Fv2%2Fcategories&post=22250"},{"taxonomy":"post_tag","embeddable":true,"href":"https:\/\/www.p31noticias.com.br\/index.php?rest_route=%2Fwp%2Fv2%2Ftags&post=22250"}],"curies":[{"name":"wp","href":"https:\/\/api.w.org\/{rel}","templated":true}]}}