{"id":22245,"date":"2020-06-12T09:37:17","date_gmt":"2020-06-12T12:37:17","guid":{"rendered":"https:\/\/jornaldoplanalto.com.br\/web\/?p=22219"},"modified":"2020-06-12T09:37:17","modified_gmt":"2020-06-12T12:37:17","slug":"justica-suspende-portaria-que-aumentava-limite-de-compra-de-municao","status":"publish","type":"post","link":"https:\/\/www.p31noticias.com.br\/?p=22245","title":{"rendered":"Justi\u00e7a suspende portaria que aumentava limite de compra de muni\u00e7\u00e3o"},"content":{"rendered":"<p><em><strong>Governo federal aumentou para 550 unidades limite de compra em abril<\/strong><\/em><\/p>\n<p>A Justi\u00e7a Federal em S\u00e3o Paulo suspendeu a portaria do governo federal que aumentou o limite de compra de muni\u00e7\u00e3o para quem tem arma de fogo registrada. O governo federal havia aumentado para 550 unidades o limite de compra de muni\u00e7\u00f5es por pessoas f\u00edsicas autorizadas a adquirir ou portar arma de fogo, por meio da Portaria Interministerial n\u00b0 1.634\/2020, dos minist\u00e9rios da Defesa e da Justi\u00e7a e Seguran\u00e7a P\u00fablica, publicada em 23 de abril no Di\u00e1rio Oficial da Uni\u00e3o.<\/p>\n<p>A decis\u00e3o liminar da 25\u00aa Vara C\u00edvel Federal de S\u00e3o Paulo atende a um pedido feito pelo deputado federal Ivan Valente (PSOL). Em manifesta\u00e7\u00e3o enviada \u00e0 Justi\u00e7a, a Advocacia-Geral da Uni\u00e3o tinha pedido o indeferimento do pedido. No entanto, o entendimento do Judici\u00e1rio foi de que a portaria tem v\u00edcios que a tornam nula.<\/p>\n<p>\u201cEm suma, a edi\u00e7\u00e3o da Portaria Interministerial 1.634\/GM-MD, padece de v\u00edcio que a nulifica, tornando inv\u00e1lido o processo de sua forma\u00e7\u00e3o, tanto por falta de compet\u00eancia do emissor do &#8216;parecer&#8217; produzido para subsidiar a edi\u00e7\u00e3o da Portaria Interministerial quanto por aus\u00eancia de motiva\u00e7\u00e3o\u201d, diz a decis\u00e3o.<\/p>\n<p>Os fundamentos para a suspens\u00e3o da portaria apontam que o referido ato normativo foi irregularmente produzido \u201cquer porque se baseou em parecer exarado por servidor p\u00fablico que, \u00e0 \u00e9poca da pr\u00e1tica do ato j\u00e1 n\u00e3o mais exercia a chefia ou qualquer outro cargo do \u00f3rg\u00e3o competente e nem mesmo era servidor em atividade (havia sido transferido para a reserva), quer porque o ato (parecer) carece de qualquer motiva\u00e7\u00e3o\u201d.<\/p>\n<p>Segundo a decis\u00e3o da Justi\u00e7a, o \u00f3rg\u00e3o t\u00e9cnico de controle e fiscaliza\u00e7\u00e3o de armas e muni\u00e7\u00f5es do Comando do Ex\u00e9rcito &#8211; a Diretoria de Fiscaliza\u00e7\u00e3o de Produtos Controlados do Comando do Ex\u00e9rcito \u2013 teria que, necessariamente, ser ouvido para subsidiar a edi\u00e7\u00e3o da norma sobre as muni\u00e7\u00f5es, no entanto, isso n\u00e3o aconteceu. O que teria ocorrido foi que foi ouvido o ex-chefe daquela organiza\u00e7\u00e3o militar que, na ocasi\u00e3o, j\u00e1 n\u00e3o mais pertencia ao servi\u00e7o ativo da for\u00e7a.<\/p>\n<p>Para contextualizar as circunst\u00e2ncias da edi\u00e7\u00e3o da nova portaria, a decis\u00e3o judicial cita o v\u00eddeo da reuni\u00e3o ministerial do dia 22 de abril, no Pal\u00e1cio do Planalto, relatando que, na ocasi\u00e3o, o presidente Jair Bolsonaro defendeu a necessidade de que \u201co povo se arme\u201d, o que seria uma garantia contra a imposi\u00e7\u00e3o de uma ditadura no pa\u00eds.<\/p>\n<p>Ainda segundo o documento, dirigindo-se ao ministro da Defesa, Fernando Azevedo, e ao ent\u00e3o ministro da Justi\u00e7a e Seguran\u00e7a P\u00fablica, Sergio Moro, o presidente requisitava a assinatura de uma portaria sobre o assunto. No mesmo dia (22), foi editada a norma aumentando o limite de compra de muni\u00e7\u00e3o para quem tem arma de fogo registrada, sendo publicada no dia seguinte.<\/p>\n<p>A decis\u00e3o tamb\u00e9m acata o argumento sobre a necessidade de uma decis\u00e3o r\u00e1pida e provis\u00f3ria. Segundo a decis\u00e3o, o aumento na compra de muni\u00e7\u00e3o aumenta os riscos de mortes causadas por essas armas. \u201cTendo ela [portaria] aumentado significativamente a quantidade de muni\u00e7\u00f5es pass\u00edveis de aquisi\u00e7\u00e3o, tem-se, por decorr\u00eancia, o aumento da letalidade no meio social, o que vai de encontro com o Estatuto do Desarmamento\u201d, diz o documento.<\/p>\n<p>(Por Camila Boehm \u2013 Rep\u00f3rter da Ag\u00eancia Brasil &#8211; S\u00e3o Paulo)<\/p>\n","protected":false},"excerpt":{"rendered":"<p>Governo federal aumentou para 550 unidades limite de compra em abril A Justi\u00e7a Federal em S\u00e3o Paulo suspendeu a portaria do governo federal que aumentou o limite de compra de muni\u00e7\u00e3o para quem tem arma de fogo registrada. O governo federal havia aumentado para 550 unidades o limite de compra de muni\u00e7\u00f5es por pessoas f\u00edsicas [&hellip;]<\/p>\n","protected":false},"author":18,"featured_media":22220,"comment_status":"open","ping_status":"open","sticky":false,"template":"","format":"standard","meta":{"footnotes":""},"categories":[68],"tags":[],"class_list":{"0":"post-22245","1":"post","2":"type-post","3":"status-publish","4":"format-standard","5":"has-post-thumbnail","7":"category-brasil"},"yoast_head":"<!-- This site is optimized with the Yoast SEO Premium plugin v24.5 (Yoast SEO v27.5) - https:\/\/yoast.com\/product\/yoast-seo-premium-wordpress\/ -->\n<title>Justi\u00e7a suspende portaria que aumentava limite de compra de muni\u00e7\u00e3o - P31<\/title>\n<meta name=\"robots\" content=\"index, follow, max-snippet:-1, max-image-preview:large, max-video-preview:-1\" \/>\n<link rel=\"canonical\" href=\"https:\/\/www.p31noticias.com.br\/?p=22245\" \/>\n<meta property=\"og:locale\" content=\"pt_BR\" \/>\n<meta property=\"og:type\" content=\"article\" \/>\n<meta property=\"og:title\" content=\"Justi\u00e7a suspende portaria que aumentava limite de compra de muni\u00e7\u00e3o\" \/>\n<meta property=\"og:description\" content=\"Governo federal aumentou para 550 unidades limite de compra em abril A Justi\u00e7a Federal em S\u00e3o Paulo suspendeu a portaria do governo federal que aumentou o limite de compra de muni\u00e7\u00e3o para quem tem arma de fogo registrada. O governo federal havia aumentado para 550 unidades o limite de compra de muni\u00e7\u00f5es por pessoas f\u00edsicas [&hellip;]\" \/>\n<meta property=\"og:url\" content=\"https:\/\/www.p31noticias.com.br\/?p=22245\" \/>\n<meta property=\"og:site_name\" content=\"P31\" \/>\n<meta property=\"article:published_time\" content=\"2020-06-12T12:37:17+00:00\" \/>\n<meta property=\"og:image\" content=\"https:\/\/www.p31noticias.com.br\/wp-content\/uploads\/2020\/06\/municao.jpg\" \/>\n\t<meta property=\"og:image:width\" content=\"700\" \/>\n\t<meta property=\"og:image:height\" content=\"459\" \/>\n\t<meta property=\"og:image:type\" content=\"image\/jpeg\" \/>\n<meta name=\"author\" content=\"Reda\u00e7\u00e3o JBN\" \/>\n<meta name=\"twitter:card\" content=\"summary_large_image\" \/>\n<meta name=\"twitter:label1\" content=\"Escrito por\" \/>\n\t<meta name=\"twitter:data1\" content=\"Reda\u00e7\u00e3o JBN\" \/>\n\t<meta name=\"twitter:label2\" content=\"Est. tempo de leitura\" \/>\n\t<meta name=\"twitter:data2\" content=\"3 minutos\" \/>\n<script type=\"application\/ld+json\" class=\"yoast-schema-graph\">{\"@context\":\"https:\\\/\\\/schema.org\",\"@graph\":[{\"@type\":\"Article\",\"@id\":\"https:\\\/\\\/www.p31noticias.com.br\\\/?p=22245#article\",\"isPartOf\":{\"@id\":\"https:\\\/\\\/www.p31noticias.com.br\\\/?p=22245\"},\"author\":{\"name\":\"Reda\u00e7\u00e3o JBN\",\"@id\":\"https:\\\/\\\/www.p31noticias.com.br\\\/#\\\/schema\\\/person\\\/77d6b186c710ac38937c6ec204fdd387\"},\"headline\":\"Justi\u00e7a suspende portaria que aumentava limite de compra de muni\u00e7\u00e3o\",\"datePublished\":\"2020-06-12T12:37:17+00:00\",\"mainEntityOfPage\":{\"@id\":\"https:\\\/\\\/www.p31noticias.com.br\\\/?p=22245\"},\"wordCount\":611,\"commentCount\":0,\"image\":{\"@id\":\"https:\\\/\\\/www.p31noticias.com.br\\\/?p=22245#primaryimage\"},\"thumbnailUrl\":\"https:\\\/\\\/www.p31noticias.com.br\\\/wp-content\\\/uploads\\\/2020\\\/06\\\/municao.jpg\",\"articleSection\":[\"Brasil\"],\"inLanguage\":\"pt-BR\",\"potentialAction\":[{\"@type\":\"CommentAction\",\"name\":\"Comment\",\"target\":[\"https:\\\/\\\/www.p31noticias.com.br\\\/?p=22245#respond\"]}],\"copyrightYear\":\"2020\",\"copyrightHolder\":{\"@id\":\"https:\\\/\\\/www.p31noticias.com.br\\\/#organization\"}},{\"@type\":\"WebPage\",\"@id\":\"https:\\\/\\\/www.p31noticias.com.br\\\/?p=22245\",\"url\":\"https:\\\/\\\/www.p31noticias.com.br\\\/?p=22245\",\"name\":\"Justi\u00e7a suspende portaria que aumentava limite de compra de muni\u00e7\u00e3o - P31\",\"isPartOf\":{\"@id\":\"https:\\\/\\\/www.p31noticias.com.br\\\/#website\"},\"primaryImageOfPage\":{\"@id\":\"https:\\\/\\\/www.p31noticias.com.br\\\/?p=22245#primaryimage\"},\"image\":{\"@id\":\"https:\\\/\\\/www.p31noticias.com.br\\\/?p=22245#primaryimage\"},\"thumbnailUrl\":\"https:\\\/\\\/www.p31noticias.com.br\\\/wp-content\\\/uploads\\\/2020\\\/06\\\/municao.jpg\",\"datePublished\":\"2020-06-12T12:37:17+00:00\",\"author\":{\"@id\":\"https:\\\/\\\/www.p31noticias.com.br\\\/#\\\/schema\\\/person\\\/77d6b186c710ac38937c6ec204fdd387\"},\"breadcrumb\":{\"@id\":\"https:\\\/\\\/www.p31noticias.com.br\\\/?p=22245#breadcrumb\"},\"inLanguage\":\"pt-BR\",\"potentialAction\":[{\"@type\":\"ReadAction\",\"target\":[\"https:\\\/\\\/www.p31noticias.com.br\\\/?p=22245\"]}]},{\"@type\":\"ImageObject\",\"inLanguage\":\"pt-BR\",\"@id\":\"https:\\\/\\\/www.p31noticias.com.br\\\/?p=22245#primaryimage\",\"url\":\"https:\\\/\\\/www.p31noticias.com.br\\\/wp-content\\\/uploads\\\/2020\\\/06\\\/municao.jpg\",\"contentUrl\":\"https:\\\/\\\/www.p31noticias.com.br\\\/wp-content\\\/uploads\\\/2020\\\/06\\\/municao.jpg\",\"width\":700,\"height\":459},{\"@type\":\"BreadcrumbList\",\"@id\":\"https:\\\/\\\/www.p31noticias.com.br\\\/?p=22245#breadcrumb\",\"itemListElement\":[{\"@type\":\"ListItem\",\"position\":1,\"name\":\"In\u00edcio\",\"item\":\"https:\\\/\\\/www.p31noticias.com.br\\\/\"},{\"@type\":\"ListItem\",\"position\":2,\"name\":\"Justi\u00e7a suspende portaria que aumentava limite de compra de muni\u00e7\u00e3o\"}]},{\"@type\":\"WebSite\",\"@id\":\"https:\\\/\\\/www.p31noticias.com.br\\\/#website\",\"url\":\"https:\\\/\\\/www.p31noticias.com.br\\\/\",\"name\":\"P31\",\"description\":\"NOT\u00cdCIAS\",\"potentialAction\":[{\"@type\":\"SearchAction\",\"target\":{\"@type\":\"EntryPoint\",\"urlTemplate\":\"https:\\\/\\\/www.p31noticias.com.br\\\/?s={search_term_string}\"},\"query-input\":{\"@type\":\"PropertyValueSpecification\",\"valueRequired\":true,\"valueName\":\"search_term_string\"}}],\"inLanguage\":\"pt-BR\"},{\"@type\":\"Person\",\"@id\":\"https:\\\/\\\/www.p31noticias.com.br\\\/#\\\/schema\\\/person\\\/77d6b186c710ac38937c6ec204fdd387\",\"name\":\"Reda\u00e7\u00e3o JBN\",\"image\":{\"@type\":\"ImageObject\",\"inLanguage\":\"pt-BR\",\"@id\":\"https:\\\/\\\/secure.gravatar.com\\\/avatar\\\/10fcdb93211f98cce3d64c0795b0915a9a4a21dc0f279238995a3dbfafcad090?s=96&d=mm&r=g\",\"url\":\"https:\\\/\\\/secure.gravatar.com\\\/avatar\\\/10fcdb93211f98cce3d64c0795b0915a9a4a21dc0f279238995a3dbfafcad090?s=96&d=mm&r=g\",\"contentUrl\":\"https:\\\/\\\/secure.gravatar.com\\\/avatar\\\/10fcdb93211f98cce3d64c0795b0915a9a4a21dc0f279238995a3dbfafcad090?s=96&d=mm&r=g\",\"caption\":\"Reda\u00e7\u00e3o JBN\"},\"sameAs\":[\"https:\\\/\\\/p31noticias.com.br\"],\"url\":\"https:\\\/\\\/www.p31noticias.com.br\\\/?author=18\"}]}<\/script>\n<!-- \/ Yoast SEO Premium plugin. -->","yoast_head_json":{"title":"Justi\u00e7a suspende portaria que aumentava limite de compra de muni\u00e7\u00e3o - P31","robots":{"index":"index","follow":"follow","max-snippet":"max-snippet:-1","max-image-preview":"max-image-preview:large","max-video-preview":"max-video-preview:-1"},"canonical":"https:\/\/www.p31noticias.com.br\/?p=22245","og_locale":"pt_BR","og_type":"article","og_title":"Justi\u00e7a suspende portaria que aumentava limite de compra de muni\u00e7\u00e3o","og_description":"Governo federal aumentou para 550 unidades limite de compra em abril A Justi\u00e7a Federal em S\u00e3o Paulo suspendeu a portaria do governo federal que aumentou o limite de compra de muni\u00e7\u00e3o para quem tem arma de fogo registrada. O governo federal havia aumentado para 550 unidades o limite de compra de muni\u00e7\u00f5es por pessoas f\u00edsicas [&hellip;]","og_url":"https:\/\/www.p31noticias.com.br\/?p=22245","og_site_name":"P31","article_published_time":"2020-06-12T12:37:17+00:00","og_image":[{"width":700,"height":459,"url":"https:\/\/www.p31noticias.com.br\/wp-content\/uploads\/2020\/06\/municao.jpg","type":"image\/jpeg"}],"author":"Reda\u00e7\u00e3o JBN","twitter_card":"summary_large_image","twitter_misc":{"Escrito por":"Reda\u00e7\u00e3o JBN","Est. tempo de leitura":"3 minutos"},"schema":{"@context":"https:\/\/schema.org","@graph":[{"@type":"Article","@id":"https:\/\/www.p31noticias.com.br\/?p=22245#article","isPartOf":{"@id":"https:\/\/www.p31noticias.com.br\/?p=22245"},"author":{"name":"Reda\u00e7\u00e3o JBN","@id":"https:\/\/www.p31noticias.com.br\/#\/schema\/person\/77d6b186c710ac38937c6ec204fdd387"},"headline":"Justi\u00e7a suspende portaria que aumentava limite de compra de muni\u00e7\u00e3o","datePublished":"2020-06-12T12:37:17+00:00","mainEntityOfPage":{"@id":"https:\/\/www.p31noticias.com.br\/?p=22245"},"wordCount":611,"commentCount":0,"image":{"@id":"https:\/\/www.p31noticias.com.br\/?p=22245#primaryimage"},"thumbnailUrl":"https:\/\/www.p31noticias.com.br\/wp-content\/uploads\/2020\/06\/municao.jpg","articleSection":["Brasil"],"inLanguage":"pt-BR","potentialAction":[{"@type":"CommentAction","name":"Comment","target":["https:\/\/www.p31noticias.com.br\/?p=22245#respond"]}],"copyrightYear":"2020","copyrightHolder":{"@id":"https:\/\/www.p31noticias.com.br\/#organization"}},{"@type":"WebPage","@id":"https:\/\/www.p31noticias.com.br\/?p=22245","url":"https:\/\/www.p31noticias.com.br\/?p=22245","name":"Justi\u00e7a suspende portaria que aumentava limite de compra de muni\u00e7\u00e3o - P31","isPartOf":{"@id":"https:\/\/www.p31noticias.com.br\/#website"},"primaryImageOfPage":{"@id":"https:\/\/www.p31noticias.com.br\/?p=22245#primaryimage"},"image":{"@id":"https:\/\/www.p31noticias.com.br\/?p=22245#primaryimage"},"thumbnailUrl":"https:\/\/www.p31noticias.com.br\/wp-content\/uploads\/2020\/06\/municao.jpg","datePublished":"2020-06-12T12:37:17+00:00","author":{"@id":"https:\/\/www.p31noticias.com.br\/#\/schema\/person\/77d6b186c710ac38937c6ec204fdd387"},"breadcrumb":{"@id":"https:\/\/www.p31noticias.com.br\/?p=22245#breadcrumb"},"inLanguage":"pt-BR","potentialAction":[{"@type":"ReadAction","target":["https:\/\/www.p31noticias.com.br\/?p=22245"]}]},{"@type":"ImageObject","inLanguage":"pt-BR","@id":"https:\/\/www.p31noticias.com.br\/?p=22245#primaryimage","url":"https:\/\/www.p31noticias.com.br\/wp-content\/uploads\/2020\/06\/municao.jpg","contentUrl":"https:\/\/www.p31noticias.com.br\/wp-content\/uploads\/2020\/06\/municao.jpg","width":700,"height":459},{"@type":"BreadcrumbList","@id":"https:\/\/www.p31noticias.com.br\/?p=22245#breadcrumb","itemListElement":[{"@type":"ListItem","position":1,"name":"In\u00edcio","item":"https:\/\/www.p31noticias.com.br\/"},{"@type":"ListItem","position":2,"name":"Justi\u00e7a suspende portaria que aumentava limite de compra de muni\u00e7\u00e3o"}]},{"@type":"WebSite","@id":"https:\/\/www.p31noticias.com.br\/#website","url":"https:\/\/www.p31noticias.com.br\/","name":"P31","description":"NOT\u00cdCIAS","potentialAction":[{"@type":"SearchAction","target":{"@type":"EntryPoint","urlTemplate":"https:\/\/www.p31noticias.com.br\/?s={search_term_string}"},"query-input":{"@type":"PropertyValueSpecification","valueRequired":true,"valueName":"search_term_string"}}],"inLanguage":"pt-BR"},{"@type":"Person","@id":"https:\/\/www.p31noticias.com.br\/#\/schema\/person\/77d6b186c710ac38937c6ec204fdd387","name":"Reda\u00e7\u00e3o JBN","image":{"@type":"ImageObject","inLanguage":"pt-BR","@id":"https:\/\/secure.gravatar.com\/avatar\/10fcdb93211f98cce3d64c0795b0915a9a4a21dc0f279238995a3dbfafcad090?s=96&d=mm&r=g","url":"https:\/\/secure.gravatar.com\/avatar\/10fcdb93211f98cce3d64c0795b0915a9a4a21dc0f279238995a3dbfafcad090?s=96&d=mm&r=g","contentUrl":"https:\/\/secure.gravatar.com\/avatar\/10fcdb93211f98cce3d64c0795b0915a9a4a21dc0f279238995a3dbfafcad090?s=96&d=mm&r=g","caption":"Reda\u00e7\u00e3o JBN"},"sameAs":["https:\/\/p31noticias.com.br"],"url":"https:\/\/www.p31noticias.com.br\/?author=18"}]}},"amp_enabled":true,"_links":{"self":[{"href":"https:\/\/www.p31noticias.com.br\/index.php?rest_route=\/wp\/v2\/posts\/22245","targetHints":{"allow":["GET"]}}],"collection":[{"href":"https:\/\/www.p31noticias.com.br\/index.php?rest_route=\/wp\/v2\/posts"}],"about":[{"href":"https:\/\/www.p31noticias.com.br\/index.php?rest_route=\/wp\/v2\/types\/post"}],"author":[{"embeddable":true,"href":"https:\/\/www.p31noticias.com.br\/index.php?rest_route=\/wp\/v2\/users\/18"}],"replies":[{"embeddable":true,"href":"https:\/\/www.p31noticias.com.br\/index.php?rest_route=%2Fwp%2Fv2%2Fcomments&post=22245"}],"version-history":[{"count":0,"href":"https:\/\/www.p31noticias.com.br\/index.php?rest_route=\/wp\/v2\/posts\/22245\/revisions"}],"wp:featuredmedia":[{"embeddable":true,"href":"https:\/\/www.p31noticias.com.br\/index.php?rest_route=\/wp\/v2\/media\/22220"}],"wp:attachment":[{"href":"https:\/\/www.p31noticias.com.br\/index.php?rest_route=%2Fwp%2Fv2%2Fmedia&parent=22245"}],"wp:term":[{"taxonomy":"category","embeddable":true,"href":"https:\/\/www.p31noticias.com.br\/index.php?rest_route=%2Fwp%2Fv2%2Fcategories&post=22245"},{"taxonomy":"post_tag","embeddable":true,"href":"https:\/\/www.p31noticias.com.br\/index.php?rest_route=%2Fwp%2Fv2%2Ftags&post=22245"}],"curies":[{"name":"wp","href":"https:\/\/api.w.org\/{rel}","templated":true}]}}