{"id":22238,"date":"2020-06-09T09:01:49","date_gmt":"2020-06-09T12:01:49","guid":{"rendered":"https:\/\/jornaldoplanalto.com.br\/web\/?p=22193"},"modified":"2020-06-09T09:01:49","modified_gmt":"2020-06-09T12:01:49","slug":"governador-sanciona-leis-de-autoria-do-legislativo","status":"publish","type":"post","link":"https:\/\/www.p31noticias.com.br\/?p=22238","title":{"rendered":"Governador sanciona leis de autoria do Legislativo"},"content":{"rendered":"<header class=\"single__topo \">\n<div class=\"single__topo--titulo\">\n<div class=\"single__topo--titulo--sutia\">\n<p><em>Os textos apresentam aumento de multa para pichadores, coleta de res\u00edduos s\u00f3lidos em condom\u00ednios e cria\u00e7\u00e3o da Pol\u00edtica Distrital do Cooperativismo<\/em><\/p>\n<p>O governador do Distrito Federal, Ibaneis Rocha, sancionou quatro leis de projetos de autoria do Poder Legislativo. Publicadas em edi\u00e7\u00e3o extra do Di\u00e1rio Oficial do DF nesta segunda-feira (8). As legisla\u00e7\u00f5es preveem aumento de multa para pichadores, coleta de res\u00edduos s\u00f3lidos em condom\u00ednios horizontais e a cria\u00e7\u00e3o da Pol\u00edtica Distrital do Cooperativismo.<\/p>\n<p>Os projetos foram aprovados recentemente pelos parlamentares que comp\u00f5em a C\u00e2mara Legislativa do Distrito Federal (CLDF) e agora passam a valer com as considera\u00e7\u00f5es do chefe do Executivo local. Entre elas, a Lei n\u00ba 6.614\/2020, que altera o Programa de Combate \u00e0 Picha\u00e7\u00f5es do Distrito Federal e aumenta o valor das multas a serem pagas por quem vandaliza a cidade.<\/p>\n<p>As puni\u00e7\u00f5es agora s\u00e3o de R$ 25 mil a R$ 100 mil, quando o ato \u00e9 realizado em monumento ou bem tombado, dobrado em caso de reincid\u00eancia. O respons\u00e1vel ainda ter\u00e1 que indenizar os danos e ressarcir pelas despesas de restaura\u00e7\u00e3o.<\/p>\n<p>O autor da proposta, deputado distrital Eduardo Pedrosa, contou, em sess\u00e3o na CLDF, que a motiva\u00e7\u00e3o para o projeto foi a picha\u00e7\u00e3o feita na rec\u00e9m-reformada tesourinha das entrequadras 15\/16 da Asa Norte assim que foi entregue. Na obra, foram pelo menos cem dias de tr\u00e2nsito interditado, 40 oper\u00e1rios trabalhando, seis t\u00e9cnicos fiscalizando e R$ 495 mil investidos. O texto foi sancionado sem vetos.<\/p>\n<p>A Lei n\u00ba 6.616\/2020 define medidas para assegurar direitos \u00e0 popula\u00e7\u00e3o em situa\u00e7\u00e3o de rua em caso de estado de emerg\u00eancia ou calamidade p\u00fablica. A proposta, do distrital F\u00e1bio F\u00e9lix, prev\u00ea atendimento m\u00e9dico, rem\u00e9dios, abrigo e renda emergencial. Dois vetos foram dados pelo governador ao sancionar a lei.<\/p>\n<p><strong>Coleta em condom\u00ednios<\/strong><\/p>\n<p>Tamb\u00e9m sancionada, a Lei n\u00ba 6.615\/2020 assegura que o Servi\u00e7o de Limpeza Urbana (SLU) fa\u00e7a a coleta de res\u00edduos s\u00f3lidos nos condom\u00ednios horizontais do DF. Conforme o texto, a medida \u00e9 v\u00e1lida \u00e0queles locais em que as unidades habitacionais, comerciais ou de presta\u00e7\u00e3o de servi\u00e7o recolham Imposto Predial e Territorial Urbano (IPTU) e Taxa de Limpeza Urbana (TLP).<\/p>\n<p>A coleta deve ser feita em dias predeterminados pelo SLU e os condom\u00ednios devem disponibilizar acessos que facilitem a entrada e sa\u00edda dos ve\u00edculos. As duas partes tamb\u00e9m poder\u00e3o acordar um local \u00fanico para que o servi\u00e7o seja feito. O projeto, de autoria do distrital Jo\u00e3o Cardoso, n\u00e3o recebeu vetos do governador.<\/p>\n<p><strong>Cooperativismo<\/strong><\/p>\n<p>A Lei n\u00ba 6.617\/2020 institui a Pol\u00edtica Distrital do Cooperativismo. A iniciativa prev\u00ea um conjunto de atividades exercidas pelo poder p\u00fablico e particulares que beneficiem, direta ou indiretamente, todos os ramos do setor cooperativista na promo\u00e7\u00e3o do desenvolvimento social e econ\u00f4mico.<\/p>\n<p>Entre os objetivos, a nova pol\u00edtica visa o apoio t\u00e9cnico, financeiro e operacional, promovendo parceria e aprimoramento dos modelos organizacionais, especialmente em a\u00e7\u00f5es de inclus\u00e3o social e desenvolvimento sustent\u00e1vel. O texto de autoria do deputado Roosevelt Vilela aprovado pela CLDF recebeu cinco vetos do chefe do Executivo local.<\/p>\n<p><em>(J\u00e9ssica Antunes, da Ag\u00eancia Bras\u00edlia)<\/em><\/p>\n<\/div>\n<\/div>\n<div class=\"single__topo--assinatura bold text-uppercase\">\n<p>&nbsp;<\/p>\n<\/div>\n<\/header>\n","protected":false},"excerpt":{"rendered":"<p>Os textos apresentam aumento de multa para pichadores, coleta de res\u00edduos s\u00f3lidos em condom\u00ednios e cria\u00e7\u00e3o da Pol\u00edtica Distrital do Cooperativismo O governador do Distrito Federal, Ibaneis Rocha, sancionou quatro leis de projetos de autoria do Poder Legislativo. Publicadas em edi\u00e7\u00e3o extra do Di\u00e1rio Oficial do DF nesta segunda-feira (8). As legisla\u00e7\u00f5es preveem aumento de [&hellip;]<\/p>\n","protected":false},"author":18,"featured_media":22194,"comment_status":"open","ping_status":"open","sticky":false,"template":"","format":"standard","meta":{"footnotes":""},"categories":[1],"tags":[],"class_list":{"0":"post-22238","1":"post","2":"type-post","3":"status-publish","4":"format-standard","5":"has-post-thumbnail","7":"category-outros"},"yoast_head":"<!-- This site is optimized with the Yoast SEO Premium plugin v24.5 (Yoast SEO v27.5) - https:\/\/yoast.com\/product\/yoast-seo-premium-wordpress\/ -->\n<title>Governador sanciona leis de autoria do Legislativo - P31<\/title>\n<meta name=\"robots\" content=\"index, follow, max-snippet:-1, max-image-preview:large, max-video-preview:-1\" \/>\n<link rel=\"canonical\" href=\"https:\/\/www.p31noticias.com.br\/?p=22238\" \/>\n<meta property=\"og:locale\" content=\"pt_BR\" \/>\n<meta property=\"og:type\" content=\"article\" \/>\n<meta property=\"og:title\" content=\"Governador sanciona leis de autoria do Legislativo\" \/>\n<meta property=\"og:description\" content=\"Os textos apresentam aumento de multa para pichadores, coleta de res\u00edduos s\u00f3lidos em condom\u00ednios e cria\u00e7\u00e3o da Pol\u00edtica Distrital do Cooperativismo O governador do Distrito Federal, Ibaneis Rocha, sancionou quatro leis de projetos de autoria do Poder Legislativo. Publicadas em edi\u00e7\u00e3o extra do Di\u00e1rio Oficial do DF nesta segunda-feira (8). As legisla\u00e7\u00f5es preveem aumento de [&hellip;]\" \/>\n<meta property=\"og:url\" content=\"https:\/\/www.p31noticias.com.br\/?p=22238\" \/>\n<meta property=\"og:site_name\" content=\"P31\" \/>\n<meta property=\"article:published_time\" content=\"2020-06-09T12:01:49+00:00\" \/>\n<meta property=\"og:image\" content=\"https:\/\/www.p31noticias.com.br\/wp-content\/uploads\/2020\/04\/Bras\u00edlia-bras\u00edlia-shopping_divulga\u00e7\u00e3o.jpg\" \/>\n\t<meta property=\"og:image:width\" content=\"640\" \/>\n\t<meta property=\"og:image:height\" content=\"427\" \/>\n\t<meta property=\"og:image:type\" content=\"image\/jpeg\" \/>\n<meta name=\"author\" content=\"Reda\u00e7\u00e3o JBN\" \/>\n<meta name=\"twitter:card\" content=\"summary_large_image\" \/>\n<meta name=\"twitter:label1\" content=\"Escrito por\" \/>\n\t<meta name=\"twitter:data1\" content=\"Reda\u00e7\u00e3o JBN\" \/>\n\t<meta name=\"twitter:label2\" content=\"Est. tempo de leitura\" \/>\n\t<meta name=\"twitter:data2\" content=\"3 minutos\" \/>\n<script type=\"application\/ld+json\" class=\"yoast-schema-graph\">{\"@context\":\"https:\\\/\\\/schema.org\",\"@graph\":[{\"@type\":\"Article\",\"@id\":\"https:\\\/\\\/www.p31noticias.com.br\\\/?p=22238#article\",\"isPartOf\":{\"@id\":\"https:\\\/\\\/www.p31noticias.com.br\\\/?p=22238\"},\"author\":{\"name\":\"Reda\u00e7\u00e3o JBN\",\"@id\":\"https:\\\/\\\/www.p31noticias.com.br\\\/#\\\/schema\\\/person\\\/77d6b186c710ac38937c6ec204fdd387\"},\"headline\":\"Governador sanciona leis de autoria do Legislativo\",\"datePublished\":\"2020-06-09T12:01:49+00:00\",\"mainEntityOfPage\":{\"@id\":\"https:\\\/\\\/www.p31noticias.com.br\\\/?p=22238\"},\"wordCount\":554,\"commentCount\":0,\"image\":{\"@id\":\"https:\\\/\\\/www.p31noticias.com.br\\\/?p=22238#primaryimage\"},\"thumbnailUrl\":\"https:\\\/\\\/www.p31noticias.com.br\\\/wp-content\\\/uploads\\\/2020\\\/04\\\/Bras\u00edlia-bras\u00edlia-shopping_divulga\u00e7\u00e3o.jpg\",\"articleSection\":[\"Outros\"],\"inLanguage\":\"pt-BR\",\"potentialAction\":[{\"@type\":\"CommentAction\",\"name\":\"Comment\",\"target\":[\"https:\\\/\\\/www.p31noticias.com.br\\\/?p=22238#respond\"]}],\"copyrightYear\":\"2020\",\"copyrightHolder\":{\"@id\":\"https:\\\/\\\/www.p31noticias.com.br\\\/#organization\"}},{\"@type\":\"WebPage\",\"@id\":\"https:\\\/\\\/www.p31noticias.com.br\\\/?p=22238\",\"url\":\"https:\\\/\\\/www.p31noticias.com.br\\\/?p=22238\",\"name\":\"Governador sanciona leis de autoria do Legislativo - P31\",\"isPartOf\":{\"@id\":\"https:\\\/\\\/www.p31noticias.com.br\\\/#website\"},\"primaryImageOfPage\":{\"@id\":\"https:\\\/\\\/www.p31noticias.com.br\\\/?p=22238#primaryimage\"},\"image\":{\"@id\":\"https:\\\/\\\/www.p31noticias.com.br\\\/?p=22238#primaryimage\"},\"thumbnailUrl\":\"https:\\\/\\\/www.p31noticias.com.br\\\/wp-content\\\/uploads\\\/2020\\\/04\\\/Bras\u00edlia-bras\u00edlia-shopping_divulga\u00e7\u00e3o.jpg\",\"datePublished\":\"2020-06-09T12:01:49+00:00\",\"author\":{\"@id\":\"https:\\\/\\\/www.p31noticias.com.br\\\/#\\\/schema\\\/person\\\/77d6b186c710ac38937c6ec204fdd387\"},\"breadcrumb\":{\"@id\":\"https:\\\/\\\/www.p31noticias.com.br\\\/?p=22238#breadcrumb\"},\"inLanguage\":\"pt-BR\",\"potentialAction\":[{\"@type\":\"ReadAction\",\"target\":[\"https:\\\/\\\/www.p31noticias.com.br\\\/?p=22238\"]}]},{\"@type\":\"ImageObject\",\"inLanguage\":\"pt-BR\",\"@id\":\"https:\\\/\\\/www.p31noticias.com.br\\\/?p=22238#primaryimage\",\"url\":\"https:\\\/\\\/www.p31noticias.com.br\\\/wp-content\\\/uploads\\\/2020\\\/04\\\/Bras\u00edlia-bras\u00edlia-shopping_divulga\u00e7\u00e3o.jpg\",\"contentUrl\":\"https:\\\/\\\/www.p31noticias.com.br\\\/wp-content\\\/uploads\\\/2020\\\/04\\\/Bras\u00edlia-bras\u00edlia-shopping_divulga\u00e7\u00e3o.jpg\",\"width\":640,\"height\":427},{\"@type\":\"BreadcrumbList\",\"@id\":\"https:\\\/\\\/www.p31noticias.com.br\\\/?p=22238#breadcrumb\",\"itemListElement\":[{\"@type\":\"ListItem\",\"position\":1,\"name\":\"In\u00edcio\",\"item\":\"https:\\\/\\\/www.p31noticias.com.br\\\/\"},{\"@type\":\"ListItem\",\"position\":2,\"name\":\"Governador sanciona leis de autoria do Legislativo\"}]},{\"@type\":\"WebSite\",\"@id\":\"https:\\\/\\\/www.p31noticias.com.br\\\/#website\",\"url\":\"https:\\\/\\\/www.p31noticias.com.br\\\/\",\"name\":\"P31\",\"description\":\"NOT\u00cdCIAS\",\"potentialAction\":[{\"@type\":\"SearchAction\",\"target\":{\"@type\":\"EntryPoint\",\"urlTemplate\":\"https:\\\/\\\/www.p31noticias.com.br\\\/?s={search_term_string}\"},\"query-input\":{\"@type\":\"PropertyValueSpecification\",\"valueRequired\":true,\"valueName\":\"search_term_string\"}}],\"inLanguage\":\"pt-BR\"},{\"@type\":\"Person\",\"@id\":\"https:\\\/\\\/www.p31noticias.com.br\\\/#\\\/schema\\\/person\\\/77d6b186c710ac38937c6ec204fdd387\",\"name\":\"Reda\u00e7\u00e3o JBN\",\"image\":{\"@type\":\"ImageObject\",\"inLanguage\":\"pt-BR\",\"@id\":\"https:\\\/\\\/secure.gravatar.com\\\/avatar\\\/10fcdb93211f98cce3d64c0795b0915a9a4a21dc0f279238995a3dbfafcad090?s=96&d=mm&r=g\",\"url\":\"https:\\\/\\\/secure.gravatar.com\\\/avatar\\\/10fcdb93211f98cce3d64c0795b0915a9a4a21dc0f279238995a3dbfafcad090?s=96&d=mm&r=g\",\"contentUrl\":\"https:\\\/\\\/secure.gravatar.com\\\/avatar\\\/10fcdb93211f98cce3d64c0795b0915a9a4a21dc0f279238995a3dbfafcad090?s=96&d=mm&r=g\",\"caption\":\"Reda\u00e7\u00e3o JBN\"},\"sameAs\":[\"https:\\\/\\\/p31noticias.com.br\"],\"url\":\"https:\\\/\\\/www.p31noticias.com.br\\\/?author=18\"}]}<\/script>\n<!-- \/ Yoast SEO Premium plugin. -->","yoast_head_json":{"title":"Governador sanciona leis de autoria do Legislativo - P31","robots":{"index":"index","follow":"follow","max-snippet":"max-snippet:-1","max-image-preview":"max-image-preview:large","max-video-preview":"max-video-preview:-1"},"canonical":"https:\/\/www.p31noticias.com.br\/?p=22238","og_locale":"pt_BR","og_type":"article","og_title":"Governador sanciona leis de autoria do Legislativo","og_description":"Os textos apresentam aumento de multa para pichadores, coleta de res\u00edduos s\u00f3lidos em condom\u00ednios e cria\u00e7\u00e3o da Pol\u00edtica Distrital do Cooperativismo O governador do Distrito Federal, Ibaneis Rocha, sancionou quatro leis de projetos de autoria do Poder Legislativo. Publicadas em edi\u00e7\u00e3o extra do Di\u00e1rio Oficial do DF nesta segunda-feira (8). As legisla\u00e7\u00f5es preveem aumento de [&hellip;]","og_url":"https:\/\/www.p31noticias.com.br\/?p=22238","og_site_name":"P31","article_published_time":"2020-06-09T12:01:49+00:00","og_image":[{"width":640,"height":427,"url":"https:\/\/www.p31noticias.com.br\/wp-content\/uploads\/2020\/04\/Bras\u00edlia-bras\u00edlia-shopping_divulga\u00e7\u00e3o.jpg","type":"image\/jpeg"}],"author":"Reda\u00e7\u00e3o JBN","twitter_card":"summary_large_image","twitter_misc":{"Escrito por":"Reda\u00e7\u00e3o JBN","Est. tempo de leitura":"3 minutos"},"schema":{"@context":"https:\/\/schema.org","@graph":[{"@type":"Article","@id":"https:\/\/www.p31noticias.com.br\/?p=22238#article","isPartOf":{"@id":"https:\/\/www.p31noticias.com.br\/?p=22238"},"author":{"name":"Reda\u00e7\u00e3o JBN","@id":"https:\/\/www.p31noticias.com.br\/#\/schema\/person\/77d6b186c710ac38937c6ec204fdd387"},"headline":"Governador sanciona leis de autoria do Legislativo","datePublished":"2020-06-09T12:01:49+00:00","mainEntityOfPage":{"@id":"https:\/\/www.p31noticias.com.br\/?p=22238"},"wordCount":554,"commentCount":0,"image":{"@id":"https:\/\/www.p31noticias.com.br\/?p=22238#primaryimage"},"thumbnailUrl":"https:\/\/www.p31noticias.com.br\/wp-content\/uploads\/2020\/04\/Bras\u00edlia-bras\u00edlia-shopping_divulga\u00e7\u00e3o.jpg","articleSection":["Outros"],"inLanguage":"pt-BR","potentialAction":[{"@type":"CommentAction","name":"Comment","target":["https:\/\/www.p31noticias.com.br\/?p=22238#respond"]}],"copyrightYear":"2020","copyrightHolder":{"@id":"https:\/\/www.p31noticias.com.br\/#organization"}},{"@type":"WebPage","@id":"https:\/\/www.p31noticias.com.br\/?p=22238","url":"https:\/\/www.p31noticias.com.br\/?p=22238","name":"Governador sanciona leis de autoria do Legislativo - P31","isPartOf":{"@id":"https:\/\/www.p31noticias.com.br\/#website"},"primaryImageOfPage":{"@id":"https:\/\/www.p31noticias.com.br\/?p=22238#primaryimage"},"image":{"@id":"https:\/\/www.p31noticias.com.br\/?p=22238#primaryimage"},"thumbnailUrl":"https:\/\/www.p31noticias.com.br\/wp-content\/uploads\/2020\/04\/Bras\u00edlia-bras\u00edlia-shopping_divulga\u00e7\u00e3o.jpg","datePublished":"2020-06-09T12:01:49+00:00","author":{"@id":"https:\/\/www.p31noticias.com.br\/#\/schema\/person\/77d6b186c710ac38937c6ec204fdd387"},"breadcrumb":{"@id":"https:\/\/www.p31noticias.com.br\/?p=22238#breadcrumb"},"inLanguage":"pt-BR","potentialAction":[{"@type":"ReadAction","target":["https:\/\/www.p31noticias.com.br\/?p=22238"]}]},{"@type":"ImageObject","inLanguage":"pt-BR","@id":"https:\/\/www.p31noticias.com.br\/?p=22238#primaryimage","url":"https:\/\/www.p31noticias.com.br\/wp-content\/uploads\/2020\/04\/Bras\u00edlia-bras\u00edlia-shopping_divulga\u00e7\u00e3o.jpg","contentUrl":"https:\/\/www.p31noticias.com.br\/wp-content\/uploads\/2020\/04\/Bras\u00edlia-bras\u00edlia-shopping_divulga\u00e7\u00e3o.jpg","width":640,"height":427},{"@type":"BreadcrumbList","@id":"https:\/\/www.p31noticias.com.br\/?p=22238#breadcrumb","itemListElement":[{"@type":"ListItem","position":1,"name":"In\u00edcio","item":"https:\/\/www.p31noticias.com.br\/"},{"@type":"ListItem","position":2,"name":"Governador sanciona leis de autoria do Legislativo"}]},{"@type":"WebSite","@id":"https:\/\/www.p31noticias.com.br\/#website","url":"https:\/\/www.p31noticias.com.br\/","name":"P31","description":"NOT\u00cdCIAS","potentialAction":[{"@type":"SearchAction","target":{"@type":"EntryPoint","urlTemplate":"https:\/\/www.p31noticias.com.br\/?s={search_term_string}"},"query-input":{"@type":"PropertyValueSpecification","valueRequired":true,"valueName":"search_term_string"}}],"inLanguage":"pt-BR"},{"@type":"Person","@id":"https:\/\/www.p31noticias.com.br\/#\/schema\/person\/77d6b186c710ac38937c6ec204fdd387","name":"Reda\u00e7\u00e3o JBN","image":{"@type":"ImageObject","inLanguage":"pt-BR","@id":"https:\/\/secure.gravatar.com\/avatar\/10fcdb93211f98cce3d64c0795b0915a9a4a21dc0f279238995a3dbfafcad090?s=96&d=mm&r=g","url":"https:\/\/secure.gravatar.com\/avatar\/10fcdb93211f98cce3d64c0795b0915a9a4a21dc0f279238995a3dbfafcad090?s=96&d=mm&r=g","contentUrl":"https:\/\/secure.gravatar.com\/avatar\/10fcdb93211f98cce3d64c0795b0915a9a4a21dc0f279238995a3dbfafcad090?s=96&d=mm&r=g","caption":"Reda\u00e7\u00e3o JBN"},"sameAs":["https:\/\/p31noticias.com.br"],"url":"https:\/\/www.p31noticias.com.br\/?author=18"}]}},"amp_enabled":true,"_links":{"self":[{"href":"https:\/\/www.p31noticias.com.br\/index.php?rest_route=\/wp\/v2\/posts\/22238","targetHints":{"allow":["GET"]}}],"collection":[{"href":"https:\/\/www.p31noticias.com.br\/index.php?rest_route=\/wp\/v2\/posts"}],"about":[{"href":"https:\/\/www.p31noticias.com.br\/index.php?rest_route=\/wp\/v2\/types\/post"}],"author":[{"embeddable":true,"href":"https:\/\/www.p31noticias.com.br\/index.php?rest_route=\/wp\/v2\/users\/18"}],"replies":[{"embeddable":true,"href":"https:\/\/www.p31noticias.com.br\/index.php?rest_route=%2Fwp%2Fv2%2Fcomments&post=22238"}],"version-history":[{"count":0,"href":"https:\/\/www.p31noticias.com.br\/index.php?rest_route=\/wp\/v2\/posts\/22238\/revisions"}],"wp:featuredmedia":[{"embeddable":true,"href":"https:\/\/www.p31noticias.com.br\/index.php?rest_route=\/wp\/v2\/media\/22194"}],"wp:attachment":[{"href":"https:\/\/www.p31noticias.com.br\/index.php?rest_route=%2Fwp%2Fv2%2Fmedia&parent=22238"}],"wp:term":[{"taxonomy":"category","embeddable":true,"href":"https:\/\/www.p31noticias.com.br\/index.php?rest_route=%2Fwp%2Fv2%2Fcategories&post=22238"},{"taxonomy":"post_tag","embeddable":true,"href":"https:\/\/www.p31noticias.com.br\/index.php?rest_route=%2Fwp%2Fv2%2Ftags&post=22238"}],"curies":[{"name":"wp","href":"https:\/\/api.w.org\/{rel}","templated":true}]}}