{"id":22235,"date":"2020-06-07T11:05:46","date_gmt":"2020-06-07T14:05:46","guid":{"rendered":"https:\/\/jornaldoplanalto.com.br\/web\/?p=22184"},"modified":"2020-06-07T11:05:46","modified_gmt":"2020-06-07T14:05:46","slug":"japao-quer-comecar-a-vacinar-contra-coronavirus-no-1o-semestre-de-2021","status":"publish","type":"post","link":"https:\/\/www.p31noticias.com.br\/?p=22235","title":{"rendered":"Jap\u00e3o quer come\u00e7ar a vacinar contra coronav\u00edrus no 1\u00ba semestre de 2021"},"content":{"rendered":"<p><em><strong>Governo pretende incentivar simultaneamente pesquisa e produ\u00e7\u00e3o<\/strong><\/em><\/p>\n<p>O Minist\u00e9rio da Sa\u00fade, Trabalho e Bem-Estar Social do Jap\u00e3o elaborou um plano para tornar mais r\u00e1pido o processo at\u00e9 que vacinas contra o novo coronav\u00edrus possam ser usadas na pr\u00e1tica. A ideia \u00e9 aceler\u00e1-lo ao incentivar, de maneira simult\u00e2nea, tanto a pesquisa e o desenvolvimento quanto a produ\u00e7\u00e3o.<\/p>\n<p>O minist\u00e9rio reservou cerca de US$ 455 milh\u00f5es em subs\u00eddios para institui\u00e7\u00f5es envolvidas no desenvolvimento de vacinas, como parte de uma segunda proposta de or\u00e7amento suplementar para o ano fiscal atual.<\/p>\n<p>A pasta tamb\u00e9m reservou cerca de US$ 1,3 bilh\u00e3o em verbas extras para incentivar empresas privadas a investir em unidades de produ\u00e7\u00e3o de vacinas.<\/p>\n<p>Autoridades de sa\u00fade afirmaram a representantes de partidos governistas que esperam poder come\u00e7ar a vacinar a popula\u00e7\u00e3o contra o novo coronav\u00edrus na primeira metade do pr\u00f3ximo ano. Ao mesmo tempo em que incentivam investimentos na capacidade de produ\u00e7\u00e3o, eles tamb\u00e9m querem facilitar o processo de aprova\u00e7\u00e3o da vacina.<\/p>\n<p><em>(Por NHK &#8211; T\u00f3quio)<\/em><\/p>\n","protected":false},"excerpt":{"rendered":"<p>Governo pretende incentivar simultaneamente pesquisa e produ\u00e7\u00e3o O Minist\u00e9rio da Sa\u00fade, Trabalho e Bem-Estar Social do Jap\u00e3o elaborou um plano para tornar mais r\u00e1pido o processo at\u00e9 que vacinas contra o novo coronav\u00edrus possam ser usadas na pr\u00e1tica. A ideia \u00e9 aceler\u00e1-lo ao incentivar, de maneira simult\u00e2nea, tanto a pesquisa e o desenvolvimento quanto a [&hellip;]<\/p>\n","protected":false},"author":18,"featured_media":22185,"comment_status":"open","ping_status":"open","sticky":false,"template":"","format":"standard","meta":{"footnotes":""},"categories":[124],"tags":[],"class_list":{"0":"post-22235","1":"post","2":"type-post","3":"status-publish","4":"format-standard","5":"has-post-thumbnail","7":"category-saude"},"yoast_head":"<!-- This site is optimized with the Yoast SEO Premium plugin v24.5 (Yoast SEO v27.5) - https:\/\/yoast.com\/product\/yoast-seo-premium-wordpress\/ -->\n<title>Jap\u00e3o quer come\u00e7ar a vacinar contra coronav\u00edrus no 1\u00ba semestre de 2021 - P31<\/title>\n<meta name=\"robots\" content=\"index, follow, max-snippet:-1, max-image-preview:large, max-video-preview:-1\" \/>\n<link rel=\"canonical\" href=\"https:\/\/www.p31noticias.com.br\/?p=22235\" \/>\n<meta property=\"og:locale\" content=\"pt_BR\" \/>\n<meta property=\"og:type\" content=\"article\" \/>\n<meta property=\"og:title\" content=\"Jap\u00e3o quer come\u00e7ar a vacinar contra coronav\u00edrus no 1\u00ba semestre de 2021\" \/>\n<meta property=\"og:description\" content=\"Governo pretende incentivar simultaneamente pesquisa e produ\u00e7\u00e3o O Minist\u00e9rio da Sa\u00fade, Trabalho e Bem-Estar Social do Jap\u00e3o elaborou um plano para tornar mais r\u00e1pido o processo at\u00e9 que vacinas contra o novo coronav\u00edrus possam ser usadas na pr\u00e1tica. A ideia \u00e9 aceler\u00e1-lo ao incentivar, de maneira simult\u00e2nea, tanto a pesquisa e o desenvolvimento quanto a [&hellip;]\" \/>\n<meta property=\"og:url\" content=\"https:\/\/www.p31noticias.com.br\/?p=22235\" \/>\n<meta property=\"og:site_name\" content=\"P31\" \/>\n<meta property=\"article:published_time\" content=\"2020-06-07T14:05:46+00:00\" \/>\n<meta property=\"og:image\" content=\"https:\/\/www.p31noticias.com.br\/wp-content\/uploads\/2020\/04\/TGS0-1.jpg\" \/>\n\t<meta property=\"og:image:width\" content=\"701\" \/>\n\t<meta property=\"og:image:height\" content=\"398\" \/>\n\t<meta property=\"og:image:type\" content=\"image\/jpeg\" \/>\n<meta name=\"author\" content=\"Reda\u00e7\u00e3o JBN\" \/>\n<meta name=\"twitter:card\" content=\"summary_large_image\" \/>\n<meta name=\"twitter:label1\" content=\"Escrito por\" \/>\n\t<meta name=\"twitter:data1\" content=\"Reda\u00e7\u00e3o JBN\" \/>\n\t<meta name=\"twitter:label2\" content=\"Est. tempo de leitura\" \/>\n\t<meta name=\"twitter:data2\" content=\"1 minuto\" \/>\n<script type=\"application\/ld+json\" class=\"yoast-schema-graph\">{\"@context\":\"https:\\\/\\\/schema.org\",\"@graph\":[{\"@type\":\"Article\",\"@id\":\"https:\\\/\\\/www.p31noticias.com.br\\\/?p=22235#article\",\"isPartOf\":{\"@id\":\"https:\\\/\\\/www.p31noticias.com.br\\\/?p=22235\"},\"author\":{\"name\":\"Reda\u00e7\u00e3o JBN\",\"@id\":\"https:\\\/\\\/www.p31noticias.com.br\\\/#\\\/schema\\\/person\\\/77d6b186c710ac38937c6ec204fdd387\"},\"headline\":\"Jap\u00e3o quer come\u00e7ar a vacinar contra coronav\u00edrus no 1\u00ba semestre de 2021\",\"datePublished\":\"2020-06-07T14:05:46+00:00\",\"mainEntityOfPage\":{\"@id\":\"https:\\\/\\\/www.p31noticias.com.br\\\/?p=22235\"},\"wordCount\":200,\"commentCount\":0,\"image\":{\"@id\":\"https:\\\/\\\/www.p31noticias.com.br\\\/?p=22235#primaryimage\"},\"thumbnailUrl\":\"https:\\\/\\\/www.p31noticias.com.br\\\/wp-content\\\/uploads\\\/2020\\\/04\\\/TGS0-1.jpg\",\"articleSection\":[\"Sa\u00fade\"],\"inLanguage\":\"pt-BR\",\"potentialAction\":[{\"@type\":\"CommentAction\",\"name\":\"Comment\",\"target\":[\"https:\\\/\\\/www.p31noticias.com.br\\\/?p=22235#respond\"]}],\"copyrightYear\":\"2020\",\"copyrightHolder\":{\"@id\":\"https:\\\/\\\/www.p31noticias.com.br\\\/#organization\"}},{\"@type\":\"WebPage\",\"@id\":\"https:\\\/\\\/www.p31noticias.com.br\\\/?p=22235\",\"url\":\"https:\\\/\\\/www.p31noticias.com.br\\\/?p=22235\",\"name\":\"Jap\u00e3o quer come\u00e7ar a vacinar contra coronav\u00edrus no 1\u00ba semestre de 2021 - P31\",\"isPartOf\":{\"@id\":\"https:\\\/\\\/www.p31noticias.com.br\\\/#website\"},\"primaryImageOfPage\":{\"@id\":\"https:\\\/\\\/www.p31noticias.com.br\\\/?p=22235#primaryimage\"},\"image\":{\"@id\":\"https:\\\/\\\/www.p31noticias.com.br\\\/?p=22235#primaryimage\"},\"thumbnailUrl\":\"https:\\\/\\\/www.p31noticias.com.br\\\/wp-content\\\/uploads\\\/2020\\\/04\\\/TGS0-1.jpg\",\"datePublished\":\"2020-06-07T14:05:46+00:00\",\"author\":{\"@id\":\"https:\\\/\\\/www.p31noticias.com.br\\\/#\\\/schema\\\/person\\\/77d6b186c710ac38937c6ec204fdd387\"},\"breadcrumb\":{\"@id\":\"https:\\\/\\\/www.p31noticias.com.br\\\/?p=22235#breadcrumb\"},\"inLanguage\":\"pt-BR\",\"potentialAction\":[{\"@type\":\"ReadAction\",\"target\":[\"https:\\\/\\\/www.p31noticias.com.br\\\/?p=22235\"]}]},{\"@type\":\"ImageObject\",\"inLanguage\":\"pt-BR\",\"@id\":\"https:\\\/\\\/www.p31noticias.com.br\\\/?p=22235#primaryimage\",\"url\":\"https:\\\/\\\/www.p31noticias.com.br\\\/wp-content\\\/uploads\\\/2020\\\/04\\\/TGS0-1.jpg\",\"contentUrl\":\"https:\\\/\\\/www.p31noticias.com.br\\\/wp-content\\\/uploads\\\/2020\\\/04\\\/TGS0-1.jpg\",\"width\":701,\"height\":398},{\"@type\":\"BreadcrumbList\",\"@id\":\"https:\\\/\\\/www.p31noticias.com.br\\\/?p=22235#breadcrumb\",\"itemListElement\":[{\"@type\":\"ListItem\",\"position\":1,\"name\":\"In\u00edcio\",\"item\":\"https:\\\/\\\/www.p31noticias.com.br\\\/\"},{\"@type\":\"ListItem\",\"position\":2,\"name\":\"Jap\u00e3o quer come\u00e7ar a vacinar contra coronav\u00edrus no 1\u00ba semestre de 2021\"}]},{\"@type\":\"WebSite\",\"@id\":\"https:\\\/\\\/www.p31noticias.com.br\\\/#website\",\"url\":\"https:\\\/\\\/www.p31noticias.com.br\\\/\",\"name\":\"P31\",\"description\":\"NOT\u00cdCIAS\",\"potentialAction\":[{\"@type\":\"SearchAction\",\"target\":{\"@type\":\"EntryPoint\",\"urlTemplate\":\"https:\\\/\\\/www.p31noticias.com.br\\\/?s={search_term_string}\"},\"query-input\":{\"@type\":\"PropertyValueSpecification\",\"valueRequired\":true,\"valueName\":\"search_term_string\"}}],\"inLanguage\":\"pt-BR\"},{\"@type\":\"Person\",\"@id\":\"https:\\\/\\\/www.p31noticias.com.br\\\/#\\\/schema\\\/person\\\/77d6b186c710ac38937c6ec204fdd387\",\"name\":\"Reda\u00e7\u00e3o JBN\",\"image\":{\"@type\":\"ImageObject\",\"inLanguage\":\"pt-BR\",\"@id\":\"https:\\\/\\\/secure.gravatar.com\\\/avatar\\\/10fcdb93211f98cce3d64c0795b0915a9a4a21dc0f279238995a3dbfafcad090?s=96&d=mm&r=g\",\"url\":\"https:\\\/\\\/secure.gravatar.com\\\/avatar\\\/10fcdb93211f98cce3d64c0795b0915a9a4a21dc0f279238995a3dbfafcad090?s=96&d=mm&r=g\",\"contentUrl\":\"https:\\\/\\\/secure.gravatar.com\\\/avatar\\\/10fcdb93211f98cce3d64c0795b0915a9a4a21dc0f279238995a3dbfafcad090?s=96&d=mm&r=g\",\"caption\":\"Reda\u00e7\u00e3o JBN\"},\"sameAs\":[\"https:\\\/\\\/p31noticias.com.br\"],\"url\":\"https:\\\/\\\/www.p31noticias.com.br\\\/?author=18\"}]}<\/script>\n<!-- \/ Yoast SEO Premium plugin. -->","yoast_head_json":{"title":"Jap\u00e3o quer come\u00e7ar a vacinar contra coronav\u00edrus no 1\u00ba semestre de 2021 - P31","robots":{"index":"index","follow":"follow","max-snippet":"max-snippet:-1","max-image-preview":"max-image-preview:large","max-video-preview":"max-video-preview:-1"},"canonical":"https:\/\/www.p31noticias.com.br\/?p=22235","og_locale":"pt_BR","og_type":"article","og_title":"Jap\u00e3o quer come\u00e7ar a vacinar contra coronav\u00edrus no 1\u00ba semestre de 2021","og_description":"Governo pretende incentivar simultaneamente pesquisa e produ\u00e7\u00e3o O Minist\u00e9rio da Sa\u00fade, Trabalho e Bem-Estar Social do Jap\u00e3o elaborou um plano para tornar mais r\u00e1pido o processo at\u00e9 que vacinas contra o novo coronav\u00edrus possam ser usadas na pr\u00e1tica. A ideia \u00e9 aceler\u00e1-lo ao incentivar, de maneira simult\u00e2nea, tanto a pesquisa e o desenvolvimento quanto a [&hellip;]","og_url":"https:\/\/www.p31noticias.com.br\/?p=22235","og_site_name":"P31","article_published_time":"2020-06-07T14:05:46+00:00","og_image":[{"width":701,"height":398,"url":"https:\/\/www.p31noticias.com.br\/wp-content\/uploads\/2020\/04\/TGS0-1.jpg","type":"image\/jpeg"}],"author":"Reda\u00e7\u00e3o JBN","twitter_card":"summary_large_image","twitter_misc":{"Escrito por":"Reda\u00e7\u00e3o JBN","Est. tempo de leitura":"1 minuto"},"schema":{"@context":"https:\/\/schema.org","@graph":[{"@type":"Article","@id":"https:\/\/www.p31noticias.com.br\/?p=22235#article","isPartOf":{"@id":"https:\/\/www.p31noticias.com.br\/?p=22235"},"author":{"name":"Reda\u00e7\u00e3o JBN","@id":"https:\/\/www.p31noticias.com.br\/#\/schema\/person\/77d6b186c710ac38937c6ec204fdd387"},"headline":"Jap\u00e3o quer come\u00e7ar a vacinar contra coronav\u00edrus no 1\u00ba semestre de 2021","datePublished":"2020-06-07T14:05:46+00:00","mainEntityOfPage":{"@id":"https:\/\/www.p31noticias.com.br\/?p=22235"},"wordCount":200,"commentCount":0,"image":{"@id":"https:\/\/www.p31noticias.com.br\/?p=22235#primaryimage"},"thumbnailUrl":"https:\/\/www.p31noticias.com.br\/wp-content\/uploads\/2020\/04\/TGS0-1.jpg","articleSection":["Sa\u00fade"],"inLanguage":"pt-BR","potentialAction":[{"@type":"CommentAction","name":"Comment","target":["https:\/\/www.p31noticias.com.br\/?p=22235#respond"]}],"copyrightYear":"2020","copyrightHolder":{"@id":"https:\/\/www.p31noticias.com.br\/#organization"}},{"@type":"WebPage","@id":"https:\/\/www.p31noticias.com.br\/?p=22235","url":"https:\/\/www.p31noticias.com.br\/?p=22235","name":"Jap\u00e3o quer come\u00e7ar a vacinar contra coronav\u00edrus no 1\u00ba semestre de 2021 - P31","isPartOf":{"@id":"https:\/\/www.p31noticias.com.br\/#website"},"primaryImageOfPage":{"@id":"https:\/\/www.p31noticias.com.br\/?p=22235#primaryimage"},"image":{"@id":"https:\/\/www.p31noticias.com.br\/?p=22235#primaryimage"},"thumbnailUrl":"https:\/\/www.p31noticias.com.br\/wp-content\/uploads\/2020\/04\/TGS0-1.jpg","datePublished":"2020-06-07T14:05:46+00:00","author":{"@id":"https:\/\/www.p31noticias.com.br\/#\/schema\/person\/77d6b186c710ac38937c6ec204fdd387"},"breadcrumb":{"@id":"https:\/\/www.p31noticias.com.br\/?p=22235#breadcrumb"},"inLanguage":"pt-BR","potentialAction":[{"@type":"ReadAction","target":["https:\/\/www.p31noticias.com.br\/?p=22235"]}]},{"@type":"ImageObject","inLanguage":"pt-BR","@id":"https:\/\/www.p31noticias.com.br\/?p=22235#primaryimage","url":"https:\/\/www.p31noticias.com.br\/wp-content\/uploads\/2020\/04\/TGS0-1.jpg","contentUrl":"https:\/\/www.p31noticias.com.br\/wp-content\/uploads\/2020\/04\/TGS0-1.jpg","width":701,"height":398},{"@type":"BreadcrumbList","@id":"https:\/\/www.p31noticias.com.br\/?p=22235#breadcrumb","itemListElement":[{"@type":"ListItem","position":1,"name":"In\u00edcio","item":"https:\/\/www.p31noticias.com.br\/"},{"@type":"ListItem","position":2,"name":"Jap\u00e3o quer come\u00e7ar a vacinar contra coronav\u00edrus no 1\u00ba semestre de 2021"}]},{"@type":"WebSite","@id":"https:\/\/www.p31noticias.com.br\/#website","url":"https:\/\/www.p31noticias.com.br\/","name":"P31","description":"NOT\u00cdCIAS","potentialAction":[{"@type":"SearchAction","target":{"@type":"EntryPoint","urlTemplate":"https:\/\/www.p31noticias.com.br\/?s={search_term_string}"},"query-input":{"@type":"PropertyValueSpecification","valueRequired":true,"valueName":"search_term_string"}}],"inLanguage":"pt-BR"},{"@type":"Person","@id":"https:\/\/www.p31noticias.com.br\/#\/schema\/person\/77d6b186c710ac38937c6ec204fdd387","name":"Reda\u00e7\u00e3o JBN","image":{"@type":"ImageObject","inLanguage":"pt-BR","@id":"https:\/\/secure.gravatar.com\/avatar\/10fcdb93211f98cce3d64c0795b0915a9a4a21dc0f279238995a3dbfafcad090?s=96&d=mm&r=g","url":"https:\/\/secure.gravatar.com\/avatar\/10fcdb93211f98cce3d64c0795b0915a9a4a21dc0f279238995a3dbfafcad090?s=96&d=mm&r=g","contentUrl":"https:\/\/secure.gravatar.com\/avatar\/10fcdb93211f98cce3d64c0795b0915a9a4a21dc0f279238995a3dbfafcad090?s=96&d=mm&r=g","caption":"Reda\u00e7\u00e3o JBN"},"sameAs":["https:\/\/p31noticias.com.br"],"url":"https:\/\/www.p31noticias.com.br\/?author=18"}]}},"amp_enabled":true,"_links":{"self":[{"href":"https:\/\/www.p31noticias.com.br\/index.php?rest_route=\/wp\/v2\/posts\/22235","targetHints":{"allow":["GET"]}}],"collection":[{"href":"https:\/\/www.p31noticias.com.br\/index.php?rest_route=\/wp\/v2\/posts"}],"about":[{"href":"https:\/\/www.p31noticias.com.br\/index.php?rest_route=\/wp\/v2\/types\/post"}],"author":[{"embeddable":true,"href":"https:\/\/www.p31noticias.com.br\/index.php?rest_route=\/wp\/v2\/users\/18"}],"replies":[{"embeddable":true,"href":"https:\/\/www.p31noticias.com.br\/index.php?rest_route=%2Fwp%2Fv2%2Fcomments&post=22235"}],"version-history":[{"count":0,"href":"https:\/\/www.p31noticias.com.br\/index.php?rest_route=\/wp\/v2\/posts\/22235\/revisions"}],"wp:featuredmedia":[{"embeddable":true,"href":"https:\/\/www.p31noticias.com.br\/index.php?rest_route=\/wp\/v2\/media\/22185"}],"wp:attachment":[{"href":"https:\/\/www.p31noticias.com.br\/index.php?rest_route=%2Fwp%2Fv2%2Fmedia&parent=22235"}],"wp:term":[{"taxonomy":"category","embeddable":true,"href":"https:\/\/www.p31noticias.com.br\/index.php?rest_route=%2Fwp%2Fv2%2Fcategories&post=22235"},{"taxonomy":"post_tag","embeddable":true,"href":"https:\/\/www.p31noticias.com.br\/index.php?rest_route=%2Fwp%2Fv2%2Ftags&post=22235"}],"curies":[{"name":"wp","href":"https:\/\/api.w.org\/{rel}","templated":true}]}}