{"id":22172,"date":"2020-05-28T10:25:37","date_gmt":"2020-05-28T13:25:37","guid":{"rendered":"https:\/\/www.delioandrade.com.br\/?p=22172"},"modified":"2020-05-28T10:25:37","modified_gmt":"2020-05-28T13:25:37","slug":"r-220-bilhoes-lider-do-podemos-propoe-uso-de-fundos-publicos-para-custear-parcela-de-r-600-do-auxilio-emergencial","status":"publish","type":"post","link":"https:\/\/www.p31noticias.com.br\/?p=22172","title":{"rendered":"R$ 220 bilh\u00f5es: L\u00edder do Podemos prop\u00f5e uso de fundos p\u00fablicos para custear parcela de R$ 600 do aux\u00edlio emergencial"},"content":{"rendered":"<div>\n<div><a>L\u00edder do Podemos na C\u00e2mara, o deputado federal L\u00e9o Moraes (RO) prop\u00f4s ao ministro da Economia, Paulo Guedes, que o Governo Federal utilize recursos dos fundos p\u00fablicos infraconstitucionais para custear a amplia\u00e7\u00e3o do aux\u00edlio emergencial. Em of\u00edcio encaminhado \u00e0 equipe econ\u00f4mica, o parlamentar aponta que a crise \u00e9 \u201cmaior\u201d do que qualquer previs\u00e3o inicial indicava e que, al\u00e9m de ampliar o n\u00famero de parcelas, \u00e9 fundamental manter o valor m\u00ednimo de R$ 600, para evitar uma \u201ctrag\u00e9dia\u201d no pa\u00eds.<\/a>Na semana passada, Paulo Guedes revelou a empres\u00e1rios que pretende reduzir o valor de R$ 600 para R$ 200, ap\u00f3s o pagamento das tr\u00eas parcelas, \u201cpor falta de espa\u00e7o fiscal\u201d. No \u00faltimo s\u00e1bado (23), a Secretaria de Comunica\u00e7\u00e3o Social da Presid\u00eancia da Rep\u00fablica confirmou o pagamento da quarta parcela do aux\u00edlio emergencial, mas n\u00e3o informou se o valor de R$ 600 ser\u00e1 mantido.<\/p>\n<p>\u201cUm caminho poderia ser uma Medida Provis\u00f3ria autorizando que os recursos dos fundos p\u00fablicos, previstos na Pec 187\/2019, possam ser utilizados para o combate ao coronav\u00edrus, em vez de servirem para o pagamento da d\u00edvida p\u00fablica. Ou ent\u00e3o, o governo poderia pedir ao Congresso que acelerasse a tramita\u00e7\u00e3o da pr\u00f3pria Pec dos Fundos com essa finalidade\u201d, prop\u00f5e L\u00e9o Moraes.<\/p>\n<p>Em 2019, o governo encaminhou ao Congresso a Pec dos Fundos P\u00fablicos, que estabelece a extin\u00e7\u00e3o de uma s\u00e9rie de fundos e direciona esses recursos para pagamento de juros da d\u00edvida p\u00fablica. De acordo com o pr\u00f3prio governo, existem aproximadamente 281 fundos p\u00fablicos federais que poderiam ser extintos e que gerariam um caixa de R$ 220 bilh\u00f5es.<\/p>\n<p>\u201cSe quiser, o governo tem caixa para pagar mais cinco meses de aux\u00edlio, al\u00e9m das tr\u00eas parcelas inciais, e ainda sobram R$ 20 bilh\u00f5es. E o mais importante, sem criar qualquer imposto para a popula\u00e7\u00e3o\u201d, acrescenta o l\u00edder do Podemos.<\/p>\n<p>Atualmente, cada parcela do aux\u00edlio emergencial custa em torno de R$ 40 bilh\u00f5es para o governo.<\/p>\n<p>L\u00e9o Moraes lembra que pa\u00edses com economias liberais, como o caso dos Estados Unidos e na\u00e7\u00f5es europeias, adotaram pol\u00edticas de subs\u00eddio mais amplas que o Brasil. Conforme estudo da Funda\u00e7\u00e3o Get\u00falio Vargas, o custo do aux\u00edlio no pa\u00eds representa 2% do PIB, enquanto no Reino Unido e na Espanha, o valor corresponde a 17% do Produto Interno Bruto. Na Alemanha, 12%, na Fran\u00e7a, 13,1%, e nos Estados Unidos, 6,3%.<\/p>\n<p>\u201cSabemos que o Paulo Guedes est\u00e1 entre a \u2018cruz e a espada\u2019, entre pagar os juros da d\u00edvida e transferir recursos para fam\u00edlias de baixa renda. Esperamos que ele fa\u00e7a a escolha correta, que \u00e9 pensar na popula\u00e7\u00e3o brasileira\u201d, defende L\u00e9o Moraes.<\/p>\n<\/div>\n<\/div>\n<div>\n<div><a>Cr\u00e9dito Foto: Saulo Rolim<\/a><\/div>\n<\/div>\n","protected":false},"excerpt":{"rendered":"<p>L\u00edder do Podemos na C\u00e2mara, o deputado federal L\u00e9o Moraes (RO) prop\u00f4s ao ministro da Economia, Paulo Guedes, que o Governo Federal utilize recursos dos fundos p\u00fablicos infraconstitucionais para custear a amplia\u00e7\u00e3o do aux\u00edlio emergencial. Em of\u00edcio encaminhado \u00e0 equipe econ\u00f4mica, o parlamentar aponta que a crise \u00e9 \u201cmaior\u201d do que qualquer previs\u00e3o inicial indicava [&hellip;]<\/p>\n","protected":false},"author":18,"featured_media":22173,"comment_status":"open","ping_status":"open","sticky":false,"template":"","format":"standard","meta":{"footnotes":""},"categories":[57],"tags":[],"class_list":{"0":"post-22172","1":"post","2":"type-post","3":"status-publish","4":"format-standard","5":"has-post-thumbnail","7":"category-politica"},"yoast_head":"<!-- This site is optimized with the Yoast SEO Premium plugin v24.5 (Yoast SEO v27.5) - https:\/\/yoast.com\/product\/yoast-seo-premium-wordpress\/ -->\n<title>R$ 220 bilh\u00f5es: L\u00edder do Podemos prop\u00f5e uso de fundos p\u00fablicos para custear parcela de R$ 600 do aux\u00edlio emergencial - P31<\/title>\n<meta name=\"robots\" content=\"index, follow, max-snippet:-1, max-image-preview:large, max-video-preview:-1\" \/>\n<link rel=\"canonical\" href=\"https:\/\/www.p31noticias.com.br\/?p=22172\" \/>\n<meta property=\"og:locale\" content=\"pt_BR\" \/>\n<meta property=\"og:type\" content=\"article\" \/>\n<meta property=\"og:title\" content=\"R$ 220 bilh\u00f5es: L\u00edder do Podemos prop\u00f5e uso de fundos p\u00fablicos para custear parcela de R$ 600 do aux\u00edlio emergencial\" \/>\n<meta property=\"og:description\" content=\"L\u00edder do Podemos na C\u00e2mara, o deputado federal L\u00e9o Moraes (RO) prop\u00f4s ao ministro da Economia, Paulo Guedes, que o Governo Federal utilize recursos dos fundos p\u00fablicos infraconstitucionais para custear a amplia\u00e7\u00e3o do aux\u00edlio emergencial. Em of\u00edcio encaminhado \u00e0 equipe econ\u00f4mica, o parlamentar aponta que a crise \u00e9 \u201cmaior\u201d do que qualquer previs\u00e3o inicial indicava [&hellip;]\" \/>\n<meta property=\"og:url\" content=\"https:\/\/www.p31noticias.com.br\/?p=22172\" \/>\n<meta property=\"og:site_name\" content=\"P31\" \/>\n<meta property=\"article:published_time\" content=\"2020-05-28T13:25:37+00:00\" \/>\n<meta property=\"og:image\" content=\"https:\/\/www.p31noticias.com.br\/wp-content\/uploads\/2020\/05\/unnamed-148.jpg\" \/>\n\t<meta property=\"og:image:width\" content=\"640\" \/>\n\t<meta property=\"og:image:height\" content=\"426\" \/>\n\t<meta property=\"og:image:type\" content=\"image\/jpeg\" \/>\n<meta name=\"author\" content=\"Reda\u00e7\u00e3o JBN\" \/>\n<meta name=\"twitter:card\" content=\"summary_large_image\" \/>\n<meta name=\"twitter:label1\" content=\"Escrito por\" \/>\n\t<meta name=\"twitter:data1\" content=\"Reda\u00e7\u00e3o JBN\" \/>\n\t<meta name=\"twitter:label2\" content=\"Est. tempo de leitura\" \/>\n\t<meta name=\"twitter:data2\" content=\"2 minutos\" \/>\n<script type=\"application\/ld+json\" class=\"yoast-schema-graph\">{\"@context\":\"https:\\\/\\\/schema.org\",\"@graph\":[{\"@type\":\"Article\",\"@id\":\"https:\\\/\\\/www.p31noticias.com.br\\\/?p=22172#article\",\"isPartOf\":{\"@id\":\"https:\\\/\\\/www.p31noticias.com.br\\\/?p=22172\"},\"author\":{\"name\":\"Reda\u00e7\u00e3o JBN\",\"@id\":\"https:\\\/\\\/www.p31noticias.com.br\\\/#\\\/schema\\\/person\\\/77d6b186c710ac38937c6ec204fdd387\"},\"headline\":\"R$ 220 bilh\u00f5es: L\u00edder do Podemos prop\u00f5e uso de fundos p\u00fablicos para custear parcela de R$ 600 do aux\u00edlio emergencial\",\"datePublished\":\"2020-05-28T13:25:37+00:00\",\"mainEntityOfPage\":{\"@id\":\"https:\\\/\\\/www.p31noticias.com.br\\\/?p=22172\"},\"wordCount\":499,\"commentCount\":0,\"image\":{\"@id\":\"https:\\\/\\\/www.p31noticias.com.br\\\/?p=22172#primaryimage\"},\"thumbnailUrl\":\"https:\\\/\\\/www.p31noticias.com.br\\\/wp-content\\\/uploads\\\/2020\\\/05\\\/unnamed-148.jpg\",\"articleSection\":[\"Pol\u00edtica\"],\"inLanguage\":\"pt-BR\",\"potentialAction\":[{\"@type\":\"CommentAction\",\"name\":\"Comment\",\"target\":[\"https:\\\/\\\/www.p31noticias.com.br\\\/?p=22172#respond\"]}],\"copyrightYear\":\"2020\",\"copyrightHolder\":{\"@id\":\"https:\\\/\\\/www.p31noticias.com.br\\\/#organization\"}},{\"@type\":\"WebPage\",\"@id\":\"https:\\\/\\\/www.p31noticias.com.br\\\/?p=22172\",\"url\":\"https:\\\/\\\/www.p31noticias.com.br\\\/?p=22172\",\"name\":\"R$ 220 bilh\u00f5es: L\u00edder do Podemos prop\u00f5e uso de fundos p\u00fablicos para custear parcela de R$ 600 do aux\u00edlio emergencial - P31\",\"isPartOf\":{\"@id\":\"https:\\\/\\\/www.p31noticias.com.br\\\/#website\"},\"primaryImageOfPage\":{\"@id\":\"https:\\\/\\\/www.p31noticias.com.br\\\/?p=22172#primaryimage\"},\"image\":{\"@id\":\"https:\\\/\\\/www.p31noticias.com.br\\\/?p=22172#primaryimage\"},\"thumbnailUrl\":\"https:\\\/\\\/www.p31noticias.com.br\\\/wp-content\\\/uploads\\\/2020\\\/05\\\/unnamed-148.jpg\",\"datePublished\":\"2020-05-28T13:25:37+00:00\",\"author\":{\"@id\":\"https:\\\/\\\/www.p31noticias.com.br\\\/#\\\/schema\\\/person\\\/77d6b186c710ac38937c6ec204fdd387\"},\"breadcrumb\":{\"@id\":\"https:\\\/\\\/www.p31noticias.com.br\\\/?p=22172#breadcrumb\"},\"inLanguage\":\"pt-BR\",\"potentialAction\":[{\"@type\":\"ReadAction\",\"target\":[\"https:\\\/\\\/www.p31noticias.com.br\\\/?p=22172\"]}]},{\"@type\":\"ImageObject\",\"inLanguage\":\"pt-BR\",\"@id\":\"https:\\\/\\\/www.p31noticias.com.br\\\/?p=22172#primaryimage\",\"url\":\"https:\\\/\\\/www.p31noticias.com.br\\\/wp-content\\\/uploads\\\/2020\\\/05\\\/unnamed-148.jpg\",\"contentUrl\":\"https:\\\/\\\/www.p31noticias.com.br\\\/wp-content\\\/uploads\\\/2020\\\/05\\\/unnamed-148.jpg\",\"width\":640,\"height\":426},{\"@type\":\"BreadcrumbList\",\"@id\":\"https:\\\/\\\/www.p31noticias.com.br\\\/?p=22172#breadcrumb\",\"itemListElement\":[{\"@type\":\"ListItem\",\"position\":1,\"name\":\"In\u00edcio\",\"item\":\"https:\\\/\\\/www.p31noticias.com.br\\\/\"},{\"@type\":\"ListItem\",\"position\":2,\"name\":\"R$ 220 bilh\u00f5es: L\u00edder do Podemos prop\u00f5e uso de fundos p\u00fablicos para custear parcela de R$ 600 do aux\u00edlio emergencial\"}]},{\"@type\":\"WebSite\",\"@id\":\"https:\\\/\\\/www.p31noticias.com.br\\\/#website\",\"url\":\"https:\\\/\\\/www.p31noticias.com.br\\\/\",\"name\":\"P31\",\"description\":\"NOT\u00cdCIAS\",\"potentialAction\":[{\"@type\":\"SearchAction\",\"target\":{\"@type\":\"EntryPoint\",\"urlTemplate\":\"https:\\\/\\\/www.p31noticias.com.br\\\/?s={search_term_string}\"},\"query-input\":{\"@type\":\"PropertyValueSpecification\",\"valueRequired\":true,\"valueName\":\"search_term_string\"}}],\"inLanguage\":\"pt-BR\"},{\"@type\":\"Person\",\"@id\":\"https:\\\/\\\/www.p31noticias.com.br\\\/#\\\/schema\\\/person\\\/77d6b186c710ac38937c6ec204fdd387\",\"name\":\"Reda\u00e7\u00e3o JBN\",\"image\":{\"@type\":\"ImageObject\",\"inLanguage\":\"pt-BR\",\"@id\":\"https:\\\/\\\/secure.gravatar.com\\\/avatar\\\/10fcdb93211f98cce3d64c0795b0915a9a4a21dc0f279238995a3dbfafcad090?s=96&d=mm&r=g\",\"url\":\"https:\\\/\\\/secure.gravatar.com\\\/avatar\\\/10fcdb93211f98cce3d64c0795b0915a9a4a21dc0f279238995a3dbfafcad090?s=96&d=mm&r=g\",\"contentUrl\":\"https:\\\/\\\/secure.gravatar.com\\\/avatar\\\/10fcdb93211f98cce3d64c0795b0915a9a4a21dc0f279238995a3dbfafcad090?s=96&d=mm&r=g\",\"caption\":\"Reda\u00e7\u00e3o JBN\"},\"sameAs\":[\"https:\\\/\\\/p31noticias.com.br\"],\"url\":\"https:\\\/\\\/www.p31noticias.com.br\\\/?author=18\"}]}<\/script>\n<!-- \/ Yoast SEO Premium plugin. -->","yoast_head_json":{"title":"R$ 220 bilh\u00f5es: L\u00edder do Podemos prop\u00f5e uso de fundos p\u00fablicos para custear parcela de R$ 600 do aux\u00edlio emergencial - P31","robots":{"index":"index","follow":"follow","max-snippet":"max-snippet:-1","max-image-preview":"max-image-preview:large","max-video-preview":"max-video-preview:-1"},"canonical":"https:\/\/www.p31noticias.com.br\/?p=22172","og_locale":"pt_BR","og_type":"article","og_title":"R$ 220 bilh\u00f5es: L\u00edder do Podemos prop\u00f5e uso de fundos p\u00fablicos para custear parcela de R$ 600 do aux\u00edlio emergencial","og_description":"L\u00edder do Podemos na C\u00e2mara, o deputado federal L\u00e9o Moraes (RO) prop\u00f4s ao ministro da Economia, Paulo Guedes, que o Governo Federal utilize recursos dos fundos p\u00fablicos infraconstitucionais para custear a amplia\u00e7\u00e3o do aux\u00edlio emergencial. Em of\u00edcio encaminhado \u00e0 equipe econ\u00f4mica, o parlamentar aponta que a crise \u00e9 \u201cmaior\u201d do que qualquer previs\u00e3o inicial indicava [&hellip;]","og_url":"https:\/\/www.p31noticias.com.br\/?p=22172","og_site_name":"P31","article_published_time":"2020-05-28T13:25:37+00:00","og_image":[{"width":640,"height":426,"url":"https:\/\/www.p31noticias.com.br\/wp-content\/uploads\/2020\/05\/unnamed-148.jpg","type":"image\/jpeg"}],"author":"Reda\u00e7\u00e3o JBN","twitter_card":"summary_large_image","twitter_misc":{"Escrito por":"Reda\u00e7\u00e3o JBN","Est. tempo de leitura":"2 minutos"},"schema":{"@context":"https:\/\/schema.org","@graph":[{"@type":"Article","@id":"https:\/\/www.p31noticias.com.br\/?p=22172#article","isPartOf":{"@id":"https:\/\/www.p31noticias.com.br\/?p=22172"},"author":{"name":"Reda\u00e7\u00e3o JBN","@id":"https:\/\/www.p31noticias.com.br\/#\/schema\/person\/77d6b186c710ac38937c6ec204fdd387"},"headline":"R$ 220 bilh\u00f5es: L\u00edder do Podemos prop\u00f5e uso de fundos p\u00fablicos para custear parcela de R$ 600 do aux\u00edlio emergencial","datePublished":"2020-05-28T13:25:37+00:00","mainEntityOfPage":{"@id":"https:\/\/www.p31noticias.com.br\/?p=22172"},"wordCount":499,"commentCount":0,"image":{"@id":"https:\/\/www.p31noticias.com.br\/?p=22172#primaryimage"},"thumbnailUrl":"https:\/\/www.p31noticias.com.br\/wp-content\/uploads\/2020\/05\/unnamed-148.jpg","articleSection":["Pol\u00edtica"],"inLanguage":"pt-BR","potentialAction":[{"@type":"CommentAction","name":"Comment","target":["https:\/\/www.p31noticias.com.br\/?p=22172#respond"]}],"copyrightYear":"2020","copyrightHolder":{"@id":"https:\/\/www.p31noticias.com.br\/#organization"}},{"@type":"WebPage","@id":"https:\/\/www.p31noticias.com.br\/?p=22172","url":"https:\/\/www.p31noticias.com.br\/?p=22172","name":"R$ 220 bilh\u00f5es: L\u00edder do Podemos prop\u00f5e uso de fundos p\u00fablicos para custear parcela de R$ 600 do aux\u00edlio emergencial - P31","isPartOf":{"@id":"https:\/\/www.p31noticias.com.br\/#website"},"primaryImageOfPage":{"@id":"https:\/\/www.p31noticias.com.br\/?p=22172#primaryimage"},"image":{"@id":"https:\/\/www.p31noticias.com.br\/?p=22172#primaryimage"},"thumbnailUrl":"https:\/\/www.p31noticias.com.br\/wp-content\/uploads\/2020\/05\/unnamed-148.jpg","datePublished":"2020-05-28T13:25:37+00:00","author":{"@id":"https:\/\/www.p31noticias.com.br\/#\/schema\/person\/77d6b186c710ac38937c6ec204fdd387"},"breadcrumb":{"@id":"https:\/\/www.p31noticias.com.br\/?p=22172#breadcrumb"},"inLanguage":"pt-BR","potentialAction":[{"@type":"ReadAction","target":["https:\/\/www.p31noticias.com.br\/?p=22172"]}]},{"@type":"ImageObject","inLanguage":"pt-BR","@id":"https:\/\/www.p31noticias.com.br\/?p=22172#primaryimage","url":"https:\/\/www.p31noticias.com.br\/wp-content\/uploads\/2020\/05\/unnamed-148.jpg","contentUrl":"https:\/\/www.p31noticias.com.br\/wp-content\/uploads\/2020\/05\/unnamed-148.jpg","width":640,"height":426},{"@type":"BreadcrumbList","@id":"https:\/\/www.p31noticias.com.br\/?p=22172#breadcrumb","itemListElement":[{"@type":"ListItem","position":1,"name":"In\u00edcio","item":"https:\/\/www.p31noticias.com.br\/"},{"@type":"ListItem","position":2,"name":"R$ 220 bilh\u00f5es: L\u00edder do Podemos prop\u00f5e uso de fundos p\u00fablicos para custear parcela de R$ 600 do aux\u00edlio emergencial"}]},{"@type":"WebSite","@id":"https:\/\/www.p31noticias.com.br\/#website","url":"https:\/\/www.p31noticias.com.br\/","name":"P31","description":"NOT\u00cdCIAS","potentialAction":[{"@type":"SearchAction","target":{"@type":"EntryPoint","urlTemplate":"https:\/\/www.p31noticias.com.br\/?s={search_term_string}"},"query-input":{"@type":"PropertyValueSpecification","valueRequired":true,"valueName":"search_term_string"}}],"inLanguage":"pt-BR"},{"@type":"Person","@id":"https:\/\/www.p31noticias.com.br\/#\/schema\/person\/77d6b186c710ac38937c6ec204fdd387","name":"Reda\u00e7\u00e3o JBN","image":{"@type":"ImageObject","inLanguage":"pt-BR","@id":"https:\/\/secure.gravatar.com\/avatar\/10fcdb93211f98cce3d64c0795b0915a9a4a21dc0f279238995a3dbfafcad090?s=96&d=mm&r=g","url":"https:\/\/secure.gravatar.com\/avatar\/10fcdb93211f98cce3d64c0795b0915a9a4a21dc0f279238995a3dbfafcad090?s=96&d=mm&r=g","contentUrl":"https:\/\/secure.gravatar.com\/avatar\/10fcdb93211f98cce3d64c0795b0915a9a4a21dc0f279238995a3dbfafcad090?s=96&d=mm&r=g","caption":"Reda\u00e7\u00e3o JBN"},"sameAs":["https:\/\/p31noticias.com.br"],"url":"https:\/\/www.p31noticias.com.br\/?author=18"}]}},"amp_enabled":true,"_links":{"self":[{"href":"https:\/\/www.p31noticias.com.br\/index.php?rest_route=\/wp\/v2\/posts\/22172","targetHints":{"allow":["GET"]}}],"collection":[{"href":"https:\/\/www.p31noticias.com.br\/index.php?rest_route=\/wp\/v2\/posts"}],"about":[{"href":"https:\/\/www.p31noticias.com.br\/index.php?rest_route=\/wp\/v2\/types\/post"}],"author":[{"embeddable":true,"href":"https:\/\/www.p31noticias.com.br\/index.php?rest_route=\/wp\/v2\/users\/18"}],"replies":[{"embeddable":true,"href":"https:\/\/www.p31noticias.com.br\/index.php?rest_route=%2Fwp%2Fv2%2Fcomments&post=22172"}],"version-history":[{"count":0,"href":"https:\/\/www.p31noticias.com.br\/index.php?rest_route=\/wp\/v2\/posts\/22172\/revisions"}],"wp:featuredmedia":[{"embeddable":true,"href":"https:\/\/www.p31noticias.com.br\/index.php?rest_route=\/wp\/v2\/media\/22173"}],"wp:attachment":[{"href":"https:\/\/www.p31noticias.com.br\/index.php?rest_route=%2Fwp%2Fv2%2Fmedia&parent=22172"}],"wp:term":[{"taxonomy":"category","embeddable":true,"href":"https:\/\/www.p31noticias.com.br\/index.php?rest_route=%2Fwp%2Fv2%2Fcategories&post=22172"},{"taxonomy":"post_tag","embeddable":true,"href":"https:\/\/www.p31noticias.com.br\/index.php?rest_route=%2Fwp%2Fv2%2Ftags&post=22172"}],"curies":[{"name":"wp","href":"https:\/\/api.w.org\/{rel}","templated":true}]}}