{"id":22171,"date":"2020-06-05T09:41:57","date_gmt":"2020-06-05T12:41:57","guid":{"rendered":"https:\/\/jornaldoplanalto.com.br\/web\/?p=22171"},"modified":"2020-06-05T09:41:57","modified_gmt":"2020-06-05T12:41:57","slug":"caixa-libera-2a-parcela-para-26-milhoes-de-beneficiarios-de-auxilio","status":"publish","type":"post","link":"https:\/\/www.p31noticias.com.br\/?p=22171","title":{"rendered":"Caixa libera 2\u00aa parcela para 2,6 milh\u00f5es de benefici\u00e1rios de aux\u00edlio"},"content":{"rendered":"<p><strong><em>Aux\u00edlio emergencial \u00e9 de R$ 600 (R$ 1,2 mil para m\u00e3es solteiras)<\/em><\/strong><\/p>\n<p>A Caixa Econ\u00f4mica Federal libera hoje (5) as transfer\u00eancias e os saques da segunda parcela do aux\u00edlio emergencial para 2,6 milh\u00f5es de benefici\u00e1rios nascidos em junho. O valor \u00e9 de R$ 600 (R$ 1,2 mil para m\u00e3es solteiras).O dinheiro \u00e9 para fazer frente \u00e0s dificuldades decorrentes do surto do novo coronav\u00edrus.<\/p>\n<p>A libera\u00e7\u00e3o do saque e a transfer\u00eancia da poupan\u00e7a social da Caixa para outros bancos est\u00e3o sendo feitas de acordo com o m\u00eas de nascimento dos benefici\u00e1rios. Os recursos s\u00e3o transferidos automaticamente para as contas indicadas.<\/p>\n<p>No \u00faltimo s\u00e1bado (30), foram liberados o saque e a transfer\u00eancia para os nascidos em janeiro. Hoje, \u00e9 a vez dos nascidos em junho. Amanh\u00e3 (6), a libera\u00e7\u00e3o ser\u00e1 para os nascidos em julho, e assim por diante at\u00e9 o s\u00e1bado, 13 de junho, para quem nasceu em dezembro, com exce\u00e7\u00e3o de domingo (7) e do feriado de Corpus Christi (11).<\/p>\n<p><strong>Transfer\u00eancia<\/strong><\/p>\n<p>A transfer\u00eancia dos valores ser\u00e1 feita para quem indicou contas para recebimento em outros bancos ou poupan\u00e7a existente na Caixa. Com isso, esses benefici\u00e1rios poder\u00e3o procurar as institui\u00e7\u00f5es financeiras com quem t\u00eam relacionamento, caso queiram sacar. Segundo a Caixa, mais de 50 bancos participam da opera\u00e7\u00e3o de pagamento do aux\u00edlio emergencial.<\/p>\n<p>Todos os benefici\u00e1rios do Bolsa Fam\u00edlia eleg\u00edveis para o aux\u00edlio emergencial j\u00e1 receberam o cr\u00e9dito da segunda parcela.<\/p>\n<p>A Caixa informou que n\u00e3o \u00e9 preciso madrugar nas filas. Todas as pessoas que chegarem \u00e0s ag\u00eancias durante o hor\u00e1rio de funcionamento &#8211; das 8h \u00e0s 14h &#8211; ser\u00e3o atendidas. Elas v\u00e3o receber senhas e, mesmo com as unidades fechando \u00e0s 14h, o atendimento continua at\u00e9 o \u00faltimo cliente, garantiu o banco.<\/p>\n<p><em>(Por Kelly Oliveira \u2013 Rep\u00f3rter da Ag\u00eancia Brasil &#8211; Bras\u00edlia. Foto: Marcelo Camargo\/Ag\u00eancia Brasil)<\/em><\/p>\n","protected":false},"excerpt":{"rendered":"<p>Aux\u00edlio emergencial \u00e9 de R$ 600 (R$ 1,2 mil para m\u00e3es solteiras) A Caixa Econ\u00f4mica Federal libera hoje (5) as transfer\u00eancias e os saques da segunda parcela do aux\u00edlio emergencial para 2,6 milh\u00f5es de benefici\u00e1rios nascidos em junho. O valor \u00e9 de R$ 600 (R$ 1,2 mil para m\u00e3es solteiras).O dinheiro \u00e9 para fazer frente [&hellip;]<\/p>\n","protected":false},"author":18,"featured_media":22172,"comment_status":"open","ping_status":"open","sticky":false,"template":"","format":"standard","meta":{"footnotes":""},"categories":[68],"tags":[],"class_list":{"0":"post-22171","1":"post","2":"type-post","3":"status-publish","4":"format-standard","5":"has-post-thumbnail","7":"category-brasil"},"yoast_head":"<!-- This site is optimized with the Yoast SEO Premium plugin v24.5 (Yoast SEO v27.5) - https:\/\/yoast.com\/product\/yoast-seo-premium-wordpress\/ -->\n<title>Caixa libera 2\u00aa parcela para 2,6 milh\u00f5es de benefici\u00e1rios de aux\u00edlio - P31<\/title>\n<meta name=\"robots\" content=\"index, follow, max-snippet:-1, max-image-preview:large, max-video-preview:-1\" \/>\n<link rel=\"canonical\" href=\"https:\/\/www.p31noticias.com.br\/?p=22171\" \/>\n<meta property=\"og:locale\" content=\"pt_BR\" \/>\n<meta property=\"og:type\" content=\"article\" \/>\n<meta property=\"og:title\" content=\"Caixa libera 2\u00aa parcela para 2,6 milh\u00f5es de benefici\u00e1rios de aux\u00edlio\" \/>\n<meta property=\"og:description\" content=\"Aux\u00edlio emergencial \u00e9 de R$ 600 (R$ 1,2 mil para m\u00e3es solteiras) A Caixa Econ\u00f4mica Federal libera hoje (5) as transfer\u00eancias e os saques da segunda parcela do aux\u00edlio emergencial para 2,6 milh\u00f5es de benefici\u00e1rios nascidos em junho. O valor \u00e9 de R$ 600 (R$ 1,2 mil para m\u00e3es solteiras).O dinheiro \u00e9 para fazer frente [&hellip;]\" \/>\n<meta property=\"og:url\" content=\"https:\/\/www.p31noticias.com.br\/?p=22171\" \/>\n<meta property=\"og:site_name\" content=\"P31\" \/>\n<meta property=\"article:published_time\" content=\"2020-06-05T12:41:57+00:00\" \/>\n<meta name=\"author\" content=\"Reda\u00e7\u00e3o JBN\" \/>\n<meta name=\"twitter:card\" content=\"summary_large_image\" \/>\n<meta name=\"twitter:label1\" content=\"Escrito por\" \/>\n\t<meta name=\"twitter:data1\" content=\"Reda\u00e7\u00e3o JBN\" \/>\n\t<meta name=\"twitter:label2\" content=\"Est. tempo de leitura\" \/>\n\t<meta name=\"twitter:data2\" content=\"2 minutos\" \/>\n<script type=\"application\/ld+json\" class=\"yoast-schema-graph\">{\"@context\":\"https:\\\/\\\/schema.org\",\"@graph\":[{\"@type\":\"Article\",\"@id\":\"https:\\\/\\\/www.p31noticias.com.br\\\/?p=22171#article\",\"isPartOf\":{\"@id\":\"https:\\\/\\\/www.p31noticias.com.br\\\/?p=22171\"},\"author\":{\"name\":\"Reda\u00e7\u00e3o JBN\",\"@id\":\"https:\\\/\\\/www.p31noticias.com.br\\\/#\\\/schema\\\/person\\\/77d6b186c710ac38937c6ec204fdd387\"},\"headline\":\"Caixa libera 2\u00aa parcela para 2,6 milh\u00f5es de benefici\u00e1rios de aux\u00edlio\",\"datePublished\":\"2020-06-05T12:41:57+00:00\",\"mainEntityOfPage\":{\"@id\":\"https:\\\/\\\/www.p31noticias.com.br\\\/?p=22171\"},\"wordCount\":336,\"commentCount\":0,\"image\":{\"@id\":\"https:\\\/\\\/www.p31noticias.com.br\\\/?p=22171#primaryimage\"},\"thumbnailUrl\":\"\",\"articleSection\":[\"Brasil\"],\"inLanguage\":\"pt-BR\",\"potentialAction\":[{\"@type\":\"CommentAction\",\"name\":\"Comment\",\"target\":[\"https:\\\/\\\/www.p31noticias.com.br\\\/?p=22171#respond\"]}],\"copyrightYear\":\"2020\",\"copyrightHolder\":{\"@id\":\"https:\\\/\\\/www.p31noticias.com.br\\\/#organization\"}},{\"@type\":\"WebPage\",\"@id\":\"https:\\\/\\\/www.p31noticias.com.br\\\/?p=22171\",\"url\":\"https:\\\/\\\/www.p31noticias.com.br\\\/?p=22171\",\"name\":\"Caixa libera 2\u00aa parcela para 2,6 milh\u00f5es de benefici\u00e1rios de aux\u00edlio - P31\",\"isPartOf\":{\"@id\":\"https:\\\/\\\/www.p31noticias.com.br\\\/#website\"},\"primaryImageOfPage\":{\"@id\":\"https:\\\/\\\/www.p31noticias.com.br\\\/?p=22171#primaryimage\"},\"image\":{\"@id\":\"https:\\\/\\\/www.p31noticias.com.br\\\/?p=22171#primaryimage\"},\"thumbnailUrl\":\"\",\"datePublished\":\"2020-06-05T12:41:57+00:00\",\"author\":{\"@id\":\"https:\\\/\\\/www.p31noticias.com.br\\\/#\\\/schema\\\/person\\\/77d6b186c710ac38937c6ec204fdd387\"},\"breadcrumb\":{\"@id\":\"https:\\\/\\\/www.p31noticias.com.br\\\/?p=22171#breadcrumb\"},\"inLanguage\":\"pt-BR\",\"potentialAction\":[{\"@type\":\"ReadAction\",\"target\":[\"https:\\\/\\\/www.p31noticias.com.br\\\/?p=22171\"]}]},{\"@type\":\"ImageObject\",\"inLanguage\":\"pt-BR\",\"@id\":\"https:\\\/\\\/www.p31noticias.com.br\\\/?p=22171#primaryimage\",\"url\":\"\",\"contentUrl\":\"\"},{\"@type\":\"BreadcrumbList\",\"@id\":\"https:\\\/\\\/www.p31noticias.com.br\\\/?p=22171#breadcrumb\",\"itemListElement\":[{\"@type\":\"ListItem\",\"position\":1,\"name\":\"In\u00edcio\",\"item\":\"https:\\\/\\\/www.p31noticias.com.br\\\/\"},{\"@type\":\"ListItem\",\"position\":2,\"name\":\"Caixa libera 2\u00aa parcela para 2,6 milh\u00f5es de benefici\u00e1rios de aux\u00edlio\"}]},{\"@type\":\"WebSite\",\"@id\":\"https:\\\/\\\/www.p31noticias.com.br\\\/#website\",\"url\":\"https:\\\/\\\/www.p31noticias.com.br\\\/\",\"name\":\"P31\",\"description\":\"NOT\u00cdCIAS\",\"potentialAction\":[{\"@type\":\"SearchAction\",\"target\":{\"@type\":\"EntryPoint\",\"urlTemplate\":\"https:\\\/\\\/www.p31noticias.com.br\\\/?s={search_term_string}\"},\"query-input\":{\"@type\":\"PropertyValueSpecification\",\"valueRequired\":true,\"valueName\":\"search_term_string\"}}],\"inLanguage\":\"pt-BR\"},{\"@type\":\"Person\",\"@id\":\"https:\\\/\\\/www.p31noticias.com.br\\\/#\\\/schema\\\/person\\\/77d6b186c710ac38937c6ec204fdd387\",\"name\":\"Reda\u00e7\u00e3o JBN\",\"image\":{\"@type\":\"ImageObject\",\"inLanguage\":\"pt-BR\",\"@id\":\"https:\\\/\\\/secure.gravatar.com\\\/avatar\\\/10fcdb93211f98cce3d64c0795b0915a9a4a21dc0f279238995a3dbfafcad090?s=96&d=mm&r=g\",\"url\":\"https:\\\/\\\/secure.gravatar.com\\\/avatar\\\/10fcdb93211f98cce3d64c0795b0915a9a4a21dc0f279238995a3dbfafcad090?s=96&d=mm&r=g\",\"contentUrl\":\"https:\\\/\\\/secure.gravatar.com\\\/avatar\\\/10fcdb93211f98cce3d64c0795b0915a9a4a21dc0f279238995a3dbfafcad090?s=96&d=mm&r=g\",\"caption\":\"Reda\u00e7\u00e3o JBN\"},\"sameAs\":[\"https:\\\/\\\/p31noticias.com.br\"],\"url\":\"https:\\\/\\\/www.p31noticias.com.br\\\/?author=18\"}]}<\/script>\n<!-- \/ Yoast SEO Premium plugin. -->","yoast_head_json":{"title":"Caixa libera 2\u00aa parcela para 2,6 milh\u00f5es de benefici\u00e1rios de aux\u00edlio - P31","robots":{"index":"index","follow":"follow","max-snippet":"max-snippet:-1","max-image-preview":"max-image-preview:large","max-video-preview":"max-video-preview:-1"},"canonical":"https:\/\/www.p31noticias.com.br\/?p=22171","og_locale":"pt_BR","og_type":"article","og_title":"Caixa libera 2\u00aa parcela para 2,6 milh\u00f5es de benefici\u00e1rios de aux\u00edlio","og_description":"Aux\u00edlio emergencial \u00e9 de R$ 600 (R$ 1,2 mil para m\u00e3es solteiras) A Caixa Econ\u00f4mica Federal libera hoje (5) as transfer\u00eancias e os saques da segunda parcela do aux\u00edlio emergencial para 2,6 milh\u00f5es de benefici\u00e1rios nascidos em junho. O valor \u00e9 de R$ 600 (R$ 1,2 mil para m\u00e3es solteiras).O dinheiro \u00e9 para fazer frente [&hellip;]","og_url":"https:\/\/www.p31noticias.com.br\/?p=22171","og_site_name":"P31","article_published_time":"2020-06-05T12:41:57+00:00","author":"Reda\u00e7\u00e3o JBN","twitter_card":"summary_large_image","twitter_misc":{"Escrito por":"Reda\u00e7\u00e3o JBN","Est. tempo de leitura":"2 minutos"},"schema":{"@context":"https:\/\/schema.org","@graph":[{"@type":"Article","@id":"https:\/\/www.p31noticias.com.br\/?p=22171#article","isPartOf":{"@id":"https:\/\/www.p31noticias.com.br\/?p=22171"},"author":{"name":"Reda\u00e7\u00e3o JBN","@id":"https:\/\/www.p31noticias.com.br\/#\/schema\/person\/77d6b186c710ac38937c6ec204fdd387"},"headline":"Caixa libera 2\u00aa parcela para 2,6 milh\u00f5es de benefici\u00e1rios de aux\u00edlio","datePublished":"2020-06-05T12:41:57+00:00","mainEntityOfPage":{"@id":"https:\/\/www.p31noticias.com.br\/?p=22171"},"wordCount":336,"commentCount":0,"image":{"@id":"https:\/\/www.p31noticias.com.br\/?p=22171#primaryimage"},"thumbnailUrl":"","articleSection":["Brasil"],"inLanguage":"pt-BR","potentialAction":[{"@type":"CommentAction","name":"Comment","target":["https:\/\/www.p31noticias.com.br\/?p=22171#respond"]}],"copyrightYear":"2020","copyrightHolder":{"@id":"https:\/\/www.p31noticias.com.br\/#organization"}},{"@type":"WebPage","@id":"https:\/\/www.p31noticias.com.br\/?p=22171","url":"https:\/\/www.p31noticias.com.br\/?p=22171","name":"Caixa libera 2\u00aa parcela para 2,6 milh\u00f5es de benefici\u00e1rios de aux\u00edlio - P31","isPartOf":{"@id":"https:\/\/www.p31noticias.com.br\/#website"},"primaryImageOfPage":{"@id":"https:\/\/www.p31noticias.com.br\/?p=22171#primaryimage"},"image":{"@id":"https:\/\/www.p31noticias.com.br\/?p=22171#primaryimage"},"thumbnailUrl":"","datePublished":"2020-06-05T12:41:57+00:00","author":{"@id":"https:\/\/www.p31noticias.com.br\/#\/schema\/person\/77d6b186c710ac38937c6ec204fdd387"},"breadcrumb":{"@id":"https:\/\/www.p31noticias.com.br\/?p=22171#breadcrumb"},"inLanguage":"pt-BR","potentialAction":[{"@type":"ReadAction","target":["https:\/\/www.p31noticias.com.br\/?p=22171"]}]},{"@type":"ImageObject","inLanguage":"pt-BR","@id":"https:\/\/www.p31noticias.com.br\/?p=22171#primaryimage","url":"","contentUrl":""},{"@type":"BreadcrumbList","@id":"https:\/\/www.p31noticias.com.br\/?p=22171#breadcrumb","itemListElement":[{"@type":"ListItem","position":1,"name":"In\u00edcio","item":"https:\/\/www.p31noticias.com.br\/"},{"@type":"ListItem","position":2,"name":"Caixa libera 2\u00aa parcela para 2,6 milh\u00f5es de benefici\u00e1rios de aux\u00edlio"}]},{"@type":"WebSite","@id":"https:\/\/www.p31noticias.com.br\/#website","url":"https:\/\/www.p31noticias.com.br\/","name":"P31","description":"NOT\u00cdCIAS","potentialAction":[{"@type":"SearchAction","target":{"@type":"EntryPoint","urlTemplate":"https:\/\/www.p31noticias.com.br\/?s={search_term_string}"},"query-input":{"@type":"PropertyValueSpecification","valueRequired":true,"valueName":"search_term_string"}}],"inLanguage":"pt-BR"},{"@type":"Person","@id":"https:\/\/www.p31noticias.com.br\/#\/schema\/person\/77d6b186c710ac38937c6ec204fdd387","name":"Reda\u00e7\u00e3o JBN","image":{"@type":"ImageObject","inLanguage":"pt-BR","@id":"https:\/\/secure.gravatar.com\/avatar\/10fcdb93211f98cce3d64c0795b0915a9a4a21dc0f279238995a3dbfafcad090?s=96&d=mm&r=g","url":"https:\/\/secure.gravatar.com\/avatar\/10fcdb93211f98cce3d64c0795b0915a9a4a21dc0f279238995a3dbfafcad090?s=96&d=mm&r=g","contentUrl":"https:\/\/secure.gravatar.com\/avatar\/10fcdb93211f98cce3d64c0795b0915a9a4a21dc0f279238995a3dbfafcad090?s=96&d=mm&r=g","caption":"Reda\u00e7\u00e3o JBN"},"sameAs":["https:\/\/p31noticias.com.br"],"url":"https:\/\/www.p31noticias.com.br\/?author=18"}]}},"amp_enabled":true,"_links":{"self":[{"href":"https:\/\/www.p31noticias.com.br\/index.php?rest_route=\/wp\/v2\/posts\/22171","targetHints":{"allow":["GET"]}}],"collection":[{"href":"https:\/\/www.p31noticias.com.br\/index.php?rest_route=\/wp\/v2\/posts"}],"about":[{"href":"https:\/\/www.p31noticias.com.br\/index.php?rest_route=\/wp\/v2\/types\/post"}],"author":[{"embeddable":true,"href":"https:\/\/www.p31noticias.com.br\/index.php?rest_route=\/wp\/v2\/users\/18"}],"replies":[{"embeddable":true,"href":"https:\/\/www.p31noticias.com.br\/index.php?rest_route=%2Fwp%2Fv2%2Fcomments&post=22171"}],"version-history":[{"count":0,"href":"https:\/\/www.p31noticias.com.br\/index.php?rest_route=\/wp\/v2\/posts\/22171\/revisions"}],"wp:featuredmedia":[{"embeddable":true,"href":"https:\/\/www.p31noticias.com.br\/index.php?rest_route=\/wp\/v2\/posts\/22172"}],"wp:attachment":[{"href":"https:\/\/www.p31noticias.com.br\/index.php?rest_route=%2Fwp%2Fv2%2Fmedia&parent=22171"}],"wp:term":[{"taxonomy":"category","embeddable":true,"href":"https:\/\/www.p31noticias.com.br\/index.php?rest_route=%2Fwp%2Fv2%2Fcategories&post=22171"},{"taxonomy":"post_tag","embeddable":true,"href":"https:\/\/www.p31noticias.com.br\/index.php?rest_route=%2Fwp%2Fv2%2Ftags&post=22171"}],"curies":[{"name":"wp","href":"https:\/\/api.w.org\/{rel}","templated":true}]}}