{"id":22165,"date":"2020-06-04T08:46:18","date_gmt":"2020-06-04T11:46:18","guid":{"rendered":"https:\/\/jornaldoplanalto.com.br\/web\/?p=22165"},"modified":"2020-06-04T08:46:18","modified_gmt":"2020-06-04T11:46:18","slug":"mma-lanca-programa-para-impulsionar-renda-de-quem-protege-as-florestas","status":"publish","type":"post","link":"https:\/\/www.p31noticias.com.br\/?p=22165","title":{"rendered":"MMA lan\u00e7a programa para impulsionar renda de quem protege as florestas"},"content":{"rendered":"<p><strong><em>Ser\u00e3o destinados mais de R$ 500 milh\u00f5es<\/em><\/strong><\/p>\n<p>O Minist\u00e9rio do Meio Ambiente lan\u00e7a hoje (4) o programa Floresta +. De acordo com a pasta, a iniciativa vai destinar, num primeiro momento, R$ 500 milh\u00f5es em a\u00e7\u00f5es de conserva\u00e7\u00e3o e recupera\u00e7\u00e3o do meio ambiente na regi\u00e3o amaz\u00f4nica. O minist\u00e9rio destaca que o Brasil possui o maior patrim\u00f4nio de biodiversidade do mundo e tem potencial para se tornar um dos protagonistas mundiais de uma nova economia verde. Nesse sentido, o objetivo do Floresta + \u00e9 trabalhar a regulamenta\u00e7\u00e3o do mercado volunt\u00e1rio de servi\u00e7os ambientais para que os projetos tenham seguran\u00e7a jur\u00eddica e garantia do seu pleno desenvolvimento. Al\u00e9m disso, o programa deve impulsionar a renda daqueles que exer\u00e7am atividades que proporcionem ganho ambiental relevante.<\/p>\n<p>Os projetos selecionados poder\u00e3o receber verba para inciativas como constru\u00e7\u00e3o de cercas, a\u00e7\u00f5es de vigil\u00e2ncia, combate a inc\u00eandios, prote\u00e7\u00e3o do solo, monitoramento, pesquisas sobre biodiversidade, plantio de esp\u00e9cies nativas, atividades agroflorestais e atividade integrada lavoura-pecu\u00e1ria-floresta.<\/p>\n<p>O MMA explica tamb\u00e9m que a iniciativa contar\u00e1 pela primeira vez com o setor privado para consolidar e aumentar a escala e capilaridade de uma economia baseada em servi\u00e7os ambientais. Neste sentido, os pr\u00f3ximos passos s\u00e3o criar uma classifica\u00e7\u00e3o econ\u00f4mica (CNAE) espec\u00edfica de servi\u00e7os ambientais. Al\u00e9m disso, o minist\u00e9rio far\u00e1 o reconhecimento e fomento de boas pr\u00e1ticas metodol\u00f3gicas de valora\u00e7\u00e3o e valida\u00e7\u00e3o dos atributos, benef\u00edcios e cobenef\u00edcios e disponibilizar\u00e1 o Cadastro Nacional de Servi\u00e7os Ambientais para o registro das \u00e1reas, atividades e projetos de servi\u00e7os ambientais para auxiliar sua divulga\u00e7\u00e3o e promo\u00e7\u00e3o.<\/p>\n<p>O Floresta + \u00e9 destinado a pessoas f\u00edsicas ou jur\u00eddicas, de direito p\u00fablico ou privado, grupo familiar ou comunit\u00e1rio que, de forma direta ou por meio de terceiros, executam as atividades de servi\u00e7os ambientais em \u00e1reas mantidas com cobertura de vegeta\u00e7\u00e3o nativa ou sujeitas \u00e0 sua recupera\u00e7\u00e3o. Poder\u00e3o ser reconhecidas e beneficiadas em todo territ\u00f3rio nacional diversas categorias fundi\u00e1rias, sejam elas \u00e1reas privadas, de preserva\u00e7\u00e3o permanente e de uso restrito, assentamentos, terras ind\u00edgenas ou unidades de conserva\u00e7\u00e3o, desde que tenham atividades de prote\u00e7\u00e3o e conserva\u00e7\u00e3o de recursos naturais.<\/p>\n<p>Segundo o minist\u00e9rio, a medida deve proporcionar uma s\u00e9rie de benef\u00edcios para a sociedade. Dentre elas, o aumento da disponibilidade h\u00eddrica, a conserva\u00e7\u00e3o do solo, poliniza\u00e7\u00e3o, a observa\u00e7\u00e3o de fauna e a aprecia\u00e7\u00e3o de paisagens naturais, a conserva\u00e7\u00e3o da biodiversidade, a manuten\u00e7\u00e3o e aumento dos estoques de carbono, entre outros.<\/p>\n<p>O programa vai come\u00e7ar por projetos na regi\u00e3o amaz\u00f4nica. O minist\u00e9rio destaca que, embora seja uma das regi\u00f5es mais ricas do pa\u00eds, a Amaz\u00f4nia tem o pior \u00cdndice de Desenvolvimento Humano (IDH) do Brasil. Para o MMA, a falta de acesso \u00e0s condi\u00e7\u00f5es b\u00e1sicas de vida, como atendimento de sa\u00fade efetivo, \u00e1gua pot\u00e1vel, tratamento de esgoto e energia el\u00e9trica, e a aus\u00eancia de dinamismo econ\u00f4mico elevam o desmatamento e a pr\u00e1tica de atividades ilegais na regi\u00e3o. A expectativa \u00e9 que as a\u00e7\u00f5es tragam resultados significativos para o desenvolvimento sustent\u00e1vel com foco na gera\u00e7\u00e3o de emprego e renda.<\/p>\n<p><em>(Por Ag\u00eancia Brasil &#8211; Bras\u00edlia, com informa\u00e7\u00f5es do Minist\u00e9rio do Meio Ambiente. Foto: T\u00e2nia Rego\/Ag\u00eancia Brasil)<\/em><\/p>\n","protected":false},"excerpt":{"rendered":"<p>Ser\u00e3o destinados mais de R$ 500 milh\u00f5es O Minist\u00e9rio do Meio Ambiente lan\u00e7a hoje (4) o programa Floresta +. De acordo com a pasta, a iniciativa vai destinar, num primeiro momento, R$ 500 milh\u00f5es em a\u00e7\u00f5es de conserva\u00e7\u00e3o e recupera\u00e7\u00e3o do meio ambiente na regi\u00e3o amaz\u00f4nica. O minist\u00e9rio destaca que o Brasil possui o maior [&hellip;]<\/p>\n","protected":false},"author":18,"featured_media":22166,"comment_status":"open","ping_status":"open","sticky":false,"template":"","format":"standard","meta":{"footnotes":""},"categories":[68],"tags":[],"class_list":{"0":"post-22165","1":"post","2":"type-post","3":"status-publish","4":"format-standard","5":"has-post-thumbnail","7":"category-brasil"},"yoast_head":"<!-- This site is optimized with the Yoast SEO Premium plugin v24.5 (Yoast SEO v27.5) - https:\/\/yoast.com\/product\/yoast-seo-premium-wordpress\/ -->\n<title>MMA lan\u00e7a programa para impulsionar renda de quem protege as florestas - P31<\/title>\n<meta name=\"robots\" content=\"index, follow, max-snippet:-1, max-image-preview:large, max-video-preview:-1\" \/>\n<link rel=\"canonical\" href=\"https:\/\/www.p31noticias.com.br\/?p=22165\" \/>\n<meta property=\"og:locale\" content=\"pt_BR\" \/>\n<meta property=\"og:type\" content=\"article\" \/>\n<meta property=\"og:title\" content=\"MMA lan\u00e7a programa para impulsionar renda de quem protege as florestas\" \/>\n<meta property=\"og:description\" content=\"Ser\u00e3o destinados mais de R$ 500 milh\u00f5es O Minist\u00e9rio do Meio Ambiente lan\u00e7a hoje (4) o programa Floresta +. De acordo com a pasta, a iniciativa vai destinar, num primeiro momento, R$ 500 milh\u00f5es em a\u00e7\u00f5es de conserva\u00e7\u00e3o e recupera\u00e7\u00e3o do meio ambiente na regi\u00e3o amaz\u00f4nica. O minist\u00e9rio destaca que o Brasil possui o maior [&hellip;]\" \/>\n<meta property=\"og:url\" content=\"https:\/\/www.p31noticias.com.br\/?p=22165\" \/>\n<meta property=\"og:site_name\" content=\"P31\" \/>\n<meta property=\"article:published_time\" content=\"2020-06-04T11:46:18+00:00\" \/>\n<meta property=\"og:image\" content=\"https:\/\/www.p31noticias.com.br\/wp-content\/uploads\/2020\/06\/mma.jpg\" \/>\n\t<meta property=\"og:image:width\" content=\"640\" \/>\n\t<meta property=\"og:image:height\" content=\"383\" \/>\n\t<meta property=\"og:image:type\" content=\"image\/jpeg\" \/>\n<meta name=\"author\" content=\"Reda\u00e7\u00e3o JBN\" \/>\n<meta name=\"twitter:card\" content=\"summary_large_image\" \/>\n<meta name=\"twitter:label1\" content=\"Escrito por\" \/>\n\t<meta name=\"twitter:data1\" content=\"Reda\u00e7\u00e3o JBN\" \/>\n\t<meta name=\"twitter:label2\" content=\"Est. tempo de leitura\" \/>\n\t<meta name=\"twitter:data2\" content=\"3 minutos\" \/>\n<script type=\"application\/ld+json\" class=\"yoast-schema-graph\">{\"@context\":\"https:\\\/\\\/schema.org\",\"@graph\":[{\"@type\":\"Article\",\"@id\":\"https:\\\/\\\/www.p31noticias.com.br\\\/?p=22165#article\",\"isPartOf\":{\"@id\":\"https:\\\/\\\/www.p31noticias.com.br\\\/?p=22165\"},\"author\":{\"name\":\"Reda\u00e7\u00e3o JBN\",\"@id\":\"https:\\\/\\\/www.p31noticias.com.br\\\/#\\\/schema\\\/person\\\/77d6b186c710ac38937c6ec204fdd387\"},\"headline\":\"MMA lan\u00e7a programa para impulsionar renda de quem protege as florestas\",\"datePublished\":\"2020-06-04T11:46:18+00:00\",\"mainEntityOfPage\":{\"@id\":\"https:\\\/\\\/www.p31noticias.com.br\\\/?p=22165\"},\"wordCount\":600,\"commentCount\":0,\"image\":{\"@id\":\"https:\\\/\\\/www.p31noticias.com.br\\\/?p=22165#primaryimage\"},\"thumbnailUrl\":\"https:\\\/\\\/www.p31noticias.com.br\\\/wp-content\\\/uploads\\\/2020\\\/06\\\/mma.jpg\",\"articleSection\":[\"Brasil\"],\"inLanguage\":\"pt-BR\",\"potentialAction\":[{\"@type\":\"CommentAction\",\"name\":\"Comment\",\"target\":[\"https:\\\/\\\/www.p31noticias.com.br\\\/?p=22165#respond\"]}],\"copyrightYear\":\"2020\",\"copyrightHolder\":{\"@id\":\"https:\\\/\\\/www.p31noticias.com.br\\\/#organization\"}},{\"@type\":\"WebPage\",\"@id\":\"https:\\\/\\\/www.p31noticias.com.br\\\/?p=22165\",\"url\":\"https:\\\/\\\/www.p31noticias.com.br\\\/?p=22165\",\"name\":\"MMA lan\u00e7a programa para impulsionar renda de quem protege as florestas - P31\",\"isPartOf\":{\"@id\":\"https:\\\/\\\/www.p31noticias.com.br\\\/#website\"},\"primaryImageOfPage\":{\"@id\":\"https:\\\/\\\/www.p31noticias.com.br\\\/?p=22165#primaryimage\"},\"image\":{\"@id\":\"https:\\\/\\\/www.p31noticias.com.br\\\/?p=22165#primaryimage\"},\"thumbnailUrl\":\"https:\\\/\\\/www.p31noticias.com.br\\\/wp-content\\\/uploads\\\/2020\\\/06\\\/mma.jpg\",\"datePublished\":\"2020-06-04T11:46:18+00:00\",\"author\":{\"@id\":\"https:\\\/\\\/www.p31noticias.com.br\\\/#\\\/schema\\\/person\\\/77d6b186c710ac38937c6ec204fdd387\"},\"breadcrumb\":{\"@id\":\"https:\\\/\\\/www.p31noticias.com.br\\\/?p=22165#breadcrumb\"},\"inLanguage\":\"pt-BR\",\"potentialAction\":[{\"@type\":\"ReadAction\",\"target\":[\"https:\\\/\\\/www.p31noticias.com.br\\\/?p=22165\"]}]},{\"@type\":\"ImageObject\",\"inLanguage\":\"pt-BR\",\"@id\":\"https:\\\/\\\/www.p31noticias.com.br\\\/?p=22165#primaryimage\",\"url\":\"https:\\\/\\\/www.p31noticias.com.br\\\/wp-content\\\/uploads\\\/2020\\\/06\\\/mma.jpg\",\"contentUrl\":\"https:\\\/\\\/www.p31noticias.com.br\\\/wp-content\\\/uploads\\\/2020\\\/06\\\/mma.jpg\",\"width\":640,\"height\":383,\"caption\":\"Atletas ol\u00edmpicos, representantes de v\u00e1rios clubes, alunos da rede municipal de ensino, de projetos sociais e estudantes de universidades, al\u00e9m da comunidade do entorno; participam do plantio da Floresta dos Atletas, no Parque Radical de Deodoro\"},{\"@type\":\"BreadcrumbList\",\"@id\":\"https:\\\/\\\/www.p31noticias.com.br\\\/?p=22165#breadcrumb\",\"itemListElement\":[{\"@type\":\"ListItem\",\"position\":1,\"name\":\"In\u00edcio\",\"item\":\"https:\\\/\\\/www.p31noticias.com.br\\\/\"},{\"@type\":\"ListItem\",\"position\":2,\"name\":\"MMA lan\u00e7a programa para impulsionar renda de quem protege as florestas\"}]},{\"@type\":\"WebSite\",\"@id\":\"https:\\\/\\\/www.p31noticias.com.br\\\/#website\",\"url\":\"https:\\\/\\\/www.p31noticias.com.br\\\/\",\"name\":\"P31\",\"description\":\"NOT\u00cdCIAS\",\"potentialAction\":[{\"@type\":\"SearchAction\",\"target\":{\"@type\":\"EntryPoint\",\"urlTemplate\":\"https:\\\/\\\/www.p31noticias.com.br\\\/?s={search_term_string}\"},\"query-input\":{\"@type\":\"PropertyValueSpecification\",\"valueRequired\":true,\"valueName\":\"search_term_string\"}}],\"inLanguage\":\"pt-BR\"},{\"@type\":\"Person\",\"@id\":\"https:\\\/\\\/www.p31noticias.com.br\\\/#\\\/schema\\\/person\\\/77d6b186c710ac38937c6ec204fdd387\",\"name\":\"Reda\u00e7\u00e3o JBN\",\"image\":{\"@type\":\"ImageObject\",\"inLanguage\":\"pt-BR\",\"@id\":\"https:\\\/\\\/secure.gravatar.com\\\/avatar\\\/10fcdb93211f98cce3d64c0795b0915a9a4a21dc0f279238995a3dbfafcad090?s=96&d=mm&r=g\",\"url\":\"https:\\\/\\\/secure.gravatar.com\\\/avatar\\\/10fcdb93211f98cce3d64c0795b0915a9a4a21dc0f279238995a3dbfafcad090?s=96&d=mm&r=g\",\"contentUrl\":\"https:\\\/\\\/secure.gravatar.com\\\/avatar\\\/10fcdb93211f98cce3d64c0795b0915a9a4a21dc0f279238995a3dbfafcad090?s=96&d=mm&r=g\",\"caption\":\"Reda\u00e7\u00e3o JBN\"},\"sameAs\":[\"https:\\\/\\\/p31noticias.com.br\"],\"url\":\"https:\\\/\\\/www.p31noticias.com.br\\\/?author=18\"}]}<\/script>\n<!-- \/ Yoast SEO Premium plugin. -->","yoast_head_json":{"title":"MMA lan\u00e7a programa para impulsionar renda de quem protege as florestas - P31","robots":{"index":"index","follow":"follow","max-snippet":"max-snippet:-1","max-image-preview":"max-image-preview:large","max-video-preview":"max-video-preview:-1"},"canonical":"https:\/\/www.p31noticias.com.br\/?p=22165","og_locale":"pt_BR","og_type":"article","og_title":"MMA lan\u00e7a programa para impulsionar renda de quem protege as florestas","og_description":"Ser\u00e3o destinados mais de R$ 500 milh\u00f5es O Minist\u00e9rio do Meio Ambiente lan\u00e7a hoje (4) o programa Floresta +. De acordo com a pasta, a iniciativa vai destinar, num primeiro momento, R$ 500 milh\u00f5es em a\u00e7\u00f5es de conserva\u00e7\u00e3o e recupera\u00e7\u00e3o do meio ambiente na regi\u00e3o amaz\u00f4nica. O minist\u00e9rio destaca que o Brasil possui o maior [&hellip;]","og_url":"https:\/\/www.p31noticias.com.br\/?p=22165","og_site_name":"P31","article_published_time":"2020-06-04T11:46:18+00:00","og_image":[{"width":640,"height":383,"url":"https:\/\/www.p31noticias.com.br\/wp-content\/uploads\/2020\/06\/mma.jpg","type":"image\/jpeg"}],"author":"Reda\u00e7\u00e3o JBN","twitter_card":"summary_large_image","twitter_misc":{"Escrito por":"Reda\u00e7\u00e3o JBN","Est. tempo de leitura":"3 minutos"},"schema":{"@context":"https:\/\/schema.org","@graph":[{"@type":"Article","@id":"https:\/\/www.p31noticias.com.br\/?p=22165#article","isPartOf":{"@id":"https:\/\/www.p31noticias.com.br\/?p=22165"},"author":{"name":"Reda\u00e7\u00e3o JBN","@id":"https:\/\/www.p31noticias.com.br\/#\/schema\/person\/77d6b186c710ac38937c6ec204fdd387"},"headline":"MMA lan\u00e7a programa para impulsionar renda de quem protege as florestas","datePublished":"2020-06-04T11:46:18+00:00","mainEntityOfPage":{"@id":"https:\/\/www.p31noticias.com.br\/?p=22165"},"wordCount":600,"commentCount":0,"image":{"@id":"https:\/\/www.p31noticias.com.br\/?p=22165#primaryimage"},"thumbnailUrl":"https:\/\/www.p31noticias.com.br\/wp-content\/uploads\/2020\/06\/mma.jpg","articleSection":["Brasil"],"inLanguage":"pt-BR","potentialAction":[{"@type":"CommentAction","name":"Comment","target":["https:\/\/www.p31noticias.com.br\/?p=22165#respond"]}],"copyrightYear":"2020","copyrightHolder":{"@id":"https:\/\/www.p31noticias.com.br\/#organization"}},{"@type":"WebPage","@id":"https:\/\/www.p31noticias.com.br\/?p=22165","url":"https:\/\/www.p31noticias.com.br\/?p=22165","name":"MMA lan\u00e7a programa para impulsionar renda de quem protege as florestas - P31","isPartOf":{"@id":"https:\/\/www.p31noticias.com.br\/#website"},"primaryImageOfPage":{"@id":"https:\/\/www.p31noticias.com.br\/?p=22165#primaryimage"},"image":{"@id":"https:\/\/www.p31noticias.com.br\/?p=22165#primaryimage"},"thumbnailUrl":"https:\/\/www.p31noticias.com.br\/wp-content\/uploads\/2020\/06\/mma.jpg","datePublished":"2020-06-04T11:46:18+00:00","author":{"@id":"https:\/\/www.p31noticias.com.br\/#\/schema\/person\/77d6b186c710ac38937c6ec204fdd387"},"breadcrumb":{"@id":"https:\/\/www.p31noticias.com.br\/?p=22165#breadcrumb"},"inLanguage":"pt-BR","potentialAction":[{"@type":"ReadAction","target":["https:\/\/www.p31noticias.com.br\/?p=22165"]}]},{"@type":"ImageObject","inLanguage":"pt-BR","@id":"https:\/\/www.p31noticias.com.br\/?p=22165#primaryimage","url":"https:\/\/www.p31noticias.com.br\/wp-content\/uploads\/2020\/06\/mma.jpg","contentUrl":"https:\/\/www.p31noticias.com.br\/wp-content\/uploads\/2020\/06\/mma.jpg","width":640,"height":383,"caption":"Atletas ol\u00edmpicos, representantes de v\u00e1rios clubes, alunos da rede municipal de ensino, de projetos sociais e estudantes de universidades, al\u00e9m da comunidade do entorno; participam do plantio da Floresta dos Atletas, no Parque Radical de Deodoro"},{"@type":"BreadcrumbList","@id":"https:\/\/www.p31noticias.com.br\/?p=22165#breadcrumb","itemListElement":[{"@type":"ListItem","position":1,"name":"In\u00edcio","item":"https:\/\/www.p31noticias.com.br\/"},{"@type":"ListItem","position":2,"name":"MMA lan\u00e7a programa para impulsionar renda de quem protege as florestas"}]},{"@type":"WebSite","@id":"https:\/\/www.p31noticias.com.br\/#website","url":"https:\/\/www.p31noticias.com.br\/","name":"P31","description":"NOT\u00cdCIAS","potentialAction":[{"@type":"SearchAction","target":{"@type":"EntryPoint","urlTemplate":"https:\/\/www.p31noticias.com.br\/?s={search_term_string}"},"query-input":{"@type":"PropertyValueSpecification","valueRequired":true,"valueName":"search_term_string"}}],"inLanguage":"pt-BR"},{"@type":"Person","@id":"https:\/\/www.p31noticias.com.br\/#\/schema\/person\/77d6b186c710ac38937c6ec204fdd387","name":"Reda\u00e7\u00e3o JBN","image":{"@type":"ImageObject","inLanguage":"pt-BR","@id":"https:\/\/secure.gravatar.com\/avatar\/10fcdb93211f98cce3d64c0795b0915a9a4a21dc0f279238995a3dbfafcad090?s=96&d=mm&r=g","url":"https:\/\/secure.gravatar.com\/avatar\/10fcdb93211f98cce3d64c0795b0915a9a4a21dc0f279238995a3dbfafcad090?s=96&d=mm&r=g","contentUrl":"https:\/\/secure.gravatar.com\/avatar\/10fcdb93211f98cce3d64c0795b0915a9a4a21dc0f279238995a3dbfafcad090?s=96&d=mm&r=g","caption":"Reda\u00e7\u00e3o JBN"},"sameAs":["https:\/\/p31noticias.com.br"],"url":"https:\/\/www.p31noticias.com.br\/?author=18"}]}},"amp_enabled":true,"_links":{"self":[{"href":"https:\/\/www.p31noticias.com.br\/index.php?rest_route=\/wp\/v2\/posts\/22165","targetHints":{"allow":["GET"]}}],"collection":[{"href":"https:\/\/www.p31noticias.com.br\/index.php?rest_route=\/wp\/v2\/posts"}],"about":[{"href":"https:\/\/www.p31noticias.com.br\/index.php?rest_route=\/wp\/v2\/types\/post"}],"author":[{"embeddable":true,"href":"https:\/\/www.p31noticias.com.br\/index.php?rest_route=\/wp\/v2\/users\/18"}],"replies":[{"embeddable":true,"href":"https:\/\/www.p31noticias.com.br\/index.php?rest_route=%2Fwp%2Fv2%2Fcomments&post=22165"}],"version-history":[{"count":0,"href":"https:\/\/www.p31noticias.com.br\/index.php?rest_route=\/wp\/v2\/posts\/22165\/revisions"}],"wp:featuredmedia":[{"embeddable":true,"href":"https:\/\/www.p31noticias.com.br\/index.php?rest_route=\/wp\/v2\/media\/22166"}],"wp:attachment":[{"href":"https:\/\/www.p31noticias.com.br\/index.php?rest_route=%2Fwp%2Fv2%2Fmedia&parent=22165"}],"wp:term":[{"taxonomy":"category","embeddable":true,"href":"https:\/\/www.p31noticias.com.br\/index.php?rest_route=%2Fwp%2Fv2%2Fcategories&post=22165"},{"taxonomy":"post_tag","embeddable":true,"href":"https:\/\/www.p31noticias.com.br\/index.php?rest_route=%2Fwp%2Fv2%2Ftags&post=22165"}],"curies":[{"name":"wp","href":"https:\/\/api.w.org\/{rel}","templated":true}]}}