{"id":22162,"date":"2020-06-04T08:36:47","date_gmt":"2020-06-04T11:36:47","guid":{"rendered":"https:\/\/jornaldoplanalto.com.br\/web\/?p=22162"},"modified":"2020-06-04T08:36:47","modified_gmt":"2020-06-04T11:36:47","slug":"cumprindo-lei-bolsonaro-veta-repasse-de-fundo","status":"publish","type":"post","link":"https:\/\/www.p31noticias.com.br\/?p=22162","title":{"rendered":"Cumprindo Lei, Bolsonaro veta repasse de fundo"},"content":{"rendered":"<p>O presidente Jair Bolsonaro deve de vetar o repasse de R$ 8,6 bilh\u00f5es de um fundo extinto para o combate \u00e0 pandemia do novo coronav\u00edrus. Na justificativa para o veto, o presidente alegou que a mudan\u00e7a de destina\u00e7\u00e3o dos recursos viola a Constitui\u00e7\u00e3o, que pro\u00edbe emendas parlamentares de aumentar despesa em projetos de iniciativa exclusiva do presidente da Rep\u00fablica.<\/p>\n<p>Bolsonaro alegou ainda que a medida descumpre o teto de gastos, ao n\u00e3o demonstrar o impacto or\u00e7ament\u00e1rio e financeiro da despesa no ano corrente e nos dois anos seguintes.Com o veto, os recursos poder\u00e3o ser usados apenas para o pagamento \u00e0 d\u00edvida p\u00fablica, como constava do texto original da\u00a0<a href=\"http:\/\/www.planalto.gov.br\/ccivil_03\/_Ato2019-2022\/2019\/Mpv\/mpv909.htm\" target=\"_blank\" rel=\"noopener noreferrer\">Medida\u00a0<\/a>Provis\u00f3ria 909, editada em dezembro e aprovada em maio pela C\u00e2mara e pelo Senado.<\/p>\n<p>Durante a tramita\u00e7\u00e3o no Congresso, os parlamentares costuraram um acordo para incluir uma emenda que mudava a destina\u00e7\u00e3o dos recursos do Fundo de Reserva Monet\u00e1ria do Banco Central (FRM). Os recursos, que estavam parados, seriam usados para ajudar estados e munic\u00edpios no enfrentamento \u00e0 pandemia de covid-19.<\/p>\n<p>Criado em 1966, o FRM recebia recursos de sobras de verbas do Imposto sobre Opera\u00e7\u00f5es Financeiras (IOF) usados para intervir nos mercados de c\u00e2mbio e de t\u00edtulos. O fundo deixou de receber aportes ap\u00f3s a promulga\u00e7\u00e3o da Constitui\u00e7\u00e3o de 1988 e foi considerado irregular pelo Tribunal de Contas da Uni\u00e3o (TCU) em 2016, o\u00a0que levou o governo a editar a medida provis\u00f3ria de\u00a0extin\u00e7\u00e3o do fundo.<\/p>\n<p>Em sess\u00e3o conjunta, o\u00a0Congresso analisar\u00e1 o veto, que poder\u00e1 ser mantido ou derrubado. Com amplo acordo nas duas Casas, a medida provis\u00f3ria havia sido aprovada por vota\u00e7\u00e3o simb\u00f3lica na C\u00e2mara (sem registro de votos no painel eletr\u00f4nico). No Senado, o texto foi\u00a0aprovado por unanimidade, com o voto de todos os 75 senadores presentes no dia.<\/p>\n<p><em>(ABr\/EBC)<\/em><\/p>\n","protected":false},"excerpt":{"rendered":"<p>O presidente Jair Bolsonaro deve de vetar o repasse de R$ 8,6 bilh\u00f5es de um fundo extinto para o combate \u00e0 pandemia do novo coronav\u00edrus. Na justificativa para o veto, o presidente alegou que a mudan\u00e7a de destina\u00e7\u00e3o dos recursos viola a Constitui\u00e7\u00e3o, que pro\u00edbe emendas parlamentares de aumentar despesa em projetos de iniciativa exclusiva [&hellip;]<\/p>\n","protected":false},"author":18,"featured_media":22163,"comment_status":"open","ping_status":"open","sticky":false,"template":"","format":"standard","meta":{"footnotes":""},"categories":[68],"tags":[],"class_list":{"0":"post-22162","1":"post","2":"type-post","3":"status-publish","4":"format-standard","5":"has-post-thumbnail","7":"category-brasil"},"yoast_head":"<!-- This site is optimized with the Yoast SEO Premium plugin v24.5 (Yoast SEO v27.5) - https:\/\/yoast.com\/product\/yoast-seo-premium-wordpress\/ -->\n<title>Cumprindo Lei, Bolsonaro veta repasse de fundo - P31<\/title>\n<meta name=\"robots\" content=\"index, follow, max-snippet:-1, max-image-preview:large, max-video-preview:-1\" \/>\n<link rel=\"canonical\" href=\"https:\/\/www.p31noticias.com.br\/?p=22162\" \/>\n<meta property=\"og:locale\" content=\"pt_BR\" \/>\n<meta property=\"og:type\" content=\"article\" \/>\n<meta property=\"og:title\" content=\"Cumprindo Lei, Bolsonaro veta repasse de fundo\" \/>\n<meta property=\"og:description\" content=\"O presidente Jair Bolsonaro deve de vetar o repasse de R$ 8,6 bilh\u00f5es de um fundo extinto para o combate \u00e0 pandemia do novo coronav\u00edrus. Na justificativa para o veto, o presidente alegou que a mudan\u00e7a de destina\u00e7\u00e3o dos recursos viola a Constitui\u00e7\u00e3o, que pro\u00edbe emendas parlamentares de aumentar despesa em projetos de iniciativa exclusiva [&hellip;]\" \/>\n<meta property=\"og:url\" content=\"https:\/\/www.p31noticias.com.br\/?p=22162\" \/>\n<meta property=\"og:site_name\" content=\"P31\" \/>\n<meta property=\"article:published_time\" content=\"2020-06-04T11:36:47+00:00\" \/>\n<meta property=\"og:image\" content=\"https:\/\/www.p31noticias.com.br\/wp-content\/uploads\/2020\/06\/bolsonaro.jpg\" \/>\n\t<meta property=\"og:image:width\" content=\"650\" \/>\n\t<meta property=\"og:image:height\" content=\"397\" \/>\n\t<meta property=\"og:image:type\" content=\"image\/jpeg\" \/>\n<meta name=\"author\" content=\"Reda\u00e7\u00e3o JBN\" \/>\n<meta name=\"twitter:card\" content=\"summary_large_image\" \/>\n<meta name=\"twitter:label1\" content=\"Escrito por\" \/>\n\t<meta name=\"twitter:data1\" content=\"Reda\u00e7\u00e3o JBN\" \/>\n\t<meta name=\"twitter:label2\" content=\"Est. tempo de leitura\" \/>\n\t<meta name=\"twitter:data2\" content=\"2 minutos\" \/>\n<script type=\"application\/ld+json\" class=\"yoast-schema-graph\">{\"@context\":\"https:\\\/\\\/schema.org\",\"@graph\":[{\"@type\":\"Article\",\"@id\":\"https:\\\/\\\/www.p31noticias.com.br\\\/?p=22162#article\",\"isPartOf\":{\"@id\":\"https:\\\/\\\/www.p31noticias.com.br\\\/?p=22162\"},\"author\":{\"name\":\"Reda\u00e7\u00e3o JBN\",\"@id\":\"https:\\\/\\\/www.p31noticias.com.br\\\/#\\\/schema\\\/person\\\/77d6b186c710ac38937c6ec204fdd387\"},\"headline\":\"Cumprindo Lei, Bolsonaro veta repasse de fundo\",\"datePublished\":\"2020-06-04T11:36:47+00:00\",\"mainEntityOfPage\":{\"@id\":\"https:\\\/\\\/www.p31noticias.com.br\\\/?p=22162\"},\"wordCount\":329,\"commentCount\":0,\"image\":{\"@id\":\"https:\\\/\\\/www.p31noticias.com.br\\\/?p=22162#primaryimage\"},\"thumbnailUrl\":\"https:\\\/\\\/www.p31noticias.com.br\\\/wp-content\\\/uploads\\\/2020\\\/06\\\/bolsonaro.jpg\",\"articleSection\":[\"Brasil\"],\"inLanguage\":\"pt-BR\",\"potentialAction\":[{\"@type\":\"CommentAction\",\"name\":\"Comment\",\"target\":[\"https:\\\/\\\/www.p31noticias.com.br\\\/?p=22162#respond\"]}],\"copyrightYear\":\"2020\",\"copyrightHolder\":{\"@id\":\"https:\\\/\\\/www.p31noticias.com.br\\\/#organization\"}},{\"@type\":\"WebPage\",\"@id\":\"https:\\\/\\\/www.p31noticias.com.br\\\/?p=22162\",\"url\":\"https:\\\/\\\/www.p31noticias.com.br\\\/?p=22162\",\"name\":\"Cumprindo Lei, Bolsonaro veta repasse de fundo - P31\",\"isPartOf\":{\"@id\":\"https:\\\/\\\/www.p31noticias.com.br\\\/#website\"},\"primaryImageOfPage\":{\"@id\":\"https:\\\/\\\/www.p31noticias.com.br\\\/?p=22162#primaryimage\"},\"image\":{\"@id\":\"https:\\\/\\\/www.p31noticias.com.br\\\/?p=22162#primaryimage\"},\"thumbnailUrl\":\"https:\\\/\\\/www.p31noticias.com.br\\\/wp-content\\\/uploads\\\/2020\\\/06\\\/bolsonaro.jpg\",\"datePublished\":\"2020-06-04T11:36:47+00:00\",\"author\":{\"@id\":\"https:\\\/\\\/www.p31noticias.com.br\\\/#\\\/schema\\\/person\\\/77d6b186c710ac38937c6ec204fdd387\"},\"breadcrumb\":{\"@id\":\"https:\\\/\\\/www.p31noticias.com.br\\\/?p=22162#breadcrumb\"},\"inLanguage\":\"pt-BR\",\"potentialAction\":[{\"@type\":\"ReadAction\",\"target\":[\"https:\\\/\\\/www.p31noticias.com.br\\\/?p=22162\"]}]},{\"@type\":\"ImageObject\",\"inLanguage\":\"pt-BR\",\"@id\":\"https:\\\/\\\/www.p31noticias.com.br\\\/?p=22162#primaryimage\",\"url\":\"https:\\\/\\\/www.p31noticias.com.br\\\/wp-content\\\/uploads\\\/2020\\\/06\\\/bolsonaro.jpg\",\"contentUrl\":\"https:\\\/\\\/www.p31noticias.com.br\\\/wp-content\\\/uploads\\\/2020\\\/06\\\/bolsonaro.jpg\",\"width\":650,\"height\":397,\"caption\":\"O presidente Jair Bolsonaro fala \u00e0 imprensa no Pal\u00e1cio da Alvorada\"},{\"@type\":\"BreadcrumbList\",\"@id\":\"https:\\\/\\\/www.p31noticias.com.br\\\/?p=22162#breadcrumb\",\"itemListElement\":[{\"@type\":\"ListItem\",\"position\":1,\"name\":\"In\u00edcio\",\"item\":\"https:\\\/\\\/www.p31noticias.com.br\\\/\"},{\"@type\":\"ListItem\",\"position\":2,\"name\":\"Cumprindo Lei, Bolsonaro veta repasse de fundo\"}]},{\"@type\":\"WebSite\",\"@id\":\"https:\\\/\\\/www.p31noticias.com.br\\\/#website\",\"url\":\"https:\\\/\\\/www.p31noticias.com.br\\\/\",\"name\":\"P31\",\"description\":\"NOT\u00cdCIAS\",\"potentialAction\":[{\"@type\":\"SearchAction\",\"target\":{\"@type\":\"EntryPoint\",\"urlTemplate\":\"https:\\\/\\\/www.p31noticias.com.br\\\/?s={search_term_string}\"},\"query-input\":{\"@type\":\"PropertyValueSpecification\",\"valueRequired\":true,\"valueName\":\"search_term_string\"}}],\"inLanguage\":\"pt-BR\"},{\"@type\":\"Person\",\"@id\":\"https:\\\/\\\/www.p31noticias.com.br\\\/#\\\/schema\\\/person\\\/77d6b186c710ac38937c6ec204fdd387\",\"name\":\"Reda\u00e7\u00e3o JBN\",\"image\":{\"@type\":\"ImageObject\",\"inLanguage\":\"pt-BR\",\"@id\":\"https:\\\/\\\/secure.gravatar.com\\\/avatar\\\/10fcdb93211f98cce3d64c0795b0915a9a4a21dc0f279238995a3dbfafcad090?s=96&d=mm&r=g\",\"url\":\"https:\\\/\\\/secure.gravatar.com\\\/avatar\\\/10fcdb93211f98cce3d64c0795b0915a9a4a21dc0f279238995a3dbfafcad090?s=96&d=mm&r=g\",\"contentUrl\":\"https:\\\/\\\/secure.gravatar.com\\\/avatar\\\/10fcdb93211f98cce3d64c0795b0915a9a4a21dc0f279238995a3dbfafcad090?s=96&d=mm&r=g\",\"caption\":\"Reda\u00e7\u00e3o JBN\"},\"sameAs\":[\"https:\\\/\\\/p31noticias.com.br\"],\"url\":\"https:\\\/\\\/www.p31noticias.com.br\\\/?author=18\"}]}<\/script>\n<!-- \/ Yoast SEO Premium plugin. -->","yoast_head_json":{"title":"Cumprindo Lei, Bolsonaro veta repasse de fundo - P31","robots":{"index":"index","follow":"follow","max-snippet":"max-snippet:-1","max-image-preview":"max-image-preview:large","max-video-preview":"max-video-preview:-1"},"canonical":"https:\/\/www.p31noticias.com.br\/?p=22162","og_locale":"pt_BR","og_type":"article","og_title":"Cumprindo Lei, Bolsonaro veta repasse de fundo","og_description":"O presidente Jair Bolsonaro deve de vetar o repasse de R$ 8,6 bilh\u00f5es de um fundo extinto para o combate \u00e0 pandemia do novo coronav\u00edrus. Na justificativa para o veto, o presidente alegou que a mudan\u00e7a de destina\u00e7\u00e3o dos recursos viola a Constitui\u00e7\u00e3o, que pro\u00edbe emendas parlamentares de aumentar despesa em projetos de iniciativa exclusiva [&hellip;]","og_url":"https:\/\/www.p31noticias.com.br\/?p=22162","og_site_name":"P31","article_published_time":"2020-06-04T11:36:47+00:00","og_image":[{"width":650,"height":397,"url":"https:\/\/www.p31noticias.com.br\/wp-content\/uploads\/2020\/06\/bolsonaro.jpg","type":"image\/jpeg"}],"author":"Reda\u00e7\u00e3o JBN","twitter_card":"summary_large_image","twitter_misc":{"Escrito por":"Reda\u00e7\u00e3o JBN","Est. tempo de leitura":"2 minutos"},"schema":{"@context":"https:\/\/schema.org","@graph":[{"@type":"Article","@id":"https:\/\/www.p31noticias.com.br\/?p=22162#article","isPartOf":{"@id":"https:\/\/www.p31noticias.com.br\/?p=22162"},"author":{"name":"Reda\u00e7\u00e3o JBN","@id":"https:\/\/www.p31noticias.com.br\/#\/schema\/person\/77d6b186c710ac38937c6ec204fdd387"},"headline":"Cumprindo Lei, Bolsonaro veta repasse de fundo","datePublished":"2020-06-04T11:36:47+00:00","mainEntityOfPage":{"@id":"https:\/\/www.p31noticias.com.br\/?p=22162"},"wordCount":329,"commentCount":0,"image":{"@id":"https:\/\/www.p31noticias.com.br\/?p=22162#primaryimage"},"thumbnailUrl":"https:\/\/www.p31noticias.com.br\/wp-content\/uploads\/2020\/06\/bolsonaro.jpg","articleSection":["Brasil"],"inLanguage":"pt-BR","potentialAction":[{"@type":"CommentAction","name":"Comment","target":["https:\/\/www.p31noticias.com.br\/?p=22162#respond"]}],"copyrightYear":"2020","copyrightHolder":{"@id":"https:\/\/www.p31noticias.com.br\/#organization"}},{"@type":"WebPage","@id":"https:\/\/www.p31noticias.com.br\/?p=22162","url":"https:\/\/www.p31noticias.com.br\/?p=22162","name":"Cumprindo Lei, Bolsonaro veta repasse de fundo - P31","isPartOf":{"@id":"https:\/\/www.p31noticias.com.br\/#website"},"primaryImageOfPage":{"@id":"https:\/\/www.p31noticias.com.br\/?p=22162#primaryimage"},"image":{"@id":"https:\/\/www.p31noticias.com.br\/?p=22162#primaryimage"},"thumbnailUrl":"https:\/\/www.p31noticias.com.br\/wp-content\/uploads\/2020\/06\/bolsonaro.jpg","datePublished":"2020-06-04T11:36:47+00:00","author":{"@id":"https:\/\/www.p31noticias.com.br\/#\/schema\/person\/77d6b186c710ac38937c6ec204fdd387"},"breadcrumb":{"@id":"https:\/\/www.p31noticias.com.br\/?p=22162#breadcrumb"},"inLanguage":"pt-BR","potentialAction":[{"@type":"ReadAction","target":["https:\/\/www.p31noticias.com.br\/?p=22162"]}]},{"@type":"ImageObject","inLanguage":"pt-BR","@id":"https:\/\/www.p31noticias.com.br\/?p=22162#primaryimage","url":"https:\/\/www.p31noticias.com.br\/wp-content\/uploads\/2020\/06\/bolsonaro.jpg","contentUrl":"https:\/\/www.p31noticias.com.br\/wp-content\/uploads\/2020\/06\/bolsonaro.jpg","width":650,"height":397,"caption":"O presidente Jair Bolsonaro fala \u00e0 imprensa no Pal\u00e1cio da Alvorada"},{"@type":"BreadcrumbList","@id":"https:\/\/www.p31noticias.com.br\/?p=22162#breadcrumb","itemListElement":[{"@type":"ListItem","position":1,"name":"In\u00edcio","item":"https:\/\/www.p31noticias.com.br\/"},{"@type":"ListItem","position":2,"name":"Cumprindo Lei, Bolsonaro veta repasse de fundo"}]},{"@type":"WebSite","@id":"https:\/\/www.p31noticias.com.br\/#website","url":"https:\/\/www.p31noticias.com.br\/","name":"P31","description":"NOT\u00cdCIAS","potentialAction":[{"@type":"SearchAction","target":{"@type":"EntryPoint","urlTemplate":"https:\/\/www.p31noticias.com.br\/?s={search_term_string}"},"query-input":{"@type":"PropertyValueSpecification","valueRequired":true,"valueName":"search_term_string"}}],"inLanguage":"pt-BR"},{"@type":"Person","@id":"https:\/\/www.p31noticias.com.br\/#\/schema\/person\/77d6b186c710ac38937c6ec204fdd387","name":"Reda\u00e7\u00e3o JBN","image":{"@type":"ImageObject","inLanguage":"pt-BR","@id":"https:\/\/secure.gravatar.com\/avatar\/10fcdb93211f98cce3d64c0795b0915a9a4a21dc0f279238995a3dbfafcad090?s=96&d=mm&r=g","url":"https:\/\/secure.gravatar.com\/avatar\/10fcdb93211f98cce3d64c0795b0915a9a4a21dc0f279238995a3dbfafcad090?s=96&d=mm&r=g","contentUrl":"https:\/\/secure.gravatar.com\/avatar\/10fcdb93211f98cce3d64c0795b0915a9a4a21dc0f279238995a3dbfafcad090?s=96&d=mm&r=g","caption":"Reda\u00e7\u00e3o JBN"},"sameAs":["https:\/\/p31noticias.com.br"],"url":"https:\/\/www.p31noticias.com.br\/?author=18"}]}},"amp_enabled":true,"_links":{"self":[{"href":"https:\/\/www.p31noticias.com.br\/index.php?rest_route=\/wp\/v2\/posts\/22162","targetHints":{"allow":["GET"]}}],"collection":[{"href":"https:\/\/www.p31noticias.com.br\/index.php?rest_route=\/wp\/v2\/posts"}],"about":[{"href":"https:\/\/www.p31noticias.com.br\/index.php?rest_route=\/wp\/v2\/types\/post"}],"author":[{"embeddable":true,"href":"https:\/\/www.p31noticias.com.br\/index.php?rest_route=\/wp\/v2\/users\/18"}],"replies":[{"embeddable":true,"href":"https:\/\/www.p31noticias.com.br\/index.php?rest_route=%2Fwp%2Fv2%2Fcomments&post=22162"}],"version-history":[{"count":0,"href":"https:\/\/www.p31noticias.com.br\/index.php?rest_route=\/wp\/v2\/posts\/22162\/revisions"}],"wp:featuredmedia":[{"embeddable":true,"href":"https:\/\/www.p31noticias.com.br\/index.php?rest_route=\/wp\/v2\/media\/22163"}],"wp:attachment":[{"href":"https:\/\/www.p31noticias.com.br\/index.php?rest_route=%2Fwp%2Fv2%2Fmedia&parent=22162"}],"wp:term":[{"taxonomy":"category","embeddable":true,"href":"https:\/\/www.p31noticias.com.br\/index.php?rest_route=%2Fwp%2Fv2%2Fcategories&post=22162"},{"taxonomy":"post_tag","embeddable":true,"href":"https:\/\/www.p31noticias.com.br\/index.php?rest_route=%2Fwp%2Fv2%2Ftags&post=22162"}],"curies":[{"name":"wp","href":"https:\/\/api.w.org\/{rel}","templated":true}]}}