{"id":22159,"date":"2020-06-04T08:28:54","date_gmt":"2020-06-04T11:28:54","guid":{"rendered":"https:\/\/jornaldoplanalto.com.br\/web\/?p=22159"},"modified":"2020-06-04T08:28:54","modified_gmt":"2020-06-04T11:28:54","slug":"brasilia-fez-60-anos-com-muito-humor","status":"publish","type":"post","link":"https:\/\/www.p31noticias.com.br\/?p=22159","title":{"rendered":"Bras\u00edlia fez 60 anos com muito humor"},"content":{"rendered":"<p>Um grupo de amigos, incomodados com a vis\u00e3o \u201cestrangeira\u201d que muitos tinham da nossa capital, tratando-a como uma cidade fria, sem vida, sem intelig\u00eancia, uma cidade feita de a\u00e7o e concreto e n\u00e3o de gente, resolveram mostrar o dia a dia que s\u00f3 quem \u00e9 da cidade conhece, entende e ama.<\/p>\n<p>Nada daquele olhar quadrado, professoral, ass\u00e9ptico. Quer\u00edamos mostrar a Bras\u00edlia de debaixo dos blocos, das festas estranhas com gente esquisita, a Bras\u00edlia de Taguatinga, de Ceil\u00e2ndia, de Sobradinho, das quebradas, com suas g\u00edrias, peculiaridades, maneirismos, etc&#8230; Uma Bras\u00edlia viva, pulsante e interessante.<\/p>\n<p>Em paralelo a isso, o Quadradim virou canais de humor nas redes sociais. No instagram e no facebook @quadradim.oficial. L\u00e1 as hist\u00f3rias de nossa jovem se viram retratadas e colocadas com o humor peculiar do brasiliense. A pizza que todos amam, as estranhezas do nosso tr\u00e2nsito, o clima, as g\u00edrias, os lugares estranhos como a Tail\u00e2ndia.<\/p>\n<p>Todas as esquetes foram criadas, dirigidas e atuadas com brasilienses, se n\u00e3o natos, mas adotivos. Todos com uma \u00fanica vibe: o amor por Bras\u00edlia!<\/p>\n<p>O experiente ator Simili\u00e3o Aur\u00e9lio trouxe para o projeto uma turma jovem e cheia de energia. A produtora dos v\u00eddeos tamb\u00e9m genuinamente brasiliense \u00e9 a Astronautas Filmes. E a equipe tamb\u00e9m \u00e9 toda de Bras\u00edlia.<\/p>\n<p>Agora, depois do enorme sucesso das esquetes e do programa especial exibido na \u00e9poca do anivers\u00e1rio de Bras\u00edlia, o Quadradim segue sua vida independente nesses canais de facebook, instagram e, tamb\u00e9m, no youtube.<\/p>\n<p>Semanalmente, nossa capital ser\u00e1 retratada por meio de memes, v\u00eddeos e de duas esquetes por semana. Podem acompanhar o dia a dia do brasiliense com muito humor no Youtube\/quadradinho.oficial para n\u00e3o perder nenhum esquete do Quadradim.<\/p>\n<p>&#8211; Diretor &#8211; Luiz Pires<br \/>\n&#8211; Assistente de Dire\u00e7\u00e3o- Roberta Rangel<br \/>\n&#8211; Diretor de fotografia &#8211; Glenio Silva e Reinaldo Tornin<br \/>\n&#8211; \u00c1udio- Marcos Vinicius \/ J\u00falio Lima<br \/>\n&#8211; El\u00e9trica \/ Maquinario &#8211; Phelipe Lara \/ Luciano Cear\u00e1 \/ Jonas Cear\u00e1<br \/>\n&#8211; Assistentes &#8211; F\u00e1bio Mesquita \/ Emmanuel Carlos<br \/>\n&#8211; Maquiagem- Enoque Acioli \/B\u00e1rbara Sousa<br \/>\n&#8211; Figurino &#8211; Deni Moreira<br \/>\n&#8211; Assistente de figurino- Carolina Franklin<br \/>\n&#8211; Produ\u00e7\u00e3o &#8211; Viviane Macedo<br \/>\n&#8211; Assistente de produ\u00e7\u00e3o &#8211; Douglas Macedo \/ Sara Lorrane<\/p>\n<p>A cria\u00e7\u00e3o, execu\u00e7\u00e3o e idealiza\u00e7\u00e3o do projeto s\u00e3o dos publicit\u00e1rios brasilienses Amilton Coelho e Wesley Santos.<\/p>\n","protected":false},"excerpt":{"rendered":"<p>Um grupo de amigos, incomodados com a vis\u00e3o \u201cestrangeira\u201d que muitos tinham da nossa capital, tratando-a como uma cidade fria, sem vida, sem intelig\u00eancia, uma cidade feita de a\u00e7o e concreto e n\u00e3o de gente, resolveram mostrar o dia a dia que s\u00f3 quem \u00e9 da cidade conhece, entende e ama. Nada daquele olhar quadrado, [&hellip;]<\/p>\n","protected":false},"author":18,"featured_media":22160,"comment_status":"open","ping_status":"open","sticky":false,"template":"","format":"standard","meta":{"footnotes":""},"categories":[1],"tags":[],"class_list":{"0":"post-22159","1":"post","2":"type-post","3":"status-publish","4":"format-standard","5":"has-post-thumbnail","7":"category-outros"},"yoast_head":"<!-- This site is optimized with the Yoast SEO Premium plugin v24.5 (Yoast SEO v27.5) - https:\/\/yoast.com\/product\/yoast-seo-premium-wordpress\/ -->\n<title>Bras\u00edlia fez 60 anos com muito humor - P31<\/title>\n<meta name=\"robots\" content=\"index, follow, max-snippet:-1, max-image-preview:large, max-video-preview:-1\" \/>\n<link rel=\"canonical\" href=\"https:\/\/www.p31noticias.com.br\/?p=22159\" \/>\n<meta property=\"og:locale\" content=\"pt_BR\" \/>\n<meta property=\"og:type\" content=\"article\" \/>\n<meta property=\"og:title\" content=\"Bras\u00edlia fez 60 anos com muito humor\" \/>\n<meta property=\"og:description\" content=\"Um grupo de amigos, incomodados com a vis\u00e3o \u201cestrangeira\u201d que muitos tinham da nossa capital, tratando-a como uma cidade fria, sem vida, sem intelig\u00eancia, uma cidade feita de a\u00e7o e concreto e n\u00e3o de gente, resolveram mostrar o dia a dia que s\u00f3 quem \u00e9 da cidade conhece, entende e ama. Nada daquele olhar quadrado, [&hellip;]\" \/>\n<meta property=\"og:url\" content=\"https:\/\/www.p31noticias.com.br\/?p=22159\" \/>\n<meta property=\"og:site_name\" content=\"P31\" \/>\n<meta property=\"article:published_time\" content=\"2020-06-04T11:28:54+00:00\" \/>\n<meta property=\"og:image\" content=\"https:\/\/www.p31noticias.com.br\/wp-content\/uploads\/2020\/06\/quadradim.jpeg\" \/>\n\t<meta property=\"og:image:width\" content=\"800\" \/>\n\t<meta property=\"og:image:height\" content=\"450\" \/>\n\t<meta property=\"og:image:type\" content=\"image\/jpeg\" \/>\n<meta name=\"author\" content=\"Reda\u00e7\u00e3o JBN\" \/>\n<meta name=\"twitter:card\" content=\"summary_large_image\" \/>\n<meta name=\"twitter:label1\" content=\"Escrito por\" \/>\n\t<meta name=\"twitter:data1\" content=\"Reda\u00e7\u00e3o JBN\" \/>\n\t<meta name=\"twitter:label2\" content=\"Est. tempo de leitura\" \/>\n\t<meta name=\"twitter:data2\" content=\"2 minutos\" \/>\n<script type=\"application\/ld+json\" class=\"yoast-schema-graph\">{\"@context\":\"https:\\\/\\\/schema.org\",\"@graph\":[{\"@type\":\"Article\",\"@id\":\"https:\\\/\\\/www.p31noticias.com.br\\\/?p=22159#article\",\"isPartOf\":{\"@id\":\"https:\\\/\\\/www.p31noticias.com.br\\\/?p=22159\"},\"author\":{\"name\":\"Reda\u00e7\u00e3o JBN\",\"@id\":\"https:\\\/\\\/www.p31noticias.com.br\\\/#\\\/schema\\\/person\\\/77d6b186c710ac38937c6ec204fdd387\"},\"headline\":\"Bras\u00edlia fez 60 anos com muito humor\",\"datePublished\":\"2020-06-04T11:28:54+00:00\",\"mainEntityOfPage\":{\"@id\":\"https:\\\/\\\/www.p31noticias.com.br\\\/?p=22159\"},\"wordCount\":415,\"commentCount\":0,\"image\":{\"@id\":\"https:\\\/\\\/www.p31noticias.com.br\\\/?p=22159#primaryimage\"},\"thumbnailUrl\":\"https:\\\/\\\/www.p31noticias.com.br\\\/wp-content\\\/uploads\\\/2020\\\/06\\\/quadradim.jpeg\",\"articleSection\":[\"Outros\"],\"inLanguage\":\"pt-BR\",\"potentialAction\":[{\"@type\":\"CommentAction\",\"name\":\"Comment\",\"target\":[\"https:\\\/\\\/www.p31noticias.com.br\\\/?p=22159#respond\"]}],\"copyrightYear\":\"2020\",\"copyrightHolder\":{\"@id\":\"https:\\\/\\\/www.p31noticias.com.br\\\/#organization\"}},{\"@type\":\"WebPage\",\"@id\":\"https:\\\/\\\/www.p31noticias.com.br\\\/?p=22159\",\"url\":\"https:\\\/\\\/www.p31noticias.com.br\\\/?p=22159\",\"name\":\"Bras\u00edlia fez 60 anos com muito humor - P31\",\"isPartOf\":{\"@id\":\"https:\\\/\\\/www.p31noticias.com.br\\\/#website\"},\"primaryImageOfPage\":{\"@id\":\"https:\\\/\\\/www.p31noticias.com.br\\\/?p=22159#primaryimage\"},\"image\":{\"@id\":\"https:\\\/\\\/www.p31noticias.com.br\\\/?p=22159#primaryimage\"},\"thumbnailUrl\":\"https:\\\/\\\/www.p31noticias.com.br\\\/wp-content\\\/uploads\\\/2020\\\/06\\\/quadradim.jpeg\",\"datePublished\":\"2020-06-04T11:28:54+00:00\",\"author\":{\"@id\":\"https:\\\/\\\/www.p31noticias.com.br\\\/#\\\/schema\\\/person\\\/77d6b186c710ac38937c6ec204fdd387\"},\"breadcrumb\":{\"@id\":\"https:\\\/\\\/www.p31noticias.com.br\\\/?p=22159#breadcrumb\"},\"inLanguage\":\"pt-BR\",\"potentialAction\":[{\"@type\":\"ReadAction\",\"target\":[\"https:\\\/\\\/www.p31noticias.com.br\\\/?p=22159\"]}]},{\"@type\":\"ImageObject\",\"inLanguage\":\"pt-BR\",\"@id\":\"https:\\\/\\\/www.p31noticias.com.br\\\/?p=22159#primaryimage\",\"url\":\"https:\\\/\\\/www.p31noticias.com.br\\\/wp-content\\\/uploads\\\/2020\\\/06\\\/quadradim.jpeg\",\"contentUrl\":\"https:\\\/\\\/www.p31noticias.com.br\\\/wp-content\\\/uploads\\\/2020\\\/06\\\/quadradim.jpeg\",\"width\":800,\"height\":450},{\"@type\":\"BreadcrumbList\",\"@id\":\"https:\\\/\\\/www.p31noticias.com.br\\\/?p=22159#breadcrumb\",\"itemListElement\":[{\"@type\":\"ListItem\",\"position\":1,\"name\":\"In\u00edcio\",\"item\":\"https:\\\/\\\/www.p31noticias.com.br\\\/\"},{\"@type\":\"ListItem\",\"position\":2,\"name\":\"Bras\u00edlia fez 60 anos com muito humor\"}]},{\"@type\":\"WebSite\",\"@id\":\"https:\\\/\\\/www.p31noticias.com.br\\\/#website\",\"url\":\"https:\\\/\\\/www.p31noticias.com.br\\\/\",\"name\":\"P31\",\"description\":\"NOT\u00cdCIAS\",\"potentialAction\":[{\"@type\":\"SearchAction\",\"target\":{\"@type\":\"EntryPoint\",\"urlTemplate\":\"https:\\\/\\\/www.p31noticias.com.br\\\/?s={search_term_string}\"},\"query-input\":{\"@type\":\"PropertyValueSpecification\",\"valueRequired\":true,\"valueName\":\"search_term_string\"}}],\"inLanguage\":\"pt-BR\"},{\"@type\":\"Person\",\"@id\":\"https:\\\/\\\/www.p31noticias.com.br\\\/#\\\/schema\\\/person\\\/77d6b186c710ac38937c6ec204fdd387\",\"name\":\"Reda\u00e7\u00e3o JBN\",\"image\":{\"@type\":\"ImageObject\",\"inLanguage\":\"pt-BR\",\"@id\":\"https:\\\/\\\/secure.gravatar.com\\\/avatar\\\/10fcdb93211f98cce3d64c0795b0915a9a4a21dc0f279238995a3dbfafcad090?s=96&d=mm&r=g\",\"url\":\"https:\\\/\\\/secure.gravatar.com\\\/avatar\\\/10fcdb93211f98cce3d64c0795b0915a9a4a21dc0f279238995a3dbfafcad090?s=96&d=mm&r=g\",\"contentUrl\":\"https:\\\/\\\/secure.gravatar.com\\\/avatar\\\/10fcdb93211f98cce3d64c0795b0915a9a4a21dc0f279238995a3dbfafcad090?s=96&d=mm&r=g\",\"caption\":\"Reda\u00e7\u00e3o JBN\"},\"sameAs\":[\"https:\\\/\\\/p31noticias.com.br\"],\"url\":\"https:\\\/\\\/www.p31noticias.com.br\\\/?author=18\"}]}<\/script>\n<!-- \/ Yoast SEO Premium plugin. -->","yoast_head_json":{"title":"Bras\u00edlia fez 60 anos com muito humor - P31","robots":{"index":"index","follow":"follow","max-snippet":"max-snippet:-1","max-image-preview":"max-image-preview:large","max-video-preview":"max-video-preview:-1"},"canonical":"https:\/\/www.p31noticias.com.br\/?p=22159","og_locale":"pt_BR","og_type":"article","og_title":"Bras\u00edlia fez 60 anos com muito humor","og_description":"Um grupo de amigos, incomodados com a vis\u00e3o \u201cestrangeira\u201d que muitos tinham da nossa capital, tratando-a como uma cidade fria, sem vida, sem intelig\u00eancia, uma cidade feita de a\u00e7o e concreto e n\u00e3o de gente, resolveram mostrar o dia a dia que s\u00f3 quem \u00e9 da cidade conhece, entende e ama. Nada daquele olhar quadrado, [&hellip;]","og_url":"https:\/\/www.p31noticias.com.br\/?p=22159","og_site_name":"P31","article_published_time":"2020-06-04T11:28:54+00:00","og_image":[{"width":800,"height":450,"url":"https:\/\/www.p31noticias.com.br\/wp-content\/uploads\/2020\/06\/quadradim.jpeg","type":"image\/jpeg"}],"author":"Reda\u00e7\u00e3o JBN","twitter_card":"summary_large_image","twitter_misc":{"Escrito por":"Reda\u00e7\u00e3o JBN","Est. tempo de leitura":"2 minutos"},"schema":{"@context":"https:\/\/schema.org","@graph":[{"@type":"Article","@id":"https:\/\/www.p31noticias.com.br\/?p=22159#article","isPartOf":{"@id":"https:\/\/www.p31noticias.com.br\/?p=22159"},"author":{"name":"Reda\u00e7\u00e3o JBN","@id":"https:\/\/www.p31noticias.com.br\/#\/schema\/person\/77d6b186c710ac38937c6ec204fdd387"},"headline":"Bras\u00edlia fez 60 anos com muito humor","datePublished":"2020-06-04T11:28:54+00:00","mainEntityOfPage":{"@id":"https:\/\/www.p31noticias.com.br\/?p=22159"},"wordCount":415,"commentCount":0,"image":{"@id":"https:\/\/www.p31noticias.com.br\/?p=22159#primaryimage"},"thumbnailUrl":"https:\/\/www.p31noticias.com.br\/wp-content\/uploads\/2020\/06\/quadradim.jpeg","articleSection":["Outros"],"inLanguage":"pt-BR","potentialAction":[{"@type":"CommentAction","name":"Comment","target":["https:\/\/www.p31noticias.com.br\/?p=22159#respond"]}],"copyrightYear":"2020","copyrightHolder":{"@id":"https:\/\/www.p31noticias.com.br\/#organization"}},{"@type":"WebPage","@id":"https:\/\/www.p31noticias.com.br\/?p=22159","url":"https:\/\/www.p31noticias.com.br\/?p=22159","name":"Bras\u00edlia fez 60 anos com muito humor - P31","isPartOf":{"@id":"https:\/\/www.p31noticias.com.br\/#website"},"primaryImageOfPage":{"@id":"https:\/\/www.p31noticias.com.br\/?p=22159#primaryimage"},"image":{"@id":"https:\/\/www.p31noticias.com.br\/?p=22159#primaryimage"},"thumbnailUrl":"https:\/\/www.p31noticias.com.br\/wp-content\/uploads\/2020\/06\/quadradim.jpeg","datePublished":"2020-06-04T11:28:54+00:00","author":{"@id":"https:\/\/www.p31noticias.com.br\/#\/schema\/person\/77d6b186c710ac38937c6ec204fdd387"},"breadcrumb":{"@id":"https:\/\/www.p31noticias.com.br\/?p=22159#breadcrumb"},"inLanguage":"pt-BR","potentialAction":[{"@type":"ReadAction","target":["https:\/\/www.p31noticias.com.br\/?p=22159"]}]},{"@type":"ImageObject","inLanguage":"pt-BR","@id":"https:\/\/www.p31noticias.com.br\/?p=22159#primaryimage","url":"https:\/\/www.p31noticias.com.br\/wp-content\/uploads\/2020\/06\/quadradim.jpeg","contentUrl":"https:\/\/www.p31noticias.com.br\/wp-content\/uploads\/2020\/06\/quadradim.jpeg","width":800,"height":450},{"@type":"BreadcrumbList","@id":"https:\/\/www.p31noticias.com.br\/?p=22159#breadcrumb","itemListElement":[{"@type":"ListItem","position":1,"name":"In\u00edcio","item":"https:\/\/www.p31noticias.com.br\/"},{"@type":"ListItem","position":2,"name":"Bras\u00edlia fez 60 anos com muito humor"}]},{"@type":"WebSite","@id":"https:\/\/www.p31noticias.com.br\/#website","url":"https:\/\/www.p31noticias.com.br\/","name":"P31","description":"NOT\u00cdCIAS","potentialAction":[{"@type":"SearchAction","target":{"@type":"EntryPoint","urlTemplate":"https:\/\/www.p31noticias.com.br\/?s={search_term_string}"},"query-input":{"@type":"PropertyValueSpecification","valueRequired":true,"valueName":"search_term_string"}}],"inLanguage":"pt-BR"},{"@type":"Person","@id":"https:\/\/www.p31noticias.com.br\/#\/schema\/person\/77d6b186c710ac38937c6ec204fdd387","name":"Reda\u00e7\u00e3o JBN","image":{"@type":"ImageObject","inLanguage":"pt-BR","@id":"https:\/\/secure.gravatar.com\/avatar\/10fcdb93211f98cce3d64c0795b0915a9a4a21dc0f279238995a3dbfafcad090?s=96&d=mm&r=g","url":"https:\/\/secure.gravatar.com\/avatar\/10fcdb93211f98cce3d64c0795b0915a9a4a21dc0f279238995a3dbfafcad090?s=96&d=mm&r=g","contentUrl":"https:\/\/secure.gravatar.com\/avatar\/10fcdb93211f98cce3d64c0795b0915a9a4a21dc0f279238995a3dbfafcad090?s=96&d=mm&r=g","caption":"Reda\u00e7\u00e3o JBN"},"sameAs":["https:\/\/p31noticias.com.br"],"url":"https:\/\/www.p31noticias.com.br\/?author=18"}]}},"amp_enabled":true,"_links":{"self":[{"href":"https:\/\/www.p31noticias.com.br\/index.php?rest_route=\/wp\/v2\/posts\/22159","targetHints":{"allow":["GET"]}}],"collection":[{"href":"https:\/\/www.p31noticias.com.br\/index.php?rest_route=\/wp\/v2\/posts"}],"about":[{"href":"https:\/\/www.p31noticias.com.br\/index.php?rest_route=\/wp\/v2\/types\/post"}],"author":[{"embeddable":true,"href":"https:\/\/www.p31noticias.com.br\/index.php?rest_route=\/wp\/v2\/users\/18"}],"replies":[{"embeddable":true,"href":"https:\/\/www.p31noticias.com.br\/index.php?rest_route=%2Fwp%2Fv2%2Fcomments&post=22159"}],"version-history":[{"count":0,"href":"https:\/\/www.p31noticias.com.br\/index.php?rest_route=\/wp\/v2\/posts\/22159\/revisions"}],"wp:featuredmedia":[{"embeddable":true,"href":"https:\/\/www.p31noticias.com.br\/index.php?rest_route=\/wp\/v2\/media\/22160"}],"wp:attachment":[{"href":"https:\/\/www.p31noticias.com.br\/index.php?rest_route=%2Fwp%2Fv2%2Fmedia&parent=22159"}],"wp:term":[{"taxonomy":"category","embeddable":true,"href":"https:\/\/www.p31noticias.com.br\/index.php?rest_route=%2Fwp%2Fv2%2Fcategories&post=22159"},{"taxonomy":"post_tag","embeddable":true,"href":"https:\/\/www.p31noticias.com.br\/index.php?rest_route=%2Fwp%2Fv2%2Ftags&post=22159"}],"curies":[{"name":"wp","href":"https:\/\/api.w.org\/{rel}","templated":true}]}}