{"id":22152,"date":"2020-06-03T09:16:46","date_gmt":"2020-06-03T12:16:46","guid":{"rendered":"https:\/\/jornaldoplanalto.com.br\/web\/?p=22152"},"modified":"2020-06-03T09:16:46","modified_gmt":"2020-06-03T12:16:46","slug":"promulgada-lei-de-delmasso-sobre-medidas-emergenciais-contra-a-covid-19","status":"publish","type":"post","link":"https:\/\/www.p31noticias.com.br\/?p=22152","title":{"rendered":"Promulgada Lei de Delmasso sobre medidas emergenciais contra a COVID-19"},"content":{"rendered":"<p style=\"font-weight: 400;\"><em>Obrigatoriedade de compartilhamento de dados entre os \u00f3rg\u00e3os competentes e medidas de preven\u00e7\u00e3o ao coronav\u00edrus. Foto: PGR<\/em><\/p>\n<\/a> Deputado Delmasso (Podemos), autor da Lei. Foto: Rog\u00e9rio Lopes\n<p style=\"font-weight: 400;\">Nesta ter\u00e7a-feira (2) foi promulgada a Lei 6.589 de maio de 2020, de autoria do deputado Delmasso (Republicanos-DF) que disp\u00f5e sobre as medidas para enfrentamento da emerg\u00eancia de sa\u00fade p\u00fablica, decorrente da pandemia da Covid-19. As medidas objetivam a prote\u00e7\u00e3o da coletividade de forma a evitar a propaga\u00e7\u00e3o do coronav\u00edrus.<\/p>\n<p style=\"font-weight: 400;\">Atualmente, o Distrito Federal possui 10.510 pessoas infectadas com a Covid-19, sendo 5.580 recuperadas e 171 \u00f3bitos. Buscando a seguran\u00e7a da popula\u00e7\u00e3o, o projeto trata do isolamento social, quarentena, exames m\u00e9dicos, testes laboratoriais, coleta de amostras cl\u00ednicas, vacina\u00e7\u00e3o, tratamentos m\u00e9dicos espec\u00edficos, estudo ou investiga\u00e7\u00e3o epidemiol\u00f3gica, entre outras medidas.<\/p>\n<p style=\"font-weight: 400;\">\u201cTodas as medidas de preven\u00e7\u00e3o e enfrentamento s\u00e3o extremamente importantes. N\u00f3s, deputados e assessores da C\u00e2mara Legislativa temos trabalhado com todas as ferramentas e agindo o mais r\u00e1pido poss\u00edvel para combater o coronav\u00edrus e socorrer a popula\u00e7\u00e3o neste momento de crise\u201d, pondera Delmasso, autor da Lei.<\/p>\n<p style=\"font-weight: 400;\">A Lei tamb\u00e9m torna obrigat\u00f3rio o compartilhamento de dados que identificam as pessoas contaminadas, ou sob suspeita de infec\u00e7\u00e3o pelo coronav\u00edrus, entre \u00f3rg\u00e3os e entidades da administra\u00e7\u00e3o p\u00fablica. A Lei determina ainda, que em casos d\u00ea transmiss\u00e3o comunit\u00e1ria, os viajantes de origem internacional dever\u00e3o fazer um \u201cjuramento sanit\u00e1rio\u201d, informando seu real estado de sa\u00fade e dever\u00e3o permanecer em autoisolamento por 14 dias, ainda que n\u00e3o apresente nenhum sintoma.<\/p>\n<p style=\"font-weight: 400;\">\n","protected":false},"excerpt":{"rendered":"<p>Obrigatoriedade de compartilhamento de dados entre os \u00f3rg\u00e3os competentes e medidas de preven\u00e7\u00e3o ao coronav\u00edrus. Foto: PGR Nesta ter\u00e7a-feira (2) foi promulgada a Lei 6.589 de maio de 2020, de autoria do deputado Delmasso (Republicanos-DF) que disp\u00f5e sobre as medidas para enfrentamento da emerg\u00eancia de sa\u00fade p\u00fablica, decorrente da pandemia da Covid-19. As medidas objetivam [&hellip;]<\/p>\n","protected":false},"author":18,"featured_media":22153,"comment_status":"open","ping_status":"open","sticky":false,"template":"","format":"standard","meta":{"footnotes":""},"categories":[1],"tags":[],"class_list":{"0":"post-22152","1":"post","2":"type-post","3":"status-publish","4":"format-standard","5":"has-post-thumbnail","7":"category-outros"},"yoast_head":"<!-- This site is optimized with the Yoast SEO Premium plugin v24.5 (Yoast SEO v27.5) - https:\/\/yoast.com\/product\/yoast-seo-premium-wordpress\/ -->\n<title>Promulgada Lei de Delmasso sobre medidas emergenciais contra a COVID-19 - P31<\/title>\n<meta name=\"robots\" content=\"index, follow, max-snippet:-1, max-image-preview:large, max-video-preview:-1\" \/>\n<link rel=\"canonical\" href=\"https:\/\/www.p31noticias.com.br\/?p=22152\" \/>\n<meta property=\"og:locale\" content=\"pt_BR\" \/>\n<meta property=\"og:type\" content=\"article\" \/>\n<meta property=\"og:title\" content=\"Promulgada Lei de Delmasso sobre medidas emergenciais contra a COVID-19\" \/>\n<meta property=\"og:description\" content=\"Obrigatoriedade de compartilhamento de dados entre os \u00f3rg\u00e3os competentes e medidas de preven\u00e7\u00e3o ao coronav\u00edrus. Foto: PGR Nesta ter\u00e7a-feira (2) foi promulgada a Lei 6.589 de maio de 2020, de autoria do deputado Delmasso (Republicanos-DF) que disp\u00f5e sobre as medidas para enfrentamento da emerg\u00eancia de sa\u00fade p\u00fablica, decorrente da pandemia da Covid-19. As medidas objetivam [&hellip;]\" \/>\n<meta property=\"og:url\" content=\"https:\/\/www.p31noticias.com.br\/?p=22152\" \/>\n<meta property=\"og:site_name\" content=\"P31\" \/>\n<meta property=\"article:published_time\" content=\"2020-06-03T12:16:46+00:00\" \/>\n<meta property=\"og:image\" content=\"https:\/\/www.p31noticias.com.br\/wp-content\/uploads\/2020\/06\/covid.jpg\" \/>\n\t<meta property=\"og:image:width\" content=\"400\" \/>\n\t<meta property=\"og:image:height\" content=\"230\" \/>\n\t<meta property=\"og:image:type\" content=\"image\/jpeg\" \/>\n<meta name=\"author\" content=\"Reda\u00e7\u00e3o JBN\" \/>\n<meta name=\"twitter:card\" content=\"summary_large_image\" \/>\n<meta name=\"twitter:label1\" content=\"Escrito por\" \/>\n\t<meta name=\"twitter:data1\" content=\"Reda\u00e7\u00e3o JBN\" \/>\n\t<meta name=\"twitter:label2\" content=\"Est. tempo de leitura\" \/>\n\t<meta name=\"twitter:data2\" content=\"1 minuto\" \/>\n<script type=\"application\/ld+json\" class=\"yoast-schema-graph\">{\"@context\":\"https:\\\/\\\/schema.org\",\"@graph\":[{\"@type\":\"Article\",\"@id\":\"https:\\\/\\\/www.p31noticias.com.br\\\/?p=22152#article\",\"isPartOf\":{\"@id\":\"https:\\\/\\\/www.p31noticias.com.br\\\/?p=22152\"},\"author\":{\"name\":\"Reda\u00e7\u00e3o JBN\",\"@id\":\"https:\\\/\\\/www.p31noticias.com.br\\\/#\\\/schema\\\/person\\\/77d6b186c710ac38937c6ec204fdd387\"},\"headline\":\"Promulgada Lei de Delmasso sobre medidas emergenciais contra a COVID-19\",\"datePublished\":\"2020-06-03T12:16:46+00:00\",\"mainEntityOfPage\":{\"@id\":\"https:\\\/\\\/www.p31noticias.com.br\\\/?p=22152\"},\"wordCount\":291,\"commentCount\":0,\"image\":{\"@id\":\"https:\\\/\\\/www.p31noticias.com.br\\\/?p=22152#primaryimage\"},\"thumbnailUrl\":\"https:\\\/\\\/www.p31noticias.com.br\\\/wp-content\\\/uploads\\\/2020\\\/06\\\/covid.jpg\",\"articleSection\":[\"Outros\"],\"inLanguage\":\"pt-BR\",\"potentialAction\":[{\"@type\":\"CommentAction\",\"name\":\"Comment\",\"target\":[\"https:\\\/\\\/www.p31noticias.com.br\\\/?p=22152#respond\"]}],\"copyrightYear\":\"2020\",\"copyrightHolder\":{\"@id\":\"https:\\\/\\\/www.p31noticias.com.br\\\/#organization\"}},{\"@type\":\"WebPage\",\"@id\":\"https:\\\/\\\/www.p31noticias.com.br\\\/?p=22152\",\"url\":\"https:\\\/\\\/www.p31noticias.com.br\\\/?p=22152\",\"name\":\"Promulgada Lei de Delmasso sobre medidas emergenciais contra a COVID-19 - P31\",\"isPartOf\":{\"@id\":\"https:\\\/\\\/www.p31noticias.com.br\\\/#website\"},\"primaryImageOfPage\":{\"@id\":\"https:\\\/\\\/www.p31noticias.com.br\\\/?p=22152#primaryimage\"},\"image\":{\"@id\":\"https:\\\/\\\/www.p31noticias.com.br\\\/?p=22152#primaryimage\"},\"thumbnailUrl\":\"https:\\\/\\\/www.p31noticias.com.br\\\/wp-content\\\/uploads\\\/2020\\\/06\\\/covid.jpg\",\"datePublished\":\"2020-06-03T12:16:46+00:00\",\"author\":{\"@id\":\"https:\\\/\\\/www.p31noticias.com.br\\\/#\\\/schema\\\/person\\\/77d6b186c710ac38937c6ec204fdd387\"},\"breadcrumb\":{\"@id\":\"https:\\\/\\\/www.p31noticias.com.br\\\/?p=22152#breadcrumb\"},\"inLanguage\":\"pt-BR\",\"potentialAction\":[{\"@type\":\"ReadAction\",\"target\":[\"https:\\\/\\\/www.p31noticias.com.br\\\/?p=22152\"]}]},{\"@type\":\"ImageObject\",\"inLanguage\":\"pt-BR\",\"@id\":\"https:\\\/\\\/www.p31noticias.com.br\\\/?p=22152#primaryimage\",\"url\":\"https:\\\/\\\/www.p31noticias.com.br\\\/wp-content\\\/uploads\\\/2020\\\/06\\\/covid.jpg\",\"contentUrl\":\"https:\\\/\\\/www.p31noticias.com.br\\\/wp-content\\\/uploads\\\/2020\\\/06\\\/covid.jpg\",\"width\":400,\"height\":230},{\"@type\":\"BreadcrumbList\",\"@id\":\"https:\\\/\\\/www.p31noticias.com.br\\\/?p=22152#breadcrumb\",\"itemListElement\":[{\"@type\":\"ListItem\",\"position\":1,\"name\":\"In\u00edcio\",\"item\":\"https:\\\/\\\/www.p31noticias.com.br\\\/\"},{\"@type\":\"ListItem\",\"position\":2,\"name\":\"Promulgada Lei de Delmasso sobre medidas emergenciais contra a COVID-19\"}]},{\"@type\":\"WebSite\",\"@id\":\"https:\\\/\\\/www.p31noticias.com.br\\\/#website\",\"url\":\"https:\\\/\\\/www.p31noticias.com.br\\\/\",\"name\":\"P31\",\"description\":\"NOT\u00cdCIAS\",\"potentialAction\":[{\"@type\":\"SearchAction\",\"target\":{\"@type\":\"EntryPoint\",\"urlTemplate\":\"https:\\\/\\\/www.p31noticias.com.br\\\/?s={search_term_string}\"},\"query-input\":{\"@type\":\"PropertyValueSpecification\",\"valueRequired\":true,\"valueName\":\"search_term_string\"}}],\"inLanguage\":\"pt-BR\"},{\"@type\":\"Person\",\"@id\":\"https:\\\/\\\/www.p31noticias.com.br\\\/#\\\/schema\\\/person\\\/77d6b186c710ac38937c6ec204fdd387\",\"name\":\"Reda\u00e7\u00e3o JBN\",\"image\":{\"@type\":\"ImageObject\",\"inLanguage\":\"pt-BR\",\"@id\":\"https:\\\/\\\/secure.gravatar.com\\\/avatar\\\/10fcdb93211f98cce3d64c0795b0915a9a4a21dc0f279238995a3dbfafcad090?s=96&d=mm&r=g\",\"url\":\"https:\\\/\\\/secure.gravatar.com\\\/avatar\\\/10fcdb93211f98cce3d64c0795b0915a9a4a21dc0f279238995a3dbfafcad090?s=96&d=mm&r=g\",\"contentUrl\":\"https:\\\/\\\/secure.gravatar.com\\\/avatar\\\/10fcdb93211f98cce3d64c0795b0915a9a4a21dc0f279238995a3dbfafcad090?s=96&d=mm&r=g\",\"caption\":\"Reda\u00e7\u00e3o JBN\"},\"sameAs\":[\"https:\\\/\\\/p31noticias.com.br\"],\"url\":\"https:\\\/\\\/www.p31noticias.com.br\\\/?author=18\"}]}<\/script>\n<!-- \/ Yoast SEO Premium plugin. -->","yoast_head_json":{"title":"Promulgada Lei de Delmasso sobre medidas emergenciais contra a COVID-19 - P31","robots":{"index":"index","follow":"follow","max-snippet":"max-snippet:-1","max-image-preview":"max-image-preview:large","max-video-preview":"max-video-preview:-1"},"canonical":"https:\/\/www.p31noticias.com.br\/?p=22152","og_locale":"pt_BR","og_type":"article","og_title":"Promulgada Lei de Delmasso sobre medidas emergenciais contra a COVID-19","og_description":"Obrigatoriedade de compartilhamento de dados entre os \u00f3rg\u00e3os competentes e medidas de preven\u00e7\u00e3o ao coronav\u00edrus. Foto: PGR Nesta ter\u00e7a-feira (2) foi promulgada a Lei 6.589 de maio de 2020, de autoria do deputado Delmasso (Republicanos-DF) que disp\u00f5e sobre as medidas para enfrentamento da emerg\u00eancia de sa\u00fade p\u00fablica, decorrente da pandemia da Covid-19. As medidas objetivam [&hellip;]","og_url":"https:\/\/www.p31noticias.com.br\/?p=22152","og_site_name":"P31","article_published_time":"2020-06-03T12:16:46+00:00","og_image":[{"width":400,"height":230,"url":"https:\/\/www.p31noticias.com.br\/wp-content\/uploads\/2020\/06\/covid.jpg","type":"image\/jpeg"}],"author":"Reda\u00e7\u00e3o JBN","twitter_card":"summary_large_image","twitter_misc":{"Escrito por":"Reda\u00e7\u00e3o JBN","Est. tempo de leitura":"1 minuto"},"schema":{"@context":"https:\/\/schema.org","@graph":[{"@type":"Article","@id":"https:\/\/www.p31noticias.com.br\/?p=22152#article","isPartOf":{"@id":"https:\/\/www.p31noticias.com.br\/?p=22152"},"author":{"name":"Reda\u00e7\u00e3o JBN","@id":"https:\/\/www.p31noticias.com.br\/#\/schema\/person\/77d6b186c710ac38937c6ec204fdd387"},"headline":"Promulgada Lei de Delmasso sobre medidas emergenciais contra a COVID-19","datePublished":"2020-06-03T12:16:46+00:00","mainEntityOfPage":{"@id":"https:\/\/www.p31noticias.com.br\/?p=22152"},"wordCount":291,"commentCount":0,"image":{"@id":"https:\/\/www.p31noticias.com.br\/?p=22152#primaryimage"},"thumbnailUrl":"https:\/\/www.p31noticias.com.br\/wp-content\/uploads\/2020\/06\/covid.jpg","articleSection":["Outros"],"inLanguage":"pt-BR","potentialAction":[{"@type":"CommentAction","name":"Comment","target":["https:\/\/www.p31noticias.com.br\/?p=22152#respond"]}],"copyrightYear":"2020","copyrightHolder":{"@id":"https:\/\/www.p31noticias.com.br\/#organization"}},{"@type":"WebPage","@id":"https:\/\/www.p31noticias.com.br\/?p=22152","url":"https:\/\/www.p31noticias.com.br\/?p=22152","name":"Promulgada Lei de Delmasso sobre medidas emergenciais contra a COVID-19 - P31","isPartOf":{"@id":"https:\/\/www.p31noticias.com.br\/#website"},"primaryImageOfPage":{"@id":"https:\/\/www.p31noticias.com.br\/?p=22152#primaryimage"},"image":{"@id":"https:\/\/www.p31noticias.com.br\/?p=22152#primaryimage"},"thumbnailUrl":"https:\/\/www.p31noticias.com.br\/wp-content\/uploads\/2020\/06\/covid.jpg","datePublished":"2020-06-03T12:16:46+00:00","author":{"@id":"https:\/\/www.p31noticias.com.br\/#\/schema\/person\/77d6b186c710ac38937c6ec204fdd387"},"breadcrumb":{"@id":"https:\/\/www.p31noticias.com.br\/?p=22152#breadcrumb"},"inLanguage":"pt-BR","potentialAction":[{"@type":"ReadAction","target":["https:\/\/www.p31noticias.com.br\/?p=22152"]}]},{"@type":"ImageObject","inLanguage":"pt-BR","@id":"https:\/\/www.p31noticias.com.br\/?p=22152#primaryimage","url":"https:\/\/www.p31noticias.com.br\/wp-content\/uploads\/2020\/06\/covid.jpg","contentUrl":"https:\/\/www.p31noticias.com.br\/wp-content\/uploads\/2020\/06\/covid.jpg","width":400,"height":230},{"@type":"BreadcrumbList","@id":"https:\/\/www.p31noticias.com.br\/?p=22152#breadcrumb","itemListElement":[{"@type":"ListItem","position":1,"name":"In\u00edcio","item":"https:\/\/www.p31noticias.com.br\/"},{"@type":"ListItem","position":2,"name":"Promulgada Lei de Delmasso sobre medidas emergenciais contra a COVID-19"}]},{"@type":"WebSite","@id":"https:\/\/www.p31noticias.com.br\/#website","url":"https:\/\/www.p31noticias.com.br\/","name":"P31","description":"NOT\u00cdCIAS","potentialAction":[{"@type":"SearchAction","target":{"@type":"EntryPoint","urlTemplate":"https:\/\/www.p31noticias.com.br\/?s={search_term_string}"},"query-input":{"@type":"PropertyValueSpecification","valueRequired":true,"valueName":"search_term_string"}}],"inLanguage":"pt-BR"},{"@type":"Person","@id":"https:\/\/www.p31noticias.com.br\/#\/schema\/person\/77d6b186c710ac38937c6ec204fdd387","name":"Reda\u00e7\u00e3o JBN","image":{"@type":"ImageObject","inLanguage":"pt-BR","@id":"https:\/\/secure.gravatar.com\/avatar\/10fcdb93211f98cce3d64c0795b0915a9a4a21dc0f279238995a3dbfafcad090?s=96&d=mm&r=g","url":"https:\/\/secure.gravatar.com\/avatar\/10fcdb93211f98cce3d64c0795b0915a9a4a21dc0f279238995a3dbfafcad090?s=96&d=mm&r=g","contentUrl":"https:\/\/secure.gravatar.com\/avatar\/10fcdb93211f98cce3d64c0795b0915a9a4a21dc0f279238995a3dbfafcad090?s=96&d=mm&r=g","caption":"Reda\u00e7\u00e3o JBN"},"sameAs":["https:\/\/p31noticias.com.br"],"url":"https:\/\/www.p31noticias.com.br\/?author=18"}]}},"amp_enabled":true,"_links":{"self":[{"href":"https:\/\/www.p31noticias.com.br\/index.php?rest_route=\/wp\/v2\/posts\/22152","targetHints":{"allow":["GET"]}}],"collection":[{"href":"https:\/\/www.p31noticias.com.br\/index.php?rest_route=\/wp\/v2\/posts"}],"about":[{"href":"https:\/\/www.p31noticias.com.br\/index.php?rest_route=\/wp\/v2\/types\/post"}],"author":[{"embeddable":true,"href":"https:\/\/www.p31noticias.com.br\/index.php?rest_route=\/wp\/v2\/users\/18"}],"replies":[{"embeddable":true,"href":"https:\/\/www.p31noticias.com.br\/index.php?rest_route=%2Fwp%2Fv2%2Fcomments&post=22152"}],"version-history":[{"count":0,"href":"https:\/\/www.p31noticias.com.br\/index.php?rest_route=\/wp\/v2\/posts\/22152\/revisions"}],"wp:featuredmedia":[{"embeddable":true,"href":"https:\/\/www.p31noticias.com.br\/index.php?rest_route=\/wp\/v2\/media\/22153"}],"wp:attachment":[{"href":"https:\/\/www.p31noticias.com.br\/index.php?rest_route=%2Fwp%2Fv2%2Fmedia&parent=22152"}],"wp:term":[{"taxonomy":"category","embeddable":true,"href":"https:\/\/www.p31noticias.com.br\/index.php?rest_route=%2Fwp%2Fv2%2Fcategories&post=22152"},{"taxonomy":"post_tag","embeddable":true,"href":"https:\/\/www.p31noticias.com.br\/index.php?rest_route=%2Fwp%2Fv2%2Ftags&post=22152"}],"curies":[{"name":"wp","href":"https:\/\/api.w.org\/{rel}","templated":true}]}}