{"id":22145,"date":"2020-06-02T08:54:38","date_gmt":"2020-06-02T11:54:38","guid":{"rendered":"https:\/\/jornaldoplanalto.com.br\/web\/?p=22145"},"modified":"2020-06-02T08:54:38","modified_gmt":"2020-06-02T11:54:38","slug":"obesidade-infantil-causa-consequencias-a-saude-do-coracao","status":"publish","type":"post","link":"https:\/\/www.p31noticias.com.br\/?p=22145","title":{"rendered":"Obesidade Infantil causa consequ\u00eancias \u00e0 sa\u00fade do cora\u00e7\u00e3o"},"content":{"rendered":"<p><em>Hipertens\u00e3o arterial, Insufici\u00eancia card\u00edaca, Infarto agudo do mioc\u00e1rdio est\u00e3o entre os principais problemas de sa\u00fade causados pela doen\u00e7a<\/em><\/p>\n<p>Nesta quarta-feira, dia 3 de junho, \u00e9 celebrado o Dia da Conscientiza\u00e7\u00e3o Contra a Obesidade M\u00f3rbida Infantil. Infelizmente, dados mais recentes do Minist\u00e9rio da Sa\u00fade revelam que 12,9% das crian\u00e7as brasileiras de 5 a 9 anos s\u00e3o obesas e 18,9% dos adultos est\u00e3o acima do peso.<\/p>\n<p>Hoje em dia, ver dobrinhas nas crian\u00e7as j\u00e1 n\u00e3o pode ser considerado sinal de sa\u00fade, mas sim, motivo de alerta. Isso porque as causas da obesidade m\u00f3rbida em crian\u00e7as s\u00e3o variadas, mas est\u00e3o relacionadas, principalmente, \u00e0 qualidade dos h\u00e1bitos alimentares e ao sedentarismo. Alimenta\u00e7\u00e3o fora do hor\u00e1rio ou rica em gordura e a\u00e7\u00facar \u00e9 considerada a grande vil\u00e3. Al\u00e9m disso, a origem para a doen\u00e7a tamb\u00e9m pode ser a hereditariedade, dist\u00farbios hormonais e at\u00e9 fatores psicol\u00f3gicos que, quando descobertos precocemente, evitam que o ac\u00famulo de peso aconte\u00e7a.<\/p>\n<p>Segundo\u00a0<strong>o cardiologista pedi\u00e1trico do Instituto do Cora\u00e7\u00e3o de Taguatinga (ICTCor), Mauricio Jaramillo Hincapie<\/strong>, a defini\u00e7\u00e3o de obesidade em crian\u00e7as e adolescentes \u00e9 um pouco mais dif\u00edcil de estabelecer do que na idade adulta, pois existem diferen\u00e7as pelo sexo, idade, estatura e est\u00e1gio de matura\u00e7\u00e3o sexual. \u00a0Al\u00e9m da apar\u00eancia visual que chama aten\u00e7\u00e3o, \u00e9 necess\u00e1rio utilizar algumas das curvas j\u00e1 estabelecidas para \u00cdndice de Massa Corp\u00f3rea (IMC) e colocar a medida da crian\u00e7a nesta curva, da mesma forma como se avalia o peso e a estatura para saber se o crescimento est\u00e1 adequado.<\/p>\n<p>\u201cUm IMC acima do percentil 85% \u00e9 classificado como sobrepeso e acima de 95% como obesidade. \u00a0Tamb\u00e9m pode ser utilizada a medida da circunfer\u00eancia abdominal, pregas cut\u00e2neas, \u00edndice de obesidade entre outros para classificar o grau de obesidade da crian\u00e7a. Quanto maior o grau de obesidade, maiores as complica\u00e7\u00f5es a m\u00e9dio e longo prazo para a sa\u00fade dela\u201d, explica o profissional.<\/p>\n<p>Uma crian\u00e7a com sobrepeso, principalmente com consider\u00e1vel excesso durante toda a inf\u00e2ncia e pr\u00e9-adolesc\u00eancia, tende a continuar obesa na fase adulta. E essa quantidade de peso anormal durante o desenvolvimento do corpo causa a m\u00e1 forma\u00e7\u00e3o do esqueleto. Al\u00e9m disso, o excesso de gordura e a\u00e7\u00facar no organismo pode provocar o aparecimento de diabetes e uma s\u00e9rie de doen\u00e7as card\u00edacas como, por exemplo, hipertens\u00e3o arterial, insufici\u00eancia card\u00edaca, infarto agudo do mioc\u00e1rdio, entre outras.De acordo com o especialista, os fatores a serem considerados na liga\u00e7\u00e3o da obesidade ao aumento da press\u00e3o arterial incluem: aumento do volume sangu\u00edneo, volume sist\u00f3lico e d\u00e9bito card\u00edaco, al\u00e9m de mecanismos que ligam a obesidade a um aumento da press\u00e3o arterial perif\u00e9rica.<\/p>\n<p>\u201cAssim como acontece com os adultos, a obesidade pode levar a consequ\u00eancias importantes em diversos sistemas do organismo, com maior risco de altera\u00e7\u00f5es ortop\u00e9dicas, cut\u00e2neas, respirat\u00f3rias como asma e apneia do sono, end\u00f3crinas e metab\u00f3licas como diabetes, resist\u00eancia \u00e0 insulina e colesterol elevado, altera\u00e7\u00f5es no f\u00edgado (dep\u00f3sito de gordura) e c\u00e1lculos na ves\u00edcula, e as cardiovasculares como a hipertens\u00e3o, aterosclerose (estrias de gordura nas art\u00e9rias), sobrecarga e insufici\u00eancia card\u00edaca. Uma crian\u00e7a obesa tem a probabilidade de permanecer obesa na idade adulta entre \u00a020% a 50%, antes da puberdade e 50% a 70%, ap\u00f3s a puberdade, levando esses pacientes a terem maior risco de desenvolver complica\u00e7\u00f5es no futuro\u201d, detalha Jaramillo.<\/p>\n<p><strong>Tratamento<\/strong><\/p>\n<p>O especialista afirma que o tratamento da obesidade em crian\u00e7as e adolescentes \u00e9 mais dif\u00edcil e longo do que nos adultos, justamente, porque a \u00a0crian\u00e7a, geralmente, n\u00e3o compreende a necessidade de baixar o peso. Al\u00e9m disso, o processo envolve uma mudan\u00e7a importante nos h\u00e1bitos familiares e at\u00e9 da escola e grupo social do paciente.<\/p>\n<p>\u201cO cuidado baseia-se na redu\u00e7\u00e3o da ingest\u00e3o cal\u00f3rica, aumento do gasto energ\u00e9tico, modifica\u00e7\u00e3o comportamental e envolvimento familiar no processo de mudan\u00e7a. Inicialmente, \u00e9 necess\u00e1rio aconselhamento nutricional para corrigir os erros alimentares, eliminar alimentos muito cal\u00f3ricos e ricos em a\u00e7\u00facar e gordura, com aumento dos vegetais, frutas e fibras, al\u00e9m de criar a consci\u00eancia da import\u00e2ncia das atividades f\u00edsicas frequentes e brincadeiras ao ar livre com redu\u00e7\u00e3o do n\u00famero de horas na televis\u00e3o, computador e videogames\u201d, relata \u00a0o cardiologista.<\/p>\n<p>Al\u00e9m de todas as mudan\u00e7as, o apoio psicol\u00f3gico e psiqui\u00e1trico quando necess\u00e1rio, bem como envolvimento multiprofissional com pediatra, end\u00f3crino, cardiologista, nutricionista, fisioterapia, entre outros tamb\u00e9m s\u00e3o importantes para obter resultados.<\/p>\n<p>Para Mauricio Jaramillo, \u00e9 essencial ficar atento neste momento em que as atividades f\u00edsicas das crian\u00e7as, brincadeiras nas ruas e parques est\u00e3o suspensas por conta pandemia causada pelo novo coronav\u00edrus. O m\u00e9dico alerta que apenas brincadeiras pelo celular, o computador e os jogos eletr\u00f4nicos, geram um sedentarismo precoce e que essa situa\u00e7\u00e3o aliada \u00e0 alimenta\u00e7\u00e3o cada vez menos natural e mais industrializada s\u00e3o conjuntos que v\u00e3o levar definitivamente a uma consequ\u00eancia de obesidade em uma propor\u00e7\u00e3o cada vez maior de crian\u00e7as.<\/p>\n<p>&nbsp;<\/p>\n","protected":false},"excerpt":{"rendered":"<p>Hipertens\u00e3o arterial, Insufici\u00eancia card\u00edaca, Infarto agudo do mioc\u00e1rdio est\u00e3o entre os principais problemas de sa\u00fade causados pela doen\u00e7a Nesta quarta-feira, dia 3 de junho, \u00e9 celebrado o Dia da Conscientiza\u00e7\u00e3o Contra a Obesidade M\u00f3rbida Infantil. Infelizmente, dados mais recentes do Minist\u00e9rio da Sa\u00fade revelam que 12,9% das crian\u00e7as brasileiras de 5 a 9 anos s\u00e3o [&hellip;]<\/p>\n","protected":false},"author":18,"featured_media":22146,"comment_status":"open","ping_status":"open","sticky":false,"template":"","format":"standard","meta":{"footnotes":""},"categories":[124],"tags":[],"class_list":{"0":"post-22145","1":"post","2":"type-post","3":"status-publish","4":"format-standard","5":"has-post-thumbnail","7":"category-saude"},"yoast_head":"<!-- This site is optimized with the Yoast SEO Premium plugin v24.5 (Yoast SEO v27.5) - https:\/\/yoast.com\/product\/yoast-seo-premium-wordpress\/ -->\n<title>Obesidade Infantil causa consequ\u00eancias \u00e0 sa\u00fade do cora\u00e7\u00e3o - P31<\/title>\n<meta name=\"robots\" content=\"index, follow, max-snippet:-1, max-image-preview:large, max-video-preview:-1\" \/>\n<link rel=\"canonical\" href=\"https:\/\/www.p31noticias.com.br\/?p=22145\" \/>\n<meta property=\"og:locale\" content=\"pt_BR\" \/>\n<meta property=\"og:type\" content=\"article\" \/>\n<meta property=\"og:title\" content=\"Obesidade Infantil causa consequ\u00eancias \u00e0 sa\u00fade do cora\u00e7\u00e3o\" \/>\n<meta property=\"og:description\" content=\"Hipertens\u00e3o arterial, Insufici\u00eancia card\u00edaca, Infarto agudo do mioc\u00e1rdio est\u00e3o entre os principais problemas de sa\u00fade causados pela doen\u00e7a Nesta quarta-feira, dia 3 de junho, \u00e9 celebrado o Dia da Conscientiza\u00e7\u00e3o Contra a Obesidade M\u00f3rbida Infantil. Infelizmente, dados mais recentes do Minist\u00e9rio da Sa\u00fade revelam que 12,9% das crian\u00e7as brasileiras de 5 a 9 anos s\u00e3o [&hellip;]\" \/>\n<meta property=\"og:url\" content=\"https:\/\/www.p31noticias.com.br\/?p=22145\" \/>\n<meta property=\"og:site_name\" content=\"P31\" \/>\n<meta property=\"article:published_time\" content=\"2020-06-02T11:54:38+00:00\" \/>\n<meta property=\"og:image\" content=\"https:\/\/www.p31noticias.com.br\/wp-content\/uploads\/2020\/06\/obesidade-infantil-divulgacaofreepik2.jpg\" \/>\n\t<meta property=\"og:image:width\" content=\"626\" \/>\n\t<meta property=\"og:image:height\" content=\"417\" \/>\n\t<meta property=\"og:image:type\" content=\"image\/jpeg\" \/>\n<meta name=\"author\" content=\"Reda\u00e7\u00e3o JBN\" \/>\n<meta name=\"twitter:card\" content=\"summary_large_image\" \/>\n<meta name=\"twitter:label1\" content=\"Escrito por\" \/>\n\t<meta name=\"twitter:data1\" content=\"Reda\u00e7\u00e3o JBN\" \/>\n\t<meta name=\"twitter:label2\" content=\"Est. tempo de leitura\" \/>\n\t<meta name=\"twitter:data2\" content=\"4 minutos\" \/>\n<script type=\"application\/ld+json\" class=\"yoast-schema-graph\">{\"@context\":\"https:\\\/\\\/schema.org\",\"@graph\":[{\"@type\":\"Article\",\"@id\":\"https:\\\/\\\/www.p31noticias.com.br\\\/?p=22145#article\",\"isPartOf\":{\"@id\":\"https:\\\/\\\/www.p31noticias.com.br\\\/?p=22145\"},\"author\":{\"name\":\"Reda\u00e7\u00e3o JBN\",\"@id\":\"https:\\\/\\\/www.p31noticias.com.br\\\/#\\\/schema\\\/person\\\/77d6b186c710ac38937c6ec204fdd387\"},\"headline\":\"Obesidade Infantil causa consequ\u00eancias \u00e0 sa\u00fade do cora\u00e7\u00e3o\",\"datePublished\":\"2020-06-02T11:54:38+00:00\",\"mainEntityOfPage\":{\"@id\":\"https:\\\/\\\/www.p31noticias.com.br\\\/?p=22145\"},\"wordCount\":904,\"commentCount\":0,\"image\":{\"@id\":\"https:\\\/\\\/www.p31noticias.com.br\\\/?p=22145#primaryimage\"},\"thumbnailUrl\":\"https:\\\/\\\/www.p31noticias.com.br\\\/wp-content\\\/uploads\\\/2020\\\/06\\\/obesidade-infantil-divulgacaofreepik2.jpg\",\"articleSection\":[\"Sa\u00fade\"],\"inLanguage\":\"pt-BR\",\"potentialAction\":[{\"@type\":\"CommentAction\",\"name\":\"Comment\",\"target\":[\"https:\\\/\\\/www.p31noticias.com.br\\\/?p=22145#respond\"]}],\"copyrightYear\":\"2020\",\"copyrightHolder\":{\"@id\":\"https:\\\/\\\/www.p31noticias.com.br\\\/#organization\"}},{\"@type\":\"WebPage\",\"@id\":\"https:\\\/\\\/www.p31noticias.com.br\\\/?p=22145\",\"url\":\"https:\\\/\\\/www.p31noticias.com.br\\\/?p=22145\",\"name\":\"Obesidade Infantil causa consequ\u00eancias \u00e0 sa\u00fade do cora\u00e7\u00e3o - P31\",\"isPartOf\":{\"@id\":\"https:\\\/\\\/www.p31noticias.com.br\\\/#website\"},\"primaryImageOfPage\":{\"@id\":\"https:\\\/\\\/www.p31noticias.com.br\\\/?p=22145#primaryimage\"},\"image\":{\"@id\":\"https:\\\/\\\/www.p31noticias.com.br\\\/?p=22145#primaryimage\"},\"thumbnailUrl\":\"https:\\\/\\\/www.p31noticias.com.br\\\/wp-content\\\/uploads\\\/2020\\\/06\\\/obesidade-infantil-divulgacaofreepik2.jpg\",\"datePublished\":\"2020-06-02T11:54:38+00:00\",\"author\":{\"@id\":\"https:\\\/\\\/www.p31noticias.com.br\\\/#\\\/schema\\\/person\\\/77d6b186c710ac38937c6ec204fdd387\"},\"breadcrumb\":{\"@id\":\"https:\\\/\\\/www.p31noticias.com.br\\\/?p=22145#breadcrumb\"},\"inLanguage\":\"pt-BR\",\"potentialAction\":[{\"@type\":\"ReadAction\",\"target\":[\"https:\\\/\\\/www.p31noticias.com.br\\\/?p=22145\"]}]},{\"@type\":\"ImageObject\",\"inLanguage\":\"pt-BR\",\"@id\":\"https:\\\/\\\/www.p31noticias.com.br\\\/?p=22145#primaryimage\",\"url\":\"https:\\\/\\\/www.p31noticias.com.br\\\/wp-content\\\/uploads\\\/2020\\\/06\\\/obesidade-infantil-divulgacaofreepik2.jpg\",\"contentUrl\":\"https:\\\/\\\/www.p31noticias.com.br\\\/wp-content\\\/uploads\\\/2020\\\/06\\\/obesidade-infantil-divulgacaofreepik2.jpg\",\"width\":626,\"height\":417},{\"@type\":\"BreadcrumbList\",\"@id\":\"https:\\\/\\\/www.p31noticias.com.br\\\/?p=22145#breadcrumb\",\"itemListElement\":[{\"@type\":\"ListItem\",\"position\":1,\"name\":\"In\u00edcio\",\"item\":\"https:\\\/\\\/www.p31noticias.com.br\\\/\"},{\"@type\":\"ListItem\",\"position\":2,\"name\":\"Obesidade Infantil causa consequ\u00eancias \u00e0 sa\u00fade do cora\u00e7\u00e3o\"}]},{\"@type\":\"WebSite\",\"@id\":\"https:\\\/\\\/www.p31noticias.com.br\\\/#website\",\"url\":\"https:\\\/\\\/www.p31noticias.com.br\\\/\",\"name\":\"P31\",\"description\":\"NOT\u00cdCIAS\",\"potentialAction\":[{\"@type\":\"SearchAction\",\"target\":{\"@type\":\"EntryPoint\",\"urlTemplate\":\"https:\\\/\\\/www.p31noticias.com.br\\\/?s={search_term_string}\"},\"query-input\":{\"@type\":\"PropertyValueSpecification\",\"valueRequired\":true,\"valueName\":\"search_term_string\"}}],\"inLanguage\":\"pt-BR\"},{\"@type\":\"Person\",\"@id\":\"https:\\\/\\\/www.p31noticias.com.br\\\/#\\\/schema\\\/person\\\/77d6b186c710ac38937c6ec204fdd387\",\"name\":\"Reda\u00e7\u00e3o JBN\",\"image\":{\"@type\":\"ImageObject\",\"inLanguage\":\"pt-BR\",\"@id\":\"https:\\\/\\\/secure.gravatar.com\\\/avatar\\\/10fcdb93211f98cce3d64c0795b0915a9a4a21dc0f279238995a3dbfafcad090?s=96&d=mm&r=g\",\"url\":\"https:\\\/\\\/secure.gravatar.com\\\/avatar\\\/10fcdb93211f98cce3d64c0795b0915a9a4a21dc0f279238995a3dbfafcad090?s=96&d=mm&r=g\",\"contentUrl\":\"https:\\\/\\\/secure.gravatar.com\\\/avatar\\\/10fcdb93211f98cce3d64c0795b0915a9a4a21dc0f279238995a3dbfafcad090?s=96&d=mm&r=g\",\"caption\":\"Reda\u00e7\u00e3o JBN\"},\"sameAs\":[\"https:\\\/\\\/p31noticias.com.br\"],\"url\":\"https:\\\/\\\/www.p31noticias.com.br\\\/?author=18\"}]}<\/script>\n<!-- \/ Yoast SEO Premium plugin. -->","yoast_head_json":{"title":"Obesidade Infantil causa consequ\u00eancias \u00e0 sa\u00fade do cora\u00e7\u00e3o - P31","robots":{"index":"index","follow":"follow","max-snippet":"max-snippet:-1","max-image-preview":"max-image-preview:large","max-video-preview":"max-video-preview:-1"},"canonical":"https:\/\/www.p31noticias.com.br\/?p=22145","og_locale":"pt_BR","og_type":"article","og_title":"Obesidade Infantil causa consequ\u00eancias \u00e0 sa\u00fade do cora\u00e7\u00e3o","og_description":"Hipertens\u00e3o arterial, Insufici\u00eancia card\u00edaca, Infarto agudo do mioc\u00e1rdio est\u00e3o entre os principais problemas de sa\u00fade causados pela doen\u00e7a Nesta quarta-feira, dia 3 de junho, \u00e9 celebrado o Dia da Conscientiza\u00e7\u00e3o Contra a Obesidade M\u00f3rbida Infantil. Infelizmente, dados mais recentes do Minist\u00e9rio da Sa\u00fade revelam que 12,9% das crian\u00e7as brasileiras de 5 a 9 anos s\u00e3o [&hellip;]","og_url":"https:\/\/www.p31noticias.com.br\/?p=22145","og_site_name":"P31","article_published_time":"2020-06-02T11:54:38+00:00","og_image":[{"width":626,"height":417,"url":"https:\/\/www.p31noticias.com.br\/wp-content\/uploads\/2020\/06\/obesidade-infantil-divulgacaofreepik2.jpg","type":"image\/jpeg"}],"author":"Reda\u00e7\u00e3o JBN","twitter_card":"summary_large_image","twitter_misc":{"Escrito por":"Reda\u00e7\u00e3o JBN","Est. tempo de leitura":"4 minutos"},"schema":{"@context":"https:\/\/schema.org","@graph":[{"@type":"Article","@id":"https:\/\/www.p31noticias.com.br\/?p=22145#article","isPartOf":{"@id":"https:\/\/www.p31noticias.com.br\/?p=22145"},"author":{"name":"Reda\u00e7\u00e3o JBN","@id":"https:\/\/www.p31noticias.com.br\/#\/schema\/person\/77d6b186c710ac38937c6ec204fdd387"},"headline":"Obesidade Infantil causa consequ\u00eancias \u00e0 sa\u00fade do cora\u00e7\u00e3o","datePublished":"2020-06-02T11:54:38+00:00","mainEntityOfPage":{"@id":"https:\/\/www.p31noticias.com.br\/?p=22145"},"wordCount":904,"commentCount":0,"image":{"@id":"https:\/\/www.p31noticias.com.br\/?p=22145#primaryimage"},"thumbnailUrl":"https:\/\/www.p31noticias.com.br\/wp-content\/uploads\/2020\/06\/obesidade-infantil-divulgacaofreepik2.jpg","articleSection":["Sa\u00fade"],"inLanguage":"pt-BR","potentialAction":[{"@type":"CommentAction","name":"Comment","target":["https:\/\/www.p31noticias.com.br\/?p=22145#respond"]}],"copyrightYear":"2020","copyrightHolder":{"@id":"https:\/\/www.p31noticias.com.br\/#organization"}},{"@type":"WebPage","@id":"https:\/\/www.p31noticias.com.br\/?p=22145","url":"https:\/\/www.p31noticias.com.br\/?p=22145","name":"Obesidade Infantil causa consequ\u00eancias \u00e0 sa\u00fade do cora\u00e7\u00e3o - P31","isPartOf":{"@id":"https:\/\/www.p31noticias.com.br\/#website"},"primaryImageOfPage":{"@id":"https:\/\/www.p31noticias.com.br\/?p=22145#primaryimage"},"image":{"@id":"https:\/\/www.p31noticias.com.br\/?p=22145#primaryimage"},"thumbnailUrl":"https:\/\/www.p31noticias.com.br\/wp-content\/uploads\/2020\/06\/obesidade-infantil-divulgacaofreepik2.jpg","datePublished":"2020-06-02T11:54:38+00:00","author":{"@id":"https:\/\/www.p31noticias.com.br\/#\/schema\/person\/77d6b186c710ac38937c6ec204fdd387"},"breadcrumb":{"@id":"https:\/\/www.p31noticias.com.br\/?p=22145#breadcrumb"},"inLanguage":"pt-BR","potentialAction":[{"@type":"ReadAction","target":["https:\/\/www.p31noticias.com.br\/?p=22145"]}]},{"@type":"ImageObject","inLanguage":"pt-BR","@id":"https:\/\/www.p31noticias.com.br\/?p=22145#primaryimage","url":"https:\/\/www.p31noticias.com.br\/wp-content\/uploads\/2020\/06\/obesidade-infantil-divulgacaofreepik2.jpg","contentUrl":"https:\/\/www.p31noticias.com.br\/wp-content\/uploads\/2020\/06\/obesidade-infantil-divulgacaofreepik2.jpg","width":626,"height":417},{"@type":"BreadcrumbList","@id":"https:\/\/www.p31noticias.com.br\/?p=22145#breadcrumb","itemListElement":[{"@type":"ListItem","position":1,"name":"In\u00edcio","item":"https:\/\/www.p31noticias.com.br\/"},{"@type":"ListItem","position":2,"name":"Obesidade Infantil causa consequ\u00eancias \u00e0 sa\u00fade do cora\u00e7\u00e3o"}]},{"@type":"WebSite","@id":"https:\/\/www.p31noticias.com.br\/#website","url":"https:\/\/www.p31noticias.com.br\/","name":"P31","description":"NOT\u00cdCIAS","potentialAction":[{"@type":"SearchAction","target":{"@type":"EntryPoint","urlTemplate":"https:\/\/www.p31noticias.com.br\/?s={search_term_string}"},"query-input":{"@type":"PropertyValueSpecification","valueRequired":true,"valueName":"search_term_string"}}],"inLanguage":"pt-BR"},{"@type":"Person","@id":"https:\/\/www.p31noticias.com.br\/#\/schema\/person\/77d6b186c710ac38937c6ec204fdd387","name":"Reda\u00e7\u00e3o JBN","image":{"@type":"ImageObject","inLanguage":"pt-BR","@id":"https:\/\/secure.gravatar.com\/avatar\/10fcdb93211f98cce3d64c0795b0915a9a4a21dc0f279238995a3dbfafcad090?s=96&d=mm&r=g","url":"https:\/\/secure.gravatar.com\/avatar\/10fcdb93211f98cce3d64c0795b0915a9a4a21dc0f279238995a3dbfafcad090?s=96&d=mm&r=g","contentUrl":"https:\/\/secure.gravatar.com\/avatar\/10fcdb93211f98cce3d64c0795b0915a9a4a21dc0f279238995a3dbfafcad090?s=96&d=mm&r=g","caption":"Reda\u00e7\u00e3o JBN"},"sameAs":["https:\/\/p31noticias.com.br"],"url":"https:\/\/www.p31noticias.com.br\/?author=18"}]}},"amp_enabled":true,"_links":{"self":[{"href":"https:\/\/www.p31noticias.com.br\/index.php?rest_route=\/wp\/v2\/posts\/22145","targetHints":{"allow":["GET"]}}],"collection":[{"href":"https:\/\/www.p31noticias.com.br\/index.php?rest_route=\/wp\/v2\/posts"}],"about":[{"href":"https:\/\/www.p31noticias.com.br\/index.php?rest_route=\/wp\/v2\/types\/post"}],"author":[{"embeddable":true,"href":"https:\/\/www.p31noticias.com.br\/index.php?rest_route=\/wp\/v2\/users\/18"}],"replies":[{"embeddable":true,"href":"https:\/\/www.p31noticias.com.br\/index.php?rest_route=%2Fwp%2Fv2%2Fcomments&post=22145"}],"version-history":[{"count":0,"href":"https:\/\/www.p31noticias.com.br\/index.php?rest_route=\/wp\/v2\/posts\/22145\/revisions"}],"wp:featuredmedia":[{"embeddable":true,"href":"https:\/\/www.p31noticias.com.br\/index.php?rest_route=\/wp\/v2\/media\/22146"}],"wp:attachment":[{"href":"https:\/\/www.p31noticias.com.br\/index.php?rest_route=%2Fwp%2Fv2%2Fmedia&parent=22145"}],"wp:term":[{"taxonomy":"category","embeddable":true,"href":"https:\/\/www.p31noticias.com.br\/index.php?rest_route=%2Fwp%2Fv2%2Fcategories&post=22145"},{"taxonomy":"post_tag","embeddable":true,"href":"https:\/\/www.p31noticias.com.br\/index.php?rest_route=%2Fwp%2Fv2%2Ftags&post=22145"}],"curies":[{"name":"wp","href":"https:\/\/api.w.org\/{rel}","templated":true}]}}