{"id":22094,"date":"2020-05-20T14:31:24","date_gmt":"2020-05-20T17:31:24","guid":{"rendered":"https:\/\/jornaldoplanalto.com.br\/web\/?p=22094"},"modified":"2020-05-20T14:31:24","modified_gmt":"2020-05-20T17:31:24","slug":"cancer-de-boca-acomete-cerca-de-150-mil-casos-por-ano-no-brasil","status":"publish","type":"post","link":"https:\/\/www.p31noticias.com.br\/?p=22094","title":{"rendered":"C\u00e2ncer de boca acomete cerca de 150 mil casos por ano no Brasil \u00a0\u00a0\u00a0\u00a0\u00a0"},"content":{"rendered":"<p><em>Uso de tabaco, \u00e1lcool e o v\u00edrus HPV est\u00e3o entre os fatores de risco<\/em><\/p>\n<p>Tipo de c\u00e2ncer considerado raro, comparado aos demais, o c\u00e2ncer de boca acomete cerca de 150 pessoas por ano no Brasil, de acordo com dados do Hospital Israelita Albert Einstein. Entre suas principais causas est\u00e3o o consumo de tabaco, ingest\u00e3o de bebidas alco\u00f3licas, al\u00e9m de infec\u00e7\u00e3o pelo v\u00edrus\u00a0papilomav\u00edrus humano (HPV). Pode surgir em qualquer parte da boca, e sua manifesta\u00e7\u00e3o se d\u00e1 por placas vermelhas e brancas cancerosas.<\/p>\n<p>A cirurgi\u00e3 dentista Polyana Beserra Carvalho Shahrzad, explica que, os sintomas incluem ferida n\u00e3o cicatrizada, n\u00f3dulo ou mancha branca ou vermelha na parte interna da boca. \u201cO diagn\u00f3stico \u00e9 feito clinicamente atrav\u00e9s de exames laboratoriais e de imagem\u201d, salienta a especialista. O paciente pode sentir dores locais (boca e face), ao engolir. Pode ocorrer ainda baba, mau h\u00e1lito, placas vermelhas e brancas, secura ou \u00falceras. \u201c\u00c9 observado na fala um tom de voz anormal\u00a0 e tamb\u00e9m dificuldade na dic\u00e7\u00e3o. Na garganta apresenta dificuldade de engolir e dor\u201d, acrescenta.<\/p>\n<p>Os sintomas podem apresentar g\u00e2nglios cervicais aumentados, perda de peso, perda do paladar, sangramento ou tosse. Identificado de forma precoce, o tratamento pode ter \u00eaxito mais r\u00e1pido, atrav\u00e9s de cirurgia e radioterapia. \u201cO melhor tratamento \u00e9 feito mediante diagn\u00f3stico com o especialista, portanto, procure seu dentista\u201d, completa a Dra. Polyana.<\/p>\n<p><strong>Servi\u00e7o:<\/strong><\/p>\n<p><em>Shahr Odontologia<\/em><\/p>\n<p><em>Centro M\u00e9dico J\u00falio Adnet, SEPS 709\/909, Bloco A, Sala 205\/ 206.<\/em><\/p>\n<p><em>Contato: (61) 3532-8835\/ 98120-3700<\/em><\/p>\n<p><a href=\"http:\/\/www.odontoshahr.com.br\/\">www.odontoshahr.com.br<\/a><\/p>\n<p>&nbsp;<\/p>\n","protected":false},"excerpt":{"rendered":"<p>Uso de tabaco, \u00e1lcool e o v\u00edrus HPV est\u00e3o entre os fatores de risco Tipo de c\u00e2ncer considerado raro, comparado aos demais, o c\u00e2ncer de boca acomete cerca de 150 pessoas por ano no Brasil, de acordo com dados do Hospital Israelita Albert Einstein. Entre suas principais causas est\u00e3o o consumo de tabaco, ingest\u00e3o de [&hellip;]<\/p>\n","protected":false},"author":18,"featured_media":22095,"comment_status":"open","ping_status":"open","sticky":false,"template":"","format":"standard","meta":{"footnotes":""},"categories":[124],"tags":[],"class_list":{"0":"post-22094","1":"post","2":"type-post","3":"status-publish","4":"format-standard","5":"has-post-thumbnail","7":"category-saude"},"yoast_head":"<!-- This site is optimized with the Yoast SEO Premium plugin v24.5 (Yoast SEO v27.5) - https:\/\/yoast.com\/product\/yoast-seo-premium-wordpress\/ -->\n<title>C\u00e2ncer de boca acomete cerca de 150 mil casos por ano no Brasil \u00a0\u00a0\u00a0\u00a0\u00a0 - P31<\/title>\n<meta name=\"robots\" content=\"index, follow, max-snippet:-1, max-image-preview:large, max-video-preview:-1\" \/>\n<link rel=\"canonical\" href=\"https:\/\/www.p31noticias.com.br\/?p=22094\" \/>\n<meta property=\"og:locale\" content=\"pt_BR\" \/>\n<meta property=\"og:type\" content=\"article\" \/>\n<meta property=\"og:title\" content=\"C\u00e2ncer de boca acomete cerca de 150 mil casos por ano no Brasil \u00a0\u00a0\u00a0\u00a0\u00a0\" \/>\n<meta property=\"og:description\" content=\"Uso de tabaco, \u00e1lcool e o v\u00edrus HPV est\u00e3o entre os fatores de risco Tipo de c\u00e2ncer considerado raro, comparado aos demais, o c\u00e2ncer de boca acomete cerca de 150 pessoas por ano no Brasil, de acordo com dados do Hospital Israelita Albert Einstein. Entre suas principais causas est\u00e3o o consumo de tabaco, ingest\u00e3o de [&hellip;]\" \/>\n<meta property=\"og:url\" content=\"https:\/\/www.p31noticias.com.br\/?p=22094\" \/>\n<meta property=\"og:site_name\" content=\"P31\" \/>\n<meta property=\"article:published_time\" content=\"2020-05-20T17:31:24+00:00\" \/>\n<meta property=\"og:image\" content=\"https:\/\/www.p31noticias.com.br\/wp-content\/uploads\/2020\/05\/Saude_Cancer_de_Boca.jpg\" \/>\n\t<meta property=\"og:image:width\" content=\"512\" \/>\n\t<meta property=\"og:image:height\" content=\"262\" \/>\n\t<meta property=\"og:image:type\" content=\"image\/jpeg\" \/>\n<meta name=\"author\" content=\"Reda\u00e7\u00e3o JBN\" \/>\n<meta name=\"twitter:card\" content=\"summary_large_image\" \/>\n<meta name=\"twitter:label1\" content=\"Escrito por\" \/>\n\t<meta name=\"twitter:data1\" content=\"Reda\u00e7\u00e3o JBN\" \/>\n\t<meta name=\"twitter:label2\" content=\"Est. tempo de leitura\" \/>\n\t<meta name=\"twitter:data2\" content=\"1 minuto\" \/>\n<script type=\"application\/ld+json\" class=\"yoast-schema-graph\">{\"@context\":\"https:\\\/\\\/schema.org\",\"@graph\":[{\"@type\":\"Article\",\"@id\":\"https:\\\/\\\/www.p31noticias.com.br\\\/?p=22094#article\",\"isPartOf\":{\"@id\":\"https:\\\/\\\/www.p31noticias.com.br\\\/?p=22094\"},\"author\":{\"name\":\"Reda\u00e7\u00e3o JBN\",\"@id\":\"https:\\\/\\\/www.p31noticias.com.br\\\/#\\\/schema\\\/person\\\/77d6b186c710ac38937c6ec204fdd387\"},\"headline\":\"C\u00e2ncer de boca acomete cerca de 150 mil casos por ano no Brasil \u00a0\u00a0\u00a0\u00a0\u00a0\",\"datePublished\":\"2020-05-20T17:31:24+00:00\",\"mainEntityOfPage\":{\"@id\":\"https:\\\/\\\/www.p31noticias.com.br\\\/?p=22094\"},\"wordCount\":275,\"commentCount\":0,\"image\":{\"@id\":\"https:\\\/\\\/www.p31noticias.com.br\\\/?p=22094#primaryimage\"},\"thumbnailUrl\":\"https:\\\/\\\/www.p31noticias.com.br\\\/wp-content\\\/uploads\\\/2020\\\/05\\\/Saude_Cancer_de_Boca.jpg\",\"articleSection\":[\"Sa\u00fade\"],\"inLanguage\":\"pt-BR\",\"potentialAction\":[{\"@type\":\"CommentAction\",\"name\":\"Comment\",\"target\":[\"https:\\\/\\\/www.p31noticias.com.br\\\/?p=22094#respond\"]}],\"copyrightYear\":\"2020\",\"copyrightHolder\":{\"@id\":\"https:\\\/\\\/www.p31noticias.com.br\\\/#organization\"}},{\"@type\":\"WebPage\",\"@id\":\"https:\\\/\\\/www.p31noticias.com.br\\\/?p=22094\",\"url\":\"https:\\\/\\\/www.p31noticias.com.br\\\/?p=22094\",\"name\":\"C\u00e2ncer de boca acomete cerca de 150 mil casos por ano no Brasil \u00a0\u00a0\u00a0\u00a0\u00a0 - P31\",\"isPartOf\":{\"@id\":\"https:\\\/\\\/www.p31noticias.com.br\\\/#website\"},\"primaryImageOfPage\":{\"@id\":\"https:\\\/\\\/www.p31noticias.com.br\\\/?p=22094#primaryimage\"},\"image\":{\"@id\":\"https:\\\/\\\/www.p31noticias.com.br\\\/?p=22094#primaryimage\"},\"thumbnailUrl\":\"https:\\\/\\\/www.p31noticias.com.br\\\/wp-content\\\/uploads\\\/2020\\\/05\\\/Saude_Cancer_de_Boca.jpg\",\"datePublished\":\"2020-05-20T17:31:24+00:00\",\"author\":{\"@id\":\"https:\\\/\\\/www.p31noticias.com.br\\\/#\\\/schema\\\/person\\\/77d6b186c710ac38937c6ec204fdd387\"},\"breadcrumb\":{\"@id\":\"https:\\\/\\\/www.p31noticias.com.br\\\/?p=22094#breadcrumb\"},\"inLanguage\":\"pt-BR\",\"potentialAction\":[{\"@type\":\"ReadAction\",\"target\":[\"https:\\\/\\\/www.p31noticias.com.br\\\/?p=22094\"]}]},{\"@type\":\"ImageObject\",\"inLanguage\":\"pt-BR\",\"@id\":\"https:\\\/\\\/www.p31noticias.com.br\\\/?p=22094#primaryimage\",\"url\":\"https:\\\/\\\/www.p31noticias.com.br\\\/wp-content\\\/uploads\\\/2020\\\/05\\\/Saude_Cancer_de_Boca.jpg\",\"contentUrl\":\"https:\\\/\\\/www.p31noticias.com.br\\\/wp-content\\\/uploads\\\/2020\\\/05\\\/Saude_Cancer_de_Boca.jpg\",\"width\":512,\"height\":262},{\"@type\":\"BreadcrumbList\",\"@id\":\"https:\\\/\\\/www.p31noticias.com.br\\\/?p=22094#breadcrumb\",\"itemListElement\":[{\"@type\":\"ListItem\",\"position\":1,\"name\":\"In\u00edcio\",\"item\":\"https:\\\/\\\/www.p31noticias.com.br\\\/\"},{\"@type\":\"ListItem\",\"position\":2,\"name\":\"C\u00e2ncer de boca acomete cerca de 150 mil casos por ano no Brasil \u00a0\u00a0\u00a0\u00a0\u00a0\"}]},{\"@type\":\"WebSite\",\"@id\":\"https:\\\/\\\/www.p31noticias.com.br\\\/#website\",\"url\":\"https:\\\/\\\/www.p31noticias.com.br\\\/\",\"name\":\"P31\",\"description\":\"NOT\u00cdCIAS\",\"potentialAction\":[{\"@type\":\"SearchAction\",\"target\":{\"@type\":\"EntryPoint\",\"urlTemplate\":\"https:\\\/\\\/www.p31noticias.com.br\\\/?s={search_term_string}\"},\"query-input\":{\"@type\":\"PropertyValueSpecification\",\"valueRequired\":true,\"valueName\":\"search_term_string\"}}],\"inLanguage\":\"pt-BR\"},{\"@type\":\"Person\",\"@id\":\"https:\\\/\\\/www.p31noticias.com.br\\\/#\\\/schema\\\/person\\\/77d6b186c710ac38937c6ec204fdd387\",\"name\":\"Reda\u00e7\u00e3o JBN\",\"image\":{\"@type\":\"ImageObject\",\"inLanguage\":\"pt-BR\",\"@id\":\"https:\\\/\\\/secure.gravatar.com\\\/avatar\\\/10fcdb93211f98cce3d64c0795b0915a9a4a21dc0f279238995a3dbfafcad090?s=96&d=mm&r=g\",\"url\":\"https:\\\/\\\/secure.gravatar.com\\\/avatar\\\/10fcdb93211f98cce3d64c0795b0915a9a4a21dc0f279238995a3dbfafcad090?s=96&d=mm&r=g\",\"contentUrl\":\"https:\\\/\\\/secure.gravatar.com\\\/avatar\\\/10fcdb93211f98cce3d64c0795b0915a9a4a21dc0f279238995a3dbfafcad090?s=96&d=mm&r=g\",\"caption\":\"Reda\u00e7\u00e3o JBN\"},\"sameAs\":[\"https:\\\/\\\/p31noticias.com.br\"],\"url\":\"https:\\\/\\\/www.p31noticias.com.br\\\/?author=18\"}]}<\/script>\n<!-- \/ Yoast SEO Premium plugin. -->","yoast_head_json":{"title":"C\u00e2ncer de boca acomete cerca de 150 mil casos por ano no Brasil \u00a0\u00a0\u00a0\u00a0\u00a0 - P31","robots":{"index":"index","follow":"follow","max-snippet":"max-snippet:-1","max-image-preview":"max-image-preview:large","max-video-preview":"max-video-preview:-1"},"canonical":"https:\/\/www.p31noticias.com.br\/?p=22094","og_locale":"pt_BR","og_type":"article","og_title":"C\u00e2ncer de boca acomete cerca de 150 mil casos por ano no Brasil \u00a0\u00a0\u00a0\u00a0\u00a0","og_description":"Uso de tabaco, \u00e1lcool e o v\u00edrus HPV est\u00e3o entre os fatores de risco Tipo de c\u00e2ncer considerado raro, comparado aos demais, o c\u00e2ncer de boca acomete cerca de 150 pessoas por ano no Brasil, de acordo com dados do Hospital Israelita Albert Einstein. Entre suas principais causas est\u00e3o o consumo de tabaco, ingest\u00e3o de [&hellip;]","og_url":"https:\/\/www.p31noticias.com.br\/?p=22094","og_site_name":"P31","article_published_time":"2020-05-20T17:31:24+00:00","og_image":[{"width":512,"height":262,"url":"https:\/\/www.p31noticias.com.br\/wp-content\/uploads\/2020\/05\/Saude_Cancer_de_Boca.jpg","type":"image\/jpeg"}],"author":"Reda\u00e7\u00e3o JBN","twitter_card":"summary_large_image","twitter_misc":{"Escrito por":"Reda\u00e7\u00e3o JBN","Est. tempo de leitura":"1 minuto"},"schema":{"@context":"https:\/\/schema.org","@graph":[{"@type":"Article","@id":"https:\/\/www.p31noticias.com.br\/?p=22094#article","isPartOf":{"@id":"https:\/\/www.p31noticias.com.br\/?p=22094"},"author":{"name":"Reda\u00e7\u00e3o JBN","@id":"https:\/\/www.p31noticias.com.br\/#\/schema\/person\/77d6b186c710ac38937c6ec204fdd387"},"headline":"C\u00e2ncer de boca acomete cerca de 150 mil casos por ano no Brasil \u00a0\u00a0\u00a0\u00a0\u00a0","datePublished":"2020-05-20T17:31:24+00:00","mainEntityOfPage":{"@id":"https:\/\/www.p31noticias.com.br\/?p=22094"},"wordCount":275,"commentCount":0,"image":{"@id":"https:\/\/www.p31noticias.com.br\/?p=22094#primaryimage"},"thumbnailUrl":"https:\/\/www.p31noticias.com.br\/wp-content\/uploads\/2020\/05\/Saude_Cancer_de_Boca.jpg","articleSection":["Sa\u00fade"],"inLanguage":"pt-BR","potentialAction":[{"@type":"CommentAction","name":"Comment","target":["https:\/\/www.p31noticias.com.br\/?p=22094#respond"]}],"copyrightYear":"2020","copyrightHolder":{"@id":"https:\/\/www.p31noticias.com.br\/#organization"}},{"@type":"WebPage","@id":"https:\/\/www.p31noticias.com.br\/?p=22094","url":"https:\/\/www.p31noticias.com.br\/?p=22094","name":"C\u00e2ncer de boca acomete cerca de 150 mil casos por ano no Brasil \u00a0\u00a0\u00a0\u00a0\u00a0 - P31","isPartOf":{"@id":"https:\/\/www.p31noticias.com.br\/#website"},"primaryImageOfPage":{"@id":"https:\/\/www.p31noticias.com.br\/?p=22094#primaryimage"},"image":{"@id":"https:\/\/www.p31noticias.com.br\/?p=22094#primaryimage"},"thumbnailUrl":"https:\/\/www.p31noticias.com.br\/wp-content\/uploads\/2020\/05\/Saude_Cancer_de_Boca.jpg","datePublished":"2020-05-20T17:31:24+00:00","author":{"@id":"https:\/\/www.p31noticias.com.br\/#\/schema\/person\/77d6b186c710ac38937c6ec204fdd387"},"breadcrumb":{"@id":"https:\/\/www.p31noticias.com.br\/?p=22094#breadcrumb"},"inLanguage":"pt-BR","potentialAction":[{"@type":"ReadAction","target":["https:\/\/www.p31noticias.com.br\/?p=22094"]}]},{"@type":"ImageObject","inLanguage":"pt-BR","@id":"https:\/\/www.p31noticias.com.br\/?p=22094#primaryimage","url":"https:\/\/www.p31noticias.com.br\/wp-content\/uploads\/2020\/05\/Saude_Cancer_de_Boca.jpg","contentUrl":"https:\/\/www.p31noticias.com.br\/wp-content\/uploads\/2020\/05\/Saude_Cancer_de_Boca.jpg","width":512,"height":262},{"@type":"BreadcrumbList","@id":"https:\/\/www.p31noticias.com.br\/?p=22094#breadcrumb","itemListElement":[{"@type":"ListItem","position":1,"name":"In\u00edcio","item":"https:\/\/www.p31noticias.com.br\/"},{"@type":"ListItem","position":2,"name":"C\u00e2ncer de boca acomete cerca de 150 mil casos por ano no Brasil \u00a0\u00a0\u00a0\u00a0\u00a0"}]},{"@type":"WebSite","@id":"https:\/\/www.p31noticias.com.br\/#website","url":"https:\/\/www.p31noticias.com.br\/","name":"P31","description":"NOT\u00cdCIAS","potentialAction":[{"@type":"SearchAction","target":{"@type":"EntryPoint","urlTemplate":"https:\/\/www.p31noticias.com.br\/?s={search_term_string}"},"query-input":{"@type":"PropertyValueSpecification","valueRequired":true,"valueName":"search_term_string"}}],"inLanguage":"pt-BR"},{"@type":"Person","@id":"https:\/\/www.p31noticias.com.br\/#\/schema\/person\/77d6b186c710ac38937c6ec204fdd387","name":"Reda\u00e7\u00e3o JBN","image":{"@type":"ImageObject","inLanguage":"pt-BR","@id":"https:\/\/secure.gravatar.com\/avatar\/10fcdb93211f98cce3d64c0795b0915a9a4a21dc0f279238995a3dbfafcad090?s=96&d=mm&r=g","url":"https:\/\/secure.gravatar.com\/avatar\/10fcdb93211f98cce3d64c0795b0915a9a4a21dc0f279238995a3dbfafcad090?s=96&d=mm&r=g","contentUrl":"https:\/\/secure.gravatar.com\/avatar\/10fcdb93211f98cce3d64c0795b0915a9a4a21dc0f279238995a3dbfafcad090?s=96&d=mm&r=g","caption":"Reda\u00e7\u00e3o JBN"},"sameAs":["https:\/\/p31noticias.com.br"],"url":"https:\/\/www.p31noticias.com.br\/?author=18"}]}},"amp_enabled":true,"_links":{"self":[{"href":"https:\/\/www.p31noticias.com.br\/index.php?rest_route=\/wp\/v2\/posts\/22094","targetHints":{"allow":["GET"]}}],"collection":[{"href":"https:\/\/www.p31noticias.com.br\/index.php?rest_route=\/wp\/v2\/posts"}],"about":[{"href":"https:\/\/www.p31noticias.com.br\/index.php?rest_route=\/wp\/v2\/types\/post"}],"author":[{"embeddable":true,"href":"https:\/\/www.p31noticias.com.br\/index.php?rest_route=\/wp\/v2\/users\/18"}],"replies":[{"embeddable":true,"href":"https:\/\/www.p31noticias.com.br\/index.php?rest_route=%2Fwp%2Fv2%2Fcomments&post=22094"}],"version-history":[{"count":0,"href":"https:\/\/www.p31noticias.com.br\/index.php?rest_route=\/wp\/v2\/posts\/22094\/revisions"}],"wp:featuredmedia":[{"embeddable":true,"href":"https:\/\/www.p31noticias.com.br\/index.php?rest_route=\/wp\/v2\/media\/22095"}],"wp:attachment":[{"href":"https:\/\/www.p31noticias.com.br\/index.php?rest_route=%2Fwp%2Fv2%2Fmedia&parent=22094"}],"wp:term":[{"taxonomy":"category","embeddable":true,"href":"https:\/\/www.p31noticias.com.br\/index.php?rest_route=%2Fwp%2Fv2%2Fcategories&post=22094"},{"taxonomy":"post_tag","embeddable":true,"href":"https:\/\/www.p31noticias.com.br\/index.php?rest_route=%2Fwp%2Fv2%2Ftags&post=22094"}],"curies":[{"name":"wp","href":"https:\/\/api.w.org\/{rel}","templated":true}]}}