{"id":22090,"date":"2020-05-20T14:25:56","date_gmt":"2020-05-20T17:25:56","guid":{"rendered":"https:\/\/jornaldoplanalto.com.br\/web\/?p=22090"},"modified":"2020-05-20T14:25:56","modified_gmt":"2020-05-20T17:25:56","slug":"entrevista-46","status":"publish","type":"post","link":"https:\/\/www.p31noticias.com.br\/?p=22090","title":{"rendered":"\u00a0Entrevista"},"content":{"rendered":"<p><img decoding=\"async\" src=\"https:\/\/jornaldoplanalto.com.br\/web\/wp-content\/uploads\/2020\/03\/flavio.jpg\" \/><\/p>\n<p><strong>Tecnologia auxilia estudos para o Enem<\/strong><\/p>\n<p><strong>Nei Vieira<\/strong><\/p>\n<p>Diretor Pedag\u00f3gico dos Anos Finais do Ensino Fundamental e Ensino M\u00e9dio do Col\u00e9gio S\u00e9ri\u00f6s<\/p>\n<p>Com a necessidade do isolamento social, em fun\u00e7\u00e3o da pandemia, as institui\u00e7\u00f5es de ensino readaptaram a rotina de estudo de seus alunos em todas as regi\u00f5es do Brasil. Al\u00e9m de migrar as aulas presenciais para o meio digital, muitos col\u00e9gios investiram em recursos extras para auxiliar os estudantes na prepara\u00e7\u00e3o para o Exame Nacional do Ensino M\u00e9dio (Enem) deste ano. No Distrito Federal, o Col\u00e9gio Seri\u00f6s disponibilizou plant\u00f5es de d\u00favidas online, com suporte de 24 horas, pela plataforma PLURALL, do Sistema Anglo de Ensino. Com a ferramenta, \u00e9 poss\u00edvel ter acesso a v\u00eddeo aulas e tamb\u00e9m a um banco intermin\u00e1vel de quest\u00f5es com gabarito e resolu\u00e7\u00f5es em v\u00eddeo. O diretor pedag\u00f3gico dos Anos Finais do Ensino Fundamental e Ensino M\u00e9dio da institui\u00e7\u00e3o, <strong>Nei Vieira<\/strong>, explica, nesta entrevista, como a pandemia est\u00e1 mexendo com a rotina de alunos e profissionais da Educa\u00e7\u00e3o.<\/p>\n<p><strong><em>Qual a proposta de ensino do Col\u00e9gio S\u00e9ri\u00f6s?<\/em><\/strong><\/p>\n<p>H\u00e1 oito anos no mercado de Bras\u00edlia, o Col\u00e9gio S\u00e9ri\u00f6s \u00e9 uma institui\u00e7\u00e3o de per\u00edodo semi-integral e faz parte de um ecossistema de aprendizagem m\u00faltipla e humanista para todas as fases escolares. A proposta pedag\u00f3gica inclui atividades de Arte, Cultura e Tecnologia (ACT), mescladas \u00e0s demais disciplinas, que visam a aquisi\u00e7\u00e3o de compet\u00eancias e o desenvolvimento de habilidades indispens\u00e1veis para a forma\u00e7\u00e3o integral. O objetivo \u00e9 proporcionar uma vis\u00e3o humanista e omnilateral para a forma\u00e7\u00e3o integral de cidad\u00e3os conscientes de suas escolhas.<\/p>\n<p><strong><em>Como est\u00e1 o preparo dos alunos para o Enem?<\/em><\/strong><\/p>\n<p>Os nossos alunos j\u00e1 fizeram simulados online, juntamente com mais de 30 mil estudantes de todo o Brasil. Nossos professores t\u00eam encontros com os alunos por meio de <em>&#8216;lives&#8217;<\/em> para ampliar o atendimento. O Enem deste ano conta com diversas mudan\u00e7as. Entre elas, as provas digitais ser\u00e3o aplicadas, pela primeira vez, para 100 mil estudantes volunt\u00e1rios nos dias 22 e 29 de novembro. Entretanto, \u00e9 importante ressaltar: o exame tradicional continua na mesma data &#8211; 1 e 8 de novembro.<\/p>\n<p><strong><em>Quem poder\u00e1 fazer o exame?<\/em><\/strong><\/p>\n<p>Somente estudantes que j\u00e1 terminaram o Ensino M\u00e9dio, ou que estejam no 3\u00ba ano, poder\u00e3o fazer essa prova digital. A estimativa do governo \u00e9 de que, at\u00e9 2026, o Enem seja 100% digital. Apesar de seguirem o mesmo padr\u00e3o, as provas tradicionais e as digitais ser\u00e3o totalmente distintas, o que n\u00e3o levantar\u00e1 d\u00favida de autenticidade.<\/p>\n<p><strong><em>Como voc\u00eas enxergam estas mudan\u00e7as instauradas a partir da pandemia?<\/em><\/strong><\/p>\n<p>Para o Col\u00e9gio Seri\u00f6s, a mudan\u00e7a da aplica\u00e7\u00e3o das provas para o \u00e2mbito digital \u00e9 uma tend\u00eancia observada mundialmente. Desde julho de 2019, o governo vem aplicando sistemas testados em outros pa\u00edses. Mas \u00e9 preciso levar em considera\u00e7\u00e3o aspectos como a desigualdade de acesso aos meios digitais e a necessidade de nivelar a dificuldade dos dois formatos durante o per\u00edodo de transi\u00e7\u00e3o. As escolas privadas, com maiores recursos, certamente sair\u00e3o na frente em termos de adequa\u00e7\u00e3o ao novo processo. Provavelmente, nesse momento de transi\u00e7\u00e3o, o ENEM digital aumente a desigualdade entre estudantes da rede particular e os da rede p\u00fablica.<\/p>\n<p><strong><em>\u00a0<\/em><em>Como resolver este problema?<\/em><\/strong><\/p>\n<p>Esperamos que o Enem Digital, assim como a vers\u00e3o em papel, proporcione condi\u00e7\u00f5es para que todos os estudantes do Brasil tenham as mesmas chances de aprova\u00e7\u00e3o nas grandes universidades. O ideal \u00e9 que a conquista da t\u00e3o sonhada vaga s\u00f3 dependesse das habilidades, compet\u00eancias e profici\u00eancias de cada candidato, o que, infelizmente, ainda n\u00e3o acontece hoje em dia. Mas nossa orienta\u00e7\u00e3o aos alunos \u00e9 que optem pela vers\u00e3o tradicional do Enem, uma vez que ainda n\u00e3o sabemos direito como se dar\u00e1 este processo.<\/p>\n<p><strong>\u00a0<\/strong><\/p>\n<p><em>ANOTE A\u00cd!<\/em><\/p>\n<p><strong>Aten\u00e7\u00e3o para as datas:<\/strong><\/p>\n<ul>\n<li>11 a 22 de maio \u2013 Inscri\u00e7\u00e3o ENEM 2020<\/li>\n<li>28 de maio \u2013 Prazo para pagamento<\/li>\n<li>1 e 8 de novembro \u2013 Provas Tradicionais<\/li>\n<li>22 e 29 de novembro \u2013 Provas Digitais<\/li>\n<li>Janeiro de 2021 \u2013 Resultado do ENEM<\/li>\n<\/ul>\n<p>&nbsp;<\/p>\n<p>SERVI\u00c7O:<\/p>\n<p><strong>Col\u00e9gio Seri\u00f6s <\/strong><\/p>\n<p>SGAS 902, BL. C, LT. 75, Asa Sul<\/p>\n<p>Telefone: (61) 3049-8800<\/p>\n<p>_____________________________________________________________<\/p>\n<p><u>Solu\u00e7\u00f5es Tecnol\u00f3gicas<\/u><\/p>\n<p><strong>Programa estimula inova\u00e7\u00e3o de startups<\/strong><\/p>\n<p><strong>\u00a0<\/strong>A Petrobras e o Sebrae acabam de lan\u00e7ar o segundo edital do Programa Petrobras para Inova\u00e7\u00e3o \u2013 M\u00f3dulo Startups, voltado a atrair solu\u00e7\u00f5es tecnol\u00f3gicas para bens e servi\u00e7os de startups e pequenas empresas de todo pa\u00eds. O novo edital fornecer\u00e1 at\u00e9 R$ 10 milh\u00f5es para viabilizar a gera\u00e7\u00e3o de inova\u00e7\u00f5es com implanta\u00e7\u00e3o efetiva nas opera\u00e7\u00f5es da companhia.<\/p>\n<p>_____________________________________________________________<\/p>\n<p><u>Solidariedade<\/u><\/p>\n<p><strong>BB doa equipamentos <\/strong><strong>para<\/strong><\/p>\n<p><strong>iniciativas de combate \u00e0 Covid-19<\/strong><\/p>\n<p>Em mais uma a\u00e7\u00e3o para combater os efeitos da pandemia de coronav\u00edrus, o BB doou cerca de 650 bens m\u00f3veis usados para a Universidade de Bras\u00edlia (UnB). Os equipamentos ser\u00e3o utilizados na instala\u00e7\u00e3o da Unidade de Intelig\u00eancia Cooperativa para Enfrentamento da Covid-19, na \u00e1rea do Parque Cient\u00edfico e Tecnol\u00f3gico daquela institui\u00e7\u00e3o de ensino. S\u00e3o equipamentos eletroeletr\u00f4nicos (CPUs e computadores), utens\u00edlios e mobili\u00e1rios (mesas, gavetas e pain\u00e9is) que passam a compor a estrutura utilizada por um grupo multidisciplinar, formado por representantes da UnB e da Funda\u00e7\u00e3o Oswaldo Cruz (Fiocruz). No espa\u00e7o, que dever\u00e1 come\u00e7ar a funcionar ainda neste m\u00eas, eles conduzir\u00e3o estrat\u00e9gias de integra\u00e7\u00e3o da aten\u00e7\u00e3o e vigil\u00e2ncia \u00e0 sa\u00fade para o enfrentamento da Covid-19. Com as informa\u00e7\u00f5es do grupo, a expectativa \u00e9 de que gestores estaduais e municipais tenham mais um suporte para a tomada de decis\u00f5es em rela\u00e7\u00e3o \u00e0s melhores estrat\u00e9gias de enfrentamento \u00e0 pandemia em seus territ\u00f3rios. O projeto visa apoiar a\u00e7\u00f5es de pelo menos 100 munic\u00edpios das cinco regi\u00f5es do pa\u00eds, al\u00e9m do Distrito Federal, a melhorar sua capacidade de aten\u00e7\u00e3o, prevenindo a propaga\u00e7\u00e3o do novo coronav\u00edrus e o colapso no sistema hospitalar.<\/p>\n<p>_____________________________________________________________<\/p>\n<p><u>Tarifa Social<\/u><\/p>\n<p><strong>Caesb muda esquema de cobran\u00e7a de tarifas<\/strong><\/p>\n<p>A partir do dia 1\u00ba de junho, a Companhia de Saneamento Ambiental do Distrito Federal (Caesb) aplicar\u00e1 as altera\u00e7\u00f5es provocadas pela Lei Distrital no. 6.272\/2019, que implementa uma nova forma de cobran\u00e7a das tarifas de \u00e1gua e esgoto no DF. A principal mudan\u00e7a na nova tabela \u00e9 o fim do consumo m\u00ednimo de 10m\u00b3 por m\u00eas, relativos ao fornecimento de \u00e1gua de cada unidade de consumo. Com o fim da cobran\u00e7a do consumo m\u00ednimo, o pagamento se dar\u00e1 pelo consumo efetivamente medido. Passa a ser arrecadada uma tarifa fixa de R$ 8,00 para a categoria residencial e R$ 21,00 para n\u00e3o residencial, al\u00e9m da cobran\u00e7a do valor efetivamente consumido de \u00e1gua e de esgoto. Hoje, 40% da popula\u00e7\u00e3o do DF est\u00e3o na faixa de consumo de at\u00e9 7 m\u00b3\/m\u00eas e ter\u00e3o redu\u00e7\u00e3o de at\u00e9 65% na sua fatura. Um dos principais objetivos dessa mudan\u00e7a \u00e9 estimular um uso mais racional e consciente de \u00e1gua, premissa presente em toda a nova estrutura. Ou seja, quem economizar mais, pagar\u00e1 menos.\u00a0A principal inova\u00e7\u00e3o \u00e9 a amplia\u00e7\u00e3o substancial do n\u00famero de beneficiados pela tarifa social, de 3 mil para aproximadamente 70 mil fam\u00edlias, com renda per capita entre zero e R$ 178. Para ter direito \u00e0 Tarifa Social, basta que o titular da conta de \u00e1gua seja benefici\u00e1rio do Programa Bolsa Fam\u00edlia e esteja com CPF cadastrado e atualizado no Cad\u00danico pela SEDES.<\/p>\n<p>_____________________________________________________________<\/p>\n<p><u>PPP<\/u><\/p>\n<p><strong>Setor Comercial Sul ganha reformas de banheiros<\/strong><\/p>\n<p><strong>\u00a0<\/strong>A Associa\u00e7\u00e3o Comercial do Distrito Federal (ACDF), em parceria com empresas, est\u00e1 realizando a reforma de banheiros p\u00fablicos no Setor Comercial Sul (SCS) para a popula\u00e7\u00e3o do DF. A entrega oficial foi feita pelo presidente da ACDF, Fernando Brites, no \u00faltimo dia 13, e faz parte de um projeto da ACDF, apresentado ano passado para o governador Ibaneis Rocha, que visa transformar o local em um setor tecnol\u00f3gico, gastron\u00f4mico e criativo.<\/p>\n<p>&nbsp;<\/p>\n","protected":false},"excerpt":{"rendered":"<p>Tecnologia auxilia estudos para o Enem Nei Vieira Diretor Pedag\u00f3gico dos Anos Finais do Ensino Fundamental e Ensino M\u00e9dio do Col\u00e9gio S\u00e9ri\u00f6s Com a necessidade do isolamento social, em fun\u00e7\u00e3o da pandemia, as institui\u00e7\u00f5es de ensino readaptaram a rotina de estudo de seus alunos em todas as regi\u00f5es do Brasil. Al\u00e9m de migrar as aulas [&hellip;]<\/p>\n","protected":false},"author":18,"featured_media":22091,"comment_status":"open","ping_status":"open","sticky":false,"template":"","format":"standard","meta":{"footnotes":""},"categories":[1],"tags":[],"class_list":{"0":"post-22090","1":"post","2":"type-post","3":"status-publish","4":"format-standard","5":"has-post-thumbnail","7":"category-outros"},"yoast_head":"<!-- This site is optimized with the Yoast SEO Premium plugin v24.5 (Yoast SEO v27.5) - https:\/\/yoast.com\/product\/yoast-seo-premium-wordpress\/ -->\n<title>\u00a0Entrevista - P31<\/title>\n<meta name=\"robots\" content=\"index, follow, max-snippet:-1, max-image-preview:large, max-video-preview:-1\" \/>\n<link rel=\"canonical\" href=\"https:\/\/www.p31noticias.com.br\/?p=22090\" \/>\n<meta property=\"og:locale\" content=\"pt_BR\" \/>\n<meta property=\"og:type\" content=\"article\" \/>\n<meta property=\"og:title\" content=\"\u00a0Entrevista\" \/>\n<meta property=\"og:description\" content=\"Tecnologia auxilia estudos para o Enem Nei Vieira Diretor Pedag\u00f3gico dos Anos Finais do Ensino Fundamental e Ensino M\u00e9dio do Col\u00e9gio S\u00e9ri\u00f6s Com a necessidade do isolamento social, em fun\u00e7\u00e3o da pandemia, as institui\u00e7\u00f5es de ensino readaptaram a rotina de estudo de seus alunos em todas as regi\u00f5es do Brasil. Al\u00e9m de migrar as aulas [&hellip;]\" \/>\n<meta property=\"og:url\" content=\"https:\/\/www.p31noticias.com.br\/?p=22090\" \/>\n<meta property=\"og:site_name\" content=\"P31\" \/>\n<meta property=\"article:published_time\" content=\"2020-05-20T17:25:56+00:00\" \/>\n<meta property=\"og:image\" content=\"https:\/\/www.p31noticias.com.br\/wp-content\/uploads\/2020\/05\/Parab\u00f3lica_maio_Prof.-Nei-Vieira.jpeg\" \/>\n\t<meta property=\"og:image:width\" content=\"1280\" \/>\n\t<meta property=\"og:image:height\" content=\"622\" \/>\n\t<meta property=\"og:image:type\" content=\"image\/jpeg\" \/>\n<meta name=\"author\" content=\"Reda\u00e7\u00e3o JBN\" \/>\n<meta name=\"twitter:card\" content=\"summary_large_image\" \/>\n<meta name=\"twitter:label1\" content=\"Escrito por\" \/>\n\t<meta name=\"twitter:data1\" content=\"Reda\u00e7\u00e3o JBN\" \/>\n\t<meta name=\"twitter:label2\" content=\"Est. tempo de leitura\" \/>\n\t<meta name=\"twitter:data2\" content=\"7 minutos\" \/>\n<script type=\"application\/ld+json\" class=\"yoast-schema-graph\">{\"@context\":\"https:\\\/\\\/schema.org\",\"@graph\":[{\"@type\":\"Article\",\"@id\":\"https:\\\/\\\/www.p31noticias.com.br\\\/?p=22090#article\",\"isPartOf\":{\"@id\":\"https:\\\/\\\/www.p31noticias.com.br\\\/?p=22090\"},\"author\":{\"name\":\"Reda\u00e7\u00e3o JBN\",\"@id\":\"https:\\\/\\\/www.p31noticias.com.br\\\/#\\\/schema\\\/person\\\/77d6b186c710ac38937c6ec204fdd387\"},\"headline\":\"\u00a0Entrevista\",\"datePublished\":\"2020-05-20T17:25:56+00:00\",\"mainEntityOfPage\":{\"@id\":\"https:\\\/\\\/www.p31noticias.com.br\\\/?p=22090\"},\"wordCount\":1347,\"commentCount\":0,\"image\":{\"@id\":\"https:\\\/\\\/www.p31noticias.com.br\\\/?p=22090#primaryimage\"},\"thumbnailUrl\":\"https:\\\/\\\/www.p31noticias.com.br\\\/wp-content\\\/uploads\\\/2020\\\/05\\\/Parab\u00f3lica_maio_Prof.-Nei-Vieira.jpeg\",\"articleSection\":[\"Outros\"],\"inLanguage\":\"pt-BR\",\"potentialAction\":[{\"@type\":\"CommentAction\",\"name\":\"Comment\",\"target\":[\"https:\\\/\\\/www.p31noticias.com.br\\\/?p=22090#respond\"]}],\"copyrightYear\":\"2020\",\"copyrightHolder\":{\"@id\":\"https:\\\/\\\/www.p31noticias.com.br\\\/#organization\"}},{\"@type\":\"WebPage\",\"@id\":\"https:\\\/\\\/www.p31noticias.com.br\\\/?p=22090\",\"url\":\"https:\\\/\\\/www.p31noticias.com.br\\\/?p=22090\",\"name\":\"\u00a0Entrevista - P31\",\"isPartOf\":{\"@id\":\"https:\\\/\\\/www.p31noticias.com.br\\\/#website\"},\"primaryImageOfPage\":{\"@id\":\"https:\\\/\\\/www.p31noticias.com.br\\\/?p=22090#primaryimage\"},\"image\":{\"@id\":\"https:\\\/\\\/www.p31noticias.com.br\\\/?p=22090#primaryimage\"},\"thumbnailUrl\":\"https:\\\/\\\/www.p31noticias.com.br\\\/wp-content\\\/uploads\\\/2020\\\/05\\\/Parab\u00f3lica_maio_Prof.-Nei-Vieira.jpeg\",\"datePublished\":\"2020-05-20T17:25:56+00:00\",\"author\":{\"@id\":\"https:\\\/\\\/www.p31noticias.com.br\\\/#\\\/schema\\\/person\\\/77d6b186c710ac38937c6ec204fdd387\"},\"breadcrumb\":{\"@id\":\"https:\\\/\\\/www.p31noticias.com.br\\\/?p=22090#breadcrumb\"},\"inLanguage\":\"pt-BR\",\"potentialAction\":[{\"@type\":\"ReadAction\",\"target\":[\"https:\\\/\\\/www.p31noticias.com.br\\\/?p=22090\"]}]},{\"@type\":\"ImageObject\",\"inLanguage\":\"pt-BR\",\"@id\":\"https:\\\/\\\/www.p31noticias.com.br\\\/?p=22090#primaryimage\",\"url\":\"https:\\\/\\\/www.p31noticias.com.br\\\/wp-content\\\/uploads\\\/2020\\\/05\\\/Parab\u00f3lica_maio_Prof.-Nei-Vieira.jpeg\",\"contentUrl\":\"https:\\\/\\\/www.p31noticias.com.br\\\/wp-content\\\/uploads\\\/2020\\\/05\\\/Parab\u00f3lica_maio_Prof.-Nei-Vieira.jpeg\",\"width\":1280,\"height\":622,\"caption\":\"Foto: Bento Viana\"},{\"@type\":\"BreadcrumbList\",\"@id\":\"https:\\\/\\\/www.p31noticias.com.br\\\/?p=22090#breadcrumb\",\"itemListElement\":[{\"@type\":\"ListItem\",\"position\":1,\"name\":\"In\u00edcio\",\"item\":\"https:\\\/\\\/www.p31noticias.com.br\\\/\"},{\"@type\":\"ListItem\",\"position\":2,\"name\":\"\u00a0Entrevista\"}]},{\"@type\":\"WebSite\",\"@id\":\"https:\\\/\\\/www.p31noticias.com.br\\\/#website\",\"url\":\"https:\\\/\\\/www.p31noticias.com.br\\\/\",\"name\":\"P31\",\"description\":\"NOT\u00cdCIAS\",\"potentialAction\":[{\"@type\":\"SearchAction\",\"target\":{\"@type\":\"EntryPoint\",\"urlTemplate\":\"https:\\\/\\\/www.p31noticias.com.br\\\/?s={search_term_string}\"},\"query-input\":{\"@type\":\"PropertyValueSpecification\",\"valueRequired\":true,\"valueName\":\"search_term_string\"}}],\"inLanguage\":\"pt-BR\"},{\"@type\":\"Person\",\"@id\":\"https:\\\/\\\/www.p31noticias.com.br\\\/#\\\/schema\\\/person\\\/77d6b186c710ac38937c6ec204fdd387\",\"name\":\"Reda\u00e7\u00e3o JBN\",\"image\":{\"@type\":\"ImageObject\",\"inLanguage\":\"pt-BR\",\"@id\":\"https:\\\/\\\/secure.gravatar.com\\\/avatar\\\/10fcdb93211f98cce3d64c0795b0915a9a4a21dc0f279238995a3dbfafcad090?s=96&d=mm&r=g\",\"url\":\"https:\\\/\\\/secure.gravatar.com\\\/avatar\\\/10fcdb93211f98cce3d64c0795b0915a9a4a21dc0f279238995a3dbfafcad090?s=96&d=mm&r=g\",\"contentUrl\":\"https:\\\/\\\/secure.gravatar.com\\\/avatar\\\/10fcdb93211f98cce3d64c0795b0915a9a4a21dc0f279238995a3dbfafcad090?s=96&d=mm&r=g\",\"caption\":\"Reda\u00e7\u00e3o JBN\"},\"sameAs\":[\"https:\\\/\\\/p31noticias.com.br\"],\"url\":\"https:\\\/\\\/www.p31noticias.com.br\\\/?author=18\"}]}<\/script>\n<!-- \/ Yoast SEO Premium plugin. -->","yoast_head_json":{"title":"\u00a0Entrevista - P31","robots":{"index":"index","follow":"follow","max-snippet":"max-snippet:-1","max-image-preview":"max-image-preview:large","max-video-preview":"max-video-preview:-1"},"canonical":"https:\/\/www.p31noticias.com.br\/?p=22090","og_locale":"pt_BR","og_type":"article","og_title":"\u00a0Entrevista","og_description":"Tecnologia auxilia estudos para o Enem Nei Vieira Diretor Pedag\u00f3gico dos Anos Finais do Ensino Fundamental e Ensino M\u00e9dio do Col\u00e9gio S\u00e9ri\u00f6s Com a necessidade do isolamento social, em fun\u00e7\u00e3o da pandemia, as institui\u00e7\u00f5es de ensino readaptaram a rotina de estudo de seus alunos em todas as regi\u00f5es do Brasil. Al\u00e9m de migrar as aulas [&hellip;]","og_url":"https:\/\/www.p31noticias.com.br\/?p=22090","og_site_name":"P31","article_published_time":"2020-05-20T17:25:56+00:00","og_image":[{"width":1280,"height":622,"url":"https:\/\/www.p31noticias.com.br\/wp-content\/uploads\/2020\/05\/Parab\u00f3lica_maio_Prof.-Nei-Vieira.jpeg","type":"image\/jpeg"}],"author":"Reda\u00e7\u00e3o JBN","twitter_card":"summary_large_image","twitter_misc":{"Escrito por":"Reda\u00e7\u00e3o JBN","Est. tempo de leitura":"7 minutos"},"schema":{"@context":"https:\/\/schema.org","@graph":[{"@type":"Article","@id":"https:\/\/www.p31noticias.com.br\/?p=22090#article","isPartOf":{"@id":"https:\/\/www.p31noticias.com.br\/?p=22090"},"author":{"name":"Reda\u00e7\u00e3o JBN","@id":"https:\/\/www.p31noticias.com.br\/#\/schema\/person\/77d6b186c710ac38937c6ec204fdd387"},"headline":"\u00a0Entrevista","datePublished":"2020-05-20T17:25:56+00:00","mainEntityOfPage":{"@id":"https:\/\/www.p31noticias.com.br\/?p=22090"},"wordCount":1347,"commentCount":0,"image":{"@id":"https:\/\/www.p31noticias.com.br\/?p=22090#primaryimage"},"thumbnailUrl":"https:\/\/www.p31noticias.com.br\/wp-content\/uploads\/2020\/05\/Parab\u00f3lica_maio_Prof.-Nei-Vieira.jpeg","articleSection":["Outros"],"inLanguage":"pt-BR","potentialAction":[{"@type":"CommentAction","name":"Comment","target":["https:\/\/www.p31noticias.com.br\/?p=22090#respond"]}],"copyrightYear":"2020","copyrightHolder":{"@id":"https:\/\/www.p31noticias.com.br\/#organization"}},{"@type":"WebPage","@id":"https:\/\/www.p31noticias.com.br\/?p=22090","url":"https:\/\/www.p31noticias.com.br\/?p=22090","name":"\u00a0Entrevista - P31","isPartOf":{"@id":"https:\/\/www.p31noticias.com.br\/#website"},"primaryImageOfPage":{"@id":"https:\/\/www.p31noticias.com.br\/?p=22090#primaryimage"},"image":{"@id":"https:\/\/www.p31noticias.com.br\/?p=22090#primaryimage"},"thumbnailUrl":"https:\/\/www.p31noticias.com.br\/wp-content\/uploads\/2020\/05\/Parab\u00f3lica_maio_Prof.-Nei-Vieira.jpeg","datePublished":"2020-05-20T17:25:56+00:00","author":{"@id":"https:\/\/www.p31noticias.com.br\/#\/schema\/person\/77d6b186c710ac38937c6ec204fdd387"},"breadcrumb":{"@id":"https:\/\/www.p31noticias.com.br\/?p=22090#breadcrumb"},"inLanguage":"pt-BR","potentialAction":[{"@type":"ReadAction","target":["https:\/\/www.p31noticias.com.br\/?p=22090"]}]},{"@type":"ImageObject","inLanguage":"pt-BR","@id":"https:\/\/www.p31noticias.com.br\/?p=22090#primaryimage","url":"https:\/\/www.p31noticias.com.br\/wp-content\/uploads\/2020\/05\/Parab\u00f3lica_maio_Prof.-Nei-Vieira.jpeg","contentUrl":"https:\/\/www.p31noticias.com.br\/wp-content\/uploads\/2020\/05\/Parab\u00f3lica_maio_Prof.-Nei-Vieira.jpeg","width":1280,"height":622,"caption":"Foto: Bento Viana"},{"@type":"BreadcrumbList","@id":"https:\/\/www.p31noticias.com.br\/?p=22090#breadcrumb","itemListElement":[{"@type":"ListItem","position":1,"name":"In\u00edcio","item":"https:\/\/www.p31noticias.com.br\/"},{"@type":"ListItem","position":2,"name":"\u00a0Entrevista"}]},{"@type":"WebSite","@id":"https:\/\/www.p31noticias.com.br\/#website","url":"https:\/\/www.p31noticias.com.br\/","name":"P31","description":"NOT\u00cdCIAS","potentialAction":[{"@type":"SearchAction","target":{"@type":"EntryPoint","urlTemplate":"https:\/\/www.p31noticias.com.br\/?s={search_term_string}"},"query-input":{"@type":"PropertyValueSpecification","valueRequired":true,"valueName":"search_term_string"}}],"inLanguage":"pt-BR"},{"@type":"Person","@id":"https:\/\/www.p31noticias.com.br\/#\/schema\/person\/77d6b186c710ac38937c6ec204fdd387","name":"Reda\u00e7\u00e3o JBN","image":{"@type":"ImageObject","inLanguage":"pt-BR","@id":"https:\/\/secure.gravatar.com\/avatar\/10fcdb93211f98cce3d64c0795b0915a9a4a21dc0f279238995a3dbfafcad090?s=96&d=mm&r=g","url":"https:\/\/secure.gravatar.com\/avatar\/10fcdb93211f98cce3d64c0795b0915a9a4a21dc0f279238995a3dbfafcad090?s=96&d=mm&r=g","contentUrl":"https:\/\/secure.gravatar.com\/avatar\/10fcdb93211f98cce3d64c0795b0915a9a4a21dc0f279238995a3dbfafcad090?s=96&d=mm&r=g","caption":"Reda\u00e7\u00e3o JBN"},"sameAs":["https:\/\/p31noticias.com.br"],"url":"https:\/\/www.p31noticias.com.br\/?author=18"}]}},"amp_enabled":true,"_links":{"self":[{"href":"https:\/\/www.p31noticias.com.br\/index.php?rest_route=\/wp\/v2\/posts\/22090","targetHints":{"allow":["GET"]}}],"collection":[{"href":"https:\/\/www.p31noticias.com.br\/index.php?rest_route=\/wp\/v2\/posts"}],"about":[{"href":"https:\/\/www.p31noticias.com.br\/index.php?rest_route=\/wp\/v2\/types\/post"}],"author":[{"embeddable":true,"href":"https:\/\/www.p31noticias.com.br\/index.php?rest_route=\/wp\/v2\/users\/18"}],"replies":[{"embeddable":true,"href":"https:\/\/www.p31noticias.com.br\/index.php?rest_route=%2Fwp%2Fv2%2Fcomments&post=22090"}],"version-history":[{"count":0,"href":"https:\/\/www.p31noticias.com.br\/index.php?rest_route=\/wp\/v2\/posts\/22090\/revisions"}],"wp:featuredmedia":[{"embeddable":true,"href":"https:\/\/www.p31noticias.com.br\/index.php?rest_route=\/wp\/v2\/media\/22091"}],"wp:attachment":[{"href":"https:\/\/www.p31noticias.com.br\/index.php?rest_route=%2Fwp%2Fv2%2Fmedia&parent=22090"}],"wp:term":[{"taxonomy":"category","embeddable":true,"href":"https:\/\/www.p31noticias.com.br\/index.php?rest_route=%2Fwp%2Fv2%2Fcategories&post=22090"},{"taxonomy":"post_tag","embeddable":true,"href":"https:\/\/www.p31noticias.com.br\/index.php?rest_route=%2Fwp%2Fv2%2Ftags&post=22090"}],"curies":[{"name":"wp","href":"https:\/\/api.w.org\/{rel}","templated":true}]}}