{"id":22064,"date":"2020-05-20T13:52:38","date_gmt":"2020-05-20T16:52:38","guid":{"rendered":"https:\/\/jornaldoplanalto.com.br\/web\/?p=22064"},"modified":"2020-05-20T13:52:38","modified_gmt":"2020-05-20T16:52:38","slug":"consultoria-juridica-especial","status":"publish","type":"post","link":"https:\/\/www.p31noticias.com.br\/?p=22064","title":{"rendered":"Consultoria Jur\u00eddica Especial"},"content":{"rendered":"<p>A partir deste m\u00eas, o advogado doutor em direito civil, Luiz Ant\u00f4nio Scavone J\u00fanior passa a atuar como consultor especial do escrit\u00f3rio Dias &amp; Amaral Advogados, dos s\u00f3cios Ana Cristina Dias, Diego Amaral, Luciana Lara e Ana Elisa Deboni. Autor de diversos livros, Scavone \u00e9 refer\u00eancia nacional em direito civil e imobili\u00e1rio e dar\u00e1 suporte jur\u00eddico ao grupo de advogados e clientes do escrit\u00f3rio goiano.<\/p>\n<p>&nbsp;<\/p>\n<figure id=\"attachment_22066\" aria-describedby=\"caption-attachment-22066\" style=\"width: 960px\" class=\"wp-caption alignnone\"><a href=\"https:\/\/www.delioandrade.com.br\/wp-content\/uploads\/2020\/05\/Maurilio_advogado_02.jpeg\"><img loading=\"lazy\" decoding=\"async\" class=\"wp-image-22066 size-full\" src=\"https:\/\/www.delioandrade.com.br\/wp-content\/uploads\/2020\/05\/Maurilio_advogado_02.jpeg\" alt=\"\" width=\"960\" height=\"1280\" srcset=\"https:\/\/www.p31noticias.com.br\/wp-content\/uploads\/2020\/05\/Maurilio_advogado_02.jpeg 960w, https:\/\/www.p31noticias.com.br\/wp-content\/uploads\/2020\/05\/Maurilio_advogado_02-225x300.jpeg 225w, https:\/\/www.p31noticias.com.br\/wp-content\/uploads\/2020\/05\/Maurilio_advogado_02-768x1024.jpeg 768w, https:\/\/www.p31noticias.com.br\/wp-content\/uploads\/2020\/05\/Maurilio_advogado_02-696x928.jpeg 696w, https:\/\/www.p31noticias.com.br\/wp-content\/uploads\/2020\/05\/Maurilio_advogado_02-315x420.jpeg 315w\" sizes=\"auto, (max-width: 960px) 100vw, 960px\" \/><\/a><figcaption id=\"caption-attachment-22066\" class=\"wp-caption-text\">Os advogados Ana Cristina Dias,\u00a0 Luiz Ant\u00f4nio Scavone J\u00fanior e Diego Amaral<\/figcaption><\/figure>\n<figure id=\"attachment_22067\" aria-describedby=\"caption-attachment-22067\" style=\"width: 768px\" class=\"wp-caption alignnone\"><a href=\"https:\/\/www.delioandrade.com.br\/wp-content\/uploads\/2020\/05\/Maurilio_advogado_03.jpeg\"><img loading=\"lazy\" decoding=\"async\" class=\"wp-image-22067 size-full\" src=\"https:\/\/www.delioandrade.com.br\/wp-content\/uploads\/2020\/05\/Maurilio_advogado_03.jpeg\" alt=\"\" width=\"768\" height=\"921\" srcset=\"https:\/\/www.p31noticias.com.br\/wp-content\/uploads\/2020\/05\/Maurilio_advogado_03.jpeg 768w, https:\/\/www.p31noticias.com.br\/wp-content\/uploads\/2020\/05\/Maurilio_advogado_03-250x300.jpeg 250w, https:\/\/www.p31noticias.com.br\/wp-content\/uploads\/2020\/05\/Maurilio_advogado_03-696x835.jpeg 696w, https:\/\/www.p31noticias.com.br\/wp-content\/uploads\/2020\/05\/Maurilio_advogado_03-350x420.jpeg 350w\" sizes=\"auto, (max-width: 768px) 100vw, 768px\" \/><\/a><figcaption id=\"caption-attachment-22067\" class=\"wp-caption-text\">Os advogados Diego Amaral e Luiz Ant\u00f4nio Scavone J\u00fanior<\/figcaption><\/figure>\n<p>______________________________________________________________________________<\/p>\n<p><strong>Marcela Mc Gowan publica fotos sem retoques nas redes sociais<\/strong><\/p>\n<p><em>Ex-BBB usa popularidade nas redes sociais para promover a autoaceita\u00e7\u00e3o<\/em><\/p>\n<p>Em um ensaio fotogr\u00e1fico de lingerie, feito \u00e0 dist\u00e2ncia, Marcela Mc Gowan celebrou a autoaceita\u00e7\u00e3o. A obstetra e influenciadora fez quest\u00e3o de dispensar os retoques tradicionais de imagem e publicou nas redes sociais fotos originais, em que seu corpo aparece sem nenhum tipo de corre\u00e7\u00e3o, com marcas naturais, celulites e estrias.<\/p>\n<p>Nos cliques intimistas, Marcela apareceu com pe\u00e7as \u00edntimas com as seguintes frases: \u201cSeja livre\u201d e \u201cMulher \u00e9 arte\u201d. Segundo ela, essa iniciativa ajuda a desmistificar a ideia do corpo perfeito e colaborar para que todas as mulheres consigam enxergar a beleza dos seus corpos, do jeito que ele \u00e9.<\/p>\n<h6>Fotos: Ant\u00f4nio Kaio<\/h6>\n<p><strong><a href=\"https:\/\/www.delioandrade.com.br\/wp-content\/uploads\/2020\/05\/Maurilio_Marcella_1.jpg\"><img loading=\"lazy\" decoding=\"async\" class=\"alignnone wp-image-22068 size-full\" src=\"https:\/\/www.delioandrade.com.br\/wp-content\/uploads\/2020\/05\/Maurilio_Marcella_1.jpg\" alt=\"\" width=\"620\" height=\"620\" srcset=\"https:\/\/www.p31noticias.com.br\/wp-content\/uploads\/2020\/05\/Maurilio_Marcella_1.jpg 620w, https:\/\/www.p31noticias.com.br\/wp-content\/uploads\/2020\/05\/Maurilio_Marcella_1-300x300.jpg 300w, https:\/\/www.p31noticias.com.br\/wp-content\/uploads\/2020\/05\/Maurilio_Marcella_1-150x150.jpg 150w, https:\/\/www.p31noticias.com.br\/wp-content\/uploads\/2020\/05\/Maurilio_Marcella_1-420x420.jpg 420w\" sizes=\"auto, (max-width: 620px) 100vw, 620px\" \/><\/a><a href=\"https:\/\/www.delioandrade.com.br\/wp-content\/uploads\/2020\/05\/Maurilio_Marcelle_2.jpg\"><img loading=\"lazy\" decoding=\"async\" class=\"alignnone wp-image-22069 size-full\" src=\"https:\/\/www.delioandrade.com.br\/wp-content\/uploads\/2020\/05\/Maurilio_Marcelle_2.jpg\" alt=\"\" width=\"600\" height=\"900\" srcset=\"https:\/\/www.p31noticias.com.br\/wp-content\/uploads\/2020\/05\/Maurilio_Marcelle_2.jpg 600w, https:\/\/www.p31noticias.com.br\/wp-content\/uploads\/2020\/05\/Maurilio_Marcelle_2-200x300.jpg 200w, https:\/\/www.p31noticias.com.br\/wp-content\/uploads\/2020\/05\/Maurilio_Marcelle_2-280x420.jpg 280w\" sizes=\"auto, (max-width: 600px) 100vw, 600px\" \/><\/a> ______________________________________________________________________________<\/strong><\/p>\n<p>&nbsp;<\/p>\n<p><strong>Celebridades adiam tratamento para engravidar por conta da Covid<\/strong><\/p>\n<p><em>Karina Bacchi e Graciele Lacerda suspenderam o sonho da maternidade<\/em><\/p>\n<p>A pandemia virou o mundo de ponta cabe\u00e7a e tem interferido nos planos que at\u00e9 ent\u00e3o eram considerados inadi\u00e1veis. Para muitas fam\u00edlias 2020 era o ano escolhido para uma poss\u00edvel gravidez. Apesar de n\u00e3o haver nenhum estudo conclusivo que comprove o perigo do coronav\u00edrus para gestantes, o Minist\u00e9rio da Sa\u00fade incluiu as futuras mam\u00e3es no grupo de risco para a doen\u00e7a.<\/p>\n<p>A apresentadora Karina Bacchi, que estava em tratamento para uma nova fertiliza\u00e7\u00e3o, revelou em suas redes sociais que a pandemia fez com que ela adiasse os planos. O mesmo aconteceu com Graciele Lacerda, esposa do cantor Zez\u00e9 Di Camargo. A empres\u00e1ria tinha decidido ter o primeiro filho com o cantor ainda este ano, mas devido ao per\u00edodo de incertezas, optou pelo congelamento de embri\u00f5es para uma gravidez no futuro.<\/p>\n<p>Segundo Fernando Prado, ginecologista e obstetra especialista em reprodu\u00e7\u00e3o humana da Cl\u00ednica Neo Vita, o momento agora requer cautela. \u201c\u00c9 importante ter serenidade para entender que a preven\u00e7\u00e3o e o combate ao coronav\u00edrus \u00e9 o mais importante, por isso cada caso deve ser avaliado individualmente. H\u00e1 mulheres, por exemplo, que o adiamento diminui as chances e at\u00e9 impedem uma futura gesta\u00e7\u00e3o\u201d, diz.<\/p>\n<p>A fase mais f\u00e9rtil da mulher acontece na faixa dos 25 aos 30 anos e ap\u00f3s esse per\u00edodo \u00e9 normal a diminui\u00e7\u00e3o da produ\u00e7\u00e3o e da qualidade dos \u00f3vulos. At\u00e9 por isso, o congelamento de \u00f3vulos ou embri\u00f5es tem sido uma sa\u00edda que permite planejar o melhor momento para dar continuidade aos planos de aumentar a fam\u00edlia. \u201cMuitos estudos apontam que aos 35 anos a fertilidade feminina alcan\u00e7a a metade de chance apresentada aos 25 anos e, aos 40 anos, a possibilidade \u00e9 a metade confirmada aos 35 anos. Por isso o ideal \u00e9 que o congelamento seja feito at\u00e9 os 35 anos, pois a partir dessa idade existe uma diminui\u00e7\u00e3o consider\u00e1vel da qualidade dos \u00f3vulos que pode comprometer o resultado final\u201d, alerta o especialista.<\/p>\n<p>Desde que tome os devidos cuidados n\u00e3o existe nenhum problema se a mulher resolver engravidar mesmo durante este per\u00edodo. \u201cN\u00e3o h\u00e1 evid\u00eancias cient\u00edficas que comprovem riscos para as gestantes e beb\u00eas como foi na \u00e9poca do H1N1 e Zika V\u00edrus. Como a Covid-19 \u00e9 uma doen\u00e7a nova, realmente requer todo cuidado e precau\u00e7\u00e3o. Quem tem a inten\u00e7\u00e3o de engravidar ainda este ano deve conversar com seu m\u00e9dico e definir juntos a melhor sa\u00edda\u201d, finaliza Prado.<\/p>\n<p><a href=\"https:\/\/www.delioandrade.com.br\/wp-content\/uploads\/2020\/05\/Maurilio_karina_bacchi.jpg\"><img loading=\"lazy\" decoding=\"async\" class=\"alignleft size-full wp-image-22070\" src=\"https:\/\/www.delioandrade.com.br\/wp-content\/uploads\/2020\/05\/Maurilio_karina_bacchi.jpg\" alt=\"\" width=\"1080\" height=\"1080\" srcset=\"https:\/\/www.p31noticias.com.br\/wp-content\/uploads\/2020\/05\/Maurilio_karina_bacchi.jpg 1080w, https:\/\/www.p31noticias.com.br\/wp-content\/uploads\/2020\/05\/Maurilio_karina_bacchi-300x300.jpg 300w, https:\/\/www.p31noticias.com.br\/wp-content\/uploads\/2020\/05\/Maurilio_karina_bacchi-1024x1024.jpg 1024w, https:\/\/www.p31noticias.com.br\/wp-content\/uploads\/2020\/05\/Maurilio_karina_bacchi-150x150.jpg 150w, https:\/\/www.p31noticias.com.br\/wp-content\/uploads\/2020\/05\/Maurilio_karina_bacchi-768x768.jpg 768w, https:\/\/www.p31noticias.com.br\/wp-content\/uploads\/2020\/05\/Maurilio_karina_bacchi-696x696.jpg 696w, https:\/\/www.p31noticias.com.br\/wp-content\/uploads\/2020\/05\/Maurilio_karina_bacchi-1068x1068.jpg 1068w, https:\/\/www.p31noticias.com.br\/wp-content\/uploads\/2020\/05\/Maurilio_karina_bacchi-420x420.jpg 420w\" sizes=\"auto, (max-width: 1080px) 100vw, 1080px\" \/><\/a><\/p>\n","protected":false},"excerpt":{"rendered":"<p>A partir deste m\u00eas, o advogado doutor em direito civil, Luiz Ant\u00f4nio Scavone J\u00fanior passa a atuar como consultor especial do escrit\u00f3rio Dias &amp; Amaral Advogados, dos s\u00f3cios Ana Cristina Dias, Diego Amaral, Luciana Lara e Ana Elisa Deboni. Autor de diversos livros, Scavone \u00e9 refer\u00eancia nacional em direito civil e imobili\u00e1rio e dar\u00e1 suporte [&hellip;]<\/p>\n","protected":false},"author":18,"featured_media":22065,"comment_status":"open","ping_status":"open","sticky":false,"template":"","format":"standard","meta":{"footnotes":""},"categories":[1],"tags":[],"class_list":{"0":"post-22064","1":"post","2":"type-post","3":"status-publish","4":"format-standard","5":"has-post-thumbnail","7":"category-outros"},"yoast_head":"<!-- This site is optimized with the Yoast SEO Premium plugin v24.5 (Yoast SEO v27.5) - https:\/\/yoast.com\/product\/yoast-seo-premium-wordpress\/ -->\n<title>Consultoria Jur\u00eddica Especial - P31<\/title>\n<meta name=\"robots\" content=\"index, follow, max-snippet:-1, max-image-preview:large, max-video-preview:-1\" \/>\n<link rel=\"canonical\" href=\"https:\/\/www.p31noticias.com.br\/?p=22064\" \/>\n<meta property=\"og:locale\" content=\"pt_BR\" \/>\n<meta property=\"og:type\" content=\"article\" \/>\n<meta property=\"og:title\" content=\"Consultoria Jur\u00eddica Especial\" \/>\n<meta property=\"og:description\" content=\"A partir deste m\u00eas, o advogado doutor em direito civil, Luiz Ant\u00f4nio Scavone J\u00fanior passa a atuar como consultor especial do escrit\u00f3rio Dias &amp; Amaral Advogados, dos s\u00f3cios Ana Cristina Dias, Diego Amaral, Luciana Lara e Ana Elisa Deboni. Autor de diversos livros, Scavone \u00e9 refer\u00eancia nacional em direito civil e imobili\u00e1rio e dar\u00e1 suporte [&hellip;]\" \/>\n<meta property=\"og:url\" content=\"https:\/\/www.p31noticias.com.br\/?p=22064\" \/>\n<meta property=\"og:site_name\" content=\"P31\" \/>\n<meta property=\"article:published_time\" content=\"2020-05-20T16:52:38+00:00\" \/>\n<meta property=\"og:image\" content=\"https:\/\/www.p31noticias.com.br\/wp-content\/uploads\/2020\/05\/Maurilio_advogado_01.jpeg\" \/>\n\t<meta property=\"og:image:width\" content=\"774\" \/>\n\t<meta property=\"og:image:height\" content=\"993\" \/>\n\t<meta property=\"og:image:type\" content=\"image\/jpeg\" \/>\n<meta name=\"author\" content=\"Reda\u00e7\u00e3o JBN\" \/>\n<meta name=\"twitter:card\" content=\"summary_large_image\" \/>\n<meta name=\"twitter:label1\" content=\"Escrito por\" \/>\n\t<meta name=\"twitter:data1\" content=\"Reda\u00e7\u00e3o JBN\" \/>\n\t<meta name=\"twitter:label2\" content=\"Est. tempo de leitura\" \/>\n\t<meta name=\"twitter:data2\" content=\"3 minutos\" \/>\n<script type=\"application\/ld+json\" class=\"yoast-schema-graph\">{\"@context\":\"https:\\\/\\\/schema.org\",\"@graph\":[{\"@type\":\"Article\",\"@id\":\"https:\\\/\\\/www.p31noticias.com.br\\\/?p=22064#article\",\"isPartOf\":{\"@id\":\"https:\\\/\\\/www.p31noticias.com.br\\\/?p=22064\"},\"author\":{\"name\":\"Reda\u00e7\u00e3o JBN\",\"@id\":\"https:\\\/\\\/www.p31noticias.com.br\\\/#\\\/schema\\\/person\\\/77d6b186c710ac38937c6ec204fdd387\"},\"headline\":\"Consultoria Jur\u00eddica Especial\",\"datePublished\":\"2020-05-20T16:52:38+00:00\",\"mainEntityOfPage\":{\"@id\":\"https:\\\/\\\/www.p31noticias.com.br\\\/?p=22064\"},\"wordCount\":687,\"commentCount\":0,\"image\":{\"@id\":\"https:\\\/\\\/www.p31noticias.com.br\\\/?p=22064#primaryimage\"},\"thumbnailUrl\":\"https:\\\/\\\/www.p31noticias.com.br\\\/wp-content\\\/uploads\\\/2020\\\/05\\\/Maurilio_advogado_01.jpeg\",\"articleSection\":[\"Outros\"],\"inLanguage\":\"pt-BR\",\"potentialAction\":[{\"@type\":\"CommentAction\",\"name\":\"Comment\",\"target\":[\"https:\\\/\\\/www.p31noticias.com.br\\\/?p=22064#respond\"]}],\"copyrightYear\":\"2020\",\"copyrightHolder\":{\"@id\":\"https:\\\/\\\/www.p31noticias.com.br\\\/#organization\"}},{\"@type\":\"WebPage\",\"@id\":\"https:\\\/\\\/www.p31noticias.com.br\\\/?p=22064\",\"url\":\"https:\\\/\\\/www.p31noticias.com.br\\\/?p=22064\",\"name\":\"Consultoria Jur\u00eddica Especial - P31\",\"isPartOf\":{\"@id\":\"https:\\\/\\\/www.p31noticias.com.br\\\/#website\"},\"primaryImageOfPage\":{\"@id\":\"https:\\\/\\\/www.p31noticias.com.br\\\/?p=22064#primaryimage\"},\"image\":{\"@id\":\"https:\\\/\\\/www.p31noticias.com.br\\\/?p=22064#primaryimage\"},\"thumbnailUrl\":\"https:\\\/\\\/www.p31noticias.com.br\\\/wp-content\\\/uploads\\\/2020\\\/05\\\/Maurilio_advogado_01.jpeg\",\"datePublished\":\"2020-05-20T16:52:38+00:00\",\"author\":{\"@id\":\"https:\\\/\\\/www.p31noticias.com.br\\\/#\\\/schema\\\/person\\\/77d6b186c710ac38937c6ec204fdd387\"},\"breadcrumb\":{\"@id\":\"https:\\\/\\\/www.p31noticias.com.br\\\/?p=22064#breadcrumb\"},\"inLanguage\":\"pt-BR\",\"potentialAction\":[{\"@type\":\"ReadAction\",\"target\":[\"https:\\\/\\\/www.p31noticias.com.br\\\/?p=22064\"]}]},{\"@type\":\"ImageObject\",\"inLanguage\":\"pt-BR\",\"@id\":\"https:\\\/\\\/www.p31noticias.com.br\\\/?p=22064#primaryimage\",\"url\":\"https:\\\/\\\/www.p31noticias.com.br\\\/wp-content\\\/uploads\\\/2020\\\/05\\\/Maurilio_advogado_01.jpeg\",\"contentUrl\":\"https:\\\/\\\/www.p31noticias.com.br\\\/wp-content\\\/uploads\\\/2020\\\/05\\\/Maurilio_advogado_01.jpeg\",\"width\":774,\"height\":993,\"caption\":\"O advogado Luiz Ant\u00f4nio Scavone J\u00fanior\"},{\"@type\":\"BreadcrumbList\",\"@id\":\"https:\\\/\\\/www.p31noticias.com.br\\\/?p=22064#breadcrumb\",\"itemListElement\":[{\"@type\":\"ListItem\",\"position\":1,\"name\":\"In\u00edcio\",\"item\":\"https:\\\/\\\/www.p31noticias.com.br\\\/\"},{\"@type\":\"ListItem\",\"position\":2,\"name\":\"Consultoria Jur\u00eddica Especial\"}]},{\"@type\":\"WebSite\",\"@id\":\"https:\\\/\\\/www.p31noticias.com.br\\\/#website\",\"url\":\"https:\\\/\\\/www.p31noticias.com.br\\\/\",\"name\":\"P31\",\"description\":\"NOT\u00cdCIAS\",\"potentialAction\":[{\"@type\":\"SearchAction\",\"target\":{\"@type\":\"EntryPoint\",\"urlTemplate\":\"https:\\\/\\\/www.p31noticias.com.br\\\/?s={search_term_string}\"},\"query-input\":{\"@type\":\"PropertyValueSpecification\",\"valueRequired\":true,\"valueName\":\"search_term_string\"}}],\"inLanguage\":\"pt-BR\"},{\"@type\":\"Person\",\"@id\":\"https:\\\/\\\/www.p31noticias.com.br\\\/#\\\/schema\\\/person\\\/77d6b186c710ac38937c6ec204fdd387\",\"name\":\"Reda\u00e7\u00e3o JBN\",\"image\":{\"@type\":\"ImageObject\",\"inLanguage\":\"pt-BR\",\"@id\":\"https:\\\/\\\/secure.gravatar.com\\\/avatar\\\/10fcdb93211f98cce3d64c0795b0915a9a4a21dc0f279238995a3dbfafcad090?s=96&d=mm&r=g\",\"url\":\"https:\\\/\\\/secure.gravatar.com\\\/avatar\\\/10fcdb93211f98cce3d64c0795b0915a9a4a21dc0f279238995a3dbfafcad090?s=96&d=mm&r=g\",\"contentUrl\":\"https:\\\/\\\/secure.gravatar.com\\\/avatar\\\/10fcdb93211f98cce3d64c0795b0915a9a4a21dc0f279238995a3dbfafcad090?s=96&d=mm&r=g\",\"caption\":\"Reda\u00e7\u00e3o JBN\"},\"sameAs\":[\"https:\\\/\\\/p31noticias.com.br\"],\"url\":\"https:\\\/\\\/www.p31noticias.com.br\\\/?author=18\"}]}<\/script>\n<!-- \/ Yoast SEO Premium plugin. -->","yoast_head_json":{"title":"Consultoria Jur\u00eddica Especial - P31","robots":{"index":"index","follow":"follow","max-snippet":"max-snippet:-1","max-image-preview":"max-image-preview:large","max-video-preview":"max-video-preview:-1"},"canonical":"https:\/\/www.p31noticias.com.br\/?p=22064","og_locale":"pt_BR","og_type":"article","og_title":"Consultoria Jur\u00eddica Especial","og_description":"A partir deste m\u00eas, o advogado doutor em direito civil, Luiz Ant\u00f4nio Scavone J\u00fanior passa a atuar como consultor especial do escrit\u00f3rio Dias &amp; Amaral Advogados, dos s\u00f3cios Ana Cristina Dias, Diego Amaral, Luciana Lara e Ana Elisa Deboni. Autor de diversos livros, Scavone \u00e9 refer\u00eancia nacional em direito civil e imobili\u00e1rio e dar\u00e1 suporte [&hellip;]","og_url":"https:\/\/www.p31noticias.com.br\/?p=22064","og_site_name":"P31","article_published_time":"2020-05-20T16:52:38+00:00","og_image":[{"width":774,"height":993,"url":"https:\/\/www.p31noticias.com.br\/wp-content\/uploads\/2020\/05\/Maurilio_advogado_01.jpeg","type":"image\/jpeg"}],"author":"Reda\u00e7\u00e3o JBN","twitter_card":"summary_large_image","twitter_misc":{"Escrito por":"Reda\u00e7\u00e3o JBN","Est. tempo de leitura":"3 minutos"},"schema":{"@context":"https:\/\/schema.org","@graph":[{"@type":"Article","@id":"https:\/\/www.p31noticias.com.br\/?p=22064#article","isPartOf":{"@id":"https:\/\/www.p31noticias.com.br\/?p=22064"},"author":{"name":"Reda\u00e7\u00e3o JBN","@id":"https:\/\/www.p31noticias.com.br\/#\/schema\/person\/77d6b186c710ac38937c6ec204fdd387"},"headline":"Consultoria Jur\u00eddica Especial","datePublished":"2020-05-20T16:52:38+00:00","mainEntityOfPage":{"@id":"https:\/\/www.p31noticias.com.br\/?p=22064"},"wordCount":687,"commentCount":0,"image":{"@id":"https:\/\/www.p31noticias.com.br\/?p=22064#primaryimage"},"thumbnailUrl":"https:\/\/www.p31noticias.com.br\/wp-content\/uploads\/2020\/05\/Maurilio_advogado_01.jpeg","articleSection":["Outros"],"inLanguage":"pt-BR","potentialAction":[{"@type":"CommentAction","name":"Comment","target":["https:\/\/www.p31noticias.com.br\/?p=22064#respond"]}],"copyrightYear":"2020","copyrightHolder":{"@id":"https:\/\/www.p31noticias.com.br\/#organization"}},{"@type":"WebPage","@id":"https:\/\/www.p31noticias.com.br\/?p=22064","url":"https:\/\/www.p31noticias.com.br\/?p=22064","name":"Consultoria Jur\u00eddica Especial - P31","isPartOf":{"@id":"https:\/\/www.p31noticias.com.br\/#website"},"primaryImageOfPage":{"@id":"https:\/\/www.p31noticias.com.br\/?p=22064#primaryimage"},"image":{"@id":"https:\/\/www.p31noticias.com.br\/?p=22064#primaryimage"},"thumbnailUrl":"https:\/\/www.p31noticias.com.br\/wp-content\/uploads\/2020\/05\/Maurilio_advogado_01.jpeg","datePublished":"2020-05-20T16:52:38+00:00","author":{"@id":"https:\/\/www.p31noticias.com.br\/#\/schema\/person\/77d6b186c710ac38937c6ec204fdd387"},"breadcrumb":{"@id":"https:\/\/www.p31noticias.com.br\/?p=22064#breadcrumb"},"inLanguage":"pt-BR","potentialAction":[{"@type":"ReadAction","target":["https:\/\/www.p31noticias.com.br\/?p=22064"]}]},{"@type":"ImageObject","inLanguage":"pt-BR","@id":"https:\/\/www.p31noticias.com.br\/?p=22064#primaryimage","url":"https:\/\/www.p31noticias.com.br\/wp-content\/uploads\/2020\/05\/Maurilio_advogado_01.jpeg","contentUrl":"https:\/\/www.p31noticias.com.br\/wp-content\/uploads\/2020\/05\/Maurilio_advogado_01.jpeg","width":774,"height":993,"caption":"O advogado Luiz Ant\u00f4nio Scavone J\u00fanior"},{"@type":"BreadcrumbList","@id":"https:\/\/www.p31noticias.com.br\/?p=22064#breadcrumb","itemListElement":[{"@type":"ListItem","position":1,"name":"In\u00edcio","item":"https:\/\/www.p31noticias.com.br\/"},{"@type":"ListItem","position":2,"name":"Consultoria Jur\u00eddica Especial"}]},{"@type":"WebSite","@id":"https:\/\/www.p31noticias.com.br\/#website","url":"https:\/\/www.p31noticias.com.br\/","name":"P31","description":"NOT\u00cdCIAS","potentialAction":[{"@type":"SearchAction","target":{"@type":"EntryPoint","urlTemplate":"https:\/\/www.p31noticias.com.br\/?s={search_term_string}"},"query-input":{"@type":"PropertyValueSpecification","valueRequired":true,"valueName":"search_term_string"}}],"inLanguage":"pt-BR"},{"@type":"Person","@id":"https:\/\/www.p31noticias.com.br\/#\/schema\/person\/77d6b186c710ac38937c6ec204fdd387","name":"Reda\u00e7\u00e3o JBN","image":{"@type":"ImageObject","inLanguage":"pt-BR","@id":"https:\/\/secure.gravatar.com\/avatar\/10fcdb93211f98cce3d64c0795b0915a9a4a21dc0f279238995a3dbfafcad090?s=96&d=mm&r=g","url":"https:\/\/secure.gravatar.com\/avatar\/10fcdb93211f98cce3d64c0795b0915a9a4a21dc0f279238995a3dbfafcad090?s=96&d=mm&r=g","contentUrl":"https:\/\/secure.gravatar.com\/avatar\/10fcdb93211f98cce3d64c0795b0915a9a4a21dc0f279238995a3dbfafcad090?s=96&d=mm&r=g","caption":"Reda\u00e7\u00e3o JBN"},"sameAs":["https:\/\/p31noticias.com.br"],"url":"https:\/\/www.p31noticias.com.br\/?author=18"}]}},"amp_enabled":true,"_links":{"self":[{"href":"https:\/\/www.p31noticias.com.br\/index.php?rest_route=\/wp\/v2\/posts\/22064","targetHints":{"allow":["GET"]}}],"collection":[{"href":"https:\/\/www.p31noticias.com.br\/index.php?rest_route=\/wp\/v2\/posts"}],"about":[{"href":"https:\/\/www.p31noticias.com.br\/index.php?rest_route=\/wp\/v2\/types\/post"}],"author":[{"embeddable":true,"href":"https:\/\/www.p31noticias.com.br\/index.php?rest_route=\/wp\/v2\/users\/18"}],"replies":[{"embeddable":true,"href":"https:\/\/www.p31noticias.com.br\/index.php?rest_route=%2Fwp%2Fv2%2Fcomments&post=22064"}],"version-history":[{"count":0,"href":"https:\/\/www.p31noticias.com.br\/index.php?rest_route=\/wp\/v2\/posts\/22064\/revisions"}],"wp:featuredmedia":[{"embeddable":true,"href":"https:\/\/www.p31noticias.com.br\/index.php?rest_route=\/wp\/v2\/media\/22065"}],"wp:attachment":[{"href":"https:\/\/www.p31noticias.com.br\/index.php?rest_route=%2Fwp%2Fv2%2Fmedia&parent=22064"}],"wp:term":[{"taxonomy":"category","embeddable":true,"href":"https:\/\/www.p31noticias.com.br\/index.php?rest_route=%2Fwp%2Fv2%2Fcategories&post=22064"},{"taxonomy":"post_tag","embeddable":true,"href":"https:\/\/www.p31noticias.com.br\/index.php?rest_route=%2Fwp%2Fv2%2Ftags&post=22064"}],"curies":[{"name":"wp","href":"https:\/\/api.w.org\/{rel}","templated":true}]}}