{"id":22057,"date":"2020-05-20T13:34:00","date_gmt":"2020-05-20T16:34:00","guid":{"rendered":"https:\/\/jornaldoplanalto.com.br\/web\/?p=22057"},"modified":"2020-05-20T13:34:00","modified_gmt":"2020-05-20T16:34:00","slug":"e-preciso-dizer-a-verdade-sobre-o-coronavirus","status":"publish","type":"post","link":"https:\/\/www.p31noticias.com.br\/?p=22057","title":{"rendered":"\u00c9 preciso dizer a verdade sobre o coronav\u00edrus"},"content":{"rendered":"<p><img decoding=\"async\" src=\"https:\/\/jornaldoplanalto.com.br\/web\/wp-content\/uploads\/2020\/03\/doplenario.jpg\" \/><\/p>\n<p>Ministros usaram dados oficiais para destacar que o n\u00famero de mortes no Brasil \u00e9 menor do que em outros pa\u00edses, em termos proporcionais. Segundo o balan\u00e7o apresentado pelo ministro Walter Braga Netto (Casa Civil), que compara o Brasil com outros sete pa\u00edses, o n\u00famero de \u00f3bitos por milh\u00e3o de habitantes \u00e9 58,6 no caso brasileiro, mas chega a 691,7 na B\u00e9lgica; 524,9 na Espanha; 424,4 no Reino Unido; 422,6 na It\u00e1lia; 369,1 na Fran\u00e7a; 200,5 no Estados Unidos; e 79 na Alemanha. A compara\u00e7\u00e3o foi feita a partir do cent\u00e9simo caso da doen\u00e7a notificado em cada pa\u00eds.<\/p>\n<p>&#8220;Essa fotografia evidencia que o Brasil, no seu 61\u00ba dia ap\u00f3s o cent\u00e9simo caso, apresenta um n\u00famero de \u00f3bitos acumulados proporcionalmente bastante inferior. Esse resultado se deve exatamente \u00e0s medidas adotadas [pelo governo]&#8221;, afirmou.<\/p>\n<p>Um estudo da universidade norte-americana Johns Hopkin, que analisa dados absolutos, coloca o Brasil em sexto lugar tanto em n\u00famero de casos confirmados da covid-19 (218 mil) quanto em n\u00famero de \u00f3bitos (14,8 mil), ficando atr\u00e1s de Estados Unidos, Reino Unido, Fran\u00e7a e It\u00e1lia.<\/p>\n<p>Para o ministro da Secretaria de Governo, Luiz Eduardo Ramos, pelo fato de o Brasil ser um pa\u00eds continental, a compara\u00e7\u00e3o com outras na\u00e7\u00f5es, com menor popula\u00e7\u00e3o, distorce a realidade da pandemia. &#8220;Considerando a popula\u00e7\u00e3o, o Brasil est\u00e1 atr\u00e1s de praticamente todos esses pa\u00edses. N\u00e3o estou minimizando as mortes (&#8230;), mas \u00e9 importante que n\u00f3s tenhamos consci\u00eancia quando estamos noticiando&#8221;, afirmou.<\/p>\n<p>Ramos ainda citou o n\u00famero de mortes por ano no pa\u00eds, por diversas causas, para argumentar que n\u00e3o se deve causar um &#8220;clima de terror&#8221; no Brasil.<\/p>\n<p>&#8220;Todo mundo aqui deve andar de carro ou de \u00f4nibus, pratica esporte. A m\u00e9dia de mortes, por ano, de queda, afogamento, acidente automobil\u00edstico, les\u00f5es provocadas de toda ordem: 164 mil mortes. Os n\u00fameros s\u00e3o impactantes, mas nem por isso \u00e9 instaurado um clima de terror&#8221;, afirmou.<\/p>\n<p>O ministro-chefe da Casa Civil ressaltou que, desde o in\u00edcio da pandemia no Brasil, o governo federal realizou mais de 1,8 mil a\u00e7\u00f5es e repassou &#8220;enorme quantidade de recursos materiais e financeiros&#8221; a estados e munic\u00edpios.<\/p>\n<p>_______________________________________<\/p>\n<p>Ad\u00e9lio I<\/p>\n<p>A Pol\u00edcia Federal (PF) encerrou parte das investiga\u00e7\u00f5es a respeito dos supostos financiadores da defesa de Ad\u00e9lio Bispo de Oliveira a fim de descobrir se ele agiu sozinho ao esfaquear o presidente Jair Bolsonaro, \u00e0 \u00e9poca ainda candidato \u00e0 Presid\u00eancia, em setembro de 2018.<\/p>\n<p>A corpora\u00e7\u00e3o j\u00e1 entregou \u00e0 Terceira Vara Federal, em Juiz de Fora (MG), as conclus\u00f5es dos investigadores sobre o epis\u00f3dio. A Justi\u00e7a, no entanto, ainda n\u00e3o tornou p\u00fablico, oficialmente, o teor das manifesta\u00e7\u00f5es policiais.<\/p>\n<p>Documentos e equipamentos pertencentes a Ad\u00e9lio Bispo, tais como aparelhos celulares e computadores, foram analisados \u00e0 procura de ind\u00edcios que ajudassem os investigadores a refazer o planejamento do ataque. Al\u00e9m disso, dezenas de testemunhas foram ouvidas e dilig\u00eancias autorizadas pela Justi\u00e7a cumpridas.<\/p>\n<p>_______________________________________<\/p>\n<p>Ad\u00e9lio II<\/p>\n<p>O ministro da Justi\u00e7a, Andr\u00e9 Mendon\u00e7a, avaliou que parte importante da investiga\u00e7\u00e3o da tentativa de assassinato do presidente Jair Bolsonaro ainda est\u00e1 pendente e ele espera que o Supremo Tribunal Federal decida logo se vai autorizar a quebra de sigilo telef\u00f4nico dos advogados de Ad\u00e9lio Bispo, o autor confesso do atentado. \u201cUma das vertentes importantes dessa investiga\u00e7\u00e3o ainda n\u00e3o pode ser efetivada justamente por essa indefini\u00e7\u00e3o judicial sobre a viabilidade desse acesso ou n\u00e3o ao telefone dos advogados\u2026 Espero que seja o mais breve poss\u00edvel (a decis\u00e3o do STF), at\u00e9 porque se h\u00e1 algum mandante, se h\u00e1 algum agente externo que tenha motivado ou contribu\u00eddo para o ato do Ad\u00e9lio, essa pessoa est\u00e1 solta e certamente coloca o presidente da Rep\u00fablica numa situa\u00e7\u00e3o de maior risco, se h\u00e1 essa figura\u201d, alertou.<\/p>\n<p>_______________________________________<\/p>\n<p>Lucro no BNDES<\/p>\n<p>O Banco Nacional de Desenvolvimento Econ\u00f4mico e Social (BNDES) teve lucro l\u00edquido de R$ 5,5 bilh\u00f5es no primeiro trimestre deste ano, resultado 4,6 vezes maior em rela\u00e7\u00e3o ao \u00faltimo trimestre, quando teve lucro de R$ 1,2 bilh\u00e3o. Segundo o banco de fomento, o desempenho \u00e9 atribu\u00eddo principalmente ao resultado de R$ 8,5 bilh\u00f5es com participa\u00e7\u00f5es societ\u00e1rias, dos quais R$ 8,1 bilh\u00f5es decorreram dos desinvestimentos realizados no per\u00edodo, com destaque para a oferta p\u00fablica de a\u00e7\u00f5es da Petrobras em fevereiro. De acordo com o BNDES, esse efeito foi atenuado pela constitui\u00e7\u00e3o de provis\u00e3o para risco de cr\u00e9dito de R$ 1,7 bilh\u00e3o, influenciada pela revis\u00e3o das classifica\u00e7\u00f5es de risco de empresas dos setores mais afetados pela pandemia de covid-19.<\/p>\n<p>_______________________________________<\/p>\n<p>Desemprego maior<\/p>\n<p>A taxa de desemprego entre os jovens brasileiros de 18 a 24 anos de idade ficou em 27,1% no primeiro trimestre de 2020, bem acima da m\u00e9dia geral de 12,2% do pa\u00eds no per\u00edodo. Este comportamento foi verificado nas cinco grandes regi\u00f5es, com destaque para o Nordeste, onde a estimativa foi de 34,1% de desempregados nesta faixa et\u00e1ria. Os dados s\u00e3o da Pesquisa Nacional por Amostra de Domic\u00edlios \u2013 Cont\u00ednua (Pnad Cont\u00ednua) do IBGE.<\/p>\n<p>O desemprego entre os jovens cresceu em rela\u00e7\u00e3o ao \u00faltimo trimestre de 2019, quando a taxa era de 23,8%. Segundo a pesquisadora do IBGE Adriana Beringuy, o crescimento \u00e9 esperado devido \u00e0s dispensas de trabalhadores tempor\u00e1rios contratados para o per\u00edodo de final do ano.<\/p>\n<p>_______________________________________<\/p>\n<p>Expulsos ficam<\/p>\n<p>O ministro Lu\u00eds Roberto Barroso, do Supremo Tribunal Federal (STF), decidiu que os 34 diplomatas venezuelanos, expulsos pelo governo brasileiro, podem permanecer no Brasil enquanto durar o estado de calamidade p\u00fablica e emerg\u00eancia sanit\u00e1ria reconhecido pelo Congresso Nacional em raz\u00e3o da pandemia de covid-19. Barroso ratificou a liminar deferida no dia 2 de maio, pedida pelo deputado Paulo Pimenta (PT-RS), suspendendo a expuls\u00e3o do corpo diplom\u00e1tico da Venezuela no Brasil.<\/p>\n<p>A Advocacia-Geral da Uni\u00e3o (AGU) e o Minist\u00e9rio das Rela\u00e7\u00f5es Exteriores se manifestaram contra a decis\u00e3o, argumentando, entre outras coisas, que compete ao presidente da Rep\u00fablica, por atribui\u00e7\u00e3o constitucional, decidir sobre as rela\u00e7\u00f5es internacionais do pa\u00eds.<\/p>\n","protected":false},"excerpt":{"rendered":"<p>Ministros usaram dados oficiais para destacar que o n\u00famero de mortes no Brasil \u00e9 menor do que em outros pa\u00edses, em termos proporcionais. Segundo o balan\u00e7o apresentado pelo ministro Walter Braga Netto (Casa Civil), que compara o Brasil com outros sete pa\u00edses, o n\u00famero de \u00f3bitos por milh\u00e3o de habitantes \u00e9 58,6 no caso brasileiro, [&hellip;]<\/p>\n","protected":false},"author":18,"featured_media":0,"comment_status":"open","ping_status":"open","sticky":false,"template":"","format":"standard","meta":{"footnotes":""},"categories":[1],"tags":[],"class_list":{"0":"post-22057","1":"post","2":"type-post","3":"status-publish","4":"format-standard","6":"category-outros"},"yoast_head":"<!-- This site is optimized with the Yoast SEO Premium plugin v24.5 (Yoast SEO v27.5) - https:\/\/yoast.com\/product\/yoast-seo-premium-wordpress\/ -->\n<title>\u00c9 preciso dizer a verdade sobre o coronav\u00edrus - P31<\/title>\n<meta name=\"robots\" content=\"index, follow, max-snippet:-1, max-image-preview:large, max-video-preview:-1\" \/>\n<link rel=\"canonical\" href=\"https:\/\/www.p31noticias.com.br\/?p=22057\" \/>\n<meta property=\"og:locale\" content=\"pt_BR\" \/>\n<meta property=\"og:type\" content=\"article\" \/>\n<meta property=\"og:title\" content=\"\u00c9 preciso dizer a verdade sobre o coronav\u00edrus\" \/>\n<meta property=\"og:description\" content=\"Ministros usaram dados oficiais para destacar que o n\u00famero de mortes no Brasil \u00e9 menor do que em outros pa\u00edses, em termos proporcionais. Segundo o balan\u00e7o apresentado pelo ministro Walter Braga Netto (Casa Civil), que compara o Brasil com outros sete pa\u00edses, o n\u00famero de \u00f3bitos por milh\u00e3o de habitantes \u00e9 58,6 no caso brasileiro, [&hellip;]\" \/>\n<meta property=\"og:url\" content=\"https:\/\/www.p31noticias.com.br\/?p=22057\" \/>\n<meta property=\"og:site_name\" content=\"P31\" \/>\n<meta property=\"article:published_time\" content=\"2020-05-20T16:34:00+00:00\" \/>\n<meta property=\"og:image\" content=\"https:\/\/jornaldoplanalto.com.br\/web\/wp-content\/uploads\/2020\/03\/doplenario.jpg\" \/>\n<meta name=\"author\" content=\"Reda\u00e7\u00e3o JBN\" \/>\n<meta name=\"twitter:card\" content=\"summary_large_image\" \/>\n<meta name=\"twitter:label1\" content=\"Escrito por\" \/>\n\t<meta name=\"twitter:data1\" content=\"Reda\u00e7\u00e3o JBN\" \/>\n\t<meta name=\"twitter:label2\" content=\"Est. tempo de leitura\" \/>\n\t<meta name=\"twitter:data2\" content=\"5 minutos\" \/>\n<script type=\"application\/ld+json\" class=\"yoast-schema-graph\">{\"@context\":\"https:\\\/\\\/schema.org\",\"@graph\":[{\"@type\":\"Article\",\"@id\":\"https:\\\/\\\/www.p31noticias.com.br\\\/?p=22057#article\",\"isPartOf\":{\"@id\":\"https:\\\/\\\/www.p31noticias.com.br\\\/?p=22057\"},\"author\":{\"name\":\"Reda\u00e7\u00e3o JBN\",\"@id\":\"https:\\\/\\\/www.p31noticias.com.br\\\/#\\\/schema\\\/person\\\/77d6b186c710ac38937c6ec204fdd387\"},\"headline\":\"\u00c9 preciso dizer a verdade sobre o coronav\u00edrus\",\"datePublished\":\"2020-05-20T16:34:00+00:00\",\"mainEntityOfPage\":{\"@id\":\"https:\\\/\\\/www.p31noticias.com.br\\\/?p=22057\"},\"wordCount\":1035,\"commentCount\":0,\"image\":{\"@id\":\"https:\\\/\\\/www.p31noticias.com.br\\\/?p=22057#primaryimage\"},\"thumbnailUrl\":\"https:\\\/\\\/jornaldoplanalto.com.br\\\/web\\\/wp-content\\\/uploads\\\/2020\\\/03\\\/doplenario.jpg\",\"articleSection\":[\"Outros\"],\"inLanguage\":\"pt-BR\",\"potentialAction\":[{\"@type\":\"CommentAction\",\"name\":\"Comment\",\"target\":[\"https:\\\/\\\/www.p31noticias.com.br\\\/?p=22057#respond\"]}],\"copyrightYear\":\"2020\",\"copyrightHolder\":{\"@id\":\"https:\\\/\\\/www.p31noticias.com.br\\\/#organization\"}},{\"@type\":\"WebPage\",\"@id\":\"https:\\\/\\\/www.p31noticias.com.br\\\/?p=22057\",\"url\":\"https:\\\/\\\/www.p31noticias.com.br\\\/?p=22057\",\"name\":\"\u00c9 preciso dizer a verdade sobre o coronav\u00edrus - P31\",\"isPartOf\":{\"@id\":\"https:\\\/\\\/www.p31noticias.com.br\\\/#website\"},\"primaryImageOfPage\":{\"@id\":\"https:\\\/\\\/www.p31noticias.com.br\\\/?p=22057#primaryimage\"},\"image\":{\"@id\":\"https:\\\/\\\/www.p31noticias.com.br\\\/?p=22057#primaryimage\"},\"thumbnailUrl\":\"https:\\\/\\\/jornaldoplanalto.com.br\\\/web\\\/wp-content\\\/uploads\\\/2020\\\/03\\\/doplenario.jpg\",\"datePublished\":\"2020-05-20T16:34:00+00:00\",\"author\":{\"@id\":\"https:\\\/\\\/www.p31noticias.com.br\\\/#\\\/schema\\\/person\\\/77d6b186c710ac38937c6ec204fdd387\"},\"breadcrumb\":{\"@id\":\"https:\\\/\\\/www.p31noticias.com.br\\\/?p=22057#breadcrumb\"},\"inLanguage\":\"pt-BR\",\"potentialAction\":[{\"@type\":\"ReadAction\",\"target\":[\"https:\\\/\\\/www.p31noticias.com.br\\\/?p=22057\"]}]},{\"@type\":\"ImageObject\",\"inLanguage\":\"pt-BR\",\"@id\":\"https:\\\/\\\/www.p31noticias.com.br\\\/?p=22057#primaryimage\",\"url\":\"https:\\\/\\\/jornaldoplanalto.com.br\\\/web\\\/wp-content\\\/uploads\\\/2020\\\/03\\\/doplenario.jpg\",\"contentUrl\":\"https:\\\/\\\/jornaldoplanalto.com.br\\\/web\\\/wp-content\\\/uploads\\\/2020\\\/03\\\/doplenario.jpg\"},{\"@type\":\"BreadcrumbList\",\"@id\":\"https:\\\/\\\/www.p31noticias.com.br\\\/?p=22057#breadcrumb\",\"itemListElement\":[{\"@type\":\"ListItem\",\"position\":1,\"name\":\"In\u00edcio\",\"item\":\"https:\\\/\\\/www.p31noticias.com.br\\\/\"},{\"@type\":\"ListItem\",\"position\":2,\"name\":\"\u00c9 preciso dizer a verdade sobre o coronav\u00edrus\"}]},{\"@type\":\"WebSite\",\"@id\":\"https:\\\/\\\/www.p31noticias.com.br\\\/#website\",\"url\":\"https:\\\/\\\/www.p31noticias.com.br\\\/\",\"name\":\"P31\",\"description\":\"NOT\u00cdCIAS\",\"potentialAction\":[{\"@type\":\"SearchAction\",\"target\":{\"@type\":\"EntryPoint\",\"urlTemplate\":\"https:\\\/\\\/www.p31noticias.com.br\\\/?s={search_term_string}\"},\"query-input\":{\"@type\":\"PropertyValueSpecification\",\"valueRequired\":true,\"valueName\":\"search_term_string\"}}],\"inLanguage\":\"pt-BR\"},{\"@type\":\"Person\",\"@id\":\"https:\\\/\\\/www.p31noticias.com.br\\\/#\\\/schema\\\/person\\\/77d6b186c710ac38937c6ec204fdd387\",\"name\":\"Reda\u00e7\u00e3o JBN\",\"image\":{\"@type\":\"ImageObject\",\"inLanguage\":\"pt-BR\",\"@id\":\"https:\\\/\\\/secure.gravatar.com\\\/avatar\\\/10fcdb93211f98cce3d64c0795b0915a9a4a21dc0f279238995a3dbfafcad090?s=96&d=mm&r=g\",\"url\":\"https:\\\/\\\/secure.gravatar.com\\\/avatar\\\/10fcdb93211f98cce3d64c0795b0915a9a4a21dc0f279238995a3dbfafcad090?s=96&d=mm&r=g\",\"contentUrl\":\"https:\\\/\\\/secure.gravatar.com\\\/avatar\\\/10fcdb93211f98cce3d64c0795b0915a9a4a21dc0f279238995a3dbfafcad090?s=96&d=mm&r=g\",\"caption\":\"Reda\u00e7\u00e3o JBN\"},\"sameAs\":[\"https:\\\/\\\/p31noticias.com.br\"],\"url\":\"https:\\\/\\\/www.p31noticias.com.br\\\/?author=18\"}]}<\/script>\n<!-- \/ Yoast SEO Premium plugin. -->","yoast_head_json":{"title":"\u00c9 preciso dizer a verdade sobre o coronav\u00edrus - P31","robots":{"index":"index","follow":"follow","max-snippet":"max-snippet:-1","max-image-preview":"max-image-preview:large","max-video-preview":"max-video-preview:-1"},"canonical":"https:\/\/www.p31noticias.com.br\/?p=22057","og_locale":"pt_BR","og_type":"article","og_title":"\u00c9 preciso dizer a verdade sobre o coronav\u00edrus","og_description":"Ministros usaram dados oficiais para destacar que o n\u00famero de mortes no Brasil \u00e9 menor do que em outros pa\u00edses, em termos proporcionais. Segundo o balan\u00e7o apresentado pelo ministro Walter Braga Netto (Casa Civil), que compara o Brasil com outros sete pa\u00edses, o n\u00famero de \u00f3bitos por milh\u00e3o de habitantes \u00e9 58,6 no caso brasileiro, [&hellip;]","og_url":"https:\/\/www.p31noticias.com.br\/?p=22057","og_site_name":"P31","article_published_time":"2020-05-20T16:34:00+00:00","og_image":[{"url":"https:\/\/jornaldoplanalto.com.br\/web\/wp-content\/uploads\/2020\/03\/doplenario.jpg","type":"","width":"","height":""}],"author":"Reda\u00e7\u00e3o JBN","twitter_card":"summary_large_image","twitter_misc":{"Escrito por":"Reda\u00e7\u00e3o JBN","Est. tempo de leitura":"5 minutos"},"schema":{"@context":"https:\/\/schema.org","@graph":[{"@type":"Article","@id":"https:\/\/www.p31noticias.com.br\/?p=22057#article","isPartOf":{"@id":"https:\/\/www.p31noticias.com.br\/?p=22057"},"author":{"name":"Reda\u00e7\u00e3o JBN","@id":"https:\/\/www.p31noticias.com.br\/#\/schema\/person\/77d6b186c710ac38937c6ec204fdd387"},"headline":"\u00c9 preciso dizer a verdade sobre o coronav\u00edrus","datePublished":"2020-05-20T16:34:00+00:00","mainEntityOfPage":{"@id":"https:\/\/www.p31noticias.com.br\/?p=22057"},"wordCount":1035,"commentCount":0,"image":{"@id":"https:\/\/www.p31noticias.com.br\/?p=22057#primaryimage"},"thumbnailUrl":"https:\/\/jornaldoplanalto.com.br\/web\/wp-content\/uploads\/2020\/03\/doplenario.jpg","articleSection":["Outros"],"inLanguage":"pt-BR","potentialAction":[{"@type":"CommentAction","name":"Comment","target":["https:\/\/www.p31noticias.com.br\/?p=22057#respond"]}],"copyrightYear":"2020","copyrightHolder":{"@id":"https:\/\/www.p31noticias.com.br\/#organization"}},{"@type":"WebPage","@id":"https:\/\/www.p31noticias.com.br\/?p=22057","url":"https:\/\/www.p31noticias.com.br\/?p=22057","name":"\u00c9 preciso dizer a verdade sobre o coronav\u00edrus - P31","isPartOf":{"@id":"https:\/\/www.p31noticias.com.br\/#website"},"primaryImageOfPage":{"@id":"https:\/\/www.p31noticias.com.br\/?p=22057#primaryimage"},"image":{"@id":"https:\/\/www.p31noticias.com.br\/?p=22057#primaryimage"},"thumbnailUrl":"https:\/\/jornaldoplanalto.com.br\/web\/wp-content\/uploads\/2020\/03\/doplenario.jpg","datePublished":"2020-05-20T16:34:00+00:00","author":{"@id":"https:\/\/www.p31noticias.com.br\/#\/schema\/person\/77d6b186c710ac38937c6ec204fdd387"},"breadcrumb":{"@id":"https:\/\/www.p31noticias.com.br\/?p=22057#breadcrumb"},"inLanguage":"pt-BR","potentialAction":[{"@type":"ReadAction","target":["https:\/\/www.p31noticias.com.br\/?p=22057"]}]},{"@type":"ImageObject","inLanguage":"pt-BR","@id":"https:\/\/www.p31noticias.com.br\/?p=22057#primaryimage","url":"https:\/\/jornaldoplanalto.com.br\/web\/wp-content\/uploads\/2020\/03\/doplenario.jpg","contentUrl":"https:\/\/jornaldoplanalto.com.br\/web\/wp-content\/uploads\/2020\/03\/doplenario.jpg"},{"@type":"BreadcrumbList","@id":"https:\/\/www.p31noticias.com.br\/?p=22057#breadcrumb","itemListElement":[{"@type":"ListItem","position":1,"name":"In\u00edcio","item":"https:\/\/www.p31noticias.com.br\/"},{"@type":"ListItem","position":2,"name":"\u00c9 preciso dizer a verdade sobre o coronav\u00edrus"}]},{"@type":"WebSite","@id":"https:\/\/www.p31noticias.com.br\/#website","url":"https:\/\/www.p31noticias.com.br\/","name":"P31","description":"NOT\u00cdCIAS","potentialAction":[{"@type":"SearchAction","target":{"@type":"EntryPoint","urlTemplate":"https:\/\/www.p31noticias.com.br\/?s={search_term_string}"},"query-input":{"@type":"PropertyValueSpecification","valueRequired":true,"valueName":"search_term_string"}}],"inLanguage":"pt-BR"},{"@type":"Person","@id":"https:\/\/www.p31noticias.com.br\/#\/schema\/person\/77d6b186c710ac38937c6ec204fdd387","name":"Reda\u00e7\u00e3o JBN","image":{"@type":"ImageObject","inLanguage":"pt-BR","@id":"https:\/\/secure.gravatar.com\/avatar\/10fcdb93211f98cce3d64c0795b0915a9a4a21dc0f279238995a3dbfafcad090?s=96&d=mm&r=g","url":"https:\/\/secure.gravatar.com\/avatar\/10fcdb93211f98cce3d64c0795b0915a9a4a21dc0f279238995a3dbfafcad090?s=96&d=mm&r=g","contentUrl":"https:\/\/secure.gravatar.com\/avatar\/10fcdb93211f98cce3d64c0795b0915a9a4a21dc0f279238995a3dbfafcad090?s=96&d=mm&r=g","caption":"Reda\u00e7\u00e3o JBN"},"sameAs":["https:\/\/p31noticias.com.br"],"url":"https:\/\/www.p31noticias.com.br\/?author=18"}]}},"amp_enabled":true,"_links":{"self":[{"href":"https:\/\/www.p31noticias.com.br\/index.php?rest_route=\/wp\/v2\/posts\/22057","targetHints":{"allow":["GET"]}}],"collection":[{"href":"https:\/\/www.p31noticias.com.br\/index.php?rest_route=\/wp\/v2\/posts"}],"about":[{"href":"https:\/\/www.p31noticias.com.br\/index.php?rest_route=\/wp\/v2\/types\/post"}],"author":[{"embeddable":true,"href":"https:\/\/www.p31noticias.com.br\/index.php?rest_route=\/wp\/v2\/users\/18"}],"replies":[{"embeddable":true,"href":"https:\/\/www.p31noticias.com.br\/index.php?rest_route=%2Fwp%2Fv2%2Fcomments&post=22057"}],"version-history":[{"count":0,"href":"https:\/\/www.p31noticias.com.br\/index.php?rest_route=\/wp\/v2\/posts\/22057\/revisions"}],"wp:attachment":[{"href":"https:\/\/www.p31noticias.com.br\/index.php?rest_route=%2Fwp%2Fv2%2Fmedia&parent=22057"}],"wp:term":[{"taxonomy":"category","embeddable":true,"href":"https:\/\/www.p31noticias.com.br\/index.php?rest_route=%2Fwp%2Fv2%2Fcategories&post=22057"},{"taxonomy":"post_tag","embeddable":true,"href":"https:\/\/www.p31noticias.com.br\/index.php?rest_route=%2Fwp%2Fv2%2Ftags&post=22057"}],"curies":[{"name":"wp","href":"https:\/\/api.w.org\/{rel}","templated":true}]}}